{"id":27350,"date":"2024-06-12T11:24:14","date_gmt":"2024-06-12T15:24:14","guid":{"rendered":"https:\/\/infoelnuevonorte.com\/?p=27350"},"modified":"2024-06-12T11:24:16","modified_gmt":"2024-06-12T15:24:16","slug":"camara-comercio-de-santiago-espera-reforma-fiscal-no-sea-solo-para-aumento-de-recaudaciones","status":"publish","type":"post","link":"https:\/\/infoelnuevonorte.com\/?p=27350","title":{"rendered":"C\u00e1mara Comercio de Santiago espera Reforma Fiscal no sea s\u00f3lo para aumento de recaudaciones"},"content":{"rendered":"<div class=\"tdb-block-inner td-fix-index\">\n<!--[if lt IE 9]><script>document.createElement('audio');<\/script><![endif]-->\n<audio class=\"wp-audio-shortcode\" id=\"audio-27350-1\" preload=\"none\" style=\"width: 100%;\" controls=\"controls\"><source type=\"audio\/mpeg\" src=\"https:\/\/infoelnuevonorte.com\/wp-content\/uploads\/2024\/06\/ttsmaker-file-2024-6-12-11-23-51.mp3?_=1\" \/><a href=\"https:\/\/infoelnuevonorte.com\/wp-content\/uploads\/2024\/06\/ttsmaker-file-2024-6-12-11-23-51.mp3\">https:\/\/infoelnuevonorte.com\/wp-content\/uploads\/2024\/06\/ttsmaker-file-2024-6-12-11-23-51.mp3<\/a><\/audio>\n<p style=\"text-align: justify;\"><strong>Santiago.-<\/strong> El director ejecutivo de la c\u00e1mara de comercio y producci\u00f3n de Santiago, dijo que espera que se conozca el proyecto definitivo de la Reforma fiscal que tiene prevista aplicar el gobierno en los pr\u00f3ximos meses en el pa\u00eds.<\/p>\n<p style=\"text-align: justify;\">En ese sentido, el director ejecutivo de la c\u00e1mara de comercio en esta ciudad, Fernando Puig argument\u00f3 que estar\u00e1n evaluando los temas y el alcance de la reforma para emitir una opini\u00f3n con base cierta.<\/p>\n<p style=\"text-align: justify;\">Puig indic\u00f3 que lo importante de la Reforma tributaria proyectada en el pa\u00eds, no es que sea simplemente para hacer un aumento en la recaudaciones, si no que haya una reducci\u00f3n en el gasto y un topo en el endeudamiento p\u00fablico.<\/p>\n<p style=\"text-align: justify;\">Asimismo, que se produzca una disminuci\u00f3n en las excepciones que no est\u00e1n rindiendo el frutos para lo que fueron creadas, ya que dijo hay una gran cantidad de leyes que destinan un pocetaje fijo del presupuesto a determinados renglones lo cual hace inaplicable al presupuesto.<\/p>\n<p style=\"text-align: justify;\">Por otra parte el dirigente empresarial sostuvo que en cuanto a las dem\u00e1s reformas que ejecutar\u00eda el gobierno habr\u00eda que ver cual es el alcance de misma.<\/p>\n<\/div>\n","protected":false},"excerpt":{"rendered":"<p>Santiago.- El director ejecutivo de la c\u00e1mara de comercio y producci\u00f3n de Santiago, dijo que espera que se conozca el proyecto definitivo de la Reforma fiscal que tiene prevista aplicar el gobierno en los pr\u00f3ximos meses en el pa\u00eds. En ese sentido, el director ejecutivo de la c\u00e1mara de comercio en esta ciudad, Fernando Puig [&hellip;]<\/p>\n","protected":false},"author":1,"featured_media":0,"comment_status":"closed","ping_status":"open","sticky":false,"template":"","format":"standard","meta":{"footnotes":""},"categories":[15],"tags":[],"yoast_head":"<!-- This site is optimized with the Yoast SEO plugin v24.5 - https:\/\/yoast.com\/wordpress\/plugins\/seo\/ -->\n<title>C\u00e1mara Comercio de Santiago espera Reforma Fiscal no sea s\u00f3lo para aumento de recaudaciones | El Nuevo Norte<\/title>\n<meta name=\"robots\" content=\"index, follow, max-snippet:-1, max-image-preview:large, max-video-preview:-1\" \/>\n<link rel=\"canonical\" href=\"https:\/\/infoelnuevonorte.com\/?p=27350\" \/>\n<meta property=\"og:locale\" content=\"es_ES\" \/>\n<meta property=\"og:type\" content=\"article\" \/>\n<meta property=\"og:title\" content=\"C\u00e1mara Comercio de Santiago espera Reforma Fiscal no sea s\u00f3lo para aumento de recaudaciones | El Nuevo Norte\" \/>\n<meta property=\"og:description\" content=\"Santiago.- El director ejecutivo de la c\u00e1mara de comercio y producci\u00f3n de Santiago, dijo que espera que se conozca el proyecto definitivo de la Reforma fiscal que tiene prevista aplicar el gobierno en los pr\u00f3ximos meses en el pa\u00eds. En ese sentido, el director ejecutivo de la c\u00e1mara de comercio en esta ciudad, Fernando Puig [&hellip;]\" \/>\n<meta property=\"og:url\" content=\"https:\/\/infoelnuevonorte.com\/?p=27350\" \/>\n<meta property=\"og:site_name\" content=\"El Nuevo Norte\" \/>\n<meta property=\"article:publisher\" content=\"https:\/\/www.facebook.com\/infoenn\" \/>\n<meta property=\"article:published_time\" content=\"2024-06-12T15:24:14+00:00\" \/>\n<meta property=\"article:modified_time\" content=\"2024-06-12T15:24:16+00:00\" \/>\n<meta property=\"og:image\" content=\"https:\/\/infoelnuevonorte.com\/wp-content\/uploads\/2024\/06\/camara-de-comercio-jpg.webp\" \/>\n\t<meta property=\"og:image:width\" content=\"1030\" \/>\n\t<meta property=\"og:image:height\" content=\"579\" \/>\n\t<meta property=\"og:image:type\" content=\"image\/jpeg\" \/>\n<meta name=\"author\" content=\"InfoEnn\" \/>\n<meta name=\"twitter:card\" content=\"summary_large_image\" \/>\n<meta name=\"twitter:creator\" content=\"@Elnuevo_norte\" \/>\n<meta name=\"twitter:site\" content=\"@Elnuevo_norte\" \/>\n<meta name=\"twitter:label1\" content=\"Written by\" \/>\n\t<meta name=\"twitter:data1\" content=\"InfoEnn\" \/>\n\t<meta name=\"twitter:label2\" content=\"Est. reading time\" \/>\n\t<meta name=\"twitter:data2\" content=\"2 minutos\" \/>\n<script type=\"application\/ld+json\" class=\"yoast-schema-graph\">{\"@context\":\"https:\/\/schema.org\",\"@graph\":[{\"@type\":\"Article\",\"@id\":\"https:\/\/infoelnuevonorte.com\/?p=27350#article\",\"isPartOf\":{\"@id\":\"https:\/\/infoelnuevonorte.com\/?p=27350\"},\"author\":{\"name\":\"InfoEnn\",\"@id\":\"https:\/\/infoelnuevonorte.com\/#\/schema\/person\/fd4f6d90afe41260818b4ea94ad8ab84\"},\"headline\":\"C\u00e1mara Comercio de Santiago espera Reforma Fiscal no sea s\u00f3lo para aumento de recaudaciones\",\"datePublished\":\"2024-06-12T15:24:14+00:00\",\"dateModified\":\"2024-06-12T15:24:16+00:00\",\"mainEntityOfPage\":{\"@id\":\"https:\/\/infoelnuevonorte.com\/?p=27350\"},\"wordCount\":234,\"publisher\":{\"@id\":\"https:\/\/infoelnuevonorte.com\/#organization\"},\"articleSection\":[\"Economicas\"],\"inLanguage\":\"es-DO\"},{\"@type\":\"WebPage\",\"@id\":\"https:\/\/infoelnuevonorte.com\/?p=27350\",\"url\":\"https:\/\/infoelnuevonorte.com\/?p=27350\",\"name\":\"C\u00e1mara Comercio de Santiago espera Reforma Fiscal no sea s\u00f3lo para aumento de recaudaciones | El Nuevo Norte\",\"isPartOf\":{\"@id\":\"https:\/\/infoelnuevonorte.com\/#website\"},\"datePublished\":\"2024-06-12T15:24:14+00:00\",\"dateModified\":\"2024-06-12T15:24:16+00:00\",\"breadcrumb\":{\"@id\":\"https:\/\/infoelnuevonorte.com\/?p=27350#breadcrumb\"},\"inLanguage\":\"es-DO\",\"potentialAction\":[{\"@type\":\"ReadAction\",\"target\":[\"https:\/\/infoelnuevonorte.com\/?p=27350\"]}]},{\"@type\":\"BreadcrumbList\",\"@id\":\"https:\/\/infoelnuevonorte.com\/?p=27350#breadcrumb\",\"itemListElement\":[{\"@type\":\"ListItem\",\"position\":1,\"name\":\"Home\",\"item\":\"https:\/\/infoelnuevonorte.com\/\"},{\"@type\":\"ListItem\",\"position\":2,\"name\":\"C\u00e1mara Comercio de Santiago espera Reforma Fiscal no sea s\u00f3lo para aumento de recaudaciones\"}]},{\"@type\":\"WebSite\",\"@id\":\"https:\/\/infoelnuevonorte.com\/#website\",\"url\":\"https:\/\/infoelnuevonorte.com\/\",\"name\":\"InfoEnn\",\"description\":\"Tu Voz, tu Verdad, tu Diario!!!\",\"publisher\":{\"@id\":\"https:\/\/infoelnuevonorte.com\/#organization\"},\"alternateName\":\"El Nuevo Norte\",\"potentialAction\":[{\"@type\":\"SearchAction\",\"target\":{\"@type\":\"EntryPoint\",\"urlTemplate\":\"https:\/\/infoelnuevonorte.com\/?s={search_term_string}\"},\"query-input\":{\"@type\":\"PropertyValueSpecification\",\"valueRequired\":true,\"valueName\":\"search_term_string\"}}],\"inLanguage\":\"es-DO\"},{\"@type\":\"Organization\",\"@id\":\"https:\/\/infoelnuevonorte.com\/#organization\",\"name\":\"Info El Nuevo Norte\",\"alternateName\":\"El Nuevo Norte\",\"url\":\"https:\/\/infoelnuevonorte.com\/\",\"logo\":{\"@type\":\"ImageObject\",\"inLanguage\":\"es-DO\",\"@id\":\"https:\/\/infoelnuevonorte.com\/#\/schema\/logo\/image\/\",\"url\":\"https:\/\/infoelnuevonorte.com\/wp-content\/uploads\/2026\/02\/Logo-Info-enn-3d-20ani.jpeg\",\"contentUrl\":\"https:\/\/infoelnuevonorte.com\/wp-content\/uploads\/2026\/02\/Logo-Info-enn-3d-20ani.jpeg\",\"width\":2046,\"height\":736,\"caption\":\"Info El Nuevo Norte\"},\"image\":{\"@id\":\"https:\/\/infoelnuevonorte.com\/#\/schema\/logo\/image\/\"},\"sameAs\":[\"https:\/\/www.facebook.com\/infoenn\",\"https:\/\/x.com\/Elnuevo_norte\",\"https:\/\/www.instagram.com\/infoenn\",\"https:\/\/www.facebook.com\/ENNRD\"]},{\"@type\":\"Person\",\"@id\":\"https:\/\/infoelnuevonorte.com\/#\/schema\/person\/fd4f6d90afe41260818b4ea94ad8ab84\",\"name\":\"InfoEnn\",\"image\":{\"@type\":\"ImageObject\",\"inLanguage\":\"es-DO\",\"@id\":\"https:\/\/infoelnuevonorte.com\/#\/schema\/person\/image\/\",\"url\":\"https:\/\/secure.gravatar.com\/avatar\/d4d760a41a48ba9db0a82bfb63bb0783?s=96&d=robohash&r=g\",\"contentUrl\":\"https:\/\/secure.gravatar.com\/avatar\/d4d760a41a48ba9db0a82bfb63bb0783?s=96&d=robohash&r=g\",\"caption\":\"InfoEnn\"},\"sameAs\":[\"https:\/\/infoelnuevonorte.com\"],\"url\":\"https:\/\/infoelnuevonorte.com\/?author=1\"}]}<\/script>\n<!-- \/ Yoast SEO plugin. -->","yoast_head_json":{"title":"C\u00e1mara Comercio de Santiago espera Reforma Fiscal no sea s\u00f3lo para aumento de recaudaciones | El Nuevo Norte","robots":{"index":"index","follow":"follow","max-snippet":"max-snippet:-1","max-image-preview":"max-image-preview:large","max-video-preview":"max-video-preview:-1"},"canonical":"https:\/\/infoelnuevonorte.com\/?p=27350","og_locale":"es_ES","og_type":"article","og_title":"C\u00e1mara Comercio de Santiago espera Reforma Fiscal no sea s\u00f3lo para aumento de recaudaciones | El Nuevo Norte","og_description":"Santiago.- El director ejecutivo de la c\u00e1mara de comercio y producci\u00f3n de Santiago, dijo que espera que se conozca el proyecto definitivo de la Reforma fiscal que tiene prevista aplicar el gobierno en los pr\u00f3ximos meses en el pa\u00eds. En ese sentido, el director ejecutivo de la c\u00e1mara de comercio en esta ciudad, Fernando Puig [&hellip;]","og_url":"https:\/\/infoelnuevonorte.com\/?p=27350","og_site_name":"El Nuevo Norte","article_publisher":"https:\/\/www.facebook.com\/infoenn","article_published_time":"2024-06-12T15:24:14+00:00","article_modified_time":"2024-06-12T15:24:16+00:00","og_image":[{"width":1030,"height":579,"url":"https:\/\/infoelnuevonorte.com\/wp-content\/uploads\/2024\/06\/camara-de-comercio-jpg.webp","type":"image\/jpeg"}],"author":"InfoEnn","twitter_card":"summary_large_image","twitter_creator":"@Elnuevo_norte","twitter_site":"@Elnuevo_norte","twitter_misc":{"Written by":"InfoEnn","Est. reading time":"2 minutos"},"schema":{"@context":"https:\/\/schema.org","@graph":[{"@type":"Article","@id":"https:\/\/infoelnuevonorte.com\/?p=27350#article","isPartOf":{"@id":"https:\/\/infoelnuevonorte.com\/?p=27350"},"author":{"name":"InfoEnn","@id":"https:\/\/infoelnuevonorte.com\/#\/schema\/person\/fd4f6d90afe41260818b4ea94ad8ab84"},"headline":"C\u00e1mara Comercio de Santiago espera Reforma Fiscal no sea s\u00f3lo para aumento de recaudaciones","datePublished":"2024-06-12T15:24:14+00:00","dateModified":"2024-06-12T15:24:16+00:00","mainEntityOfPage":{"@id":"https:\/\/infoelnuevonorte.com\/?p=27350"},"wordCount":234,"publisher":{"@id":"https:\/\/infoelnuevonorte.com\/#organization"},"articleSection":["Economicas"],"inLanguage":"es-DO"},{"@type":"WebPage","@id":"https:\/\/infoelnuevonorte.com\/?p=27350","url":"https:\/\/infoelnuevonorte.com\/?p=27350","name":"C\u00e1mara Comercio de Santiago espera Reforma Fiscal no sea s\u00f3lo para aumento de recaudaciones | El Nuevo Norte","isPartOf":{"@id":"https:\/\/infoelnuevonorte.com\/#website"},"datePublished":"2024-06-12T15:24:14+00:00","dateModified":"2024-06-12T15:24:16+00:00","breadcrumb":{"@id":"https:\/\/infoelnuevonorte.com\/?p=27350#breadcrumb"},"inLanguage":"es-DO","potentialAction":[{"@type":"ReadAction","target":["https:\/\/infoelnuevonorte.com\/?p=27350"]}]},{"@type":"BreadcrumbList","@id":"https:\/\/infoelnuevonorte.com\/?p=27350#breadcrumb","itemListElement":[{"@type":"ListItem","position":1,"name":"Home","item":"https:\/\/infoelnuevonorte.com\/"},{"@type":"ListItem","position":2,"name":"C\u00e1mara Comercio de Santiago espera Reforma Fiscal no sea s\u00f3lo para aumento de recaudaciones"}]},{"@type":"WebSite","@id":"https:\/\/infoelnuevonorte.com\/#website","url":"https:\/\/infoelnuevonorte.com\/","name":"InfoEnn","description":"Tu Voz, tu Verdad, tu Diario!!!","publisher":{"@id":"https:\/\/infoelnuevonorte.com\/#organization"},"alternateName":"El Nuevo Norte","potentialAction":[{"@type":"SearchAction","target":{"@type":"EntryPoint","urlTemplate":"https:\/\/infoelnuevonorte.com\/?s={search_term_string}"},"query-input":{"@type":"PropertyValueSpecification","valueRequired":true,"valueName":"search_term_string"}}],"inLanguage":"es-DO"},{"@type":"Organization","@id":"https:\/\/infoelnuevonorte.com\/#organization","name":"Info El Nuevo Norte","alternateName":"El Nuevo Norte","url":"https:\/\/infoelnuevonorte.com\/","logo":{"@type":"ImageObject","inLanguage":"es-DO","@id":"https:\/\/infoelnuevonorte.com\/#\/schema\/logo\/image\/","url":"https:\/\/infoelnuevonorte.com\/wp-content\/uploads\/2026\/02\/Logo-Info-enn-3d-20ani.jpeg","contentUrl":"https:\/\/infoelnuevonorte.com\/wp-content\/uploads\/2026\/02\/Logo-Info-enn-3d-20ani.jpeg","width":2046,"height":736,"caption":"Info El Nuevo Norte"},"image":{"@id":"https:\/\/infoelnuevonorte.com\/#\/schema\/logo\/image\/"},"sameAs":["https:\/\/www.facebook.com\/infoenn","https:\/\/x.com\/Elnuevo_norte","https:\/\/www.instagram.com\/infoenn","https:\/\/www.facebook.com\/ENNRD"]},{"@type":"Person","@id":"https:\/\/infoelnuevonorte.com\/#\/schema\/person\/fd4f6d90afe41260818b4ea94ad8ab84","name":"InfoEnn","image":{"@type":"ImageObject","inLanguage":"es-DO","@id":"https:\/\/infoelnuevonorte.com\/#\/schema\/person\/image\/","url":"https:\/\/secure.gravatar.com\/avatar\/d4d760a41a48ba9db0a82bfb63bb0783?s=96&d=robohash&r=g","contentUrl":"https:\/\/secure.gravatar.com\/avatar\/d4d760a41a48ba9db0a82bfb63bb0783?s=96&d=robohash&r=g","caption":"InfoEnn"},"sameAs":["https:\/\/infoelnuevonorte.com"],"url":"https:\/\/infoelnuevonorte.com\/?author=1"}]}},"_links":{"self":[{"href":"https:\/\/infoelnuevonorte.com\/index.php?rest_route=\/wp\/v2\/posts\/27350"}],"collection":[{"href":"https:\/\/infoelnuevonorte.com\/index.php?rest_route=\/wp\/v2\/posts"}],"about":[{"href":"https:\/\/infoelnuevonorte.com\/index.php?rest_route=\/wp\/v2\/types\/post"}],"author":[{"embeddable":true,"href":"https:\/\/infoelnuevonorte.com\/index.php?rest_route=\/wp\/v2\/users\/1"}],"replies":[{"embeddable":true,"href":"https:\/\/infoelnuevonorte.com\/index.php?rest_route=%2Fwp%2Fv2%2Fcomments&post=27350"}],"version-history":[{"count":0,"href":"https:\/\/infoelnuevonorte.com\/index.php?rest_route=\/wp\/v2\/posts\/27350\/revisions"}],"wp:attachment":[{"href":"https:\/\/infoelnuevonorte.com\/index.php?rest_route=%2Fwp%2Fv2%2Fmedia&parent=27350"}],"wp:term":[{"taxonomy":"category","embeddable":true,"href":"https:\/\/infoelnuevonorte.com\/index.php?rest_route=%2Fwp%2Fv2%2Fcategories&post=27350"},{"taxonomy":"post_tag","embeddable":true,"href":"https:\/\/infoelnuevonorte.com\/index.php?rest_route=%2Fwp%2Fv2%2Ftags&post=27350"}],"curies":[{"name":"wp","href":"https:\/\/api.w.org\/{rel}","templated":true}]}}