{"id":28059,"date":"2024-06-14T14:33:58","date_gmt":"2024-06-14T18:33:58","guid":{"rendered":"https:\/\/infoelnuevonorte.com\/?p=28059"},"modified":"2024-06-14T14:34:00","modified_gmt":"2024-06-14T18:34:00","slug":"rd-entra-en-el-comite-intergubernamental-de-patrimonio-de-la-unesco","status":"publish","type":"post","link":"https:\/\/infoelnuevonorte.com\/?p=28059","title":{"rendered":"RD entra en el Comit\u00e9 Intergubernamental de Patrimonio de la Unesco"},"content":{"rendered":"\n<p><a href=\"https:\/\/deultimominuto.net\/category\/nacionales\/\"><\/a><\/p>\n\n\n<div class=\"td_block_wrap tdb_single_content tdi_360 td-pb-border-top td_block_template_1 td-post-content tagdiv-type\" data-td-block-uid=\"tdi_360\">\n<div class=\"tdb-block-inner td-fix-index\">\n<!--[if lt IE 9]><script>document.createElement('audio');<\/script><![endif]-->\n<audio class=\"wp-audio-shortcode\" id=\"audio-28059-1\" preload=\"none\" style=\"width: 100%;\" controls=\"controls\"><source type=\"audio\/mpeg\" src=\"https:\/\/infoelnuevonorte.com\/wp-content\/uploads\/2024\/06\/ttsmaker-file-2024-6-14-14-33-31.mp3?_=1\" \/><a href=\"https:\/\/infoelnuevonorte.com\/wp-content\/uploads\/2024\/06\/ttsmaker-file-2024-6-14-14-33-31.mp3\">https:\/\/infoelnuevonorte.com\/wp-content\/uploads\/2024\/06\/ttsmaker-file-2024-6-14-14-33-31.mp3<\/a><\/audio>\n<p style=\"text-align: justify\"><strong>Santo Domingo.<\/strong>\u2013 Rep\u00fablica Dominicana entr\u00f3 por primera vez como miembro del Comit\u00e9 Intergubernamental para la Salvaguardia del Patrimonio Cultural Inmaterial de la Organizaci\u00f3n de Naciones Unidas para la Educaci\u00f3n, la Ciencia y la Cultura (Unesco), por un per\u00edodo de cuatro a\u00f1os, informaron este viernes los ministerios de Relaciones Exteriores y el de Educaci\u00f3n.<\/p>\n<p style=\"text-align: justify\">En un comunicado, los dos departamentos se\u00f1alaron que esta membres\u00eda reafirma el compromiso de Rep\u00fablica Dominicana con la preservaci\u00f3n, promoci\u00f3n y valorizaci\u00f3n de las tradiciones culturales, las artes, las t\u00e9cnicas artesanales y rituales de las diferentes culturas, objetivos primordiales de la Convenci\u00f3n para la Salvaguardia del Patrimonio Cultural Inmaterial.<\/p>\n<p style=\"text-align: justify\">Rep\u00fablica Dominicana fue electa por aclamaci\u00f3n junto a Hait\u00ed y Barbados, tras un acuerdo regional alcanzado por Am\u00e9rica Latina y el Caribe en el marco de la d\u00e9cima sesi\u00f3n de la Asamblea General de la Unesco.<\/p>\n<p style=\"text-align: justify\">La ministra dominicana de Cultura, Milagros Germ\u00e1n, catalog\u00f3 la decisi\u00f3n como un logro hist\u00f3rico para el pa\u00eds \u00aby una oportunidad para mostrar al mundo la riqueza y diversidad de nuestra cultura\u00bb, adem\u00e1s de destacar que la entrada en el comit\u00e9 \u00abes una muestra clara del compromiso con la protecci\u00f3n y promoci\u00f3n de nuestro patrimonio cultural inmaterial\u00bb.<\/p>\n<p style=\"text-align: justify\">Por su parte, el embajador dominicano ante la Unesco, Andr\u00e9s Mateo, indic\u00f3 que esta elecci\u00f3n pone en valor la dedicaci\u00f3n y la ardua labor realizada por la Misi\u00f3n Permanente y la Comisi\u00f3n Nacional Dominicana para la Unesco, con \u00abuna estrategia diplom\u00e1tica eficaz, logrando construir alianzas y obtener el apoyo necesario de la comunidad multilateral\u00bb.<\/p>\n<p style=\"text-align: justify\">Este comit\u00e9 de la Unesco, que est\u00e1 formado por representante de 24 Estados por un periodo de cuatro a\u00f1os, tiene como objetivo ofrecer asesoramiento, recomendar medidas y gestionar fondos para salvaguardar el patrimonio cultural, proponer a la Asamblea General la acreditaci\u00f3n de organizaciones no gubernamentales y prestar asistencia internacional.<\/p>\n<\/div>\n<\/div>\n<div class=\"td_block_wrap tdb_single_tags tdi_361 td-pb-border-top td_block_template_1\" style=\"text-align: justify\" data-td-block-uid=\"tdi_361\">\u00a0<\/div>","protected":false},"excerpt":{"rendered":"<p>Santo Domingo.\u2013 Rep\u00fablica Dominicana entr\u00f3 por primera vez como miembro del Comit\u00e9 Intergubernamental para la Salvaguardia del Patrimonio Cultural Inmaterial de la Organizaci\u00f3n de Naciones Unidas para la Educaci\u00f3n, la Ciencia y la Cultura (Unesco), por un per\u00edodo de cuatro a\u00f1os, informaron este viernes los ministerios de Relaciones Exteriores y el de Educaci\u00f3n. En un [&hellip;]<\/p>\n","protected":false},"author":2,"featured_media":0,"comment_status":"closed","ping_status":"open","sticky":false,"template":"","format":"standard","meta":{"footnotes":""},"categories":[8],"tags":[],"yoast_head":"<!-- This site is optimized with the Yoast SEO plugin v24.5 - https:\/\/yoast.com\/wordpress\/plugins\/seo\/ -->\n<title>RD entra en el Comit\u00e9 Intergubernamental de Patrimonio de la Unesco | El Nuevo Norte<\/title>\n<meta name=\"robots\" content=\"index, follow, max-snippet:-1, max-image-preview:large, max-video-preview:-1\" \/>\n<link rel=\"canonical\" href=\"https:\/\/infoelnuevonorte.com\/?p=28059\" \/>\n<meta property=\"og:locale\" content=\"es_ES\" \/>\n<meta property=\"og:type\" content=\"article\" \/>\n<meta property=\"og:title\" content=\"RD entra en el Comit\u00e9 Intergubernamental de Patrimonio de la Unesco | El Nuevo Norte\" \/>\n<meta property=\"og:description\" content=\"Santo Domingo.\u2013 Rep\u00fablica Dominicana entr\u00f3 por primera vez como miembro del Comit\u00e9 Intergubernamental para la Salvaguardia del Patrimonio Cultural Inmaterial de la Organizaci\u00f3n de Naciones Unidas para la Educaci\u00f3n, la Ciencia y la Cultura (Unesco), por un per\u00edodo de cuatro a\u00f1os, informaron este viernes los ministerios de Relaciones Exteriores y el de Educaci\u00f3n. En un [&hellip;]\" \/>\n<meta property=\"og:url\" content=\"https:\/\/infoelnuevonorte.com\/?p=28059\" \/>\n<meta property=\"og:site_name\" content=\"El Nuevo Norte\" \/>\n<meta property=\"article:publisher\" content=\"https:\/\/www.facebook.com\/infoenn\" \/>\n<meta property=\"article:published_time\" content=\"2024-06-14T18:33:58+00:00\" \/>\n<meta property=\"article:modified_time\" content=\"2024-06-14T18:34:00+00:00\" \/>\n<meta property=\"og:image\" content=\"https:\/\/infoelnuevonorte.com\/wp-content\/uploads\/2024\/06\/Foto-UNESCO-1536x1024-1-1024x683.png\" \/>\n\t<meta property=\"og:image:width\" content=\"1024\" \/>\n\t<meta property=\"og:image:height\" content=\"683\" \/>\n\t<meta property=\"og:image:type\" content=\"image\/png\" \/>\n<meta name=\"author\" content=\"T. R.\" \/>\n<meta name=\"twitter:card\" content=\"summary_large_image\" \/>\n<meta name=\"twitter:creator\" content=\"@Elnuevo_norte\" \/>\n<meta name=\"twitter:site\" content=\"@Elnuevo_norte\" \/>\n<meta name=\"twitter:label1\" content=\"Written by\" \/>\n\t<meta name=\"twitter:data1\" content=\"T. R.\" \/>\n\t<meta name=\"twitter:label2\" content=\"Est. reading time\" \/>\n\t<meta name=\"twitter:data2\" content=\"2 minutos\" \/>\n<script type=\"application\/ld+json\" class=\"yoast-schema-graph\">{\"@context\":\"https:\/\/schema.org\",\"@graph\":[{\"@type\":\"Article\",\"@id\":\"https:\/\/infoelnuevonorte.com\/?p=28059#article\",\"isPartOf\":{\"@id\":\"https:\/\/infoelnuevonorte.com\/?p=28059\"},\"author\":{\"name\":\"T. R.\",\"@id\":\"https:\/\/infoelnuevonorte.com\/#\/schema\/person\/3accb35eb55f55e96c492b52d085a403\"},\"headline\":\"RD entra en el Comit\u00e9 Intergubernamental de Patrimonio de la Unesco\",\"datePublished\":\"2024-06-14T18:33:58+00:00\",\"dateModified\":\"2024-06-14T18:34:00+00:00\",\"mainEntityOfPage\":{\"@id\":\"https:\/\/infoelnuevonorte.com\/?p=28059\"},\"wordCount\":356,\"publisher\":{\"@id\":\"https:\/\/infoelnuevonorte.com\/#organization\"},\"articleSection\":[\"Nacionales\"],\"inLanguage\":\"es-DO\"},{\"@type\":\"WebPage\",\"@id\":\"https:\/\/infoelnuevonorte.com\/?p=28059\",\"url\":\"https:\/\/infoelnuevonorte.com\/?p=28059\",\"name\":\"RD entra en el Comit\u00e9 Intergubernamental de Patrimonio de la Unesco | El Nuevo Norte\",\"isPartOf\":{\"@id\":\"https:\/\/infoelnuevonorte.com\/#website\"},\"datePublished\":\"2024-06-14T18:33:58+00:00\",\"dateModified\":\"2024-06-14T18:34:00+00:00\",\"breadcrumb\":{\"@id\":\"https:\/\/infoelnuevonorte.com\/?p=28059#breadcrumb\"},\"inLanguage\":\"es-DO\",\"potentialAction\":[{\"@type\":\"ReadAction\",\"target\":[\"https:\/\/infoelnuevonorte.com\/?p=28059\"]}]},{\"@type\":\"BreadcrumbList\",\"@id\":\"https:\/\/infoelnuevonorte.com\/?p=28059#breadcrumb\",\"itemListElement\":[{\"@type\":\"ListItem\",\"position\":1,\"name\":\"Home\",\"item\":\"https:\/\/infoelnuevonorte.com\/\"},{\"@type\":\"ListItem\",\"position\":2,\"name\":\"RD entra en el Comit\u00e9 Intergubernamental de Patrimonio de la Unesco\"}]},{\"@type\":\"WebSite\",\"@id\":\"https:\/\/infoelnuevonorte.com\/#website\",\"url\":\"https:\/\/infoelnuevonorte.com\/\",\"name\":\"InfoEnn\",\"description\":\"Tu Voz, tu Verdad, tu Diario!!!\",\"publisher\":{\"@id\":\"https:\/\/infoelnuevonorte.com\/#organization\"},\"alternateName\":\"El Nuevo Norte\",\"potentialAction\":[{\"@type\":\"SearchAction\",\"target\":{\"@type\":\"EntryPoint\",\"urlTemplate\":\"https:\/\/infoelnuevonorte.com\/?s={search_term_string}\"},\"query-input\":{\"@type\":\"PropertyValueSpecification\",\"valueRequired\":true,\"valueName\":\"search_term_string\"}}],\"inLanguage\":\"es-DO\"},{\"@type\":\"Organization\",\"@id\":\"https:\/\/infoelnuevonorte.com\/#organization\",\"name\":\"Info El Nuevo Norte\",\"alternateName\":\"El Nuevo Norte\",\"url\":\"https:\/\/infoelnuevonorte.com\/\",\"logo\":{\"@type\":\"ImageObject\",\"inLanguage\":\"es-DO\",\"@id\":\"https:\/\/infoelnuevonorte.com\/#\/schema\/logo\/image\/\",\"url\":\"https:\/\/infoelnuevonorte.com\/wp-content\/uploads\/2026\/02\/Logo-Info-enn-3d-20ani.jpeg\",\"contentUrl\":\"https:\/\/infoelnuevonorte.com\/wp-content\/uploads\/2026\/02\/Logo-Info-enn-3d-20ani.jpeg\",\"width\":2046,\"height\":736,\"caption\":\"Info El Nuevo Norte\"},\"image\":{\"@id\":\"https:\/\/infoelnuevonorte.com\/#\/schema\/logo\/image\/\"},\"sameAs\":[\"https:\/\/www.facebook.com\/infoenn\",\"https:\/\/x.com\/Elnuevo_norte\",\"https:\/\/www.instagram.com\/infoenn\",\"https:\/\/www.facebook.com\/ENNRD\"]},{\"@type\":\"Person\",\"@id\":\"https:\/\/infoelnuevonorte.com\/#\/schema\/person\/3accb35eb55f55e96c492b52d085a403\",\"name\":\"T. R.\",\"image\":{\"@type\":\"ImageObject\",\"inLanguage\":\"es-DO\",\"@id\":\"https:\/\/infoelnuevonorte.com\/#\/schema\/person\/image\/\",\"url\":\"https:\/\/secure.gravatar.com\/avatar\/40543a038bda97abdb765b1662e9677d?s=96&d=robohash&r=g\",\"contentUrl\":\"https:\/\/secure.gravatar.com\/avatar\/40543a038bda97abdb765b1662e9677d?s=96&d=robohash&r=g\",\"caption\":\"T. R.\"},\"url\":\"https:\/\/infoelnuevonorte.com\/?author=2\"}]}<\/script>\n<!-- \/ Yoast SEO plugin. -->","yoast_head_json":{"title":"RD entra en el Comit\u00e9 Intergubernamental de Patrimonio de la Unesco | El Nuevo Norte","robots":{"index":"index","follow":"follow","max-snippet":"max-snippet:-1","max-image-preview":"max-image-preview:large","max-video-preview":"max-video-preview:-1"},"canonical":"https:\/\/infoelnuevonorte.com\/?p=28059","og_locale":"es_ES","og_type":"article","og_title":"RD entra en el Comit\u00e9 Intergubernamental de Patrimonio de la Unesco | El Nuevo Norte","og_description":"Santo Domingo.\u2013 Rep\u00fablica Dominicana entr\u00f3 por primera vez como miembro del Comit\u00e9 Intergubernamental para la Salvaguardia del Patrimonio Cultural Inmaterial de la Organizaci\u00f3n de Naciones Unidas para la Educaci\u00f3n, la Ciencia y la Cultura (Unesco), por un per\u00edodo de cuatro a\u00f1os, informaron este viernes los ministerios de Relaciones Exteriores y el de Educaci\u00f3n. En un [&hellip;]","og_url":"https:\/\/infoelnuevonorte.com\/?p=28059","og_site_name":"El Nuevo Norte","article_publisher":"https:\/\/www.facebook.com\/infoenn","article_published_time":"2024-06-14T18:33:58+00:00","article_modified_time":"2024-06-14T18:34:00+00:00","og_image":[{"width":1024,"height":683,"url":"https:\/\/infoelnuevonorte.com\/wp-content\/uploads\/2024\/06\/Foto-UNESCO-1536x1024-1-1024x683.png","type":"image\/png"}],"author":"T. R.","twitter_card":"summary_large_image","twitter_creator":"@Elnuevo_norte","twitter_site":"@Elnuevo_norte","twitter_misc":{"Written by":"T. R.","Est. reading time":"2 minutos"},"schema":{"@context":"https:\/\/schema.org","@graph":[{"@type":"Article","@id":"https:\/\/infoelnuevonorte.com\/?p=28059#article","isPartOf":{"@id":"https:\/\/infoelnuevonorte.com\/?p=28059"},"author":{"name":"T. R.","@id":"https:\/\/infoelnuevonorte.com\/#\/schema\/person\/3accb35eb55f55e96c492b52d085a403"},"headline":"RD entra en el Comit\u00e9 Intergubernamental de Patrimonio de la Unesco","datePublished":"2024-06-14T18:33:58+00:00","dateModified":"2024-06-14T18:34:00+00:00","mainEntityOfPage":{"@id":"https:\/\/infoelnuevonorte.com\/?p=28059"},"wordCount":356,"publisher":{"@id":"https:\/\/infoelnuevonorte.com\/#organization"},"articleSection":["Nacionales"],"inLanguage":"es-DO"},{"@type":"WebPage","@id":"https:\/\/infoelnuevonorte.com\/?p=28059","url":"https:\/\/infoelnuevonorte.com\/?p=28059","name":"RD entra en el Comit\u00e9 Intergubernamental de Patrimonio de la Unesco | El Nuevo Norte","isPartOf":{"@id":"https:\/\/infoelnuevonorte.com\/#website"},"datePublished":"2024-06-14T18:33:58+00:00","dateModified":"2024-06-14T18:34:00+00:00","breadcrumb":{"@id":"https:\/\/infoelnuevonorte.com\/?p=28059#breadcrumb"},"inLanguage":"es-DO","potentialAction":[{"@type":"ReadAction","target":["https:\/\/infoelnuevonorte.com\/?p=28059"]}]},{"@type":"BreadcrumbList","@id":"https:\/\/infoelnuevonorte.com\/?p=28059#breadcrumb","itemListElement":[{"@type":"ListItem","position":1,"name":"Home","item":"https:\/\/infoelnuevonorte.com\/"},{"@type":"ListItem","position":2,"name":"RD entra en el Comit\u00e9 Intergubernamental de Patrimonio de la Unesco"}]},{"@type":"WebSite","@id":"https:\/\/infoelnuevonorte.com\/#website","url":"https:\/\/infoelnuevonorte.com\/","name":"InfoEnn","description":"Tu Voz, tu Verdad, tu Diario!!!","publisher":{"@id":"https:\/\/infoelnuevonorte.com\/#organization"},"alternateName":"El Nuevo Norte","potentialAction":[{"@type":"SearchAction","target":{"@type":"EntryPoint","urlTemplate":"https:\/\/infoelnuevonorte.com\/?s={search_term_string}"},"query-input":{"@type":"PropertyValueSpecification","valueRequired":true,"valueName":"search_term_string"}}],"inLanguage":"es-DO"},{"@type":"Organization","@id":"https:\/\/infoelnuevonorte.com\/#organization","name":"Info El Nuevo Norte","alternateName":"El Nuevo Norte","url":"https:\/\/infoelnuevonorte.com\/","logo":{"@type":"ImageObject","inLanguage":"es-DO","@id":"https:\/\/infoelnuevonorte.com\/#\/schema\/logo\/image\/","url":"https:\/\/infoelnuevonorte.com\/wp-content\/uploads\/2026\/02\/Logo-Info-enn-3d-20ani.jpeg","contentUrl":"https:\/\/infoelnuevonorte.com\/wp-content\/uploads\/2026\/02\/Logo-Info-enn-3d-20ani.jpeg","width":2046,"height":736,"caption":"Info El Nuevo Norte"},"image":{"@id":"https:\/\/infoelnuevonorte.com\/#\/schema\/logo\/image\/"},"sameAs":["https:\/\/www.facebook.com\/infoenn","https:\/\/x.com\/Elnuevo_norte","https:\/\/www.instagram.com\/infoenn","https:\/\/www.facebook.com\/ENNRD"]},{"@type":"Person","@id":"https:\/\/infoelnuevonorte.com\/#\/schema\/person\/3accb35eb55f55e96c492b52d085a403","name":"T. R.","image":{"@type":"ImageObject","inLanguage":"es-DO","@id":"https:\/\/infoelnuevonorte.com\/#\/schema\/person\/image\/","url":"https:\/\/secure.gravatar.com\/avatar\/40543a038bda97abdb765b1662e9677d?s=96&d=robohash&r=g","contentUrl":"https:\/\/secure.gravatar.com\/avatar\/40543a038bda97abdb765b1662e9677d?s=96&d=robohash&r=g","caption":"T. R."},"url":"https:\/\/infoelnuevonorte.com\/?author=2"}]}},"_links":{"self":[{"href":"https:\/\/infoelnuevonorte.com\/index.php?rest_route=\/wp\/v2\/posts\/28059"}],"collection":[{"href":"https:\/\/infoelnuevonorte.com\/index.php?rest_route=\/wp\/v2\/posts"}],"about":[{"href":"https:\/\/infoelnuevonorte.com\/index.php?rest_route=\/wp\/v2\/types\/post"}],"author":[{"embeddable":true,"href":"https:\/\/infoelnuevonorte.com\/index.php?rest_route=\/wp\/v2\/users\/2"}],"replies":[{"embeddable":true,"href":"https:\/\/infoelnuevonorte.com\/index.php?rest_route=%2Fwp%2Fv2%2Fcomments&post=28059"}],"version-history":[{"count":0,"href":"https:\/\/infoelnuevonorte.com\/index.php?rest_route=\/wp\/v2\/posts\/28059\/revisions"}],"wp:attachment":[{"href":"https:\/\/infoelnuevonorte.com\/index.php?rest_route=%2Fwp%2Fv2%2Fmedia&parent=28059"}],"wp:term":[{"taxonomy":"category","embeddable":true,"href":"https:\/\/infoelnuevonorte.com\/index.php?rest_route=%2Fwp%2Fv2%2Fcategories&post=28059"},{"taxonomy":"post_tag","embeddable":true,"href":"https:\/\/infoelnuevonorte.com\/index.php?rest_route=%2Fwp%2Fv2%2Ftags&post=28059"}],"curies":[{"name":"wp","href":"https:\/\/api.w.org\/{rel}","templated":true}]}}