{"id":28486,"date":"2024-06-16T13:37:35","date_gmt":"2024-06-16T17:37:35","guid":{"rendered":"https:\/\/infoelnuevonorte.com\/?p=28486"},"modified":"2024-06-16T13:37:37","modified_gmt":"2024-06-16T17:37:37","slug":"bukele-dice-que-la-fiscalia-investiga-cobros-excesivos-de-energia-en-el-salvador","status":"publish","type":"post","link":"https:\/\/infoelnuevonorte.com\/?p=28486","title":{"rendered":"Bukele dice que la Fiscal\u00eda investiga \u00abcobros excesivos\u00bb de energ\u00eda en El Salvador"},"content":{"rendered":"\n<p><a href=\"https:\/\/deultimominuto.net\/category\/economia\/\"><\/a><\/p>\n\n\n<!--[if lt IE 9]><script>document.createElement('audio');<\/script><![endif]-->\n<audio class=\"wp-audio-shortcode\" id=\"audio-28486-1\" preload=\"none\" style=\"width: 100%;\" controls=\"controls\"><source type=\"audio\/mpeg\" src=\"https:\/\/infoelnuevonorte.com\/wp-content\/uploads\/2024\/06\/ttsmaker-file-2024-6-16-13-36-52.mp3?_=1\" \/><a href=\"https:\/\/infoelnuevonorte.com\/wp-content\/uploads\/2024\/06\/ttsmaker-file-2024-6-16-13-36-52.mp3\">https:\/\/infoelnuevonorte.com\/wp-content\/uploads\/2024\/06\/ttsmaker-file-2024-6-16-13-36-52.mp3<\/a><\/audio>\n<p style=\"text-align: justify\"><strong>San Salvador.-\u00a0<\/strong>El\u00a0<strong>presidente de El Salvador, Nayib Bukele,<\/strong>\u00a0afirm\u00f3 que la Fiscal\u00eda General de la Rep\u00fablica (FGR) investiga cientos de<strong>\u00a0\u00abcobros excesivos\u00bb<\/strong>\u00a0en las facturas de energ\u00eda el\u00e9ctrica.<\/p>\n<p style=\"text-align: justify\">\u00abHemos encontrado cobros excesivos en los recibos de energ\u00eda el\u00e9ctrica, que van m\u00e1s all\u00e1 del incremento del consumo de los hogares por la \u00e9poca calurosa\u00bb, public\u00f3 Bukele la noche del viernes en su cuenta de X.<\/p>\n<p style=\"text-align: justify\">A\u00f1adi\u00f3 que identificaron cientos de recibos de las compa\u00f1\u00edas distribuidoras AES El Salvador y DelSur \u00abcon cobros que no pueden ser justificados t\u00e9cnicamente\u00bb.<\/p>\n<blockquote class=\"wp-block-quote is-layout-flow wp-block-quote-is-layout-flow\">\n<p>\u00abLA FGR HA INICIADO UNA INVESTIGACI\u00d3N POR ESTAFA AGRAVADA\u00bb, CONCLUY\u00d3, SIN QUE LA FISCAL\u00cdA HAYA CONFIRMADO O DESMENTIDO EL INICIO DE DICHA INVESTIGACI\u00d3N.<\/p>\n<\/blockquote>\n<p style=\"text-align: justify\">En octubre pasado, la Asamblea Legislativa de mayor\u00eda oficialista congel\u00f3 un incremento del 9 % a la factura de la energ\u00eda el\u00e9ctrica, medida que fue prorrogada en enero pasado.<\/p>\n<p style=\"text-align: justify\">En abril, los diputados aprobaron, de acuerdo con reportes de medios locales, no aplicar la f\u00f3rmula definida por ley para establecer el precio de la electricidad.<\/p>\n<p style=\"text-align: justify\">El 22 de abril, la<strong>\u00a0Direcci\u00f3n General de Energ\u00eda, Hidrocarburos y Minas<\/strong>\u00a0indic\u00f3 en un comunicado que los usuarios que mantuvieron un consumo menor a 300 kW\/h en el primer trimestre del a\u00f1o \u00abno pagar\u00e1n ni un centavo m\u00e1s en el precio de su factura el\u00e9ctrica\u00bb.<\/p>\n<p style=\"text-align: justify\">Sin embargo, dijo que \u00abel 7 % que consumen arriba de 300 kW\/h experimentar\u00e1n un incremento del 23 % en su factura el\u00e9ctrica\u00bb, en referencia a la industria, comercio y \u00abgrandes consumidores\u00bb.<\/p>\n<p style=\"text-align: justify\">\u00abLos factores que incidieron en esta variaci\u00f3n son: influencia meteorol\u00f3gica del fen\u00f3meno de El Ni\u00f1o durante 2023 que impact\u00f3 la generaci\u00f3n de energ\u00eda hidroel\u00e9ctrica, el incremento en el precio de los hidrocarburos y los conflictos geopol\u00edticos en la regi\u00f3n y a nivel mundial\u00bb, indic\u00f3 la entidad en un comunicado.<\/p>","protected":false},"excerpt":{"rendered":"<p>San Salvador.-\u00a0El\u00a0presidente de El Salvador, Nayib Bukele,\u00a0afirm\u00f3 que la Fiscal\u00eda General de la Rep\u00fablica (FGR) investiga cientos de\u00a0\u00abcobros excesivos\u00bb\u00a0en las facturas de energ\u00eda el\u00e9ctrica. \u00abHemos encontrado cobros excesivos en los recibos de energ\u00eda el\u00e9ctrica, que van m\u00e1s all\u00e1 del incremento del consumo de los hogares por la \u00e9poca calurosa\u00bb, public\u00f3 Bukele la noche del viernes [&hellip;]<\/p>\n","protected":false},"author":2,"featured_media":0,"comment_status":"closed","ping_status":"open","sticky":false,"template":"","format":"standard","meta":{"footnotes":""},"categories":[15],"tags":[],"yoast_head":"<!-- This site is optimized with the Yoast SEO plugin v24.5 - https:\/\/yoast.com\/wordpress\/plugins\/seo\/ -->\n<title>Bukele dice que la Fiscal\u00eda investiga \u00abcobros excesivos\u00bb de energ\u00eda en El Salvador | El Nuevo Norte<\/title>\n<meta name=\"robots\" content=\"index, follow, max-snippet:-1, max-image-preview:large, max-video-preview:-1\" \/>\n<link rel=\"canonical\" href=\"https:\/\/infoelnuevonorte.com\/?p=28486\" \/>\n<meta property=\"og:locale\" content=\"es_ES\" \/>\n<meta property=\"og:type\" content=\"article\" \/>\n<meta property=\"og:title\" content=\"Bukele dice que la Fiscal\u00eda investiga \u00abcobros excesivos\u00bb de energ\u00eda en El Salvador | El Nuevo Norte\" \/>\n<meta property=\"og:description\" content=\"San Salvador.-\u00a0El\u00a0presidente de El Salvador, Nayib Bukele,\u00a0afirm\u00f3 que la Fiscal\u00eda General de la Rep\u00fablica (FGR) investiga cientos de\u00a0\u00abcobros excesivos\u00bb\u00a0en las facturas de energ\u00eda el\u00e9ctrica. \u00abHemos encontrado cobros excesivos en los recibos de energ\u00eda el\u00e9ctrica, que van m\u00e1s all\u00e1 del incremento del consumo de los hogares por la \u00e9poca calurosa\u00bb, public\u00f3 Bukele la noche del viernes [&hellip;]\" \/>\n<meta property=\"og:url\" content=\"https:\/\/infoelnuevonorte.com\/?p=28486\" \/>\n<meta property=\"og:site_name\" content=\"El Nuevo Norte\" \/>\n<meta property=\"article:publisher\" content=\"https:\/\/www.facebook.com\/infoenn\" \/>\n<meta property=\"article:published_time\" content=\"2024-06-16T17:37:35+00:00\" \/>\n<meta property=\"article:modified_time\" content=\"2024-06-16T17:37:37+00:00\" \/>\n<meta property=\"og:image\" content=\"https:\/\/infoelnuevonorte.com\/wp-content\/uploads\/2024\/06\/nayib-bukele-el-salvador.png\" \/>\n\t<meta property=\"og:image:width\" content=\"1030\" \/>\n\t<meta property=\"og:image:height\" content=\"621\" \/>\n\t<meta property=\"og:image:type\" content=\"image\/png\" \/>\n<meta name=\"author\" content=\"T. R.\" \/>\n<meta name=\"twitter:card\" content=\"summary_large_image\" \/>\n<meta name=\"twitter:creator\" content=\"@Elnuevo_norte\" \/>\n<meta name=\"twitter:site\" content=\"@Elnuevo_norte\" \/>\n<meta name=\"twitter:label1\" content=\"Written by\" \/>\n\t<meta name=\"twitter:data1\" content=\"T. R.\" \/>\n\t<meta name=\"twitter:label2\" content=\"Est. reading time\" \/>\n\t<meta name=\"twitter:data2\" content=\"2 minutos\" \/>\n<script type=\"application\/ld+json\" class=\"yoast-schema-graph\">{\"@context\":\"https:\/\/schema.org\",\"@graph\":[{\"@type\":\"Article\",\"@id\":\"https:\/\/infoelnuevonorte.com\/?p=28486#article\",\"isPartOf\":{\"@id\":\"https:\/\/infoelnuevonorte.com\/?p=28486\"},\"author\":{\"name\":\"T. R.\",\"@id\":\"https:\/\/infoelnuevonorte.com\/#\/schema\/person\/3accb35eb55f55e96c492b52d085a403\"},\"headline\":\"Bukele dice que la Fiscal\u00eda investiga \u00abcobros excesivos\u00bb de energ\u00eda en El Salvador\",\"datePublished\":\"2024-06-16T17:37:35+00:00\",\"dateModified\":\"2024-06-16T17:37:37+00:00\",\"mainEntityOfPage\":{\"@id\":\"https:\/\/infoelnuevonorte.com\/?p=28486\"},\"wordCount\":350,\"publisher\":{\"@id\":\"https:\/\/infoelnuevonorte.com\/#organization\"},\"articleSection\":[\"Economicas\"],\"inLanguage\":\"es-DO\"},{\"@type\":\"WebPage\",\"@id\":\"https:\/\/infoelnuevonorte.com\/?p=28486\",\"url\":\"https:\/\/infoelnuevonorte.com\/?p=28486\",\"name\":\"Bukele dice que la Fiscal\u00eda investiga \u00abcobros excesivos\u00bb de energ\u00eda en El Salvador | El Nuevo Norte\",\"isPartOf\":{\"@id\":\"https:\/\/infoelnuevonorte.com\/#website\"},\"datePublished\":\"2024-06-16T17:37:35+00:00\",\"dateModified\":\"2024-06-16T17:37:37+00:00\",\"breadcrumb\":{\"@id\":\"https:\/\/infoelnuevonorte.com\/?p=28486#breadcrumb\"},\"inLanguage\":\"es-DO\",\"potentialAction\":[{\"@type\":\"ReadAction\",\"target\":[\"https:\/\/infoelnuevonorte.com\/?p=28486\"]}]},{\"@type\":\"BreadcrumbList\",\"@id\":\"https:\/\/infoelnuevonorte.com\/?p=28486#breadcrumb\",\"itemListElement\":[{\"@type\":\"ListItem\",\"position\":1,\"name\":\"Home\",\"item\":\"https:\/\/infoelnuevonorte.com\/\"},{\"@type\":\"ListItem\",\"position\":2,\"name\":\"Bukele dice que la Fiscal\u00eda investiga \u00abcobros excesivos\u00bb de energ\u00eda en El Salvador\"}]},{\"@type\":\"WebSite\",\"@id\":\"https:\/\/infoelnuevonorte.com\/#website\",\"url\":\"https:\/\/infoelnuevonorte.com\/\",\"name\":\"InfoEnn\",\"description\":\"Tu Voz, tu Verdad, tu Diario!!!\",\"publisher\":{\"@id\":\"https:\/\/infoelnuevonorte.com\/#organization\"},\"alternateName\":\"El Nuevo Norte\",\"potentialAction\":[{\"@type\":\"SearchAction\",\"target\":{\"@type\":\"EntryPoint\",\"urlTemplate\":\"https:\/\/infoelnuevonorte.com\/?s={search_term_string}\"},\"query-input\":{\"@type\":\"PropertyValueSpecification\",\"valueRequired\":true,\"valueName\":\"search_term_string\"}}],\"inLanguage\":\"es-DO\"},{\"@type\":\"Organization\",\"@id\":\"https:\/\/infoelnuevonorte.com\/#organization\",\"name\":\"Info El Nuevo Norte\",\"alternateName\":\"El Nuevo Norte\",\"url\":\"https:\/\/infoelnuevonorte.com\/\",\"logo\":{\"@type\":\"ImageObject\",\"inLanguage\":\"es-DO\",\"@id\":\"https:\/\/infoelnuevonorte.com\/#\/schema\/logo\/image\/\",\"url\":\"https:\/\/infoelnuevonorte.com\/wp-content\/uploads\/2026\/02\/Logo-Info-enn-3d-20ani.jpeg\",\"contentUrl\":\"https:\/\/infoelnuevonorte.com\/wp-content\/uploads\/2026\/02\/Logo-Info-enn-3d-20ani.jpeg\",\"width\":2046,\"height\":736,\"caption\":\"Info El Nuevo Norte\"},\"image\":{\"@id\":\"https:\/\/infoelnuevonorte.com\/#\/schema\/logo\/image\/\"},\"sameAs\":[\"https:\/\/www.facebook.com\/infoenn\",\"https:\/\/x.com\/Elnuevo_norte\",\"https:\/\/www.instagram.com\/infoenn\",\"https:\/\/www.facebook.com\/ENNRD\"]},{\"@type\":\"Person\",\"@id\":\"https:\/\/infoelnuevonorte.com\/#\/schema\/person\/3accb35eb55f55e96c492b52d085a403\",\"name\":\"T. R.\",\"image\":{\"@type\":\"ImageObject\",\"inLanguage\":\"es-DO\",\"@id\":\"https:\/\/infoelnuevonorte.com\/#\/schema\/person\/image\/\",\"url\":\"https:\/\/secure.gravatar.com\/avatar\/40543a038bda97abdb765b1662e9677d?s=96&d=robohash&r=g\",\"contentUrl\":\"https:\/\/secure.gravatar.com\/avatar\/40543a038bda97abdb765b1662e9677d?s=96&d=robohash&r=g\",\"caption\":\"T. R.\"},\"url\":\"https:\/\/infoelnuevonorte.com\/?author=2\"}]}<\/script>\n<!-- \/ Yoast SEO plugin. -->","yoast_head_json":{"title":"Bukele dice que la Fiscal\u00eda investiga \u00abcobros excesivos\u00bb de energ\u00eda en El Salvador | El Nuevo Norte","robots":{"index":"index","follow":"follow","max-snippet":"max-snippet:-1","max-image-preview":"max-image-preview:large","max-video-preview":"max-video-preview:-1"},"canonical":"https:\/\/infoelnuevonorte.com\/?p=28486","og_locale":"es_ES","og_type":"article","og_title":"Bukele dice que la Fiscal\u00eda investiga \u00abcobros excesivos\u00bb de energ\u00eda en El Salvador | El Nuevo Norte","og_description":"San Salvador.-\u00a0El\u00a0presidente de El Salvador, Nayib Bukele,\u00a0afirm\u00f3 que la Fiscal\u00eda General de la Rep\u00fablica (FGR) investiga cientos de\u00a0\u00abcobros excesivos\u00bb\u00a0en las facturas de energ\u00eda el\u00e9ctrica. \u00abHemos encontrado cobros excesivos en los recibos de energ\u00eda el\u00e9ctrica, que van m\u00e1s all\u00e1 del incremento del consumo de los hogares por la \u00e9poca calurosa\u00bb, public\u00f3 Bukele la noche del viernes [&hellip;]","og_url":"https:\/\/infoelnuevonorte.com\/?p=28486","og_site_name":"El Nuevo Norte","article_publisher":"https:\/\/www.facebook.com\/infoenn","article_published_time":"2024-06-16T17:37:35+00:00","article_modified_time":"2024-06-16T17:37:37+00:00","og_image":[{"width":1030,"height":621,"url":"https:\/\/infoelnuevonorte.com\/wp-content\/uploads\/2024\/06\/nayib-bukele-el-salvador.png","type":"image\/png"}],"author":"T. R.","twitter_card":"summary_large_image","twitter_creator":"@Elnuevo_norte","twitter_site":"@Elnuevo_norte","twitter_misc":{"Written by":"T. R.","Est. reading time":"2 minutos"},"schema":{"@context":"https:\/\/schema.org","@graph":[{"@type":"Article","@id":"https:\/\/infoelnuevonorte.com\/?p=28486#article","isPartOf":{"@id":"https:\/\/infoelnuevonorte.com\/?p=28486"},"author":{"name":"T. R.","@id":"https:\/\/infoelnuevonorte.com\/#\/schema\/person\/3accb35eb55f55e96c492b52d085a403"},"headline":"Bukele dice que la Fiscal\u00eda investiga \u00abcobros excesivos\u00bb de energ\u00eda en El Salvador","datePublished":"2024-06-16T17:37:35+00:00","dateModified":"2024-06-16T17:37:37+00:00","mainEntityOfPage":{"@id":"https:\/\/infoelnuevonorte.com\/?p=28486"},"wordCount":350,"publisher":{"@id":"https:\/\/infoelnuevonorte.com\/#organization"},"articleSection":["Economicas"],"inLanguage":"es-DO"},{"@type":"WebPage","@id":"https:\/\/infoelnuevonorte.com\/?p=28486","url":"https:\/\/infoelnuevonorte.com\/?p=28486","name":"Bukele dice que la Fiscal\u00eda investiga \u00abcobros excesivos\u00bb de energ\u00eda en El Salvador | El Nuevo Norte","isPartOf":{"@id":"https:\/\/infoelnuevonorte.com\/#website"},"datePublished":"2024-06-16T17:37:35+00:00","dateModified":"2024-06-16T17:37:37+00:00","breadcrumb":{"@id":"https:\/\/infoelnuevonorte.com\/?p=28486#breadcrumb"},"inLanguage":"es-DO","potentialAction":[{"@type":"ReadAction","target":["https:\/\/infoelnuevonorte.com\/?p=28486"]}]},{"@type":"BreadcrumbList","@id":"https:\/\/infoelnuevonorte.com\/?p=28486#breadcrumb","itemListElement":[{"@type":"ListItem","position":1,"name":"Home","item":"https:\/\/infoelnuevonorte.com\/"},{"@type":"ListItem","position":2,"name":"Bukele dice que la Fiscal\u00eda investiga \u00abcobros excesivos\u00bb de energ\u00eda en El Salvador"}]},{"@type":"WebSite","@id":"https:\/\/infoelnuevonorte.com\/#website","url":"https:\/\/infoelnuevonorte.com\/","name":"InfoEnn","description":"Tu Voz, tu Verdad, tu Diario!!!","publisher":{"@id":"https:\/\/infoelnuevonorte.com\/#organization"},"alternateName":"El Nuevo Norte","potentialAction":[{"@type":"SearchAction","target":{"@type":"EntryPoint","urlTemplate":"https:\/\/infoelnuevonorte.com\/?s={search_term_string}"},"query-input":{"@type":"PropertyValueSpecification","valueRequired":true,"valueName":"search_term_string"}}],"inLanguage":"es-DO"},{"@type":"Organization","@id":"https:\/\/infoelnuevonorte.com\/#organization","name":"Info El Nuevo Norte","alternateName":"El Nuevo Norte","url":"https:\/\/infoelnuevonorte.com\/","logo":{"@type":"ImageObject","inLanguage":"es-DO","@id":"https:\/\/infoelnuevonorte.com\/#\/schema\/logo\/image\/","url":"https:\/\/infoelnuevonorte.com\/wp-content\/uploads\/2026\/02\/Logo-Info-enn-3d-20ani.jpeg","contentUrl":"https:\/\/infoelnuevonorte.com\/wp-content\/uploads\/2026\/02\/Logo-Info-enn-3d-20ani.jpeg","width":2046,"height":736,"caption":"Info El Nuevo Norte"},"image":{"@id":"https:\/\/infoelnuevonorte.com\/#\/schema\/logo\/image\/"},"sameAs":["https:\/\/www.facebook.com\/infoenn","https:\/\/x.com\/Elnuevo_norte","https:\/\/www.instagram.com\/infoenn","https:\/\/www.facebook.com\/ENNRD"]},{"@type":"Person","@id":"https:\/\/infoelnuevonorte.com\/#\/schema\/person\/3accb35eb55f55e96c492b52d085a403","name":"T. R.","image":{"@type":"ImageObject","inLanguage":"es-DO","@id":"https:\/\/infoelnuevonorte.com\/#\/schema\/person\/image\/","url":"https:\/\/secure.gravatar.com\/avatar\/40543a038bda97abdb765b1662e9677d?s=96&d=robohash&r=g","contentUrl":"https:\/\/secure.gravatar.com\/avatar\/40543a038bda97abdb765b1662e9677d?s=96&d=robohash&r=g","caption":"T. R."},"url":"https:\/\/infoelnuevonorte.com\/?author=2"}]}},"_links":{"self":[{"href":"https:\/\/infoelnuevonorte.com\/index.php?rest_route=\/wp\/v2\/posts\/28486"}],"collection":[{"href":"https:\/\/infoelnuevonorte.com\/index.php?rest_route=\/wp\/v2\/posts"}],"about":[{"href":"https:\/\/infoelnuevonorte.com\/index.php?rest_route=\/wp\/v2\/types\/post"}],"author":[{"embeddable":true,"href":"https:\/\/infoelnuevonorte.com\/index.php?rest_route=\/wp\/v2\/users\/2"}],"replies":[{"embeddable":true,"href":"https:\/\/infoelnuevonorte.com\/index.php?rest_route=%2Fwp%2Fv2%2Fcomments&post=28486"}],"version-history":[{"count":0,"href":"https:\/\/infoelnuevonorte.com\/index.php?rest_route=\/wp\/v2\/posts\/28486\/revisions"}],"wp:attachment":[{"href":"https:\/\/infoelnuevonorte.com\/index.php?rest_route=%2Fwp%2Fv2%2Fmedia&parent=28486"}],"wp:term":[{"taxonomy":"category","embeddable":true,"href":"https:\/\/infoelnuevonorte.com\/index.php?rest_route=%2Fwp%2Fv2%2Fcategories&post=28486"},{"taxonomy":"post_tag","embeddable":true,"href":"https:\/\/infoelnuevonorte.com\/index.php?rest_route=%2Fwp%2Fv2%2Ftags&post=28486"}],"curies":[{"name":"wp","href":"https:\/\/api.w.org\/{rel}","templated":true}]}}