{"id":28740,"date":"2024-06-17T10:05:03","date_gmt":"2024-06-17T14:05:03","guid":{"rendered":"https:\/\/infoelnuevonorte.com\/?p=28740"},"modified":"2024-06-17T10:05:06","modified_gmt":"2024-06-17T14:05:06","slug":"san-francisco-de-asis-abogo-por-la-paz-del-mundo","status":"publish","type":"post","link":"https:\/\/infoelnuevonorte.com\/?p=28740","title":{"rendered":"San Francisco de As\u00eds abog\u00f3 por la paz del mundo"},"content":{"rendered":"<p style=\"text-align: justify\">\u00bfLos dominicanos veneran a San Francisco de As\u00eds por los siglos transcurridos desde que los franciscanos se establecieron en la ermita del Rosario, en 1493, o los inspira el ejemplo de espiritualidad, respeto al evangelio, labor misionera, su imitaci\u00f3n de Cristo en la dedicaci\u00f3n a pobres y enfermos, sus prolongados ayunos y retiros en monta\u00f1as solitarias?<\/p>\n<p style=\"text-align: justify\">\u00bfLo reverencian por los estigmas que recibi\u00f3, semej\u00e1ndose m\u00e1s a su creador?: crucifixi\u00f3n en pies, manos y costado que ocultaba por considerarse indigno. \u00bfO quiz\u00e1 lo admiran por su inter\u00e9s en acercarse a miembros de otras religiones, como hizo con los musulmanes?<\/p>\n<p style=\"text-align: justify\">Se narra que emprendi\u00f3 un viaje a tierra mahometana para dialogar con el sult\u00e1n. Y que el \u00c1ngelus, el recitar los nombres de Dios que tiene esa cultura, est\u00e1n inspirados en ese encuentro, porque Francisco \u201cno fue solo a ense\u00f1ar sino tambi\u00e9n a aprender, a reconocer lo bueno que hab\u00eda en el otro\u201d.<\/p>\n<p style=\"text-align: justify\">Los primeros franciscanos, Fray Juan de la Deule y Fray Juan de Coucousin (o Tisin) vinieron en el segundo viaje de los descubridores que levantaron el oratorio, un boh\u00edo de seis horcones, techado de canas y yaguas; una fortaleza y un pozo.<\/p>\n<p style=\"text-align: justify\">El fuerte desapareci\u00f3. \u201cBartolom\u00e9 y Diego Col\u00f3n mandaron a reforzar la ermita, en 1538, y se inaugur\u00f3 con la fisonom\u00eda que a\u00fan conserva\u201d.<\/p>\n<p style=\"text-align: justify\">Esos primeros franciscanos implantaron m\u00e9todos de evangelizaci\u00f3n, catequizaron al cacique Enriquillo, crearon escuelas para ni\u00f1os y lograron que la poblaci\u00f3n siguiera sus creencias. Adem\u00e1s, \u201cse ensayaron las reducciones, que eran espacios donde viv\u00edan los ind\u00edgenas, respetando sus costumbres\u201d.<\/p>\n<p style=\"text-align: justify\">Era la \u201ciglesia nueva\u201d que buscaba rescatar los valores de la iglesia primitiva, que lo que acontec\u00eda en el Nuevo Mundo, por la avaricia, fuera desterrado\u201d. Esos monjes primigenios \u201cempezaron a so\u00f1ar con esa iglesia, m\u00e1s parecida a la de Jesucristo\u201d.<\/p>\n<p style=\"text-align: justify\">El padre Jit Manuel Castillo, de la Orden de Frailes Menores (franciscanos), hace el copioso recuento de la ancestral presencia de los seguidores de Francisco de As\u00eds en Rep\u00fablica Dominicana. Es el p\u00e1rroco de la iglesia Nuestra Se\u00f1ora del Rosario, de Villa Duarte, y rector y presidente del Patronato de la ermita, vestigio de la antigua ciudad que a\u00fan pervive en la margen oriental del r\u00edo Ozama.<\/p>\n<p style=\"text-align: justify\">En abril de 2024 esta vetusta joya arquitect\u00f3nica fue entregada a la Iglesia por el exalcalde de Santo Domingo Este, Manuel Jim\u00e9nez.<\/p>\n<p style=\"text-align: justify\">El consagrado sacerdote, quien viste invariablemente el h\u00e1bito franciscano, es maestro, conferencista, escritor, fil\u00f3sofo, te\u00f3logo, cronista laureado. Es Vicario Episcopal de la Vida Consagrada de la Arquidi\u00f3cesis de Santo Domingo.<\/p>\n<p style=\"text-align: justify\">\u201c<strong>Leyenda negra<\/strong>\u201d.<\/p>\n<p style=\"text-align: justify\">\u201cHay en el pa\u00eds un amor desbordante por San Francisco de As\u00eds, respeto, veneraci\u00f3n, cari\u00f1o, pero, por otro lado, existe lo que se ha conocido como una \u201cleyenda negra\u201d: se repite en los textos de historia que los franciscanos apoyaban a los espa\u00f1oles y los dominicos a los indios, en el contexto de la colonizaci\u00f3n\u201d.<\/p>\n<p style=\"text-align: justify\">Esta creencia est\u00e1 en el imaginario de las personas que han estudiado aquella \u00e9poca y se ense\u00f1a en la secundaria, seg\u00fan el religioso.<\/p>\n<p style=\"text-align: justify\">\u201cA nivel de la ense\u00f1anza de la historia hay una deuda pendiente para hacer justicia a esas personas que defendieron a los m\u00e1s vulnerables de los ind\u00edgenas\u201d, proclama, y afirma que la especie se ha ido repitiendo porque \u201cla mayor\u00eda de los historiadores no se han dado a la tarea de investigar y lo que hacen es repetir al Padre Las Casas, muchas veces con objetividad y otras de manera tendenciosa\u201d.<\/p>\n<p style=\"text-align: justify\">Seg\u00fan Castillo, los franciscanos fueron los primeros en delatar el maltrato a los indios. \u201cSe adelantaron 10 a\u00f1os a la denuncia del padre Montesinos\u201d, significa, apoyado en investigaciones recientes.<\/p>\n<p style=\"text-align: justify\"><strong>Las calles<\/strong><\/p>\n<p style=\"text-align: justify\">Los dominicanos terciarios de San Francisco cantan su himno; saludan con un \u201cPaz y bien\u201d; exhiben el escapulario franciscano y el cord\u00f3n de la Orden. Muestran orgullosos sus diplomas. Peregrinos viajan a J\u00e1nico, a La Cueva de San Francisco, repitiendo que ah\u00ed estuvo el santo.<\/p>\n<p style=\"text-align: justify\">Santo Domingo est\u00e1 poblado de parroquias, asilos, colegios que llevan el nombre de ese austero misionero nacido en Italia.<\/p>\n<p style=\"text-align: justify\">Hay varias v\u00edas San Francisco de As\u00eds. La del cabildo local es del 18 de octubre de 1986, considerando que el pueblo dominicano recibi\u00f3 la doctrina cristiana desde la llegada de la civilizaci\u00f3n y que uno de los que con m\u00e1s ternura y amor fraternal la difundi\u00f3 y abog\u00f3 por la paz del mundo fue San Francisco de As\u00eds. Design\u00f3 con su nombre la antigua calle \u201c1-A\u201d del ensanche Ozama.<\/p>\n","protected":false},"excerpt":{"rendered":"<p>\u00bfLos dominicanos veneran a San Francisco de As\u00eds por los siglos transcurridos desde que los franciscanos se establecieron en la ermita del Rosario, en 1493, o los inspira el ejemplo de espiritualidad, respeto al evangelio, labor misionera, su imitaci\u00f3n de Cristo en la dedicaci\u00f3n a pobres y enfermos, sus prolongados ayunos y retiros en monta\u00f1as [&hellip;]<\/p>\n","protected":false},"author":2,"featured_media":0,"comment_status":"closed","ping_status":"open","sticky":false,"template":"","format":"standard","meta":{"footnotes":""},"categories":[8],"tags":[],"yoast_head":"<!-- This site is optimized with the Yoast SEO plugin v24.5 - https:\/\/yoast.com\/wordpress\/plugins\/seo\/ -->\n<title>San Francisco de As\u00eds abog\u00f3 por la paz del mundo | El Nuevo Norte<\/title>\n<meta name=\"robots\" content=\"index, follow, max-snippet:-1, max-image-preview:large, max-video-preview:-1\" \/>\n<link rel=\"canonical\" href=\"https:\/\/infoelnuevonorte.com\/?p=28740\" \/>\n<meta property=\"og:locale\" content=\"es_ES\" \/>\n<meta property=\"og:type\" content=\"article\" \/>\n<meta property=\"og:title\" content=\"San Francisco de As\u00eds abog\u00f3 por la paz del mundo | El Nuevo Norte\" \/>\n<meta property=\"og:description\" content=\"\u00bfLos dominicanos veneran a San Francisco de As\u00eds por los siglos transcurridos desde que los franciscanos se establecieron en la ermita del Rosario, en 1493, o los inspira el ejemplo de espiritualidad, respeto al evangelio, labor misionera, su imitaci\u00f3n de Cristo en la dedicaci\u00f3n a pobres y enfermos, sus prolongados ayunos y retiros en monta\u00f1as [&hellip;]\" \/>\n<meta property=\"og:url\" content=\"https:\/\/infoelnuevonorte.com\/?p=28740\" \/>\n<meta property=\"og:site_name\" content=\"El Nuevo Norte\" \/>\n<meta property=\"article:publisher\" content=\"https:\/\/www.facebook.com\/infoenn\" \/>\n<meta property=\"article:published_time\" content=\"2024-06-17T14:05:03+00:00\" \/>\n<meta property=\"article:modified_time\" content=\"2024-06-17T14:05:06+00:00\" \/>\n<meta property=\"og:image\" content=\"https:\/\/infoelnuevonorte.com\/wp-content\/uploads\/2024\/06\/Captura-22.png\" \/>\n\t<meta property=\"og:image:width\" content=\"536\" \/>\n\t<meta property=\"og:image:height\" content=\"423\" \/>\n\t<meta property=\"og:image:type\" content=\"image\/png\" \/>\n<meta name=\"author\" content=\"T. R.\" \/>\n<meta name=\"twitter:card\" content=\"summary_large_image\" \/>\n<meta name=\"twitter:creator\" content=\"@Elnuevo_norte\" \/>\n<meta name=\"twitter:site\" content=\"@Elnuevo_norte\" \/>\n<meta name=\"twitter:label1\" content=\"Written by\" \/>\n\t<meta name=\"twitter:data1\" content=\"T. R.\" \/>\n\t<meta name=\"twitter:label2\" content=\"Est. reading time\" \/>\n\t<meta name=\"twitter:data2\" content=\"4 minutos\" \/>\n<script type=\"application\/ld+json\" class=\"yoast-schema-graph\">{\"@context\":\"https:\/\/schema.org\",\"@graph\":[{\"@type\":\"Article\",\"@id\":\"https:\/\/infoelnuevonorte.com\/?p=28740#article\",\"isPartOf\":{\"@id\":\"https:\/\/infoelnuevonorte.com\/?p=28740\"},\"author\":{\"name\":\"T. R.\",\"@id\":\"https:\/\/infoelnuevonorte.com\/#\/schema\/person\/3accb35eb55f55e96c492b52d085a403\"},\"headline\":\"San Francisco de As\u00eds abog\u00f3 por la paz del mundo\",\"datePublished\":\"2024-06-17T14:05:03+00:00\",\"dateModified\":\"2024-06-17T14:05:06+00:00\",\"mainEntityOfPage\":{\"@id\":\"https:\/\/infoelnuevonorte.com\/?p=28740\"},\"wordCount\":795,\"publisher\":{\"@id\":\"https:\/\/infoelnuevonorte.com\/#organization\"},\"articleSection\":[\"Nacionales\"],\"inLanguage\":\"es-DO\"},{\"@type\":\"WebPage\",\"@id\":\"https:\/\/infoelnuevonorte.com\/?p=28740\",\"url\":\"https:\/\/infoelnuevonorte.com\/?p=28740\",\"name\":\"San Francisco de As\u00eds abog\u00f3 por la paz del mundo | El Nuevo Norte\",\"isPartOf\":{\"@id\":\"https:\/\/infoelnuevonorte.com\/#website\"},\"datePublished\":\"2024-06-17T14:05:03+00:00\",\"dateModified\":\"2024-06-17T14:05:06+00:00\",\"breadcrumb\":{\"@id\":\"https:\/\/infoelnuevonorte.com\/?p=28740#breadcrumb\"},\"inLanguage\":\"es-DO\",\"potentialAction\":[{\"@type\":\"ReadAction\",\"target\":[\"https:\/\/infoelnuevonorte.com\/?p=28740\"]}]},{\"@type\":\"BreadcrumbList\",\"@id\":\"https:\/\/infoelnuevonorte.com\/?p=28740#breadcrumb\",\"itemListElement\":[{\"@type\":\"ListItem\",\"position\":1,\"name\":\"Home\",\"item\":\"https:\/\/infoelnuevonorte.com\/\"},{\"@type\":\"ListItem\",\"position\":2,\"name\":\"San Francisco de As\u00eds abog\u00f3 por la paz del mundo\"}]},{\"@type\":\"WebSite\",\"@id\":\"https:\/\/infoelnuevonorte.com\/#website\",\"url\":\"https:\/\/infoelnuevonorte.com\/\",\"name\":\"InfoEnn\",\"description\":\"Tu Voz, tu Verdad, tu Diario!!!\",\"publisher\":{\"@id\":\"https:\/\/infoelnuevonorte.com\/#organization\"},\"alternateName\":\"El Nuevo Norte\",\"potentialAction\":[{\"@type\":\"SearchAction\",\"target\":{\"@type\":\"EntryPoint\",\"urlTemplate\":\"https:\/\/infoelnuevonorte.com\/?s={search_term_string}\"},\"query-input\":{\"@type\":\"PropertyValueSpecification\",\"valueRequired\":true,\"valueName\":\"search_term_string\"}}],\"inLanguage\":\"es-DO\"},{\"@type\":\"Organization\",\"@id\":\"https:\/\/infoelnuevonorte.com\/#organization\",\"name\":\"Info El Nuevo Norte\",\"alternateName\":\"El Nuevo Norte\",\"url\":\"https:\/\/infoelnuevonorte.com\/\",\"logo\":{\"@type\":\"ImageObject\",\"inLanguage\":\"es-DO\",\"@id\":\"https:\/\/infoelnuevonorte.com\/#\/schema\/logo\/image\/\",\"url\":\"https:\/\/infoelnuevonorte.com\/wp-content\/uploads\/2026\/02\/Logo-Info-enn-3d-20ani.jpeg\",\"contentUrl\":\"https:\/\/infoelnuevonorte.com\/wp-content\/uploads\/2026\/02\/Logo-Info-enn-3d-20ani.jpeg\",\"width\":2046,\"height\":736,\"caption\":\"Info El Nuevo Norte\"},\"image\":{\"@id\":\"https:\/\/infoelnuevonorte.com\/#\/schema\/logo\/image\/\"},\"sameAs\":[\"https:\/\/www.facebook.com\/infoenn\",\"https:\/\/x.com\/Elnuevo_norte\",\"https:\/\/www.instagram.com\/infoenn\",\"https:\/\/www.facebook.com\/ENNRD\"]},{\"@type\":\"Person\",\"@id\":\"https:\/\/infoelnuevonorte.com\/#\/schema\/person\/3accb35eb55f55e96c492b52d085a403\",\"name\":\"T. R.\",\"image\":{\"@type\":\"ImageObject\",\"inLanguage\":\"es-DO\",\"@id\":\"https:\/\/infoelnuevonorte.com\/#\/schema\/person\/image\/\",\"url\":\"https:\/\/secure.gravatar.com\/avatar\/40543a038bda97abdb765b1662e9677d?s=96&d=robohash&r=g\",\"contentUrl\":\"https:\/\/secure.gravatar.com\/avatar\/40543a038bda97abdb765b1662e9677d?s=96&d=robohash&r=g\",\"caption\":\"T. R.\"},\"url\":\"https:\/\/infoelnuevonorte.com\/?author=2\"}]}<\/script>\n<!-- \/ Yoast SEO plugin. -->","yoast_head_json":{"title":"San Francisco de As\u00eds abog\u00f3 por la paz del mundo | El Nuevo Norte","robots":{"index":"index","follow":"follow","max-snippet":"max-snippet:-1","max-image-preview":"max-image-preview:large","max-video-preview":"max-video-preview:-1"},"canonical":"https:\/\/infoelnuevonorte.com\/?p=28740","og_locale":"es_ES","og_type":"article","og_title":"San Francisco de As\u00eds abog\u00f3 por la paz del mundo | El Nuevo Norte","og_description":"\u00bfLos dominicanos veneran a San Francisco de As\u00eds por los siglos transcurridos desde que los franciscanos se establecieron en la ermita del Rosario, en 1493, o los inspira el ejemplo de espiritualidad, respeto al evangelio, labor misionera, su imitaci\u00f3n de Cristo en la dedicaci\u00f3n a pobres y enfermos, sus prolongados ayunos y retiros en monta\u00f1as [&hellip;]","og_url":"https:\/\/infoelnuevonorte.com\/?p=28740","og_site_name":"El Nuevo Norte","article_publisher":"https:\/\/www.facebook.com\/infoenn","article_published_time":"2024-06-17T14:05:03+00:00","article_modified_time":"2024-06-17T14:05:06+00:00","og_image":[{"width":536,"height":423,"url":"https:\/\/infoelnuevonorte.com\/wp-content\/uploads\/2024\/06\/Captura-22.png","type":"image\/png"}],"author":"T. R.","twitter_card":"summary_large_image","twitter_creator":"@Elnuevo_norte","twitter_site":"@Elnuevo_norte","twitter_misc":{"Written by":"T. R.","Est. reading time":"4 minutos"},"schema":{"@context":"https:\/\/schema.org","@graph":[{"@type":"Article","@id":"https:\/\/infoelnuevonorte.com\/?p=28740#article","isPartOf":{"@id":"https:\/\/infoelnuevonorte.com\/?p=28740"},"author":{"name":"T. R.","@id":"https:\/\/infoelnuevonorte.com\/#\/schema\/person\/3accb35eb55f55e96c492b52d085a403"},"headline":"San Francisco de As\u00eds abog\u00f3 por la paz del mundo","datePublished":"2024-06-17T14:05:03+00:00","dateModified":"2024-06-17T14:05:06+00:00","mainEntityOfPage":{"@id":"https:\/\/infoelnuevonorte.com\/?p=28740"},"wordCount":795,"publisher":{"@id":"https:\/\/infoelnuevonorte.com\/#organization"},"articleSection":["Nacionales"],"inLanguage":"es-DO"},{"@type":"WebPage","@id":"https:\/\/infoelnuevonorte.com\/?p=28740","url":"https:\/\/infoelnuevonorte.com\/?p=28740","name":"San Francisco de As\u00eds abog\u00f3 por la paz del mundo | El Nuevo Norte","isPartOf":{"@id":"https:\/\/infoelnuevonorte.com\/#website"},"datePublished":"2024-06-17T14:05:03+00:00","dateModified":"2024-06-17T14:05:06+00:00","breadcrumb":{"@id":"https:\/\/infoelnuevonorte.com\/?p=28740#breadcrumb"},"inLanguage":"es-DO","potentialAction":[{"@type":"ReadAction","target":["https:\/\/infoelnuevonorte.com\/?p=28740"]}]},{"@type":"BreadcrumbList","@id":"https:\/\/infoelnuevonorte.com\/?p=28740#breadcrumb","itemListElement":[{"@type":"ListItem","position":1,"name":"Home","item":"https:\/\/infoelnuevonorte.com\/"},{"@type":"ListItem","position":2,"name":"San Francisco de As\u00eds abog\u00f3 por la paz del mundo"}]},{"@type":"WebSite","@id":"https:\/\/infoelnuevonorte.com\/#website","url":"https:\/\/infoelnuevonorte.com\/","name":"InfoEnn","description":"Tu Voz, tu Verdad, tu Diario!!!","publisher":{"@id":"https:\/\/infoelnuevonorte.com\/#organization"},"alternateName":"El Nuevo Norte","potentialAction":[{"@type":"SearchAction","target":{"@type":"EntryPoint","urlTemplate":"https:\/\/infoelnuevonorte.com\/?s={search_term_string}"},"query-input":{"@type":"PropertyValueSpecification","valueRequired":true,"valueName":"search_term_string"}}],"inLanguage":"es-DO"},{"@type":"Organization","@id":"https:\/\/infoelnuevonorte.com\/#organization","name":"Info El Nuevo Norte","alternateName":"El Nuevo Norte","url":"https:\/\/infoelnuevonorte.com\/","logo":{"@type":"ImageObject","inLanguage":"es-DO","@id":"https:\/\/infoelnuevonorte.com\/#\/schema\/logo\/image\/","url":"https:\/\/infoelnuevonorte.com\/wp-content\/uploads\/2026\/02\/Logo-Info-enn-3d-20ani.jpeg","contentUrl":"https:\/\/infoelnuevonorte.com\/wp-content\/uploads\/2026\/02\/Logo-Info-enn-3d-20ani.jpeg","width":2046,"height":736,"caption":"Info El Nuevo Norte"},"image":{"@id":"https:\/\/infoelnuevonorte.com\/#\/schema\/logo\/image\/"},"sameAs":["https:\/\/www.facebook.com\/infoenn","https:\/\/x.com\/Elnuevo_norte","https:\/\/www.instagram.com\/infoenn","https:\/\/www.facebook.com\/ENNRD"]},{"@type":"Person","@id":"https:\/\/infoelnuevonorte.com\/#\/schema\/person\/3accb35eb55f55e96c492b52d085a403","name":"T. R.","image":{"@type":"ImageObject","inLanguage":"es-DO","@id":"https:\/\/infoelnuevonorte.com\/#\/schema\/person\/image\/","url":"https:\/\/secure.gravatar.com\/avatar\/40543a038bda97abdb765b1662e9677d?s=96&d=robohash&r=g","contentUrl":"https:\/\/secure.gravatar.com\/avatar\/40543a038bda97abdb765b1662e9677d?s=96&d=robohash&r=g","caption":"T. R."},"url":"https:\/\/infoelnuevonorte.com\/?author=2"}]}},"_links":{"self":[{"href":"https:\/\/infoelnuevonorte.com\/index.php?rest_route=\/wp\/v2\/posts\/28740"}],"collection":[{"href":"https:\/\/infoelnuevonorte.com\/index.php?rest_route=\/wp\/v2\/posts"}],"about":[{"href":"https:\/\/infoelnuevonorte.com\/index.php?rest_route=\/wp\/v2\/types\/post"}],"author":[{"embeddable":true,"href":"https:\/\/infoelnuevonorte.com\/index.php?rest_route=\/wp\/v2\/users\/2"}],"replies":[{"embeddable":true,"href":"https:\/\/infoelnuevonorte.com\/index.php?rest_route=%2Fwp%2Fv2%2Fcomments&post=28740"}],"version-history":[{"count":0,"href":"https:\/\/infoelnuevonorte.com\/index.php?rest_route=\/wp\/v2\/posts\/28740\/revisions"}],"wp:attachment":[{"href":"https:\/\/infoelnuevonorte.com\/index.php?rest_route=%2Fwp%2Fv2%2Fmedia&parent=28740"}],"wp:term":[{"taxonomy":"category","embeddable":true,"href":"https:\/\/infoelnuevonorte.com\/index.php?rest_route=%2Fwp%2Fv2%2Fcategories&post=28740"},{"taxonomy":"post_tag","embeddable":true,"href":"https:\/\/infoelnuevonorte.com\/index.php?rest_route=%2Fwp%2Fv2%2Ftags&post=28740"}],"curies":[{"name":"wp","href":"https:\/\/api.w.org\/{rel}","templated":true}]}}