{"id":31053,"date":"2024-06-26T20:10:21","date_gmt":"2024-06-27T00:10:21","guid":{"rendered":"https:\/\/infoelnuevonorte.com\/?p=31053"},"modified":"2024-06-26T20:10:24","modified_gmt":"2024-06-27T00:10:24","slug":"jeffrey-celebrara-su-25-aniversario-en-hard-rock-cafe","status":"publish","type":"post","link":"https:\/\/infoelnuevonorte.com\/?p=31053","title":{"rendered":"Jeffrey, celebrar\u00e1 su 25 Aniversario en Hard Rock Caf\u00e9"},"content":{"rendered":"\n<p><a href=\"https:\/\/deultimominuto.net\/category\/entretenimiento\/\"><\/a><\/p>\n\n\n<div class=\"td_block_wrap tdb_single_content tdi_360 td-pb-border-top td_block_template_1 td-post-content tagdiv-type\" data-td-block-uid=\"tdi_360\">\n<div class=\"tdb-block-inner td-fix-index\">\n<!--[if lt IE 9]><script>document.createElement('audio');<\/script><![endif]-->\n<audio class=\"wp-audio-shortcode\" id=\"audio-31053-1\" preload=\"none\" style=\"width: 100%;\" controls=\"controls\"><source type=\"audio\/mpeg\" src=\"https:\/\/infoelnuevonorte.com\/wp-content\/uploads\/2024\/06\/ttsmaker-file-2024-6-26-20-9-51.mp3?_=1\" \/><a href=\"https:\/\/infoelnuevonorte.com\/wp-content\/uploads\/2024\/06\/ttsmaker-file-2024-6-26-20-9-51.mp3\">https:\/\/infoelnuevonorte.com\/wp-content\/uploads\/2024\/06\/ttsmaker-file-2024-6-26-20-9-51.mp3<\/a><\/audio>\n<p style=\"text-align: justify\">El reconocido merenguero Jeffrey \u201cEl Canta Lindo\u201d se presentar\u00e1 el s\u00e1bado 6 de julio en la prestigiosa sala de espect\u00e1culos\u00a0<strong>Hard Rock Caf\u00e9 (Live)<\/strong>, ubicada en\u00a0<strong>Blue Mall<\/strong>,\u00a0<strong>Santo Domingo<\/strong>. En esta ocasi\u00f3n especial, el artista conmemorar\u00e1 sus 25 a\u00f1os de carrera independiente con un espect\u00e1culo titulado\u00a0<strong>\u201cMi Tierra\u201d<\/strong>, bajo la producci\u00f3n de su m\u00e1nager y destacado empresario\u00a0<strong>Evelio Herrera<\/strong>.<\/p>\n<p style=\"text-align: justify\">El int\u00e9rprete de \u00e9xitos como\u00a0<strong><a href=\"https:\/\/www.youtube.com\/watch?v=ak9NPMY_3PY\">\u00abMi Tierra\u00bb<\/a><\/strong>\u00a0y<strong>\u00a0<a href=\"https:\/\/www.youtube.com\/watch?v=KzPHHO54Iqk\">\u00abPalabritas\u00bb<\/a><\/strong> celebrar\u00e1 este hito en su trayectoria musical con un evento memorable. Este concierto ser\u00e1 el primero de una serie de presentaciones y giras que Jeffrey realizar\u00e1 durante el resto de este a\u00f1o y el pr\u00f3ximo.<\/p>\n<p style=\"text-align: justify\">El espect\u00e1culo contar\u00e1 con la participaci\u00f3n sorpresa de varios artistas que se unir\u00e1n a Jeffrey en el escenario.<\/p>\n<p style=\"text-align: justify\"><strong>Evelio Herrera<\/strong>\u00a0inform\u00f3 que el show comenzar\u00e1 a las 10:30 PM con la presentaci\u00f3n del Grupo @Fueggo, quienes vienen directamente desde\u00a0<strong>Puerto Rico<\/strong>\u00a0como parte de su gira promocional. A las 11:00 PM, Jeffrey tomar\u00e1 el escenario para ofrecer un espect\u00e1culo de dos horas sin pausas, recorriendo su historia musical acompa\u00f1ado de una orquesta reforzada, bailarines, efectos especiales pirot\u00e9cnicos, un nuevo dise\u00f1o de animaci\u00f3n gr\u00e1fica y otros elementos de producci\u00f3n que deleitar\u00e1n a los presentes.<\/p>\n<p style=\"text-align: justify\">Jeffrey expres\u00f3 su entusiasmo por regresar a los grandes escenarios de la Rep\u00fablica Dominicana y promete brindar una noche inolvidable llena de sorpresas y \u00e9xitos que har\u00e1n que el p\u00fablico no pueda dejar de moverse en sus asientos.<\/p>\n<p style=\"text-align: justify\">Las entradas est\u00e1n disponibles en\u00a0<a href=\"http:\/\/www.uepatickets.com\/\" target=\"_blank\" rel=\"noreferrer noopener\">www.uepatickets.com<\/a>.<\/p>\n<\/div>\n<\/div>\n<div class=\"td_block_wrap tdb_single_tags tdi_361 td-pb-border-top td_block_template_1\" style=\"text-align: justify\" data-td-block-uid=\"tdi_361\">\u00a0<\/div>","protected":false},"excerpt":{"rendered":"<p>El reconocido merenguero Jeffrey \u201cEl Canta Lindo\u201d se presentar\u00e1 el s\u00e1bado 6 de julio en la prestigiosa sala de espect\u00e1culos\u00a0Hard Rock Caf\u00e9 (Live), ubicada en\u00a0Blue Mall,\u00a0Santo Domingo. En esta ocasi\u00f3n especial, el artista conmemorar\u00e1 sus 25 a\u00f1os de carrera independiente con un espect\u00e1culo titulado\u00a0\u201cMi Tierra\u201d, bajo la producci\u00f3n de su m\u00e1nager y destacado empresario\u00a0Evelio Herrera. [&hellip;]<\/p>\n","protected":false},"author":2,"featured_media":0,"comment_status":"closed","ping_status":"open","sticky":false,"template":"","format":"standard","meta":{"footnotes":""},"categories":[11,12],"tags":[],"yoast_head":"<!-- This site is optimized with the Yoast SEO plugin v24.5 - https:\/\/yoast.com\/wordpress\/plugins\/seo\/ -->\n<title>Jeffrey, celebrar\u00e1 su 25 Aniversario en Hard Rock Caf\u00e9 | El Nuevo Norte<\/title>\n<meta name=\"robots\" content=\"index, follow, max-snippet:-1, max-image-preview:large, max-video-preview:-1\" \/>\n<link rel=\"canonical\" href=\"https:\/\/infoelnuevonorte.com\/?p=31053\" \/>\n<meta property=\"og:locale\" content=\"es_ES\" \/>\n<meta property=\"og:type\" content=\"article\" \/>\n<meta property=\"og:title\" content=\"Jeffrey, celebrar\u00e1 su 25 Aniversario en Hard Rock Caf\u00e9 | El Nuevo Norte\" \/>\n<meta property=\"og:description\" content=\"El reconocido merenguero Jeffrey \u201cEl Canta Lindo\u201d se presentar\u00e1 el s\u00e1bado 6 de julio en la prestigiosa sala de espect\u00e1culos\u00a0Hard Rock Caf\u00e9 (Live), ubicada en\u00a0Blue Mall,\u00a0Santo Domingo. En esta ocasi\u00f3n especial, el artista conmemorar\u00e1 sus 25 a\u00f1os de carrera independiente con un espect\u00e1culo titulado\u00a0\u201cMi Tierra\u201d, bajo la producci\u00f3n de su m\u00e1nager y destacado empresario\u00a0Evelio Herrera. [&hellip;]\" \/>\n<meta property=\"og:url\" content=\"https:\/\/infoelnuevonorte.com\/?p=31053\" \/>\n<meta property=\"og:site_name\" content=\"El Nuevo Norte\" \/>\n<meta property=\"article:publisher\" content=\"https:\/\/www.facebook.com\/infoenn\" \/>\n<meta property=\"article:published_time\" content=\"2024-06-27T00:10:21+00:00\" \/>\n<meta property=\"article:modified_time\" content=\"2024-06-27T00:10:24+00:00\" \/>\n<meta property=\"og:image\" content=\"https:\/\/infoelnuevonorte.com\/wp-content\/uploads\/2024\/06\/descarga-2024-06-26T200722.593.png\" \/>\n\t<meta property=\"og:image:width\" content=\"824\" \/>\n\t<meta property=\"og:image:height\" content=\"866\" \/>\n\t<meta property=\"og:image:type\" content=\"image\/png\" \/>\n<meta name=\"author\" content=\"T. R.\" \/>\n<meta name=\"twitter:card\" content=\"summary_large_image\" \/>\n<meta name=\"twitter:creator\" content=\"@Elnuevo_norte\" \/>\n<meta name=\"twitter:site\" content=\"@Elnuevo_norte\" \/>\n<meta name=\"twitter:label1\" content=\"Written by\" \/>\n\t<meta name=\"twitter:data1\" content=\"T. R.\" \/>\n\t<meta name=\"twitter:label2\" content=\"Est. reading time\" \/>\n\t<meta name=\"twitter:data2\" content=\"2 minutos\" \/>\n<script type=\"application\/ld+json\" class=\"yoast-schema-graph\">{\"@context\":\"https:\/\/schema.org\",\"@graph\":[{\"@type\":\"Article\",\"@id\":\"https:\/\/infoelnuevonorte.com\/?p=31053#article\",\"isPartOf\":{\"@id\":\"https:\/\/infoelnuevonorte.com\/?p=31053\"},\"author\":{\"name\":\"T. R.\",\"@id\":\"https:\/\/infoelnuevonorte.com\/#\/schema\/person\/3accb35eb55f55e96c492b52d085a403\"},\"headline\":\"Jeffrey, celebrar\u00e1 su 25 Aniversario en Hard Rock Caf\u00e9\",\"datePublished\":\"2024-06-27T00:10:21+00:00\",\"dateModified\":\"2024-06-27T00:10:24+00:00\",\"mainEntityOfPage\":{\"@id\":\"https:\/\/infoelnuevonorte.com\/?p=31053\"},\"wordCount\":288,\"publisher\":{\"@id\":\"https:\/\/infoelnuevonorte.com\/#organization\"},\"articleSection\":[\"Entretenimiento\",\"Musica &amp; Far\u00e1ndula\"],\"inLanguage\":\"es-DO\"},{\"@type\":\"WebPage\",\"@id\":\"https:\/\/infoelnuevonorte.com\/?p=31053\",\"url\":\"https:\/\/infoelnuevonorte.com\/?p=31053\",\"name\":\"Jeffrey, celebrar\u00e1 su 25 Aniversario en Hard Rock Caf\u00e9 | El Nuevo Norte\",\"isPartOf\":{\"@id\":\"https:\/\/infoelnuevonorte.com\/#website\"},\"datePublished\":\"2024-06-27T00:10:21+00:00\",\"dateModified\":\"2024-06-27T00:10:24+00:00\",\"breadcrumb\":{\"@id\":\"https:\/\/infoelnuevonorte.com\/?p=31053#breadcrumb\"},\"inLanguage\":\"es-DO\",\"potentialAction\":[{\"@type\":\"ReadAction\",\"target\":[\"https:\/\/infoelnuevonorte.com\/?p=31053\"]}]},{\"@type\":\"BreadcrumbList\",\"@id\":\"https:\/\/infoelnuevonorte.com\/?p=31053#breadcrumb\",\"itemListElement\":[{\"@type\":\"ListItem\",\"position\":1,\"name\":\"Home\",\"item\":\"https:\/\/infoelnuevonorte.com\/\"},{\"@type\":\"ListItem\",\"position\":2,\"name\":\"Jeffrey, celebrar\u00e1 su 25 Aniversario en Hard Rock Caf\u00e9\"}]},{\"@type\":\"WebSite\",\"@id\":\"https:\/\/infoelnuevonorte.com\/#website\",\"url\":\"https:\/\/infoelnuevonorte.com\/\",\"name\":\"InfoEnn\",\"description\":\"Tu Voz, tu Verdad, tu Diario!!!\",\"publisher\":{\"@id\":\"https:\/\/infoelnuevonorte.com\/#organization\"},\"alternateName\":\"El Nuevo Norte\",\"potentialAction\":[{\"@type\":\"SearchAction\",\"target\":{\"@type\":\"EntryPoint\",\"urlTemplate\":\"https:\/\/infoelnuevonorte.com\/?s={search_term_string}\"},\"query-input\":{\"@type\":\"PropertyValueSpecification\",\"valueRequired\":true,\"valueName\":\"search_term_string\"}}],\"inLanguage\":\"es-DO\"},{\"@type\":\"Organization\",\"@id\":\"https:\/\/infoelnuevonorte.com\/#organization\",\"name\":\"Info El Nuevo Norte\",\"alternateName\":\"El Nuevo Norte\",\"url\":\"https:\/\/infoelnuevonorte.com\/\",\"logo\":{\"@type\":\"ImageObject\",\"inLanguage\":\"es-DO\",\"@id\":\"https:\/\/infoelnuevonorte.com\/#\/schema\/logo\/image\/\",\"url\":\"https:\/\/infoelnuevonorte.com\/wp-content\/uploads\/2026\/02\/Logo-Info-enn-3d-20ani.jpeg\",\"contentUrl\":\"https:\/\/infoelnuevonorte.com\/wp-content\/uploads\/2026\/02\/Logo-Info-enn-3d-20ani.jpeg\",\"width\":2046,\"height\":736,\"caption\":\"Info El Nuevo Norte\"},\"image\":{\"@id\":\"https:\/\/infoelnuevonorte.com\/#\/schema\/logo\/image\/\"},\"sameAs\":[\"https:\/\/www.facebook.com\/infoenn\",\"https:\/\/x.com\/Elnuevo_norte\",\"https:\/\/www.instagram.com\/infoenn\",\"https:\/\/www.facebook.com\/ENNRD\"]},{\"@type\":\"Person\",\"@id\":\"https:\/\/infoelnuevonorte.com\/#\/schema\/person\/3accb35eb55f55e96c492b52d085a403\",\"name\":\"T. R.\",\"image\":{\"@type\":\"ImageObject\",\"inLanguage\":\"es-DO\",\"@id\":\"https:\/\/infoelnuevonorte.com\/#\/schema\/person\/image\/\",\"url\":\"https:\/\/secure.gravatar.com\/avatar\/40543a038bda97abdb765b1662e9677d?s=96&d=robohash&r=g\",\"contentUrl\":\"https:\/\/secure.gravatar.com\/avatar\/40543a038bda97abdb765b1662e9677d?s=96&d=robohash&r=g\",\"caption\":\"T. R.\"},\"url\":\"https:\/\/infoelnuevonorte.com\/?author=2\"}]}<\/script>\n<!-- \/ Yoast SEO plugin. -->","yoast_head_json":{"title":"Jeffrey, celebrar\u00e1 su 25 Aniversario en Hard Rock Caf\u00e9 | El Nuevo Norte","robots":{"index":"index","follow":"follow","max-snippet":"max-snippet:-1","max-image-preview":"max-image-preview:large","max-video-preview":"max-video-preview:-1"},"canonical":"https:\/\/infoelnuevonorte.com\/?p=31053","og_locale":"es_ES","og_type":"article","og_title":"Jeffrey, celebrar\u00e1 su 25 Aniversario en Hard Rock Caf\u00e9 | El Nuevo Norte","og_description":"El reconocido merenguero Jeffrey \u201cEl Canta Lindo\u201d se presentar\u00e1 el s\u00e1bado 6 de julio en la prestigiosa sala de espect\u00e1culos\u00a0Hard Rock Caf\u00e9 (Live), ubicada en\u00a0Blue Mall,\u00a0Santo Domingo. En esta ocasi\u00f3n especial, el artista conmemorar\u00e1 sus 25 a\u00f1os de carrera independiente con un espect\u00e1culo titulado\u00a0\u201cMi Tierra\u201d, bajo la producci\u00f3n de su m\u00e1nager y destacado empresario\u00a0Evelio Herrera. [&hellip;]","og_url":"https:\/\/infoelnuevonorte.com\/?p=31053","og_site_name":"El Nuevo Norte","article_publisher":"https:\/\/www.facebook.com\/infoenn","article_published_time":"2024-06-27T00:10:21+00:00","article_modified_time":"2024-06-27T00:10:24+00:00","og_image":[{"width":824,"height":866,"url":"https:\/\/infoelnuevonorte.com\/wp-content\/uploads\/2024\/06\/descarga-2024-06-26T200722.593.png","type":"image\/png"}],"author":"T. R.","twitter_card":"summary_large_image","twitter_creator":"@Elnuevo_norte","twitter_site":"@Elnuevo_norte","twitter_misc":{"Written by":"T. R.","Est. reading time":"2 minutos"},"schema":{"@context":"https:\/\/schema.org","@graph":[{"@type":"Article","@id":"https:\/\/infoelnuevonorte.com\/?p=31053#article","isPartOf":{"@id":"https:\/\/infoelnuevonorte.com\/?p=31053"},"author":{"name":"T. R.","@id":"https:\/\/infoelnuevonorte.com\/#\/schema\/person\/3accb35eb55f55e96c492b52d085a403"},"headline":"Jeffrey, celebrar\u00e1 su 25 Aniversario en Hard Rock Caf\u00e9","datePublished":"2024-06-27T00:10:21+00:00","dateModified":"2024-06-27T00:10:24+00:00","mainEntityOfPage":{"@id":"https:\/\/infoelnuevonorte.com\/?p=31053"},"wordCount":288,"publisher":{"@id":"https:\/\/infoelnuevonorte.com\/#organization"},"articleSection":["Entretenimiento","Musica &amp; Far\u00e1ndula"],"inLanguage":"es-DO"},{"@type":"WebPage","@id":"https:\/\/infoelnuevonorte.com\/?p=31053","url":"https:\/\/infoelnuevonorte.com\/?p=31053","name":"Jeffrey, celebrar\u00e1 su 25 Aniversario en Hard Rock Caf\u00e9 | El Nuevo Norte","isPartOf":{"@id":"https:\/\/infoelnuevonorte.com\/#website"},"datePublished":"2024-06-27T00:10:21+00:00","dateModified":"2024-06-27T00:10:24+00:00","breadcrumb":{"@id":"https:\/\/infoelnuevonorte.com\/?p=31053#breadcrumb"},"inLanguage":"es-DO","potentialAction":[{"@type":"ReadAction","target":["https:\/\/infoelnuevonorte.com\/?p=31053"]}]},{"@type":"BreadcrumbList","@id":"https:\/\/infoelnuevonorte.com\/?p=31053#breadcrumb","itemListElement":[{"@type":"ListItem","position":1,"name":"Home","item":"https:\/\/infoelnuevonorte.com\/"},{"@type":"ListItem","position":2,"name":"Jeffrey, celebrar\u00e1 su 25 Aniversario en Hard Rock Caf\u00e9"}]},{"@type":"WebSite","@id":"https:\/\/infoelnuevonorte.com\/#website","url":"https:\/\/infoelnuevonorte.com\/","name":"InfoEnn","description":"Tu Voz, tu Verdad, tu Diario!!!","publisher":{"@id":"https:\/\/infoelnuevonorte.com\/#organization"},"alternateName":"El Nuevo Norte","potentialAction":[{"@type":"SearchAction","target":{"@type":"EntryPoint","urlTemplate":"https:\/\/infoelnuevonorte.com\/?s={search_term_string}"},"query-input":{"@type":"PropertyValueSpecification","valueRequired":true,"valueName":"search_term_string"}}],"inLanguage":"es-DO"},{"@type":"Organization","@id":"https:\/\/infoelnuevonorte.com\/#organization","name":"Info El Nuevo Norte","alternateName":"El Nuevo Norte","url":"https:\/\/infoelnuevonorte.com\/","logo":{"@type":"ImageObject","inLanguage":"es-DO","@id":"https:\/\/infoelnuevonorte.com\/#\/schema\/logo\/image\/","url":"https:\/\/infoelnuevonorte.com\/wp-content\/uploads\/2026\/02\/Logo-Info-enn-3d-20ani.jpeg","contentUrl":"https:\/\/infoelnuevonorte.com\/wp-content\/uploads\/2026\/02\/Logo-Info-enn-3d-20ani.jpeg","width":2046,"height":736,"caption":"Info El Nuevo Norte"},"image":{"@id":"https:\/\/infoelnuevonorte.com\/#\/schema\/logo\/image\/"},"sameAs":["https:\/\/www.facebook.com\/infoenn","https:\/\/x.com\/Elnuevo_norte","https:\/\/www.instagram.com\/infoenn","https:\/\/www.facebook.com\/ENNRD"]},{"@type":"Person","@id":"https:\/\/infoelnuevonorte.com\/#\/schema\/person\/3accb35eb55f55e96c492b52d085a403","name":"T. R.","image":{"@type":"ImageObject","inLanguage":"es-DO","@id":"https:\/\/infoelnuevonorte.com\/#\/schema\/person\/image\/","url":"https:\/\/secure.gravatar.com\/avatar\/40543a038bda97abdb765b1662e9677d?s=96&d=robohash&r=g","contentUrl":"https:\/\/secure.gravatar.com\/avatar\/40543a038bda97abdb765b1662e9677d?s=96&d=robohash&r=g","caption":"T. R."},"url":"https:\/\/infoelnuevonorte.com\/?author=2"}]}},"_links":{"self":[{"href":"https:\/\/infoelnuevonorte.com\/index.php?rest_route=\/wp\/v2\/posts\/31053"}],"collection":[{"href":"https:\/\/infoelnuevonorte.com\/index.php?rest_route=\/wp\/v2\/posts"}],"about":[{"href":"https:\/\/infoelnuevonorte.com\/index.php?rest_route=\/wp\/v2\/types\/post"}],"author":[{"embeddable":true,"href":"https:\/\/infoelnuevonorte.com\/index.php?rest_route=\/wp\/v2\/users\/2"}],"replies":[{"embeddable":true,"href":"https:\/\/infoelnuevonorte.com\/index.php?rest_route=%2Fwp%2Fv2%2Fcomments&post=31053"}],"version-history":[{"count":0,"href":"https:\/\/infoelnuevonorte.com\/index.php?rest_route=\/wp\/v2\/posts\/31053\/revisions"}],"wp:attachment":[{"href":"https:\/\/infoelnuevonorte.com\/index.php?rest_route=%2Fwp%2Fv2%2Fmedia&parent=31053"}],"wp:term":[{"taxonomy":"category","embeddable":true,"href":"https:\/\/infoelnuevonorte.com\/index.php?rest_route=%2Fwp%2Fv2%2Fcategories&post=31053"},{"taxonomy":"post_tag","embeddable":true,"href":"https:\/\/infoelnuevonorte.com\/index.php?rest_route=%2Fwp%2Fv2%2Ftags&post=31053"}],"curies":[{"name":"wp","href":"https:\/\/api.w.org\/{rel}","templated":true}]}}