{"id":31221,"date":"2024-06-27T12:30:00","date_gmt":"2024-06-27T16:30:00","guid":{"rendered":"https:\/\/infoelnuevonorte.com\/?p=31221"},"modified":"2024-06-27T12:30:03","modified_gmt":"2024-06-27T16:30:03","slug":"el-artista-juan-luis-guerra-actuara-este-viernes-en-amsterdam","status":"publish","type":"post","link":"https:\/\/infoelnuevonorte.com\/?p=31221","title":{"rendered":"El artista Juan Luis Guerra actuar\u00e1 este viernes en \u00c1msterdam"},"content":{"rendered":"\n<p><a href=\"https:\/\/deultimominuto.net\/category\/entretenimiento\/\"><\/a><\/p>\n\n\n<div class=\"td_block_wrap tdb_single_content tdi_360 td-pb-border-top td_block_template_1 td-post-content tagdiv-type\" data-td-block-uid=\"tdi_360\">\n<div class=\"tdb-block-inner td-fix-index\">\n<!--[if lt IE 9]><script>document.createElement('audio');<\/script><![endif]-->\n<audio class=\"wp-audio-shortcode\" id=\"audio-31221-1\" preload=\"none\" style=\"width: 100%;\" controls=\"controls\"><source type=\"audio\/mpeg\" src=\"https:\/\/infoelnuevonorte.com\/wp-content\/uploads\/2024\/06\/ttsmaker-file-2024-6-27-12-29-19.mp3?_=1\" \/><a href=\"https:\/\/infoelnuevonorte.com\/wp-content\/uploads\/2024\/06\/ttsmaker-file-2024-6-27-12-29-19.mp3\">https:\/\/infoelnuevonorte.com\/wp-content\/uploads\/2024\/06\/ttsmaker-file-2024-6-27-12-29-19.mp3<\/a><\/audio>\n<p style=\"text-align: justify\"><strong>Santo Domingo.-\u00a0<\/strong>El laureado artista Juan Luis Guerra-4-40\u00a0contin\u00faa\u00a0imparable con su gira internacional \u00abEntre Mar y Palmeras\u00bb. Este fin de semana comienza un periplo que lo llevar\u00e1 desde este viernes 28 de junio a varios escenarios de\u00a0Europa.<\/p>\n<p style=\"text-align: justify\">La primera presentaci\u00f3n tendr\u00e1 lugar este viernes en el N1 Park de \u00c1msterdam y posteriormente, el domingo 30, actuar\u00e1 en el Hallenstadion de Z\u00farich. Juan Luis Guerra-4-40 tambi\u00e9n tiene previsto actuar el 3 de julio en Lisboa, convocando a sus fans a los Jardins Do Marqu\u00eas.<\/p>\n<p style=\"text-align: justify\">Al concluir esta funci\u00f3n de \u00abEntre Mar y Palmeras\u00bb, se trasladar\u00e1 al Acquatica de Milano, Italia para actuar el 5 de julio. Luego pisar\u00e1 suelo espa\u00f1ol para agotar su primera actuaci\u00f3n en el M\u00e1laga Forum de M\u00e1laga el 7 de julio. El 9 de julio aterriza en el famoso Wizink Center de Madrid, para un concierto con todas las entradas vendidas.<\/p>\n<p style=\"text-align: justify\">Valencia y La Coru\u00f1a ser\u00e1n las \u00faltimas ciudades que visitar\u00e1 en Espa\u00f1a. El Estadio Ciutat de Valencia lo recibir\u00e1 el 11 y el Coliseum de A Coru\u00f1a el 13 de julio. El aclamado compositor, m\u00fasico e int\u00e9rprete concluir\u00e1 su gira con un concierto a casa llena.<\/p>\n<p style=\"text-align: justify\">\u00abEntre Mar y Palmeras\u00bb est\u00e1 inspirada en su \u00e1lbum hom\u00f3nimo, cuya grabaci\u00f3n es el resultado de un documental filmado en la playa Esperalda de Miches y difundido por la cadena HBO Max. Esta gira ha sido una de las m\u00e1s exitosas del autor de \u00abOjal\u00e1 que llueva caf\u00e9\u00bb, entre otras canciones.<\/p>\n<p style=\"text-align: justify\">Adem\u00e1s del talento inigualable del admirado cantautor, m\u00fasico y productor, y su incre\u00edble banda de m\u00fasicos, los conciertos incluyen los elementos m\u00e1s avanzados de producci\u00f3n, luces y sonido dise\u00f1ados para complacer a su p\u00fablico, el mismo que lo ha acompa\u00f1ado a lo largo de su exitosa carrera.<\/p>\n<p style=\"text-align: justify\">\u00abEntre Mar y Palmeras\u00bb ha cosechado \u00e9xitos tanto en el pa\u00eds como en el extranjero. Su presentaci\u00f3n en el Estadio Ol\u00edmpico F\u00e9lix S\u00e1nchez de Santo Domingo el 10 de febrero de este a\u00f1o fue aclamada por aproximadamente 50 mil personas.<\/p>\n<p style=\"text-align: justify\">El \u00e1lbum \u00abEntre Mar y Palmeras\u00bb cuenta con 16 \u00e9xitos de la admirada trayectoria art\u00edstica de Juan Luis Guerra, grabados con el impecable sonido en vivo de su banda 440, incluyendo \u00abRosal\u00eda\u00bb, \u00abEl Farolito\u00bb, \u00abVisa Para un Sue\u00f1o\u00bb, \u00abLa Bilirrubina\u00bb, \u00abEl Ni\u00e1gara en Bicicleta\u00bb, \u00abLas Avispas\u00bb, \u00abA Pedir Su Mano\u00bb, \u00abKitipun\u00bb y \u00abPambiche de Novia\u00bb. El merengue y la bachata reinan en este gran trabajo musical, producido magistralmente por Guerra y Janina Rosado.<\/p>\n<\/div>\n<\/div>\n<div class=\"td_block_wrap tdb_single_tags tdi_361 td-pb-border-top td_block_template_1\" style=\"text-align: justify\" data-td-block-uid=\"tdi_361\">\u00a0<\/div>","protected":false},"excerpt":{"rendered":"<p>Santo Domingo.-\u00a0El laureado artista Juan Luis Guerra-4-40\u00a0contin\u00faa\u00a0imparable con su gira internacional \u00abEntre Mar y Palmeras\u00bb. Este fin de semana comienza un periplo que lo llevar\u00e1 desde este viernes 28 de junio a varios escenarios de\u00a0Europa. La primera presentaci\u00f3n tendr\u00e1 lugar este viernes en el N1 Park de \u00c1msterdam y posteriormente, el domingo 30, actuar\u00e1 en [&hellip;]<\/p>\n","protected":false},"author":2,"featured_media":0,"comment_status":"closed","ping_status":"open","sticky":false,"template":"","format":"standard","meta":{"footnotes":""},"categories":[11,12],"tags":[],"yoast_head":"<!-- This site is optimized with the Yoast SEO plugin v24.5 - https:\/\/yoast.com\/wordpress\/plugins\/seo\/ -->\n<title>El artista Juan Luis Guerra actuar\u00e1 este viernes en \u00c1msterdam | El Nuevo Norte<\/title>\n<meta name=\"robots\" content=\"index, follow, max-snippet:-1, max-image-preview:large, max-video-preview:-1\" \/>\n<link rel=\"canonical\" href=\"https:\/\/infoelnuevonorte.com\/?p=31221\" \/>\n<meta property=\"og:locale\" content=\"es_ES\" \/>\n<meta property=\"og:type\" content=\"article\" \/>\n<meta property=\"og:title\" content=\"El artista Juan Luis Guerra actuar\u00e1 este viernes en \u00c1msterdam | El Nuevo Norte\" \/>\n<meta property=\"og:description\" content=\"Santo Domingo.-\u00a0El laureado artista Juan Luis Guerra-4-40\u00a0contin\u00faa\u00a0imparable con su gira internacional \u00abEntre Mar y Palmeras\u00bb. Este fin de semana comienza un periplo que lo llevar\u00e1 desde este viernes 28 de junio a varios escenarios de\u00a0Europa. La primera presentaci\u00f3n tendr\u00e1 lugar este viernes en el N1 Park de \u00c1msterdam y posteriormente, el domingo 30, actuar\u00e1 en [&hellip;]\" \/>\n<meta property=\"og:url\" content=\"https:\/\/infoelnuevonorte.com\/?p=31221\" \/>\n<meta property=\"og:site_name\" content=\"El Nuevo Norte\" \/>\n<meta property=\"article:publisher\" content=\"https:\/\/www.facebook.com\/infoenn\" \/>\n<meta property=\"article:published_time\" content=\"2024-06-27T16:30:00+00:00\" \/>\n<meta property=\"article:modified_time\" content=\"2024-06-27T16:30:03+00:00\" \/>\n<meta property=\"og:image\" content=\"https:\/\/infoelnuevonorte.com\/wp-content\/uploads\/2024\/06\/descarga-2024-06-27T122716.482.png\" \/>\n\t<meta property=\"og:image:width\" content=\"877\" \/>\n\t<meta property=\"og:image:height\" content=\"643\" \/>\n\t<meta property=\"og:image:type\" content=\"image\/png\" \/>\n<meta name=\"author\" content=\"T. R.\" \/>\n<meta name=\"twitter:card\" content=\"summary_large_image\" \/>\n<meta name=\"twitter:creator\" content=\"@Elnuevo_norte\" \/>\n<meta name=\"twitter:site\" content=\"@Elnuevo_norte\" \/>\n<meta name=\"twitter:label1\" content=\"Written by\" \/>\n\t<meta name=\"twitter:data1\" content=\"T. R.\" \/>\n\t<meta name=\"twitter:label2\" content=\"Est. reading time\" \/>\n\t<meta name=\"twitter:data2\" content=\"3 minutos\" \/>\n<script type=\"application\/ld+json\" class=\"yoast-schema-graph\">{\"@context\":\"https:\/\/schema.org\",\"@graph\":[{\"@type\":\"Article\",\"@id\":\"https:\/\/infoelnuevonorte.com\/?p=31221#article\",\"isPartOf\":{\"@id\":\"https:\/\/infoelnuevonorte.com\/?p=31221\"},\"author\":{\"name\":\"T. R.\",\"@id\":\"https:\/\/infoelnuevonorte.com\/#\/schema\/person\/3accb35eb55f55e96c492b52d085a403\"},\"headline\":\"El artista Juan Luis Guerra actuar\u00e1 este viernes en \u00c1msterdam\",\"datePublished\":\"2024-06-27T16:30:00+00:00\",\"dateModified\":\"2024-06-27T16:30:03+00:00\",\"mainEntityOfPage\":{\"@id\":\"https:\/\/infoelnuevonorte.com\/?p=31221\"},\"wordCount\":457,\"publisher\":{\"@id\":\"https:\/\/infoelnuevonorte.com\/#organization\"},\"articleSection\":[\"Entretenimiento\",\"Musica &amp; Far\u00e1ndula\"],\"inLanguage\":\"es-DO\"},{\"@type\":\"WebPage\",\"@id\":\"https:\/\/infoelnuevonorte.com\/?p=31221\",\"url\":\"https:\/\/infoelnuevonorte.com\/?p=31221\",\"name\":\"El artista Juan Luis Guerra actuar\u00e1 este viernes en \u00c1msterdam | El Nuevo Norte\",\"isPartOf\":{\"@id\":\"https:\/\/infoelnuevonorte.com\/#website\"},\"datePublished\":\"2024-06-27T16:30:00+00:00\",\"dateModified\":\"2024-06-27T16:30:03+00:00\",\"breadcrumb\":{\"@id\":\"https:\/\/infoelnuevonorte.com\/?p=31221#breadcrumb\"},\"inLanguage\":\"es-DO\",\"potentialAction\":[{\"@type\":\"ReadAction\",\"target\":[\"https:\/\/infoelnuevonorte.com\/?p=31221\"]}]},{\"@type\":\"BreadcrumbList\",\"@id\":\"https:\/\/infoelnuevonorte.com\/?p=31221#breadcrumb\",\"itemListElement\":[{\"@type\":\"ListItem\",\"position\":1,\"name\":\"Home\",\"item\":\"https:\/\/infoelnuevonorte.com\/\"},{\"@type\":\"ListItem\",\"position\":2,\"name\":\"El artista Juan Luis Guerra actuar\u00e1 este viernes en \u00c1msterdam\"}]},{\"@type\":\"WebSite\",\"@id\":\"https:\/\/infoelnuevonorte.com\/#website\",\"url\":\"https:\/\/infoelnuevonorte.com\/\",\"name\":\"InfoEnn\",\"description\":\"Tu Voz, tu Verdad, tu Diario!!!\",\"publisher\":{\"@id\":\"https:\/\/infoelnuevonorte.com\/#organization\"},\"alternateName\":\"El Nuevo Norte\",\"potentialAction\":[{\"@type\":\"SearchAction\",\"target\":{\"@type\":\"EntryPoint\",\"urlTemplate\":\"https:\/\/infoelnuevonorte.com\/?s={search_term_string}\"},\"query-input\":{\"@type\":\"PropertyValueSpecification\",\"valueRequired\":true,\"valueName\":\"search_term_string\"}}],\"inLanguage\":\"es-DO\"},{\"@type\":\"Organization\",\"@id\":\"https:\/\/infoelnuevonorte.com\/#organization\",\"name\":\"Info El Nuevo Norte\",\"alternateName\":\"El Nuevo Norte\",\"url\":\"https:\/\/infoelnuevonorte.com\/\",\"logo\":{\"@type\":\"ImageObject\",\"inLanguage\":\"es-DO\",\"@id\":\"https:\/\/infoelnuevonorte.com\/#\/schema\/logo\/image\/\",\"url\":\"https:\/\/infoelnuevonorte.com\/wp-content\/uploads\/2026\/02\/Logo-Info-enn-3d-20ani.jpeg\",\"contentUrl\":\"https:\/\/infoelnuevonorte.com\/wp-content\/uploads\/2026\/02\/Logo-Info-enn-3d-20ani.jpeg\",\"width\":2046,\"height\":736,\"caption\":\"Info El Nuevo Norte\"},\"image\":{\"@id\":\"https:\/\/infoelnuevonorte.com\/#\/schema\/logo\/image\/\"},\"sameAs\":[\"https:\/\/www.facebook.com\/infoenn\",\"https:\/\/x.com\/Elnuevo_norte\",\"https:\/\/www.instagram.com\/infoenn\",\"https:\/\/www.facebook.com\/ENNRD\"]},{\"@type\":\"Person\",\"@id\":\"https:\/\/infoelnuevonorte.com\/#\/schema\/person\/3accb35eb55f55e96c492b52d085a403\",\"name\":\"T. R.\",\"image\":{\"@type\":\"ImageObject\",\"inLanguage\":\"es-DO\",\"@id\":\"https:\/\/infoelnuevonorte.com\/#\/schema\/person\/image\/\",\"url\":\"https:\/\/secure.gravatar.com\/avatar\/40543a038bda97abdb765b1662e9677d?s=96&d=robohash&r=g\",\"contentUrl\":\"https:\/\/secure.gravatar.com\/avatar\/40543a038bda97abdb765b1662e9677d?s=96&d=robohash&r=g\",\"caption\":\"T. R.\"},\"url\":\"https:\/\/infoelnuevonorte.com\/?author=2\"}]}<\/script>\n<!-- \/ Yoast SEO plugin. -->","yoast_head_json":{"title":"El artista Juan Luis Guerra actuar\u00e1 este viernes en \u00c1msterdam | El Nuevo Norte","robots":{"index":"index","follow":"follow","max-snippet":"max-snippet:-1","max-image-preview":"max-image-preview:large","max-video-preview":"max-video-preview:-1"},"canonical":"https:\/\/infoelnuevonorte.com\/?p=31221","og_locale":"es_ES","og_type":"article","og_title":"El artista Juan Luis Guerra actuar\u00e1 este viernes en \u00c1msterdam | El Nuevo Norte","og_description":"Santo Domingo.-\u00a0El laureado artista Juan Luis Guerra-4-40\u00a0contin\u00faa\u00a0imparable con su gira internacional \u00abEntre Mar y Palmeras\u00bb. Este fin de semana comienza un periplo que lo llevar\u00e1 desde este viernes 28 de junio a varios escenarios de\u00a0Europa. La primera presentaci\u00f3n tendr\u00e1 lugar este viernes en el N1 Park de \u00c1msterdam y posteriormente, el domingo 30, actuar\u00e1 en [&hellip;]","og_url":"https:\/\/infoelnuevonorte.com\/?p=31221","og_site_name":"El Nuevo Norte","article_publisher":"https:\/\/www.facebook.com\/infoenn","article_published_time":"2024-06-27T16:30:00+00:00","article_modified_time":"2024-06-27T16:30:03+00:00","og_image":[{"width":877,"height":643,"url":"https:\/\/infoelnuevonorte.com\/wp-content\/uploads\/2024\/06\/descarga-2024-06-27T122716.482.png","type":"image\/png"}],"author":"T. R.","twitter_card":"summary_large_image","twitter_creator":"@Elnuevo_norte","twitter_site":"@Elnuevo_norte","twitter_misc":{"Written by":"T. R.","Est. reading time":"3 minutos"},"schema":{"@context":"https:\/\/schema.org","@graph":[{"@type":"Article","@id":"https:\/\/infoelnuevonorte.com\/?p=31221#article","isPartOf":{"@id":"https:\/\/infoelnuevonorte.com\/?p=31221"},"author":{"name":"T. R.","@id":"https:\/\/infoelnuevonorte.com\/#\/schema\/person\/3accb35eb55f55e96c492b52d085a403"},"headline":"El artista Juan Luis Guerra actuar\u00e1 este viernes en \u00c1msterdam","datePublished":"2024-06-27T16:30:00+00:00","dateModified":"2024-06-27T16:30:03+00:00","mainEntityOfPage":{"@id":"https:\/\/infoelnuevonorte.com\/?p=31221"},"wordCount":457,"publisher":{"@id":"https:\/\/infoelnuevonorte.com\/#organization"},"articleSection":["Entretenimiento","Musica &amp; Far\u00e1ndula"],"inLanguage":"es-DO"},{"@type":"WebPage","@id":"https:\/\/infoelnuevonorte.com\/?p=31221","url":"https:\/\/infoelnuevonorte.com\/?p=31221","name":"El artista Juan Luis Guerra actuar\u00e1 este viernes en \u00c1msterdam | El Nuevo Norte","isPartOf":{"@id":"https:\/\/infoelnuevonorte.com\/#website"},"datePublished":"2024-06-27T16:30:00+00:00","dateModified":"2024-06-27T16:30:03+00:00","breadcrumb":{"@id":"https:\/\/infoelnuevonorte.com\/?p=31221#breadcrumb"},"inLanguage":"es-DO","potentialAction":[{"@type":"ReadAction","target":["https:\/\/infoelnuevonorte.com\/?p=31221"]}]},{"@type":"BreadcrumbList","@id":"https:\/\/infoelnuevonorte.com\/?p=31221#breadcrumb","itemListElement":[{"@type":"ListItem","position":1,"name":"Home","item":"https:\/\/infoelnuevonorte.com\/"},{"@type":"ListItem","position":2,"name":"El artista Juan Luis Guerra actuar\u00e1 este viernes en \u00c1msterdam"}]},{"@type":"WebSite","@id":"https:\/\/infoelnuevonorte.com\/#website","url":"https:\/\/infoelnuevonorte.com\/","name":"InfoEnn","description":"Tu Voz, tu Verdad, tu Diario!!!","publisher":{"@id":"https:\/\/infoelnuevonorte.com\/#organization"},"alternateName":"El Nuevo Norte","potentialAction":[{"@type":"SearchAction","target":{"@type":"EntryPoint","urlTemplate":"https:\/\/infoelnuevonorte.com\/?s={search_term_string}"},"query-input":{"@type":"PropertyValueSpecification","valueRequired":true,"valueName":"search_term_string"}}],"inLanguage":"es-DO"},{"@type":"Organization","@id":"https:\/\/infoelnuevonorte.com\/#organization","name":"Info El Nuevo Norte","alternateName":"El Nuevo Norte","url":"https:\/\/infoelnuevonorte.com\/","logo":{"@type":"ImageObject","inLanguage":"es-DO","@id":"https:\/\/infoelnuevonorte.com\/#\/schema\/logo\/image\/","url":"https:\/\/infoelnuevonorte.com\/wp-content\/uploads\/2026\/02\/Logo-Info-enn-3d-20ani.jpeg","contentUrl":"https:\/\/infoelnuevonorte.com\/wp-content\/uploads\/2026\/02\/Logo-Info-enn-3d-20ani.jpeg","width":2046,"height":736,"caption":"Info El Nuevo Norte"},"image":{"@id":"https:\/\/infoelnuevonorte.com\/#\/schema\/logo\/image\/"},"sameAs":["https:\/\/www.facebook.com\/infoenn","https:\/\/x.com\/Elnuevo_norte","https:\/\/www.instagram.com\/infoenn","https:\/\/www.facebook.com\/ENNRD"]},{"@type":"Person","@id":"https:\/\/infoelnuevonorte.com\/#\/schema\/person\/3accb35eb55f55e96c492b52d085a403","name":"T. R.","image":{"@type":"ImageObject","inLanguage":"es-DO","@id":"https:\/\/infoelnuevonorte.com\/#\/schema\/person\/image\/","url":"https:\/\/secure.gravatar.com\/avatar\/40543a038bda97abdb765b1662e9677d?s=96&d=robohash&r=g","contentUrl":"https:\/\/secure.gravatar.com\/avatar\/40543a038bda97abdb765b1662e9677d?s=96&d=robohash&r=g","caption":"T. R."},"url":"https:\/\/infoelnuevonorte.com\/?author=2"}]}},"_links":{"self":[{"href":"https:\/\/infoelnuevonorte.com\/index.php?rest_route=\/wp\/v2\/posts\/31221"}],"collection":[{"href":"https:\/\/infoelnuevonorte.com\/index.php?rest_route=\/wp\/v2\/posts"}],"about":[{"href":"https:\/\/infoelnuevonorte.com\/index.php?rest_route=\/wp\/v2\/types\/post"}],"author":[{"embeddable":true,"href":"https:\/\/infoelnuevonorte.com\/index.php?rest_route=\/wp\/v2\/users\/2"}],"replies":[{"embeddable":true,"href":"https:\/\/infoelnuevonorte.com\/index.php?rest_route=%2Fwp%2Fv2%2Fcomments&post=31221"}],"version-history":[{"count":0,"href":"https:\/\/infoelnuevonorte.com\/index.php?rest_route=\/wp\/v2\/posts\/31221\/revisions"}],"wp:attachment":[{"href":"https:\/\/infoelnuevonorte.com\/index.php?rest_route=%2Fwp%2Fv2%2Fmedia&parent=31221"}],"wp:term":[{"taxonomy":"category","embeddable":true,"href":"https:\/\/infoelnuevonorte.com\/index.php?rest_route=%2Fwp%2Fv2%2Fcategories&post=31221"},{"taxonomy":"post_tag","embeddable":true,"href":"https:\/\/infoelnuevonorte.com\/index.php?rest_route=%2Fwp%2Fv2%2Ftags&post=31221"}],"curies":[{"name":"wp","href":"https:\/\/api.w.org\/{rel}","templated":true}]}}