{"id":31258,"date":"2024-06-27T14:39:48","date_gmt":"2024-06-27T18:39:48","guid":{"rendered":"https:\/\/infoelnuevonorte.com\/?p=31258"},"modified":"2024-06-27T14:39:50","modified_gmt":"2024-06-27T18:39:50","slug":"pedro-capo-anuncia-concierto-en-hard-rock-cafe","status":"publish","type":"post","link":"https:\/\/infoelnuevonorte.com\/?p=31258","title":{"rendered":"Pedro Cap\u00f3 anuncia concierto en Hard Rock Caf\u00e9"},"content":{"rendered":"\n<p><a href=\"https:\/\/deultimominuto.net\/category\/entretenimiento\/\"><\/a><\/p>\n\n\n<div class=\"td_block_wrap tdb_single_content tdi_360 td-pb-border-top td_block_template_1 td-post-content tagdiv-type\" data-td-block-uid=\"tdi_360\">\n<div class=\"tdb-block-inner td-fix-index\">\n<!--[if lt IE 9]><script>document.createElement('audio');<\/script><![endif]-->\n<audio class=\"wp-audio-shortcode\" id=\"audio-31258-1\" preload=\"none\" style=\"width: 100%;\" controls=\"controls\"><source type=\"audio\/mpeg\" src=\"https:\/\/infoelnuevonorte.com\/wp-content\/uploads\/2024\/06\/ttsmaker-file-2024-6-27-14-39-7.mp3?_=1\" \/><a href=\"https:\/\/infoelnuevonorte.com\/wp-content\/uploads\/2024\/06\/ttsmaker-file-2024-6-27-14-39-7.mp3\">https:\/\/infoelnuevonorte.com\/wp-content\/uploads\/2024\/06\/ttsmaker-file-2024-6-27-14-39-7.mp3<\/a><\/audio>\n<p style=\"text-align: justify\"><strong>SANTO DOMINGO<\/strong>. \u2013 El cantante y compositor puertorrique\u00f1o Pedro Cap\u00f3, conocido por su estilo \u00fanico y sus \u00e9xitos internacionales, se presentar\u00e1 por primera vez ante su p\u00fablico dominicano el pr\u00f3ximo 21 de septiembre de 2024 a las 8:00 de la noche en el escenario de Hard Rock Caf\u00e9 Santo Domingo.<\/p>\n<p style=\"text-align: justify\">Bajo la producci\u00f3n de We Entertaiment, la esperada actuaci\u00f3n promete ser una noche inolvidable para los fan\u00e1ticos de la m\u00fasica latina, quienes disfrutaran de un repertorio que incluir\u00e1 tanto sus grandes \u00e9xitos como nuevas canciones de su reciente \u00e1lbum \u201cLa Neta\u201d (2022), merecedor de grandes reconocimientos a nivel mundial y que consolid\u00f3 a\u00fan m\u00e1s la posici\u00f3n de Cap\u00f3 como uno de los artistas m\u00e1s influyentes de la m\u00fasica latina contempor\u00e1nea. Adem\u00e1s, tiene millones de reproducciones, entre ellos, mil millones con el sencillo \u201cCalma\u201d.<\/p>\n<p style=\"text-align: justify\">El int\u00e9rprete de \u201cLa fiesta\u201d ha sido ganador de m\u00faltiples premios, incluyendo 3 Grammy Latino; ha conquistado corazones en todo el mundo con sus letras profundas y su voz emotiva, Adem\u00e1s, ha demostrado con \u00e9xitos como \u201cTu tu\u201d, en colaboraci\u00f3n con Camilo; \u201cNi tan novios ni tan amigos\u201d, \u00abVamos a huir\u00bb y \u00abLa S\u00e1bana y los Pies\u00bb que es un artista vers\u00e1til, capaz de fusionar diversos g\u00e9neros musicales, desde el pop hasta el reggae.<\/p>\n<p style=\"text-align: justify\">Asimismo, ha sido el creador de \u00e9xitos de otros artistas como \u201cDisparo al Coraz\u00f3n\u201d y \u201cLa Mordidita\u201d de Ricky Martin. No solo se distingue como cantautor, sino que tambi\u00e9n brilla como actor con su participaci\u00f3n en pel\u00edculas como \u201cPerfecto Anfitri\u00f3n\u201d (2021) y \u201cSol de Medianoche\u201d (2018), entre otras.<\/p>\n<p style=\"text-align: justify\">Cabe destacar que recientemente se uni\u00f3 a\u00a0Car\u00edn Le\u00f3n en una colaboraci\u00f3n musical sin precedentes con su nuevo tema, \u00abExisto\u201d, que formar\u00e1 parte del pr\u00f3ximo \u00e1lbum de estudio del cantautor boricua.<\/p>\n<p style=\"text-align: justify\">Las entradas estar\u00e1n disponibles en Uepa Tickets a partir de este 28 de junio.<\/p>\n<\/div>\n<\/div>\n<div class=\"td_block_wrap tdb_single_tags tdi_361 td-pb-border-top td_block_template_1\" style=\"text-align: justify\" data-td-block-uid=\"tdi_361\">\u00a0<\/div>","protected":false},"excerpt":{"rendered":"<p>SANTO DOMINGO. \u2013 El cantante y compositor puertorrique\u00f1o Pedro Cap\u00f3, conocido por su estilo \u00fanico y sus \u00e9xitos internacionales, se presentar\u00e1 por primera vez ante su p\u00fablico dominicano el pr\u00f3ximo 21 de septiembre de 2024 a las 8:00 de la noche en el escenario de Hard Rock Caf\u00e9 Santo Domingo. Bajo la producci\u00f3n de We [&hellip;]<\/p>\n","protected":false},"author":2,"featured_media":0,"comment_status":"closed","ping_status":"open","sticky":false,"template":"","format":"standard","meta":{"footnotes":""},"categories":[11,12],"tags":[],"yoast_head":"<!-- This site is optimized with the Yoast SEO plugin v24.5 - https:\/\/yoast.com\/wordpress\/plugins\/seo\/ -->\n<title>Pedro Cap\u00f3 anuncia concierto en Hard Rock Caf\u00e9 | El Nuevo Norte<\/title>\n<meta name=\"robots\" content=\"index, follow, max-snippet:-1, max-image-preview:large, max-video-preview:-1\" \/>\n<link rel=\"canonical\" href=\"https:\/\/infoelnuevonorte.com\/?p=31258\" \/>\n<meta property=\"og:locale\" content=\"es_ES\" \/>\n<meta property=\"og:type\" content=\"article\" \/>\n<meta property=\"og:title\" content=\"Pedro Cap\u00f3 anuncia concierto en Hard Rock Caf\u00e9 | El Nuevo Norte\" \/>\n<meta property=\"og:description\" content=\"SANTO DOMINGO. \u2013 El cantante y compositor puertorrique\u00f1o Pedro Cap\u00f3, conocido por su estilo \u00fanico y sus \u00e9xitos internacionales, se presentar\u00e1 por primera vez ante su p\u00fablico dominicano el pr\u00f3ximo 21 de septiembre de 2024 a las 8:00 de la noche en el escenario de Hard Rock Caf\u00e9 Santo Domingo. Bajo la producci\u00f3n de We [&hellip;]\" \/>\n<meta property=\"og:url\" content=\"https:\/\/infoelnuevonorte.com\/?p=31258\" \/>\n<meta property=\"og:site_name\" content=\"El Nuevo Norte\" \/>\n<meta property=\"article:publisher\" content=\"https:\/\/www.facebook.com\/infoenn\" \/>\n<meta property=\"article:published_time\" content=\"2024-06-27T18:39:48+00:00\" \/>\n<meta property=\"article:modified_time\" content=\"2024-06-27T18:39:50+00:00\" \/>\n<meta property=\"og:image\" content=\"https:\/\/infoelnuevonorte.com\/wp-content\/uploads\/2024\/06\/descarga-2024-06-27T143727.792.png\" \/>\n\t<meta property=\"og:image:width\" content=\"1030\" \/>\n\t<meta property=\"og:image:height\" content=\"1030\" \/>\n\t<meta property=\"og:image:type\" content=\"image\/png\" \/>\n<meta name=\"author\" content=\"T. R.\" \/>\n<meta name=\"twitter:card\" content=\"summary_large_image\" \/>\n<meta name=\"twitter:creator\" content=\"@Elnuevo_norte\" \/>\n<meta name=\"twitter:site\" content=\"@Elnuevo_norte\" \/>\n<meta name=\"twitter:label1\" content=\"Written by\" \/>\n\t<meta name=\"twitter:data1\" content=\"T. R.\" \/>\n\t<meta name=\"twitter:label2\" content=\"Est. reading time\" \/>\n\t<meta name=\"twitter:data2\" content=\"2 minutos\" \/>\n<script type=\"application\/ld+json\" class=\"yoast-schema-graph\">{\"@context\":\"https:\/\/schema.org\",\"@graph\":[{\"@type\":\"Article\",\"@id\":\"https:\/\/infoelnuevonorte.com\/?p=31258#article\",\"isPartOf\":{\"@id\":\"https:\/\/infoelnuevonorte.com\/?p=31258\"},\"author\":{\"name\":\"T. R.\",\"@id\":\"https:\/\/infoelnuevonorte.com\/#\/schema\/person\/3accb35eb55f55e96c492b52d085a403\"},\"headline\":\"Pedro Cap\u00f3 anuncia concierto en Hard Rock Caf\u00e9\",\"datePublished\":\"2024-06-27T18:39:48+00:00\",\"dateModified\":\"2024-06-27T18:39:50+00:00\",\"mainEntityOfPage\":{\"@id\":\"https:\/\/infoelnuevonorte.com\/?p=31258\"},\"wordCount\":345,\"publisher\":{\"@id\":\"https:\/\/infoelnuevonorte.com\/#organization\"},\"articleSection\":[\"Entretenimiento\",\"Musica &amp; Far\u00e1ndula\"],\"inLanguage\":\"es-DO\"},{\"@type\":\"WebPage\",\"@id\":\"https:\/\/infoelnuevonorte.com\/?p=31258\",\"url\":\"https:\/\/infoelnuevonorte.com\/?p=31258\",\"name\":\"Pedro Cap\u00f3 anuncia concierto en Hard Rock Caf\u00e9 | El Nuevo Norte\",\"isPartOf\":{\"@id\":\"https:\/\/infoelnuevonorte.com\/#website\"},\"datePublished\":\"2024-06-27T18:39:48+00:00\",\"dateModified\":\"2024-06-27T18:39:50+00:00\",\"breadcrumb\":{\"@id\":\"https:\/\/infoelnuevonorte.com\/?p=31258#breadcrumb\"},\"inLanguage\":\"es-DO\",\"potentialAction\":[{\"@type\":\"ReadAction\",\"target\":[\"https:\/\/infoelnuevonorte.com\/?p=31258\"]}]},{\"@type\":\"BreadcrumbList\",\"@id\":\"https:\/\/infoelnuevonorte.com\/?p=31258#breadcrumb\",\"itemListElement\":[{\"@type\":\"ListItem\",\"position\":1,\"name\":\"Home\",\"item\":\"https:\/\/infoelnuevonorte.com\/\"},{\"@type\":\"ListItem\",\"position\":2,\"name\":\"Pedro Cap\u00f3 anuncia concierto en Hard Rock Caf\u00e9\"}]},{\"@type\":\"WebSite\",\"@id\":\"https:\/\/infoelnuevonorte.com\/#website\",\"url\":\"https:\/\/infoelnuevonorte.com\/\",\"name\":\"InfoEnn\",\"description\":\"Tu Voz, tu Verdad, tu Diario!!!\",\"publisher\":{\"@id\":\"https:\/\/infoelnuevonorte.com\/#organization\"},\"alternateName\":\"El Nuevo Norte\",\"potentialAction\":[{\"@type\":\"SearchAction\",\"target\":{\"@type\":\"EntryPoint\",\"urlTemplate\":\"https:\/\/infoelnuevonorte.com\/?s={search_term_string}\"},\"query-input\":{\"@type\":\"PropertyValueSpecification\",\"valueRequired\":true,\"valueName\":\"search_term_string\"}}],\"inLanguage\":\"es-DO\"},{\"@type\":\"Organization\",\"@id\":\"https:\/\/infoelnuevonorte.com\/#organization\",\"name\":\"Info El Nuevo Norte\",\"alternateName\":\"El Nuevo Norte\",\"url\":\"https:\/\/infoelnuevonorte.com\/\",\"logo\":{\"@type\":\"ImageObject\",\"inLanguage\":\"es-DO\",\"@id\":\"https:\/\/infoelnuevonorte.com\/#\/schema\/logo\/image\/\",\"url\":\"https:\/\/infoelnuevonorte.com\/wp-content\/uploads\/2026\/02\/Logo-Info-enn-3d-20ani.jpeg\",\"contentUrl\":\"https:\/\/infoelnuevonorte.com\/wp-content\/uploads\/2026\/02\/Logo-Info-enn-3d-20ani.jpeg\",\"width\":2046,\"height\":736,\"caption\":\"Info El Nuevo Norte\"},\"image\":{\"@id\":\"https:\/\/infoelnuevonorte.com\/#\/schema\/logo\/image\/\"},\"sameAs\":[\"https:\/\/www.facebook.com\/infoenn\",\"https:\/\/x.com\/Elnuevo_norte\",\"https:\/\/www.instagram.com\/infoenn\",\"https:\/\/www.facebook.com\/ENNRD\"]},{\"@type\":\"Person\",\"@id\":\"https:\/\/infoelnuevonorte.com\/#\/schema\/person\/3accb35eb55f55e96c492b52d085a403\",\"name\":\"T. R.\",\"image\":{\"@type\":\"ImageObject\",\"inLanguage\":\"es-DO\",\"@id\":\"https:\/\/infoelnuevonorte.com\/#\/schema\/person\/image\/\",\"url\":\"https:\/\/secure.gravatar.com\/avatar\/40543a038bda97abdb765b1662e9677d?s=96&d=robohash&r=g\",\"contentUrl\":\"https:\/\/secure.gravatar.com\/avatar\/40543a038bda97abdb765b1662e9677d?s=96&d=robohash&r=g\",\"caption\":\"T. R.\"},\"url\":\"https:\/\/infoelnuevonorte.com\/?author=2\"}]}<\/script>\n<!-- \/ Yoast SEO plugin. -->","yoast_head_json":{"title":"Pedro Cap\u00f3 anuncia concierto en Hard Rock Caf\u00e9 | El Nuevo Norte","robots":{"index":"index","follow":"follow","max-snippet":"max-snippet:-1","max-image-preview":"max-image-preview:large","max-video-preview":"max-video-preview:-1"},"canonical":"https:\/\/infoelnuevonorte.com\/?p=31258","og_locale":"es_ES","og_type":"article","og_title":"Pedro Cap\u00f3 anuncia concierto en Hard Rock Caf\u00e9 | El Nuevo Norte","og_description":"SANTO DOMINGO. \u2013 El cantante y compositor puertorrique\u00f1o Pedro Cap\u00f3, conocido por su estilo \u00fanico y sus \u00e9xitos internacionales, se presentar\u00e1 por primera vez ante su p\u00fablico dominicano el pr\u00f3ximo 21 de septiembre de 2024 a las 8:00 de la noche en el escenario de Hard Rock Caf\u00e9 Santo Domingo. Bajo la producci\u00f3n de We [&hellip;]","og_url":"https:\/\/infoelnuevonorte.com\/?p=31258","og_site_name":"El Nuevo Norte","article_publisher":"https:\/\/www.facebook.com\/infoenn","article_published_time":"2024-06-27T18:39:48+00:00","article_modified_time":"2024-06-27T18:39:50+00:00","og_image":[{"width":1030,"height":1030,"url":"https:\/\/infoelnuevonorte.com\/wp-content\/uploads\/2024\/06\/descarga-2024-06-27T143727.792.png","type":"image\/png"}],"author":"T. R.","twitter_card":"summary_large_image","twitter_creator":"@Elnuevo_norte","twitter_site":"@Elnuevo_norte","twitter_misc":{"Written by":"T. R.","Est. reading time":"2 minutos"},"schema":{"@context":"https:\/\/schema.org","@graph":[{"@type":"Article","@id":"https:\/\/infoelnuevonorte.com\/?p=31258#article","isPartOf":{"@id":"https:\/\/infoelnuevonorte.com\/?p=31258"},"author":{"name":"T. R.","@id":"https:\/\/infoelnuevonorte.com\/#\/schema\/person\/3accb35eb55f55e96c492b52d085a403"},"headline":"Pedro Cap\u00f3 anuncia concierto en Hard Rock Caf\u00e9","datePublished":"2024-06-27T18:39:48+00:00","dateModified":"2024-06-27T18:39:50+00:00","mainEntityOfPage":{"@id":"https:\/\/infoelnuevonorte.com\/?p=31258"},"wordCount":345,"publisher":{"@id":"https:\/\/infoelnuevonorte.com\/#organization"},"articleSection":["Entretenimiento","Musica &amp; Far\u00e1ndula"],"inLanguage":"es-DO"},{"@type":"WebPage","@id":"https:\/\/infoelnuevonorte.com\/?p=31258","url":"https:\/\/infoelnuevonorte.com\/?p=31258","name":"Pedro Cap\u00f3 anuncia concierto en Hard Rock Caf\u00e9 | El Nuevo Norte","isPartOf":{"@id":"https:\/\/infoelnuevonorte.com\/#website"},"datePublished":"2024-06-27T18:39:48+00:00","dateModified":"2024-06-27T18:39:50+00:00","breadcrumb":{"@id":"https:\/\/infoelnuevonorte.com\/?p=31258#breadcrumb"},"inLanguage":"es-DO","potentialAction":[{"@type":"ReadAction","target":["https:\/\/infoelnuevonorte.com\/?p=31258"]}]},{"@type":"BreadcrumbList","@id":"https:\/\/infoelnuevonorte.com\/?p=31258#breadcrumb","itemListElement":[{"@type":"ListItem","position":1,"name":"Home","item":"https:\/\/infoelnuevonorte.com\/"},{"@type":"ListItem","position":2,"name":"Pedro Cap\u00f3 anuncia concierto en Hard Rock Caf\u00e9"}]},{"@type":"WebSite","@id":"https:\/\/infoelnuevonorte.com\/#website","url":"https:\/\/infoelnuevonorte.com\/","name":"InfoEnn","description":"Tu Voz, tu Verdad, tu Diario!!!","publisher":{"@id":"https:\/\/infoelnuevonorte.com\/#organization"},"alternateName":"El Nuevo Norte","potentialAction":[{"@type":"SearchAction","target":{"@type":"EntryPoint","urlTemplate":"https:\/\/infoelnuevonorte.com\/?s={search_term_string}"},"query-input":{"@type":"PropertyValueSpecification","valueRequired":true,"valueName":"search_term_string"}}],"inLanguage":"es-DO"},{"@type":"Organization","@id":"https:\/\/infoelnuevonorte.com\/#organization","name":"Info El Nuevo Norte","alternateName":"El Nuevo Norte","url":"https:\/\/infoelnuevonorte.com\/","logo":{"@type":"ImageObject","inLanguage":"es-DO","@id":"https:\/\/infoelnuevonorte.com\/#\/schema\/logo\/image\/","url":"https:\/\/infoelnuevonorte.com\/wp-content\/uploads\/2026\/02\/Logo-Info-enn-3d-20ani.jpeg","contentUrl":"https:\/\/infoelnuevonorte.com\/wp-content\/uploads\/2026\/02\/Logo-Info-enn-3d-20ani.jpeg","width":2046,"height":736,"caption":"Info El Nuevo Norte"},"image":{"@id":"https:\/\/infoelnuevonorte.com\/#\/schema\/logo\/image\/"},"sameAs":["https:\/\/www.facebook.com\/infoenn","https:\/\/x.com\/Elnuevo_norte","https:\/\/www.instagram.com\/infoenn","https:\/\/www.facebook.com\/ENNRD"]},{"@type":"Person","@id":"https:\/\/infoelnuevonorte.com\/#\/schema\/person\/3accb35eb55f55e96c492b52d085a403","name":"T. R.","image":{"@type":"ImageObject","inLanguage":"es-DO","@id":"https:\/\/infoelnuevonorte.com\/#\/schema\/person\/image\/","url":"https:\/\/secure.gravatar.com\/avatar\/40543a038bda97abdb765b1662e9677d?s=96&d=robohash&r=g","contentUrl":"https:\/\/secure.gravatar.com\/avatar\/40543a038bda97abdb765b1662e9677d?s=96&d=robohash&r=g","caption":"T. R."},"url":"https:\/\/infoelnuevonorte.com\/?author=2"}]}},"_links":{"self":[{"href":"https:\/\/infoelnuevonorte.com\/index.php?rest_route=\/wp\/v2\/posts\/31258"}],"collection":[{"href":"https:\/\/infoelnuevonorte.com\/index.php?rest_route=\/wp\/v2\/posts"}],"about":[{"href":"https:\/\/infoelnuevonorte.com\/index.php?rest_route=\/wp\/v2\/types\/post"}],"author":[{"embeddable":true,"href":"https:\/\/infoelnuevonorte.com\/index.php?rest_route=\/wp\/v2\/users\/2"}],"replies":[{"embeddable":true,"href":"https:\/\/infoelnuevonorte.com\/index.php?rest_route=%2Fwp%2Fv2%2Fcomments&post=31258"}],"version-history":[{"count":0,"href":"https:\/\/infoelnuevonorte.com\/index.php?rest_route=\/wp\/v2\/posts\/31258\/revisions"}],"wp:attachment":[{"href":"https:\/\/infoelnuevonorte.com\/index.php?rest_route=%2Fwp%2Fv2%2Fmedia&parent=31258"}],"wp:term":[{"taxonomy":"category","embeddable":true,"href":"https:\/\/infoelnuevonorte.com\/index.php?rest_route=%2Fwp%2Fv2%2Fcategories&post=31258"},{"taxonomy":"post_tag","embeddable":true,"href":"https:\/\/infoelnuevonorte.com\/index.php?rest_route=%2Fwp%2Fv2%2Ftags&post=31258"}],"curies":[{"name":"wp","href":"https:\/\/api.w.org\/{rel}","templated":true}]}}