{"id":31359,"date":"2024-06-28T08:36:04","date_gmt":"2024-06-28T12:36:04","guid":{"rendered":"https:\/\/infoelnuevonorte.com\/?p=31359"},"modified":"2024-06-28T08:36:06","modified_gmt":"2024-06-28T12:36:06","slug":"demanda-electrica-en-rd-alcanza-por-primera-vez-3662-27mw-gobierno-abastece-este-consumo","status":"publish","type":"post","link":"https:\/\/infoelnuevonorte.com\/?p=31359","title":{"rendered":"Demanda el\u00e9ctrica en RD alcanza por primera vez 3662.27MW; Gobierno abastece este consumo"},"content":{"rendered":"\n<p style=\"max-width:1018px\"><a href=\"https:\/\/deultimominuto.net\/category\/economia\/\"><\/a><\/p>\n\n\n<div class=\"td_block_wrap tdb_single_content tdi_360 td-pb-border-top td_block_template_1 td-post-content tagdiv-type\" data-td-block-uid=\"tdi_360\">\n<div class=\"tdb-block-inner td-fix-index\">\n<!--[if lt IE 9]><script>document.createElement('audio');<\/script><![endif]-->\n<audio class=\"wp-audio-shortcode\" id=\"audio-31359-1\" preload=\"none\" style=\"width: 100%;\" controls=\"controls\"><source type=\"audio\/mpeg\" src=\"https:\/\/infoelnuevonorte.com\/wp-content\/uploads\/2024\/06\/ttsmaker-file-2024-6-28-8-35-25.mp3?_=1\" \/><a href=\"https:\/\/infoelnuevonorte.com\/wp-content\/uploads\/2024\/06\/ttsmaker-file-2024-6-28-8-35-25.mp3\">https:\/\/infoelnuevonorte.com\/wp-content\/uploads\/2024\/06\/ttsmaker-file-2024-6-28-8-35-25.mp3<\/a><\/audio>\n<p style=\"text-align: justify\"><strong>Santo Domingo.-<\/strong>\u00a0Las altas temperaturas y el dinamismo de la econom\u00eda han registrado niveles hist\u00f3ricos en el consumo el\u00e9ctrico en Rep\u00fablica Dominicana. La demanda de la potencia creci\u00f3\u00a0hasta\u00a03662.27 megavatios, el cual fue abastecido en su totalidad por el sistema\u00a0el\u00e9ctrico.<\/p>\n<p style=\"text-align: justify\">La informaci\u00f3n fue ofrecida por el ministro de Energ\u00eda y Minas (MEM), Antonio Almonte, quien inform\u00f3 que este ha sido hasta la fecha el mayor crecimiento del consumo de energ\u00eda a nivel nacional, de manera que la energ\u00eda total consumida por la poblaci\u00f3n fue de 80 millones de kilovatio-horas (80 gigavatios o 80 GWh).<\/p>\n<p style=\"text-align: justify\">\u201cEste a\u00f1o la demanda de energ\u00eda est\u00e1 creciendo a un ritmo de 10%, la cual es casi exagerada en otros pa\u00edses, y en el caso de Rep\u00fablica Dominicana es la primera vez que alcanza esta cifra\u201d, dijo el ministro al detallar que el sector residencial ha sido el de mayor crecimiento en la demanda, debido a la expansi\u00f3n urbana y a la creciente electrificaci\u00f3n de las actividades cotidianas.<\/p>\n<p style=\"text-align: justify\">Indic\u00f3 que esa demanda fue plenamente abastecida, a pesar de la ausencia moment\u00e1nea de algunas generadoras el\u00e9ctricas que fueron sacadas del sistema el\u00e9ctrico para darle mantenimiento preventivo.<\/p>\n<p style=\"text-align: justify\">Asimismo, el funcionario sostuvo que el gobierno del presidente Abinader hizo a tiempo las licitaciones el\u00e9ctricas necesarias y promovi\u00f3 la iniciativa privada para la construcci\u00f3n e instalaci\u00f3n de nuevos generadores en Boca Chica y Azua, adem\u00e1s de las energ\u00edas renovables y t\u00e9rmicas instaladas durante la actual gesti\u00f3n.<\/p>\n<p style=\"text-align: justify\">\u201cLa paz social, la seguridad p\u00fablica, el empleo y la producci\u00f3n requieren de energ\u00eda suficiente y de calidad por eso el Gobierno contin\u00faa con la expansi\u00f3n de la capacidad de generaci\u00f3n con renovables y con gas natural, y abasteciendo entre el 98 y el 100% de la demanda diaria\u201d, enfatiz\u00f3 Almonte.<\/p>\n<\/div>\n<\/div>\n<div class=\"td_block_wrap tdb_single_tags tdi_361 td-pb-border-top td_block_template_1\" style=\"text-align: justify\" data-td-block-uid=\"tdi_361\">\u00a0<\/div>","protected":false},"excerpt":{"rendered":"<p>Santo Domingo.-\u00a0Las altas temperaturas y el dinamismo de la econom\u00eda han registrado niveles hist\u00f3ricos en el consumo el\u00e9ctrico en Rep\u00fablica Dominicana. La demanda de la potencia creci\u00f3\u00a0hasta\u00a03662.27 megavatios, el cual fue abastecido en su totalidad por el sistema\u00a0el\u00e9ctrico. La informaci\u00f3n fue ofrecida por el ministro de Energ\u00eda y Minas (MEM), Antonio Almonte, quien inform\u00f3 que [&hellip;]<\/p>\n","protected":false},"author":2,"featured_media":0,"comment_status":"closed","ping_status":"open","sticky":false,"template":"","format":"standard","meta":{"footnotes":""},"categories":[15],"tags":[],"yoast_head":"<!-- This site is optimized with the Yoast SEO plugin v24.5 - https:\/\/yoast.com\/wordpress\/plugins\/seo\/ -->\n<title>Demanda el\u00e9ctrica en RD alcanza por primera vez 3662.27MW; Gobierno abastece este consumo | El Nuevo Norte<\/title>\n<meta name=\"robots\" content=\"index, follow, max-snippet:-1, max-image-preview:large, max-video-preview:-1\" \/>\n<link rel=\"canonical\" href=\"https:\/\/infoelnuevonorte.com\/?p=31359\" \/>\n<meta property=\"og:locale\" content=\"es_ES\" \/>\n<meta property=\"og:type\" content=\"article\" \/>\n<meta property=\"og:title\" content=\"Demanda el\u00e9ctrica en RD alcanza por primera vez 3662.27MW; Gobierno abastece este consumo | El Nuevo Norte\" \/>\n<meta property=\"og:description\" content=\"Santo Domingo.-\u00a0Las altas temperaturas y el dinamismo de la econom\u00eda han registrado niveles hist\u00f3ricos en el consumo el\u00e9ctrico en Rep\u00fablica Dominicana. La demanda de la potencia creci\u00f3\u00a0hasta\u00a03662.27 megavatios, el cual fue abastecido en su totalidad por el sistema\u00a0el\u00e9ctrico. La informaci\u00f3n fue ofrecida por el ministro de Energ\u00eda y Minas (MEM), Antonio Almonte, quien inform\u00f3 que [&hellip;]\" \/>\n<meta property=\"og:url\" content=\"https:\/\/infoelnuevonorte.com\/?p=31359\" \/>\n<meta property=\"og:site_name\" content=\"El Nuevo Norte\" \/>\n<meta property=\"article:publisher\" content=\"https:\/\/www.facebook.com\/infoenn\" \/>\n<meta property=\"article:published_time\" content=\"2024-06-28T12:36:04+00:00\" \/>\n<meta property=\"article:modified_time\" content=\"2024-06-28T12:36:06+00:00\" \/>\n<meta property=\"og:image\" content=\"https:\/\/infoelnuevonorte.com\/wp-content\/uploads\/2024\/06\/descarga-2024-06-28T083309.205.png\" \/>\n\t<meta property=\"og:image:width\" content=\"768\" \/>\n\t<meta property=\"og:image:height\" content=\"512\" \/>\n\t<meta property=\"og:image:type\" content=\"image\/png\" \/>\n<meta name=\"author\" content=\"T. R.\" \/>\n<meta name=\"twitter:card\" content=\"summary_large_image\" \/>\n<meta name=\"twitter:creator\" content=\"@Elnuevo_norte\" \/>\n<meta name=\"twitter:site\" content=\"@Elnuevo_norte\" \/>\n<meta name=\"twitter:label1\" content=\"Written by\" \/>\n\t<meta name=\"twitter:data1\" content=\"T. R.\" \/>\n\t<meta name=\"twitter:label2\" content=\"Est. reading time\" \/>\n\t<meta name=\"twitter:data2\" content=\"2 minutos\" \/>\n<script type=\"application\/ld+json\" class=\"yoast-schema-graph\">{\"@context\":\"https:\/\/schema.org\",\"@graph\":[{\"@type\":\"Article\",\"@id\":\"https:\/\/infoelnuevonorte.com\/?p=31359#article\",\"isPartOf\":{\"@id\":\"https:\/\/infoelnuevonorte.com\/?p=31359\"},\"author\":{\"name\":\"T. R.\",\"@id\":\"https:\/\/infoelnuevonorte.com\/#\/schema\/person\/3accb35eb55f55e96c492b52d085a403\"},\"headline\":\"Demanda el\u00e9ctrica en RD alcanza por primera vez 3662.27MW; Gobierno abastece este consumo\",\"datePublished\":\"2024-06-28T12:36:04+00:00\",\"dateModified\":\"2024-06-28T12:36:06+00:00\",\"mainEntityOfPage\":{\"@id\":\"https:\/\/infoelnuevonorte.com\/?p=31359\"},\"wordCount\":344,\"publisher\":{\"@id\":\"https:\/\/infoelnuevonorte.com\/#organization\"},\"articleSection\":[\"Economicas\"],\"inLanguage\":\"es-DO\"},{\"@type\":\"WebPage\",\"@id\":\"https:\/\/infoelnuevonorte.com\/?p=31359\",\"url\":\"https:\/\/infoelnuevonorte.com\/?p=31359\",\"name\":\"Demanda el\u00e9ctrica en RD alcanza por primera vez 3662.27MW; Gobierno abastece este consumo | El Nuevo Norte\",\"isPartOf\":{\"@id\":\"https:\/\/infoelnuevonorte.com\/#website\"},\"datePublished\":\"2024-06-28T12:36:04+00:00\",\"dateModified\":\"2024-06-28T12:36:06+00:00\",\"breadcrumb\":{\"@id\":\"https:\/\/infoelnuevonorte.com\/?p=31359#breadcrumb\"},\"inLanguage\":\"es-DO\",\"potentialAction\":[{\"@type\":\"ReadAction\",\"target\":[\"https:\/\/infoelnuevonorte.com\/?p=31359\"]}]},{\"@type\":\"BreadcrumbList\",\"@id\":\"https:\/\/infoelnuevonorte.com\/?p=31359#breadcrumb\",\"itemListElement\":[{\"@type\":\"ListItem\",\"position\":1,\"name\":\"Home\",\"item\":\"https:\/\/infoelnuevonorte.com\/\"},{\"@type\":\"ListItem\",\"position\":2,\"name\":\"Demanda el\u00e9ctrica en RD alcanza por primera vez 3662.27MW; Gobierno abastece este consumo\"}]},{\"@type\":\"WebSite\",\"@id\":\"https:\/\/infoelnuevonorte.com\/#website\",\"url\":\"https:\/\/infoelnuevonorte.com\/\",\"name\":\"InfoEnn\",\"description\":\"Tu Voz, tu Verdad, tu Diario!!!\",\"publisher\":{\"@id\":\"https:\/\/infoelnuevonorte.com\/#organization\"},\"alternateName\":\"El Nuevo Norte\",\"potentialAction\":[{\"@type\":\"SearchAction\",\"target\":{\"@type\":\"EntryPoint\",\"urlTemplate\":\"https:\/\/infoelnuevonorte.com\/?s={search_term_string}\"},\"query-input\":{\"@type\":\"PropertyValueSpecification\",\"valueRequired\":true,\"valueName\":\"search_term_string\"}}],\"inLanguage\":\"es-DO\"},{\"@type\":\"Organization\",\"@id\":\"https:\/\/infoelnuevonorte.com\/#organization\",\"name\":\"Info El Nuevo Norte\",\"alternateName\":\"El Nuevo Norte\",\"url\":\"https:\/\/infoelnuevonorte.com\/\",\"logo\":{\"@type\":\"ImageObject\",\"inLanguage\":\"es-DO\",\"@id\":\"https:\/\/infoelnuevonorte.com\/#\/schema\/logo\/image\/\",\"url\":\"https:\/\/infoelnuevonorte.com\/wp-content\/uploads\/2026\/02\/Logo-Info-enn-3d-20ani.jpeg\",\"contentUrl\":\"https:\/\/infoelnuevonorte.com\/wp-content\/uploads\/2026\/02\/Logo-Info-enn-3d-20ani.jpeg\",\"width\":2046,\"height\":736,\"caption\":\"Info El Nuevo Norte\"},\"image\":{\"@id\":\"https:\/\/infoelnuevonorte.com\/#\/schema\/logo\/image\/\"},\"sameAs\":[\"https:\/\/www.facebook.com\/infoenn\",\"https:\/\/x.com\/Elnuevo_norte\",\"https:\/\/www.instagram.com\/infoenn\",\"https:\/\/www.facebook.com\/ENNRD\"]},{\"@type\":\"Person\",\"@id\":\"https:\/\/infoelnuevonorte.com\/#\/schema\/person\/3accb35eb55f55e96c492b52d085a403\",\"name\":\"T. R.\",\"image\":{\"@type\":\"ImageObject\",\"inLanguage\":\"es-DO\",\"@id\":\"https:\/\/infoelnuevonorte.com\/#\/schema\/person\/image\/\",\"url\":\"https:\/\/secure.gravatar.com\/avatar\/40543a038bda97abdb765b1662e9677d?s=96&d=robohash&r=g\",\"contentUrl\":\"https:\/\/secure.gravatar.com\/avatar\/40543a038bda97abdb765b1662e9677d?s=96&d=robohash&r=g\",\"caption\":\"T. R.\"},\"url\":\"https:\/\/infoelnuevonorte.com\/?author=2\"}]}<\/script>\n<!-- \/ Yoast SEO plugin. -->","yoast_head_json":{"title":"Demanda el\u00e9ctrica en RD alcanza por primera vez 3662.27MW; Gobierno abastece este consumo | El Nuevo Norte","robots":{"index":"index","follow":"follow","max-snippet":"max-snippet:-1","max-image-preview":"max-image-preview:large","max-video-preview":"max-video-preview:-1"},"canonical":"https:\/\/infoelnuevonorte.com\/?p=31359","og_locale":"es_ES","og_type":"article","og_title":"Demanda el\u00e9ctrica en RD alcanza por primera vez 3662.27MW; Gobierno abastece este consumo | El Nuevo Norte","og_description":"Santo Domingo.-\u00a0Las altas temperaturas y el dinamismo de la econom\u00eda han registrado niveles hist\u00f3ricos en el consumo el\u00e9ctrico en Rep\u00fablica Dominicana. La demanda de la potencia creci\u00f3\u00a0hasta\u00a03662.27 megavatios, el cual fue abastecido en su totalidad por el sistema\u00a0el\u00e9ctrico. La informaci\u00f3n fue ofrecida por el ministro de Energ\u00eda y Minas (MEM), Antonio Almonte, quien inform\u00f3 que [&hellip;]","og_url":"https:\/\/infoelnuevonorte.com\/?p=31359","og_site_name":"El Nuevo Norte","article_publisher":"https:\/\/www.facebook.com\/infoenn","article_published_time":"2024-06-28T12:36:04+00:00","article_modified_time":"2024-06-28T12:36:06+00:00","og_image":[{"width":768,"height":512,"url":"https:\/\/infoelnuevonorte.com\/wp-content\/uploads\/2024\/06\/descarga-2024-06-28T083309.205.png","type":"image\/png"}],"author":"T. R.","twitter_card":"summary_large_image","twitter_creator":"@Elnuevo_norte","twitter_site":"@Elnuevo_norte","twitter_misc":{"Written by":"T. R.","Est. reading time":"2 minutos"},"schema":{"@context":"https:\/\/schema.org","@graph":[{"@type":"Article","@id":"https:\/\/infoelnuevonorte.com\/?p=31359#article","isPartOf":{"@id":"https:\/\/infoelnuevonorte.com\/?p=31359"},"author":{"name":"T. R.","@id":"https:\/\/infoelnuevonorte.com\/#\/schema\/person\/3accb35eb55f55e96c492b52d085a403"},"headline":"Demanda el\u00e9ctrica en RD alcanza por primera vez 3662.27MW; Gobierno abastece este consumo","datePublished":"2024-06-28T12:36:04+00:00","dateModified":"2024-06-28T12:36:06+00:00","mainEntityOfPage":{"@id":"https:\/\/infoelnuevonorte.com\/?p=31359"},"wordCount":344,"publisher":{"@id":"https:\/\/infoelnuevonorte.com\/#organization"},"articleSection":["Economicas"],"inLanguage":"es-DO"},{"@type":"WebPage","@id":"https:\/\/infoelnuevonorte.com\/?p=31359","url":"https:\/\/infoelnuevonorte.com\/?p=31359","name":"Demanda el\u00e9ctrica en RD alcanza por primera vez 3662.27MW; Gobierno abastece este consumo | El Nuevo Norte","isPartOf":{"@id":"https:\/\/infoelnuevonorte.com\/#website"},"datePublished":"2024-06-28T12:36:04+00:00","dateModified":"2024-06-28T12:36:06+00:00","breadcrumb":{"@id":"https:\/\/infoelnuevonorte.com\/?p=31359#breadcrumb"},"inLanguage":"es-DO","potentialAction":[{"@type":"ReadAction","target":["https:\/\/infoelnuevonorte.com\/?p=31359"]}]},{"@type":"BreadcrumbList","@id":"https:\/\/infoelnuevonorte.com\/?p=31359#breadcrumb","itemListElement":[{"@type":"ListItem","position":1,"name":"Home","item":"https:\/\/infoelnuevonorte.com\/"},{"@type":"ListItem","position":2,"name":"Demanda el\u00e9ctrica en RD alcanza por primera vez 3662.27MW; Gobierno abastece este consumo"}]},{"@type":"WebSite","@id":"https:\/\/infoelnuevonorte.com\/#website","url":"https:\/\/infoelnuevonorte.com\/","name":"InfoEnn","description":"Tu Voz, tu Verdad, tu Diario!!!","publisher":{"@id":"https:\/\/infoelnuevonorte.com\/#organization"},"alternateName":"El Nuevo Norte","potentialAction":[{"@type":"SearchAction","target":{"@type":"EntryPoint","urlTemplate":"https:\/\/infoelnuevonorte.com\/?s={search_term_string}"},"query-input":{"@type":"PropertyValueSpecification","valueRequired":true,"valueName":"search_term_string"}}],"inLanguage":"es-DO"},{"@type":"Organization","@id":"https:\/\/infoelnuevonorte.com\/#organization","name":"Info El Nuevo Norte","alternateName":"El Nuevo Norte","url":"https:\/\/infoelnuevonorte.com\/","logo":{"@type":"ImageObject","inLanguage":"es-DO","@id":"https:\/\/infoelnuevonorte.com\/#\/schema\/logo\/image\/","url":"https:\/\/infoelnuevonorte.com\/wp-content\/uploads\/2026\/02\/Logo-Info-enn-3d-20ani.jpeg","contentUrl":"https:\/\/infoelnuevonorte.com\/wp-content\/uploads\/2026\/02\/Logo-Info-enn-3d-20ani.jpeg","width":2046,"height":736,"caption":"Info El Nuevo Norte"},"image":{"@id":"https:\/\/infoelnuevonorte.com\/#\/schema\/logo\/image\/"},"sameAs":["https:\/\/www.facebook.com\/infoenn","https:\/\/x.com\/Elnuevo_norte","https:\/\/www.instagram.com\/infoenn","https:\/\/www.facebook.com\/ENNRD"]},{"@type":"Person","@id":"https:\/\/infoelnuevonorte.com\/#\/schema\/person\/3accb35eb55f55e96c492b52d085a403","name":"T. R.","image":{"@type":"ImageObject","inLanguage":"es-DO","@id":"https:\/\/infoelnuevonorte.com\/#\/schema\/person\/image\/","url":"https:\/\/secure.gravatar.com\/avatar\/40543a038bda97abdb765b1662e9677d?s=96&d=robohash&r=g","contentUrl":"https:\/\/secure.gravatar.com\/avatar\/40543a038bda97abdb765b1662e9677d?s=96&d=robohash&r=g","caption":"T. R."},"url":"https:\/\/infoelnuevonorte.com\/?author=2"}]}},"_links":{"self":[{"href":"https:\/\/infoelnuevonorte.com\/index.php?rest_route=\/wp\/v2\/posts\/31359"}],"collection":[{"href":"https:\/\/infoelnuevonorte.com\/index.php?rest_route=\/wp\/v2\/posts"}],"about":[{"href":"https:\/\/infoelnuevonorte.com\/index.php?rest_route=\/wp\/v2\/types\/post"}],"author":[{"embeddable":true,"href":"https:\/\/infoelnuevonorte.com\/index.php?rest_route=\/wp\/v2\/users\/2"}],"replies":[{"embeddable":true,"href":"https:\/\/infoelnuevonorte.com\/index.php?rest_route=%2Fwp%2Fv2%2Fcomments&post=31359"}],"version-history":[{"count":0,"href":"https:\/\/infoelnuevonorte.com\/index.php?rest_route=\/wp\/v2\/posts\/31359\/revisions"}],"wp:attachment":[{"href":"https:\/\/infoelnuevonorte.com\/index.php?rest_route=%2Fwp%2Fv2%2Fmedia&parent=31359"}],"wp:term":[{"taxonomy":"category","embeddable":true,"href":"https:\/\/infoelnuevonorte.com\/index.php?rest_route=%2Fwp%2Fv2%2Fcategories&post=31359"},{"taxonomy":"post_tag","embeddable":true,"href":"https:\/\/infoelnuevonorte.com\/index.php?rest_route=%2Fwp%2Fv2%2Ftags&post=31359"}],"curies":[{"name":"wp","href":"https:\/\/api.w.org\/{rel}","templated":true}]}}