{"id":3224,"date":"2023-10-27T06:51:15","date_gmt":"2023-10-27T10:51:15","guid":{"rendered":"https:\/\/infoelnuevonorte.com\/?p=3224"},"modified":"2023-10-27T06:51:17","modified_gmt":"2023-10-27T10:51:17","slug":"conozca-los-cuatro-pilares-del-pacto-de-nacion-por-la-crisis-de-haiti","status":"publish","type":"post","link":"https:\/\/infoelnuevonorte.com\/?p=3224","title":{"rendered":"Conozca los cuatro pilares del Pacto de Naci\u00f3n por la crisis de Hait\u00ed"},"content":{"rendered":"<p style=\"text-align: justify;\">El presidente<strong>\u00a0Luis Abinader<\/strong>\u00a0firm\u00f3 este jueves al pa\u00eds el\u00a0<strong><a href=\"https:\/\/infoelnuevonorte.com\/?p=3131\" target=\"_blank\" rel=\"noopener noreferrer\">Pacto de Naci\u00f3n por la crisis de Hait\u00ed<\/a>,<\/strong>\u00a0con el apoyo del liderazgo pol\u00edtico y acad\u00e9mico nacional que est\u00e1 basado en cuatro pilares fundamentales que son,\u00a0<strong>Pol\u00edtica de Relaciones Exteriores, Pol\u00edtica Migratoria, Pol\u00edtica Fronteriza y Pol\u00edtica Econ\u00f3mica<\/strong>.<\/p>\n<p style=\"text-align: justify;\"><strong>El Pacto fue producto de un llamado que hizo el presidente Abinader el 27 de febrero de este a\u00f1o al liderazgo pol\u00edtico nacional, que hoy se materializa<\/strong>. La coordinaci\u00f3n general estuvo a cargo del ministro Administrativo de la Presidencia, Jos\u00e9 Ignacio Paliza y la ejecuci\u00f3n de los trabajos del viceministro de Gobierno y Sociedad, Andr\u00e9s Lugo Risk.<\/p>\n<p style=\"text-align: justify;\"><strong>Estos son los cuatro pilares fundamentales del Pacto de Naci\u00f3n<\/strong><\/p>\n<p style=\"text-align: justify;\"><strong>Pol\u00edtica de Relaciones Exteriores<\/strong>: La Rep\u00fablica Dominicana est\u00e1 dispuesta a estimular y respaldar a la comunidad internacional en el esfuerzo de rescate y reconstrucci\u00f3n de Hait\u00ed, siempre y cuando las soluciones est\u00e9n encaminadas a: primero, procurar la pacificaci\u00f3n de Hait\u00ed; segundo, asistir econ\u00f3micamente a dicho pa\u00eds y su poblaci\u00f3n, por medio de un plan de crecimiento y desarrollo, a mediano y largo plazo; tercero, incentivar su institucionalizaci\u00f3n; y cuarto, garantizar el respeto de la integridad territorial y demogr\u00e1fica de las dos naciones que coexisten en la isla de Santo Domingo.<\/p>\n<p style=\"text-align: justify;\"><strong>Pol\u00edtica Migratoria:<\/strong>\u00a0La Rep\u00fablica Dominicana enfrenta en la actualidad un fen\u00f3meno que dej\u00f3 de ser solo un problema de migraci\u00f3n, para convertirse tambi\u00e9n en un impostergable reto a la seguridad nacional y regional; reto que impacta, por su magnitud y complejidad, a su ordenamiento jur\u00eddico e institucional. Y, por eso, en tanto que responsable primero y \u00faltimo de su orden constitucional y de sus compromisos internacionales, defiende en materia migratoria el principio de la debida regulaci\u00f3n del ingreso y tr\u00e1nsito a trav\u00e9s de sus fronteras, as\u00ed como la permanencia y el libre desempe\u00f1o del ejercicio laboral de nacionales extranjeros debidamente autorizados para habitar e interactuar en suelo dominicano, de conformidad con las disposiciones legales que rigen en todo el territorio nacional.<\/p>\n<p style=\"text-align: justify;\"><strong>Pol\u00edtica Fronteriza<\/strong>: Un gran compromiso patrio de todo dominicano y, por ende, del Estado, es salvaguardar la integridad de sus fronteras, as\u00ed como la convivencia en la misma, sin ceder ni retroceder en el dominio y gesti\u00f3n responsable de su territorio, como punto de encuentro y de separaci\u00f3n, tanto con nacionales haitianos, como con otros extranjeros.<\/p>\n<p style=\"text-align: justify;\"><strong>Pol\u00edtica Econ\u00f3mica:<\/strong>\u00a0Las autoridades gubernamentales, apoyadas en el sector privado, tanto dominicano como internacional, han de incentivar y expandir el financiamiento competitivo, tanto para las exportaciones hacia Hait\u00ed, as\u00ed como para desarrollar proyectos en ese pa\u00eds, en particular los que empleen mano de obra haitiana e impliquen inversiones en zonas francas, agroforestales y de manejo integrado de recursos naturales renovables.<\/p>\n<p style=\"text-align: justify;\">Trabajaron y firmaron el pacto 28 partidos pol\u00edticos, incluyendo algunos de la oposici\u00f3n, que son: Partido Revolucionario Moderno (PRM), Partido Reformista Social Cristiano (PRSC), Dominicanos por el Cambio (DxC), Partido de Unidad Nacional (PUN), Bloque Institucional Social Dem\u00f3crata (BIS), Partido C\u00edvico Renovador (PCR), Partido Humanista Dominicano (PHD), Partido Movimiento Dem\u00f3crata Alternativo (MODA), Partido Revolucionario Social Dem\u00f3crata (PRSD), Frente Amplio por la Dignidad Nacional (Frente Amplio), Alianza por la Democracia (APD), Pa\u00eds Posible (PP), Partido Primero la Gente (PPG) y Partido Quisqueyano Dem\u00f3crata Cristiano (PQDC).<\/p>\n<p style=\"text-align: justify;\">Adem\u00e1s, Partido de Acci\u00f3n Liberal (PAL), Partido Uni\u00f3n Dem\u00f3crata Cristiana (UDC), Partido Liberal Reformista (PLR), Fuerza Nacional Progresista (FNP), Partido Revolucionario Independiente (PRI), Partido Dem\u00f3crata Popular (PDP), Partido Nacional Voluntad Ciudadana (PNVC), Partido Alianza Pa\u00eds (ALPA\u00cdS), Justicia Social (JS), Partido Dem\u00f3crata Institucional (PDI), Movimiento Nacional Balaguerista (MNB), Partido Verde Dominicano (VERDE), Partido Popular Progresista (PPP) y Movimiento Izquierda Unida (MIU).<\/p>\n<p style=\"text-align: justify;\">Tambi\u00e9n, una veintena de acad\u00e9micos e intelectuales, incluyendo siete rectores de universidades: Juan Daniel Balc\u00e1cer, Fernando Ferr\u00e1n, Eduardo Garc\u00eda Michel, Roberto Cass\u00e1, Bernardo Vega, Manuel N\u00fa\u00f1ez, Wilfredo Lozano, Manuel Robles, Julio Ortega Tous, Iv\u00e1n Gat\u00f3n, Ra\u00fal De Moya Espa\u00f1ol, Miguel Reyes S\u00e1nchez, Jos\u00e9 Miguel V\u00e1squez, Luis Humberto Vargas, Humberto P\u00e9rez, Manuel Berg\u00e9s. Los rectores de la UNPHU, Miguel Fiallo; de la UASD, Editrudis Beltr\u00e1n; de la PUCMM, Secilio Espinal; de UNIBE, Odile Camilo Vincent; de UNAPEC, Franflin Holgu\u00edn Hach\u00e9; de la UCSD, monse\u00f1or Benito \u00c1ngeles y de INTEC, Julio S\u00e1nchez Mar\u00ed\u00f1ez.<\/p>\n<p style=\"text-align: justify;\">Tambi\u00e9n estuvieron presentes en el acto los ministros de la Presidencia, Joel Santos; de Trabajo, Luis Miguel De Camps; el senador de Santiago, Eduardo Estrella y el director general de Migraci\u00f3n, Venancio Alc\u00e1ntara.<\/p>\n<p style=\"text-align: justify;\">Durante el acto de firma, el presidente Abinader felicit\u00f3 a cada uno de los partidos pol\u00edticos y los l\u00edderes de la sociedad civil, acad\u00e9micos que dijeron presente en esta firma porque dijo, esta es una respuesta al pa\u00eds, una respuesta patri\u00f3tica no partidista.<\/p>\n<p style=\"text-align: justify;\">Te puede interesar:\u00a0<a href=\"https:\/\/infoelnuevonorte.com\/?p=3131\">Abinader firma pacto de Naci\u00f3n por Crisis haitiana sin firmas de principales opositores<\/a><\/p>\n<div class=\"code-block code-block-2 code-block-block-2 ai-track\" style=\"text-align: justify;\" data-ai=\"WzIsMCwiQmxvY2sgMiIsIiJd\"><a href=\"https:\/\/juntos.do\/\"><img loading=\"lazy\" decoding=\"async\" class=\"wp-image-136069 size-full\" src=\"https:\/\/n.com.do\/wp-content\/uploads\/2023\/10\/728x90.png%22\" alt=\"\" width=\"728\" height=\"90\" \/><\/a><\/div>\n","protected":false},"excerpt":{"rendered":"<p>El presidente\u00a0Luis Abinader\u00a0firm\u00f3 este jueves al pa\u00eds el\u00a0Pacto de Naci\u00f3n por la crisis de Hait\u00ed,\u00a0con el apoyo del liderazgo pol\u00edtico y acad\u00e9mico nacional que est\u00e1 basado en cuatro pilares fundamentales que son,\u00a0Pol\u00edtica de Relaciones Exteriores, Pol\u00edtica Migratoria, Pol\u00edtica Fronteriza y Pol\u00edtica Econ\u00f3mica. El Pacto fue producto de un llamado que hizo el presidente Abinader el [&hellip;]<\/p>\n","protected":false},"author":1,"featured_media":0,"comment_status":"closed","ping_status":"open","sticky":false,"template":"","format":"standard","meta":{"footnotes":""},"categories":[2,8],"tags":[],"yoast_head":"<!-- This site is optimized with the Yoast SEO plugin v24.5 - https:\/\/yoast.com\/wordpress\/plugins\/seo\/ -->\n<title>Conozca los cuatro pilares del Pacto de Naci\u00f3n por la crisis de Hait\u00ed | El Nuevo Norte<\/title>\n<meta name=\"robots\" content=\"index, follow, max-snippet:-1, max-image-preview:large, max-video-preview:-1\" \/>\n<link rel=\"canonical\" href=\"https:\/\/infoelnuevonorte.com\/?p=3224\" \/>\n<meta property=\"og:locale\" content=\"es_ES\" \/>\n<meta property=\"og:type\" content=\"article\" \/>\n<meta property=\"og:title\" content=\"Conozca los cuatro pilares del Pacto de Naci\u00f3n por la crisis de Hait\u00ed | El Nuevo Norte\" \/>\n<meta property=\"og:description\" content=\"El presidente\u00a0Luis Abinader\u00a0firm\u00f3 este jueves al pa\u00eds el\u00a0Pacto de Naci\u00f3n por la crisis de Hait\u00ed,\u00a0con el apoyo del liderazgo pol\u00edtico y acad\u00e9mico nacional que est\u00e1 basado en cuatro pilares fundamentales que son,\u00a0Pol\u00edtica de Relaciones Exteriores, Pol\u00edtica Migratoria, Pol\u00edtica Fronteriza y Pol\u00edtica Econ\u00f3mica. El Pacto fue producto de un llamado que hizo el presidente Abinader el [&hellip;]\" \/>\n<meta property=\"og:url\" content=\"https:\/\/infoelnuevonorte.com\/?p=3224\" \/>\n<meta property=\"og:site_name\" content=\"El Nuevo Norte\" \/>\n<meta property=\"article:publisher\" content=\"https:\/\/www.facebook.com\/infoenn\" \/>\n<meta property=\"article:published_time\" content=\"2023-10-27T10:51:15+00:00\" \/>\n<meta property=\"article:modified_time\" content=\"2023-10-27T10:51:17+00:00\" \/>\n<meta property=\"og:image\" content=\"https:\/\/infoelnuevonorte.com\/wp-content\/uploads\/2023\/10\/WhatsApp-Image-2023-10-26-at-2.4.png\" \/>\n\t<meta property=\"og:image:width\" content=\"1140\" \/>\n\t<meta property=\"og:image:height\" content=\"694\" \/>\n\t<meta property=\"og:image:type\" content=\"image\/png\" \/>\n<meta name=\"author\" content=\"InfoEnn\" \/>\n<meta name=\"twitter:card\" content=\"summary_large_image\" \/>\n<meta name=\"twitter:creator\" content=\"@Elnuevo_norte\" \/>\n<meta name=\"twitter:site\" content=\"@Elnuevo_norte\" \/>\n<meta name=\"twitter:label1\" content=\"Written by\" \/>\n\t<meta name=\"twitter:data1\" content=\"InfoEnn\" \/>\n\t<meta name=\"twitter:label2\" content=\"Est. reading time\" \/>\n\t<meta name=\"twitter:data2\" content=\"4 minutos\" \/>\n<script type=\"application\/ld+json\" class=\"yoast-schema-graph\">{\"@context\":\"https:\/\/schema.org\",\"@graph\":[{\"@type\":\"Article\",\"@id\":\"https:\/\/infoelnuevonorte.com\/?p=3224#article\",\"isPartOf\":{\"@id\":\"https:\/\/infoelnuevonorte.com\/?p=3224\"},\"author\":{\"name\":\"InfoEnn\",\"@id\":\"https:\/\/infoelnuevonorte.com\/#\/schema\/person\/fd4f6d90afe41260818b4ea94ad8ab84\"},\"headline\":\"Conozca los cuatro pilares del Pacto de Naci\u00f3n por la crisis de Hait\u00ed\",\"datePublished\":\"2023-10-27T10:51:15+00:00\",\"dateModified\":\"2023-10-27T10:51:17+00:00\",\"mainEntityOfPage\":{\"@id\":\"https:\/\/infoelnuevonorte.com\/?p=3224\"},\"wordCount\":865,\"publisher\":{\"@id\":\"https:\/\/infoelnuevonorte.com\/#organization\"},\"image\":{\"@id\":\"https:\/\/infoelnuevonorte.com\/?p=3224#primaryimage\"},\"thumbnailUrl\":\"https:\/\/n.com.do\/wp-content\/uploads\/2023\/10\/728x90.png%22\",\"articleSection\":[\"Actualidad |\",\"Nacionales\"],\"inLanguage\":\"es-DO\"},{\"@type\":\"WebPage\",\"@id\":\"https:\/\/infoelnuevonorte.com\/?p=3224\",\"url\":\"https:\/\/infoelnuevonorte.com\/?p=3224\",\"name\":\"Conozca los cuatro pilares del Pacto de Naci\u00f3n por la crisis de Hait\u00ed | El Nuevo Norte\",\"isPartOf\":{\"@id\":\"https:\/\/infoelnuevonorte.com\/#website\"},\"primaryImageOfPage\":{\"@id\":\"https:\/\/infoelnuevonorte.com\/?p=3224#primaryimage\"},\"image\":{\"@id\":\"https:\/\/infoelnuevonorte.com\/?p=3224#primaryimage\"},\"thumbnailUrl\":\"https:\/\/n.com.do\/wp-content\/uploads\/2023\/10\/728x90.png%22\",\"datePublished\":\"2023-10-27T10:51:15+00:00\",\"dateModified\":\"2023-10-27T10:51:17+00:00\",\"breadcrumb\":{\"@id\":\"https:\/\/infoelnuevonorte.com\/?p=3224#breadcrumb\"},\"inLanguage\":\"es-DO\",\"potentialAction\":[{\"@type\":\"ReadAction\",\"target\":[\"https:\/\/infoelnuevonorte.com\/?p=3224\"]}]},{\"@type\":\"ImageObject\",\"inLanguage\":\"es-DO\",\"@id\":\"https:\/\/infoelnuevonorte.com\/?p=3224#primaryimage\",\"url\":\"https:\/\/n.com.do\/wp-content\/uploads\/2023\/10\/728x90.png%22\",\"contentUrl\":\"https:\/\/n.com.do\/wp-content\/uploads\/2023\/10\/728x90.png%22\"},{\"@type\":\"BreadcrumbList\",\"@id\":\"https:\/\/infoelnuevonorte.com\/?p=3224#breadcrumb\",\"itemListElement\":[{\"@type\":\"ListItem\",\"position\":1,\"name\":\"Home\",\"item\":\"https:\/\/infoelnuevonorte.com\/\"},{\"@type\":\"ListItem\",\"position\":2,\"name\":\"Conozca los cuatro pilares del Pacto de Naci\u00f3n por la crisis de Hait\u00ed\"}]},{\"@type\":\"WebSite\",\"@id\":\"https:\/\/infoelnuevonorte.com\/#website\",\"url\":\"https:\/\/infoelnuevonorte.com\/\",\"name\":\"InfoEnn\",\"description\":\"Tu Voz, tu Verdad, tu Diario!!!\",\"publisher\":{\"@id\":\"https:\/\/infoelnuevonorte.com\/#organization\"},\"alternateName\":\"El Nuevo Norte\",\"potentialAction\":[{\"@type\":\"SearchAction\",\"target\":{\"@type\":\"EntryPoint\",\"urlTemplate\":\"https:\/\/infoelnuevonorte.com\/?s={search_term_string}\"},\"query-input\":{\"@type\":\"PropertyValueSpecification\",\"valueRequired\":true,\"valueName\":\"search_term_string\"}}],\"inLanguage\":\"es-DO\"},{\"@type\":\"Organization\",\"@id\":\"https:\/\/infoelnuevonorte.com\/#organization\",\"name\":\"Info El Nuevo Norte\",\"alternateName\":\"El Nuevo Norte\",\"url\":\"https:\/\/infoelnuevonorte.com\/\",\"logo\":{\"@type\":\"ImageObject\",\"inLanguage\":\"es-DO\",\"@id\":\"https:\/\/infoelnuevonorte.com\/#\/schema\/logo\/image\/\",\"url\":\"https:\/\/infoelnuevonorte.com\/wp-content\/uploads\/2026\/02\/Logo-Info-enn-3d-20ani.jpeg\",\"contentUrl\":\"https:\/\/infoelnuevonorte.com\/wp-content\/uploads\/2026\/02\/Logo-Info-enn-3d-20ani.jpeg\",\"width\":2046,\"height\":736,\"caption\":\"Info El Nuevo Norte\"},\"image\":{\"@id\":\"https:\/\/infoelnuevonorte.com\/#\/schema\/logo\/image\/\"},\"sameAs\":[\"https:\/\/www.facebook.com\/infoenn\",\"https:\/\/x.com\/Elnuevo_norte\",\"https:\/\/www.instagram.com\/infoenn\",\"https:\/\/www.facebook.com\/ENNRD\"]},{\"@type\":\"Person\",\"@id\":\"https:\/\/infoelnuevonorte.com\/#\/schema\/person\/fd4f6d90afe41260818b4ea94ad8ab84\",\"name\":\"InfoEnn\",\"image\":{\"@type\":\"ImageObject\",\"inLanguage\":\"es-DO\",\"@id\":\"https:\/\/infoelnuevonorte.com\/#\/schema\/person\/image\/\",\"url\":\"https:\/\/secure.gravatar.com\/avatar\/d4d760a41a48ba9db0a82bfb63bb0783?s=96&d=robohash&r=g\",\"contentUrl\":\"https:\/\/secure.gravatar.com\/avatar\/d4d760a41a48ba9db0a82bfb63bb0783?s=96&d=robohash&r=g\",\"caption\":\"InfoEnn\"},\"sameAs\":[\"https:\/\/infoelnuevonorte.com\"],\"url\":\"https:\/\/infoelnuevonorte.com\/?author=1\"}]}<\/script>\n<!-- \/ Yoast SEO plugin. -->","yoast_head_json":{"title":"Conozca los cuatro pilares del Pacto de Naci\u00f3n por la crisis de Hait\u00ed | El Nuevo Norte","robots":{"index":"index","follow":"follow","max-snippet":"max-snippet:-1","max-image-preview":"max-image-preview:large","max-video-preview":"max-video-preview:-1"},"canonical":"https:\/\/infoelnuevonorte.com\/?p=3224","og_locale":"es_ES","og_type":"article","og_title":"Conozca los cuatro pilares del Pacto de Naci\u00f3n por la crisis de Hait\u00ed | El Nuevo Norte","og_description":"El presidente\u00a0Luis Abinader\u00a0firm\u00f3 este jueves al pa\u00eds el\u00a0Pacto de Naci\u00f3n por la crisis de Hait\u00ed,\u00a0con el apoyo del liderazgo pol\u00edtico y acad\u00e9mico nacional que est\u00e1 basado en cuatro pilares fundamentales que son,\u00a0Pol\u00edtica de Relaciones Exteriores, Pol\u00edtica Migratoria, Pol\u00edtica Fronteriza y Pol\u00edtica Econ\u00f3mica. El Pacto fue producto de un llamado que hizo el presidente Abinader el [&hellip;]","og_url":"https:\/\/infoelnuevonorte.com\/?p=3224","og_site_name":"El Nuevo Norte","article_publisher":"https:\/\/www.facebook.com\/infoenn","article_published_time":"2023-10-27T10:51:15+00:00","article_modified_time":"2023-10-27T10:51:17+00:00","og_image":[{"width":1140,"height":694,"url":"https:\/\/infoelnuevonorte.com\/wp-content\/uploads\/2023\/10\/WhatsApp-Image-2023-10-26-at-2.4.png","type":"image\/png"}],"author":"InfoEnn","twitter_card":"summary_large_image","twitter_creator":"@Elnuevo_norte","twitter_site":"@Elnuevo_norte","twitter_misc":{"Written by":"InfoEnn","Est. reading time":"4 minutos"},"schema":{"@context":"https:\/\/schema.org","@graph":[{"@type":"Article","@id":"https:\/\/infoelnuevonorte.com\/?p=3224#article","isPartOf":{"@id":"https:\/\/infoelnuevonorte.com\/?p=3224"},"author":{"name":"InfoEnn","@id":"https:\/\/infoelnuevonorte.com\/#\/schema\/person\/fd4f6d90afe41260818b4ea94ad8ab84"},"headline":"Conozca los cuatro pilares del Pacto de Naci\u00f3n por la crisis de Hait\u00ed","datePublished":"2023-10-27T10:51:15+00:00","dateModified":"2023-10-27T10:51:17+00:00","mainEntityOfPage":{"@id":"https:\/\/infoelnuevonorte.com\/?p=3224"},"wordCount":865,"publisher":{"@id":"https:\/\/infoelnuevonorte.com\/#organization"},"image":{"@id":"https:\/\/infoelnuevonorte.com\/?p=3224#primaryimage"},"thumbnailUrl":"https:\/\/n.com.do\/wp-content\/uploads\/2023\/10\/728x90.png%22","articleSection":["Actualidad |","Nacionales"],"inLanguage":"es-DO"},{"@type":"WebPage","@id":"https:\/\/infoelnuevonorte.com\/?p=3224","url":"https:\/\/infoelnuevonorte.com\/?p=3224","name":"Conozca los cuatro pilares del Pacto de Naci\u00f3n por la crisis de Hait\u00ed | El Nuevo Norte","isPartOf":{"@id":"https:\/\/infoelnuevonorte.com\/#website"},"primaryImageOfPage":{"@id":"https:\/\/infoelnuevonorte.com\/?p=3224#primaryimage"},"image":{"@id":"https:\/\/infoelnuevonorte.com\/?p=3224#primaryimage"},"thumbnailUrl":"https:\/\/n.com.do\/wp-content\/uploads\/2023\/10\/728x90.png%22","datePublished":"2023-10-27T10:51:15+00:00","dateModified":"2023-10-27T10:51:17+00:00","breadcrumb":{"@id":"https:\/\/infoelnuevonorte.com\/?p=3224#breadcrumb"},"inLanguage":"es-DO","potentialAction":[{"@type":"ReadAction","target":["https:\/\/infoelnuevonorte.com\/?p=3224"]}]},{"@type":"ImageObject","inLanguage":"es-DO","@id":"https:\/\/infoelnuevonorte.com\/?p=3224#primaryimage","url":"https:\/\/n.com.do\/wp-content\/uploads\/2023\/10\/728x90.png%22","contentUrl":"https:\/\/n.com.do\/wp-content\/uploads\/2023\/10\/728x90.png%22"},{"@type":"BreadcrumbList","@id":"https:\/\/infoelnuevonorte.com\/?p=3224#breadcrumb","itemListElement":[{"@type":"ListItem","position":1,"name":"Home","item":"https:\/\/infoelnuevonorte.com\/"},{"@type":"ListItem","position":2,"name":"Conozca los cuatro pilares del Pacto de Naci\u00f3n por la crisis de Hait\u00ed"}]},{"@type":"WebSite","@id":"https:\/\/infoelnuevonorte.com\/#website","url":"https:\/\/infoelnuevonorte.com\/","name":"InfoEnn","description":"Tu Voz, tu Verdad, tu Diario!!!","publisher":{"@id":"https:\/\/infoelnuevonorte.com\/#organization"},"alternateName":"El Nuevo Norte","potentialAction":[{"@type":"SearchAction","target":{"@type":"EntryPoint","urlTemplate":"https:\/\/infoelnuevonorte.com\/?s={search_term_string}"},"query-input":{"@type":"PropertyValueSpecification","valueRequired":true,"valueName":"search_term_string"}}],"inLanguage":"es-DO"},{"@type":"Organization","@id":"https:\/\/infoelnuevonorte.com\/#organization","name":"Info El Nuevo Norte","alternateName":"El Nuevo Norte","url":"https:\/\/infoelnuevonorte.com\/","logo":{"@type":"ImageObject","inLanguage":"es-DO","@id":"https:\/\/infoelnuevonorte.com\/#\/schema\/logo\/image\/","url":"https:\/\/infoelnuevonorte.com\/wp-content\/uploads\/2026\/02\/Logo-Info-enn-3d-20ani.jpeg","contentUrl":"https:\/\/infoelnuevonorte.com\/wp-content\/uploads\/2026\/02\/Logo-Info-enn-3d-20ani.jpeg","width":2046,"height":736,"caption":"Info El Nuevo Norte"},"image":{"@id":"https:\/\/infoelnuevonorte.com\/#\/schema\/logo\/image\/"},"sameAs":["https:\/\/www.facebook.com\/infoenn","https:\/\/x.com\/Elnuevo_norte","https:\/\/www.instagram.com\/infoenn","https:\/\/www.facebook.com\/ENNRD"]},{"@type":"Person","@id":"https:\/\/infoelnuevonorte.com\/#\/schema\/person\/fd4f6d90afe41260818b4ea94ad8ab84","name":"InfoEnn","image":{"@type":"ImageObject","inLanguage":"es-DO","@id":"https:\/\/infoelnuevonorte.com\/#\/schema\/person\/image\/","url":"https:\/\/secure.gravatar.com\/avatar\/d4d760a41a48ba9db0a82bfb63bb0783?s=96&d=robohash&r=g","contentUrl":"https:\/\/secure.gravatar.com\/avatar\/d4d760a41a48ba9db0a82bfb63bb0783?s=96&d=robohash&r=g","caption":"InfoEnn"},"sameAs":["https:\/\/infoelnuevonorte.com"],"url":"https:\/\/infoelnuevonorte.com\/?author=1"}]}},"_links":{"self":[{"href":"https:\/\/infoelnuevonorte.com\/index.php?rest_route=\/wp\/v2\/posts\/3224"}],"collection":[{"href":"https:\/\/infoelnuevonorte.com\/index.php?rest_route=\/wp\/v2\/posts"}],"about":[{"href":"https:\/\/infoelnuevonorte.com\/index.php?rest_route=\/wp\/v2\/types\/post"}],"author":[{"embeddable":true,"href":"https:\/\/infoelnuevonorte.com\/index.php?rest_route=\/wp\/v2\/users\/1"}],"replies":[{"embeddable":true,"href":"https:\/\/infoelnuevonorte.com\/index.php?rest_route=%2Fwp%2Fv2%2Fcomments&post=3224"}],"version-history":[{"count":0,"href":"https:\/\/infoelnuevonorte.com\/index.php?rest_route=\/wp\/v2\/posts\/3224\/revisions"}],"wp:attachment":[{"href":"https:\/\/infoelnuevonorte.com\/index.php?rest_route=%2Fwp%2Fv2%2Fmedia&parent=3224"}],"wp:term":[{"taxonomy":"category","embeddable":true,"href":"https:\/\/infoelnuevonorte.com\/index.php?rest_route=%2Fwp%2Fv2%2Fcategories&post=3224"},{"taxonomy":"post_tag","embeddable":true,"href":"https:\/\/infoelnuevonorte.com\/index.php?rest_route=%2Fwp%2Fv2%2Ftags&post=3224"}],"curies":[{"name":"wp","href":"https:\/\/api.w.org\/{rel}","templated":true}]}}