{"id":32660,"date":"2024-07-03T14:41:51","date_gmt":"2024-07-03T18:41:51","guid":{"rendered":"https:\/\/infoelnuevonorte.com\/?p=32660"},"modified":"2024-07-03T14:41:52","modified_gmt":"2024-07-03T18:41:52","slug":"banco-popular-se-integra-al-fideicomiso-guardianes-de-la-academia","status":"publish","type":"post","link":"https:\/\/infoelnuevonorte.com\/?p=32660","title":{"rendered":"Banco Popular se integra al fideicomiso Guardianes de la Academia"},"content":{"rendered":"\n<p><a href=\"https:\/\/deultimominuto.net\/category\/economia\/\"><\/a><\/p>\n\n\n<div class=\"td_block_wrap tdb_single_content tdi_360 td-pb-border-top td_block_template_1 td-post-content tagdiv-type\" data-td-block-uid=\"tdi_360\">\n<div class=\"tdb-block-inner td-fix-index\">\n<!--[if lt IE 9]><script>document.createElement('audio');<\/script><![endif]-->\n<audio class=\"wp-audio-shortcode\" id=\"audio-32660-1\" preload=\"none\" style=\"width: 100%;\" controls=\"controls\"><source type=\"audio\/mpeg\" src=\"https:\/\/infoelnuevonorte.com\/wp-content\/uploads\/2024\/07\/ttsmaker-file-2024-7-3-14-41-14.mp3?_=1\" \/><a href=\"https:\/\/infoelnuevonorte.com\/wp-content\/uploads\/2024\/07\/ttsmaker-file-2024-7-3-14-41-14.mp3\">https:\/\/infoelnuevonorte.com\/wp-content\/uploads\/2024\/07\/ttsmaker-file-2024-7-3-14-41-14.mp3<\/a><\/audio>\n<p style=\"text-align: justify\"><strong>Santo Domingo.-\u00a0<\/strong>El Banco Popular\u00a0Dominicano\u00a0y la Fundaci\u00f3n Madre y Maestra informaron la integraci\u00f3n de esta entidad bancaria al fideicomiso filantr\u00f3pico Guardianes de la Academia,\u00a0mediante\u00a0el aporte de US$50,000, que ser\u00e1n distribuidos en un periodo de cinco a\u00f1os.<\/p>\n<p style=\"text-align: justify\">Mediante el acuerdo, el Banco Popular se compromete a proporcionar becas universitarias a estudiantes meritorios de escasos recursos econ\u00f3micos, as\u00ed como a mejorar la infraestructura y los laboratorios para pr\u00e1cticas estudiantiles de la Pontificia Universidad Cat\u00f3lica Madre y Maestra (PUCMM).<\/p>\n<p style=\"text-align: justify\">Con esta iniciativa, el Popular refuerza su compromiso con la promoci\u00f3n del desarrollo sostenible a trav\u00e9s de la educaci\u00f3n y la creaci\u00f3n de oportunidades. En tanto, el fideicomiso Guardianes de la Academia fue establecido en septiembre de 2023 y, con su ingreso a este organismo, la entidad bancaria adquiere la categor\u00eda de miembro fundacional.<\/p>\n<p style=\"text-align: justify\">El acuerdo establece un cronograma de pagos anuales de US$10,000. La contribuci\u00f3n ser\u00e1 destinada a fortalecer el fondo patrimonial del fideicomiso, asegurando la sostenibilidad de los programas de becas y las mejoras en las instalaciones educativas.<\/p>\n<p style=\"text-align: justify\">El se\u00f1or Jos\u00e9 M\u00e1rmol, vicepresidente ejecutivo de Comunicaciones Corporativas, Reputaci\u00f3n y Banca Responsable de Grupo Popular, destac\u00f3 la importancia de este acuerdo que remarca el compromiso de la entidad bancaria con la educaci\u00f3n.\u00a0<\/p>\n<p style=\"text-align: justify\">\u201cEsta alianza reafirma nuestro deseo de contribuir al desarrollo educativo y profesional de muchos j\u00f3venes talentosos que, gracias a este fideicomiso, tendr\u00e1n la oportunidad de acceder a una educaci\u00f3n universitaria de calidad con mejor infraestructura y laboratorios\u201d, dijo el ejecutivo.\u00a0<\/p>\n<p style=\"text-align: justify\">La se\u00f1ora Mercedes Carmen Capell\u00e1n de Lama, presidenta de la Fundaci\u00f3n Madre y Maestra, enfatiz\u00f3 la importancia de la educaci\u00f3n para el desarrollo del pa\u00eds y la competitividad de las empresas.\u00a0<\/p>\n<p style=\"text-align: justify\">\u201cGracias al Banco Popular por ser un gran colaborador desde el d\u00eda cero, no solamente con la PUCMM sino con el sistema educativo de nuestro pa\u00eds. Los proyectos e iniciativas que ha impulsado el banco a trav\u00e9s del tiempo han sido de gran importancia y de gran impulso para nuestros j\u00f3venes, no solo de escasos recursos, sino tambi\u00e9n de excelencia acad\u00e9mica\u201d, subray\u00f3 la presidenta de la Fundaci\u00f3n Madre y Maestra.\u00a0<\/p>\n<\/div>\n<\/div>\n<div class=\"td_block_wrap tdb_single_tags tdi_361 td-pb-border-top td_block_template_1\" style=\"text-align: justify\" data-td-block-uid=\"tdi_361\">\u00a0<\/div>","protected":false},"excerpt":{"rendered":"<p>Santo Domingo.-\u00a0El Banco Popular\u00a0Dominicano\u00a0y la Fundaci\u00f3n Madre y Maestra informaron la integraci\u00f3n de esta entidad bancaria al fideicomiso filantr\u00f3pico Guardianes de la Academia,\u00a0mediante\u00a0el aporte de US$50,000, que ser\u00e1n distribuidos en un periodo de cinco a\u00f1os. Mediante el acuerdo, el Banco Popular se compromete a proporcionar becas universitarias a estudiantes meritorios de escasos recursos econ\u00f3micos, as\u00ed [&hellip;]<\/p>\n","protected":false},"author":2,"featured_media":0,"comment_status":"closed","ping_status":"open","sticky":false,"template":"","format":"standard","meta":{"footnotes":""},"categories":[15],"tags":[],"yoast_head":"<!-- This site is optimized with the Yoast SEO plugin v24.5 - https:\/\/yoast.com\/wordpress\/plugins\/seo\/ -->\n<title>Banco Popular se integra al fideicomiso Guardianes de la Academia | El Nuevo Norte<\/title>\n<meta name=\"robots\" content=\"index, follow, max-snippet:-1, max-image-preview:large, max-video-preview:-1\" \/>\n<link rel=\"canonical\" href=\"https:\/\/infoelnuevonorte.com\/?p=32660\" \/>\n<meta property=\"og:locale\" content=\"es_ES\" \/>\n<meta property=\"og:type\" content=\"article\" \/>\n<meta property=\"og:title\" content=\"Banco Popular se integra al fideicomiso Guardianes de la Academia | El Nuevo Norte\" \/>\n<meta property=\"og:description\" content=\"Santo Domingo.-\u00a0El Banco Popular\u00a0Dominicano\u00a0y la Fundaci\u00f3n Madre y Maestra informaron la integraci\u00f3n de esta entidad bancaria al fideicomiso filantr\u00f3pico Guardianes de la Academia,\u00a0mediante\u00a0el aporte de US$50,000, que ser\u00e1n distribuidos en un periodo de cinco a\u00f1os. Mediante el acuerdo, el Banco Popular se compromete a proporcionar becas universitarias a estudiantes meritorios de escasos recursos econ\u00f3micos, as\u00ed [&hellip;]\" \/>\n<meta property=\"og:url\" content=\"https:\/\/infoelnuevonorte.com\/?p=32660\" \/>\n<meta property=\"og:site_name\" content=\"El Nuevo Norte\" \/>\n<meta property=\"article:publisher\" content=\"https:\/\/www.facebook.com\/infoenn\" \/>\n<meta property=\"article:published_time\" content=\"2024-07-03T18:41:51+00:00\" \/>\n<meta property=\"article:modified_time\" content=\"2024-07-03T18:41:52+00:00\" \/>\n<meta property=\"og:image\" content=\"https:\/\/infoelnuevonorte.com\/wp-content\/uploads\/2024\/07\/descarga-2024-07-03T143853.772.png\" \/>\n\t<meta property=\"og:image:width\" content=\"697\" \/>\n\t<meta property=\"og:image:height\" content=\"431\" \/>\n\t<meta property=\"og:image:type\" content=\"image\/png\" \/>\n<meta name=\"author\" content=\"T. R.\" \/>\n<meta name=\"twitter:card\" content=\"summary_large_image\" \/>\n<meta name=\"twitter:creator\" content=\"@Elnuevo_norte\" \/>\n<meta name=\"twitter:site\" content=\"@Elnuevo_norte\" \/>\n<meta name=\"twitter:label1\" content=\"Written by\" \/>\n\t<meta name=\"twitter:data1\" content=\"T. R.\" \/>\n\t<meta name=\"twitter:label2\" content=\"Est. reading time\" \/>\n\t<meta name=\"twitter:data2\" content=\"2 minutos\" \/>\n<script type=\"application\/ld+json\" class=\"yoast-schema-graph\">{\"@context\":\"https:\/\/schema.org\",\"@graph\":[{\"@type\":\"Article\",\"@id\":\"https:\/\/infoelnuevonorte.com\/?p=32660#article\",\"isPartOf\":{\"@id\":\"https:\/\/infoelnuevonorte.com\/?p=32660\"},\"author\":{\"name\":\"T. R.\",\"@id\":\"https:\/\/infoelnuevonorte.com\/#\/schema\/person\/3accb35eb55f55e96c492b52d085a403\"},\"headline\":\"Banco Popular se integra al fideicomiso Guardianes de la Academia\",\"datePublished\":\"2024-07-03T18:41:51+00:00\",\"dateModified\":\"2024-07-03T18:41:52+00:00\",\"mainEntityOfPage\":{\"@id\":\"https:\/\/infoelnuevonorte.com\/?p=32660\"},\"wordCount\":402,\"publisher\":{\"@id\":\"https:\/\/infoelnuevonorte.com\/#organization\"},\"articleSection\":[\"Economicas\"],\"inLanguage\":\"es-DO\"},{\"@type\":\"WebPage\",\"@id\":\"https:\/\/infoelnuevonorte.com\/?p=32660\",\"url\":\"https:\/\/infoelnuevonorte.com\/?p=32660\",\"name\":\"Banco Popular se integra al fideicomiso Guardianes de la Academia | El Nuevo Norte\",\"isPartOf\":{\"@id\":\"https:\/\/infoelnuevonorte.com\/#website\"},\"datePublished\":\"2024-07-03T18:41:51+00:00\",\"dateModified\":\"2024-07-03T18:41:52+00:00\",\"breadcrumb\":{\"@id\":\"https:\/\/infoelnuevonorte.com\/?p=32660#breadcrumb\"},\"inLanguage\":\"es-DO\",\"potentialAction\":[{\"@type\":\"ReadAction\",\"target\":[\"https:\/\/infoelnuevonorte.com\/?p=32660\"]}]},{\"@type\":\"BreadcrumbList\",\"@id\":\"https:\/\/infoelnuevonorte.com\/?p=32660#breadcrumb\",\"itemListElement\":[{\"@type\":\"ListItem\",\"position\":1,\"name\":\"Home\",\"item\":\"https:\/\/infoelnuevonorte.com\/\"},{\"@type\":\"ListItem\",\"position\":2,\"name\":\"Banco Popular se integra al fideicomiso Guardianes de la Academia\"}]},{\"@type\":\"WebSite\",\"@id\":\"https:\/\/infoelnuevonorte.com\/#website\",\"url\":\"https:\/\/infoelnuevonorte.com\/\",\"name\":\"InfoEnn\",\"description\":\"Tu Voz, tu Verdad, tu Diario!!!\",\"publisher\":{\"@id\":\"https:\/\/infoelnuevonorte.com\/#organization\"},\"alternateName\":\"El Nuevo Norte\",\"potentialAction\":[{\"@type\":\"SearchAction\",\"target\":{\"@type\":\"EntryPoint\",\"urlTemplate\":\"https:\/\/infoelnuevonorte.com\/?s={search_term_string}\"},\"query-input\":{\"@type\":\"PropertyValueSpecification\",\"valueRequired\":true,\"valueName\":\"search_term_string\"}}],\"inLanguage\":\"es-DO\"},{\"@type\":\"Organization\",\"@id\":\"https:\/\/infoelnuevonorte.com\/#organization\",\"name\":\"Info El Nuevo Norte\",\"alternateName\":\"El Nuevo Norte\",\"url\":\"https:\/\/infoelnuevonorte.com\/\",\"logo\":{\"@type\":\"ImageObject\",\"inLanguage\":\"es-DO\",\"@id\":\"https:\/\/infoelnuevonorte.com\/#\/schema\/logo\/image\/\",\"url\":\"https:\/\/infoelnuevonorte.com\/wp-content\/uploads\/2026\/02\/Logo-Info-enn-3d-20ani.jpeg\",\"contentUrl\":\"https:\/\/infoelnuevonorte.com\/wp-content\/uploads\/2026\/02\/Logo-Info-enn-3d-20ani.jpeg\",\"width\":2046,\"height\":736,\"caption\":\"Info El Nuevo Norte\"},\"image\":{\"@id\":\"https:\/\/infoelnuevonorte.com\/#\/schema\/logo\/image\/\"},\"sameAs\":[\"https:\/\/www.facebook.com\/infoenn\",\"https:\/\/x.com\/Elnuevo_norte\",\"https:\/\/www.instagram.com\/infoenn\",\"https:\/\/www.facebook.com\/ENNRD\"]},{\"@type\":\"Person\",\"@id\":\"https:\/\/infoelnuevonorte.com\/#\/schema\/person\/3accb35eb55f55e96c492b52d085a403\",\"name\":\"T. R.\",\"image\":{\"@type\":\"ImageObject\",\"inLanguage\":\"es-DO\",\"@id\":\"https:\/\/infoelnuevonorte.com\/#\/schema\/person\/image\/\",\"url\":\"https:\/\/secure.gravatar.com\/avatar\/40543a038bda97abdb765b1662e9677d?s=96&d=robohash&r=g\",\"contentUrl\":\"https:\/\/secure.gravatar.com\/avatar\/40543a038bda97abdb765b1662e9677d?s=96&d=robohash&r=g\",\"caption\":\"T. R.\"},\"url\":\"https:\/\/infoelnuevonorte.com\/?author=2\"}]}<\/script>\n<!-- \/ Yoast SEO plugin. -->","yoast_head_json":{"title":"Banco Popular se integra al fideicomiso Guardianes de la Academia | El Nuevo Norte","robots":{"index":"index","follow":"follow","max-snippet":"max-snippet:-1","max-image-preview":"max-image-preview:large","max-video-preview":"max-video-preview:-1"},"canonical":"https:\/\/infoelnuevonorte.com\/?p=32660","og_locale":"es_ES","og_type":"article","og_title":"Banco Popular se integra al fideicomiso Guardianes de la Academia | El Nuevo Norte","og_description":"Santo Domingo.-\u00a0El Banco Popular\u00a0Dominicano\u00a0y la Fundaci\u00f3n Madre y Maestra informaron la integraci\u00f3n de esta entidad bancaria al fideicomiso filantr\u00f3pico Guardianes de la Academia,\u00a0mediante\u00a0el aporte de US$50,000, que ser\u00e1n distribuidos en un periodo de cinco a\u00f1os. Mediante el acuerdo, el Banco Popular se compromete a proporcionar becas universitarias a estudiantes meritorios de escasos recursos econ\u00f3micos, as\u00ed [&hellip;]","og_url":"https:\/\/infoelnuevonorte.com\/?p=32660","og_site_name":"El Nuevo Norte","article_publisher":"https:\/\/www.facebook.com\/infoenn","article_published_time":"2024-07-03T18:41:51+00:00","article_modified_time":"2024-07-03T18:41:52+00:00","og_image":[{"width":697,"height":431,"url":"https:\/\/infoelnuevonorte.com\/wp-content\/uploads\/2024\/07\/descarga-2024-07-03T143853.772.png","type":"image\/png"}],"author":"T. R.","twitter_card":"summary_large_image","twitter_creator":"@Elnuevo_norte","twitter_site":"@Elnuevo_norte","twitter_misc":{"Written by":"T. R.","Est. reading time":"2 minutos"},"schema":{"@context":"https:\/\/schema.org","@graph":[{"@type":"Article","@id":"https:\/\/infoelnuevonorte.com\/?p=32660#article","isPartOf":{"@id":"https:\/\/infoelnuevonorte.com\/?p=32660"},"author":{"name":"T. R.","@id":"https:\/\/infoelnuevonorte.com\/#\/schema\/person\/3accb35eb55f55e96c492b52d085a403"},"headline":"Banco Popular se integra al fideicomiso Guardianes de la Academia","datePublished":"2024-07-03T18:41:51+00:00","dateModified":"2024-07-03T18:41:52+00:00","mainEntityOfPage":{"@id":"https:\/\/infoelnuevonorte.com\/?p=32660"},"wordCount":402,"publisher":{"@id":"https:\/\/infoelnuevonorte.com\/#organization"},"articleSection":["Economicas"],"inLanguage":"es-DO"},{"@type":"WebPage","@id":"https:\/\/infoelnuevonorte.com\/?p=32660","url":"https:\/\/infoelnuevonorte.com\/?p=32660","name":"Banco Popular se integra al fideicomiso Guardianes de la Academia | El Nuevo Norte","isPartOf":{"@id":"https:\/\/infoelnuevonorte.com\/#website"},"datePublished":"2024-07-03T18:41:51+00:00","dateModified":"2024-07-03T18:41:52+00:00","breadcrumb":{"@id":"https:\/\/infoelnuevonorte.com\/?p=32660#breadcrumb"},"inLanguage":"es-DO","potentialAction":[{"@type":"ReadAction","target":["https:\/\/infoelnuevonorte.com\/?p=32660"]}]},{"@type":"BreadcrumbList","@id":"https:\/\/infoelnuevonorte.com\/?p=32660#breadcrumb","itemListElement":[{"@type":"ListItem","position":1,"name":"Home","item":"https:\/\/infoelnuevonorte.com\/"},{"@type":"ListItem","position":2,"name":"Banco Popular se integra al fideicomiso Guardianes de la Academia"}]},{"@type":"WebSite","@id":"https:\/\/infoelnuevonorte.com\/#website","url":"https:\/\/infoelnuevonorte.com\/","name":"InfoEnn","description":"Tu Voz, tu Verdad, tu Diario!!!","publisher":{"@id":"https:\/\/infoelnuevonorte.com\/#organization"},"alternateName":"El Nuevo Norte","potentialAction":[{"@type":"SearchAction","target":{"@type":"EntryPoint","urlTemplate":"https:\/\/infoelnuevonorte.com\/?s={search_term_string}"},"query-input":{"@type":"PropertyValueSpecification","valueRequired":true,"valueName":"search_term_string"}}],"inLanguage":"es-DO"},{"@type":"Organization","@id":"https:\/\/infoelnuevonorte.com\/#organization","name":"Info El Nuevo Norte","alternateName":"El Nuevo Norte","url":"https:\/\/infoelnuevonorte.com\/","logo":{"@type":"ImageObject","inLanguage":"es-DO","@id":"https:\/\/infoelnuevonorte.com\/#\/schema\/logo\/image\/","url":"https:\/\/infoelnuevonorte.com\/wp-content\/uploads\/2026\/02\/Logo-Info-enn-3d-20ani.jpeg","contentUrl":"https:\/\/infoelnuevonorte.com\/wp-content\/uploads\/2026\/02\/Logo-Info-enn-3d-20ani.jpeg","width":2046,"height":736,"caption":"Info El Nuevo Norte"},"image":{"@id":"https:\/\/infoelnuevonorte.com\/#\/schema\/logo\/image\/"},"sameAs":["https:\/\/www.facebook.com\/infoenn","https:\/\/x.com\/Elnuevo_norte","https:\/\/www.instagram.com\/infoenn","https:\/\/www.facebook.com\/ENNRD"]},{"@type":"Person","@id":"https:\/\/infoelnuevonorte.com\/#\/schema\/person\/3accb35eb55f55e96c492b52d085a403","name":"T. R.","image":{"@type":"ImageObject","inLanguage":"es-DO","@id":"https:\/\/infoelnuevonorte.com\/#\/schema\/person\/image\/","url":"https:\/\/secure.gravatar.com\/avatar\/40543a038bda97abdb765b1662e9677d?s=96&d=robohash&r=g","contentUrl":"https:\/\/secure.gravatar.com\/avatar\/40543a038bda97abdb765b1662e9677d?s=96&d=robohash&r=g","caption":"T. R."},"url":"https:\/\/infoelnuevonorte.com\/?author=2"}]}},"_links":{"self":[{"href":"https:\/\/infoelnuevonorte.com\/index.php?rest_route=\/wp\/v2\/posts\/32660"}],"collection":[{"href":"https:\/\/infoelnuevonorte.com\/index.php?rest_route=\/wp\/v2\/posts"}],"about":[{"href":"https:\/\/infoelnuevonorte.com\/index.php?rest_route=\/wp\/v2\/types\/post"}],"author":[{"embeddable":true,"href":"https:\/\/infoelnuevonorte.com\/index.php?rest_route=\/wp\/v2\/users\/2"}],"replies":[{"embeddable":true,"href":"https:\/\/infoelnuevonorte.com\/index.php?rest_route=%2Fwp%2Fv2%2Fcomments&post=32660"}],"version-history":[{"count":0,"href":"https:\/\/infoelnuevonorte.com\/index.php?rest_route=\/wp\/v2\/posts\/32660\/revisions"}],"wp:attachment":[{"href":"https:\/\/infoelnuevonorte.com\/index.php?rest_route=%2Fwp%2Fv2%2Fmedia&parent=32660"}],"wp:term":[{"taxonomy":"category","embeddable":true,"href":"https:\/\/infoelnuevonorte.com\/index.php?rest_route=%2Fwp%2Fv2%2Fcategories&post=32660"},{"taxonomy":"post_tag","embeddable":true,"href":"https:\/\/infoelnuevonorte.com\/index.php?rest_route=%2Fwp%2Fv2%2Ftags&post=32660"}],"curies":[{"name":"wp","href":"https:\/\/api.w.org\/{rel}","templated":true}]}}