{"id":32787,"date":"2024-07-04T08:12:03","date_gmt":"2024-07-04T12:12:03","guid":{"rendered":"https:\/\/infoelnuevonorte.com\/?p=32787"},"modified":"2024-07-04T08:12:05","modified_gmt":"2024-07-04T12:12:05","slug":"conep-aboga-por-pacto-de-nacion-con-reformas-para-evitar-crisis","status":"publish","type":"post","link":"https:\/\/infoelnuevonorte.com\/?p=32787","title":{"rendered":"Conep aboga por pacto de naci\u00f3n con reformas para evitar crisis"},"content":{"rendered":"<div class=\"post-media post-featured-image\">\n<p style=\"text-align: justify\">\n<\/div>\n<div class=\"entry-content\">\n<p style=\"text-align: justify\"><strong>Santo Domingo<\/strong>\u00a0.-Rep\u00fablica Dominicana tiene en estos momentos la oportunidad de preparar el escenario de crecimiento econ\u00f3mico y social para los pr\u00f3ximos 30 a\u00f1os, a trav\u00e9s de un pacto de naci\u00f3n, plantea el Consejo Nacional de la Empresa Privada (Conep).<\/p>\n<p style=\"text-align: justify\">El mismo debe abordar algunas distorsiones actuales, como la lucha contra el il\u00edcito, la equidad fiscal, actualizaci\u00f3n del C\u00f3digo Tributario, para que sea m\u00e1s \u00e1gil y eficiente, que contenga gradualidad en algunas de las medidas.<\/p>\n<p style=\"text-align: justify\">Adem\u00e1s que aborde la calidad del gasto, detalla Celso Juan Marranzini, presidente del Conep, durante su participaci\u00f3n en el Almuerzo del Grupo de Comunicaciones Corripio, en el que estuvo acompa\u00f1ado de Julio Brache, primer vicepresidente del Conep, y presidente de la Asociaci\u00f3n Dominicana de Industrias de la Rep\u00fablica Dominicana, y Laura Pe\u00f1a Izquierdo, presidenta de la Confederaci\u00f3n Patronal de la Rep\u00fablica Dominicana, y miembro del gremio empresarial.<\/p>\n<p style=\"text-align: justify\"><strong>Otros ejes centrales <\/strong>Transformar el sector el\u00e9ctrico y la educaci\u00f3n es otro tema clave que deben de abordarse, apunta Marranzini al indicar que en el caso del pacto el\u00e9ctrico se debe reducir las p\u00e9rdidas y las transferencias econ\u00f3micas a ese sector, las cuales impactan el presupuesto nacional y la calidad del gasto. Agreg\u00f3 que de esa manera se podr\u00e1 redirigir esos recursos en obras o infraestructuras que requiere la poblaci\u00f3n, como tambi\u00e9n en salud y seguridad ciudadana.<\/p>\n<p style=\"text-align: justify\">El gremio entiende que la discusi\u00f3n debe enfocarse en mejorar los ingresos , mantener el clima de confianza, atraer las inversiones extranjeras y mejorar la calidad del gasto de manera que el pa\u00eds alcance el grado de inversi\u00f3n y competitividad.<\/p>\n<p style=\"text-align: justify\">Celso Juan Marranzini enfatiza que el pa\u00eds est\u00e1 en el mejor momento para comenzar a tratar esos temas, los cuales est\u00e1n contenidos en la D\u00e9cima Conversi\u00f3n Empresarial como propuestas estrat\u00e9gicas, y advirti\u00f3 que no se debe esperar a una crisis para comenzar a trabajar en esos cambios.<\/p>\n<p style=\"text-align: justify\">\u201cPartimos de un escenario de crecimiento econ\u00f3mico por encima de 5 % por ciento anual durante 50 a\u00f1os, con estabilidad econ\u00f3mica, pol\u00edtica y la paz social (con sus algunos momentos de altibajos, pero siempre han primado las soluciones)\u201d, manifest\u00f3 al explicar que en Latinoam\u00e9rica vive un momento convulso en el que existe inestabilidad econ\u00f3mica con las medidas aplicadas para reducir los niveles inflaci\u00f3n y ajustes tras la pandemia.<\/p>\n<p style=\"text-align: justify\">Asever\u00f3 que esa inestabilidad en los pa\u00edses de la regi\u00f3n en conflicto se traduce en mal comportamiento econ\u00f3mico y en desesperanza en contra el bienestar de los ciudadanos.<\/p>\n<p style=\"text-align: justify\">Resalt\u00f3 que es el momento id\u00f3neo para realizar un pacto nacional en un marco de estabilidad econ\u00f3mica, pol\u00edtica y social, y no en una crisis.<\/p>\n<p style=\"text-align: justify\">\u201cEn 1992 los acuerdos se aceleraron porque el pa\u00eds estaba inmerso en una de las peores crisis de la \u00e9poca moderna, y tenemos ahora una gran oportunidad de hacerlo. \u00a1y pinta que es ahora! o esperar llegar a la crisis\u201d, alert\u00f3.<\/p>\n<p style=\"text-align: justify\"><strong>Otras necesidades <\/strong>El liderazgo pol\u00edtico, empresarial y social debe jugar su rol para seguir avanzado, sugiere Marranzini al explicar que sin mejoras en la educaci\u00f3n, en electricidad, laboral y fiscal, es cuesta arriba decir que el pa\u00eds es una historia de \u00e9xito que logra crecimiento econ\u00f3mico y bienestar social.<\/p>\n<p style=\"text-align: justify\">En cuanto a la informalidad, dice es otro tema que preocupa al gremio, por lo que ven como necesario accionar desde la actualizaci\u00f3n del C\u00f3digo Laboral, el cual debe fortalecer la seguridad social, elevar el salario real, promover el primer empleo, mantener los derechos adquiridos de los trabajadores.<\/p>\n<p style=\"text-align: justify\">\u201cEse C\u00f3digo Laboral debe permitir seguir creando empleo, disminuyendo la informalidad y mejorando los salarios\u201d, subraya Marranzini. De su lado, Julio Brache se\u00f1al\u00f3 que el primer empleo se est\u00e1 planteando dentro de las reformas con la creaci\u00f3n de pasant\u00edas adecuadas.<\/p>\n<p style=\"text-align: justify\">Al referirse a la educaci\u00f3n, el gremio empresarial lament\u00f3 lo que est\u00e1 pasando en ese sector en los \u00faltimos 20 a\u00f1os, den el que tiene gran incidencia el tema pol\u00edtico, porque un ministro de Educaci\u00f3n no dura dos a\u00f1os, mientras afirma que hay un sindicato de profesores que no le interesa la calidad de la educaci\u00f3n, sino sus propios intereses, cuando ese es el tema m\u00e1s importante de la reforma, porque de eso depende el crecimiento econ\u00f3mico del pa\u00eds, sobre todo en un mundo que se transforma con tecnolog\u00eda y en un momento donde sin capital humano no hay crecimiento econ\u00f3mico.<\/p>\n<p style=\"text-align: justify\"><strong>Industriales optimistas mejore crisis en Hait\u00ed<\/strong><br \/>\nExportaciones. El sector industrial esta optimista de que con despegue de las tropas de Kenia en Ha\u00edti las condiciones de incertidumbre y dominio de las pandillas mejore, y as\u00ed poder recuperar el intercambio comercial con esa naci\u00f3n.<\/p>\n<p style=\"text-align: justify\">Las condiciones empezaron a mejorar con el corredor seguro del aeropuerto a la ciudad y de puertos a los mercados.<br \/>\nJulio Brache se\u00f1al\u00f3 que ese mercado significa para los dominicanos exportaciones por 1,200 millones de d\u00f3lares anuales, pero con los conflictos se redujo un 20 % en el \u00faltimo a\u00f1o, ya que no pueden entrar ni v\u00eda terrestre ni mar\u00edtima.<\/p>\n<\/div>\n","protected":false},"excerpt":{"rendered":"<p>Santo Domingo\u00a0.-Rep\u00fablica Dominicana tiene en estos momentos la oportunidad de preparar el escenario de crecimiento econ\u00f3mico y social para los pr\u00f3ximos 30 a\u00f1os, a trav\u00e9s de un pacto de naci\u00f3n, plantea el Consejo Nacional de la Empresa Privada (Conep). El mismo debe abordar algunas distorsiones actuales, como la lucha contra el il\u00edcito, la equidad fiscal, [&hellip;]<\/p>\n","protected":false},"author":2,"featured_media":0,"comment_status":"closed","ping_status":"open","sticky":false,"template":"","format":"standard","meta":{"footnotes":""},"categories":[8],"tags":[],"yoast_head":"<!-- This site is optimized with the Yoast SEO plugin v24.5 - https:\/\/yoast.com\/wordpress\/plugins\/seo\/ -->\n<title>Conep aboga por pacto de naci\u00f3n con reformas para evitar crisis | El Nuevo Norte<\/title>\n<meta name=\"robots\" content=\"index, follow, max-snippet:-1, max-image-preview:large, max-video-preview:-1\" \/>\n<link rel=\"canonical\" href=\"https:\/\/infoelnuevonorte.com\/?p=32787\" \/>\n<meta property=\"og:locale\" content=\"es_ES\" \/>\n<meta property=\"og:type\" content=\"article\" \/>\n<meta property=\"og:title\" content=\"Conep aboga por pacto de naci\u00f3n con reformas para evitar crisis | El Nuevo Norte\" \/>\n<meta property=\"og:description\" content=\"Santo Domingo\u00a0.-Rep\u00fablica Dominicana tiene en estos momentos la oportunidad de preparar el escenario de crecimiento econ\u00f3mico y social para los pr\u00f3ximos 30 a\u00f1os, a trav\u00e9s de un pacto de naci\u00f3n, plantea el Consejo Nacional de la Empresa Privada (Conep). El mismo debe abordar algunas distorsiones actuales, como la lucha contra el il\u00edcito, la equidad fiscal, [&hellip;]\" \/>\n<meta property=\"og:url\" content=\"https:\/\/infoelnuevonorte.com\/?p=32787\" \/>\n<meta property=\"og:site_name\" content=\"El Nuevo Norte\" \/>\n<meta property=\"article:publisher\" content=\"https:\/\/www.facebook.com\/infoenn\" \/>\n<meta property=\"article:published_time\" content=\"2024-07-04T12:12:03+00:00\" \/>\n<meta property=\"article:modified_time\" content=\"2024-07-04T12:12:05+00:00\" \/>\n<meta property=\"og:image\" content=\"https:\/\/infoelnuevonorte.com\/wp-content\/uploads\/2024\/07\/descarga-2024-07-04T080407.459.png\" \/>\n\t<meta property=\"og:image:width\" content=\"1228\" \/>\n\t<meta property=\"og:image:height\" content=\"1298\" \/>\n\t<meta property=\"og:image:type\" content=\"image\/png\" \/>\n<meta name=\"author\" content=\"T. R.\" \/>\n<meta name=\"twitter:card\" content=\"summary_large_image\" \/>\n<meta name=\"twitter:creator\" content=\"@Elnuevo_norte\" \/>\n<meta name=\"twitter:site\" content=\"@Elnuevo_norte\" \/>\n<meta name=\"twitter:label1\" content=\"Written by\" \/>\n\t<meta name=\"twitter:data1\" content=\"T. R.\" \/>\n\t<meta name=\"twitter:label2\" content=\"Est. reading time\" \/>\n\t<meta name=\"twitter:data2\" content=\"4 minutos\" \/>\n<script type=\"application\/ld+json\" class=\"yoast-schema-graph\">{\"@context\":\"https:\/\/schema.org\",\"@graph\":[{\"@type\":\"Article\",\"@id\":\"https:\/\/infoelnuevonorte.com\/?p=32787#article\",\"isPartOf\":{\"@id\":\"https:\/\/infoelnuevonorte.com\/?p=32787\"},\"author\":{\"name\":\"T. R.\",\"@id\":\"https:\/\/infoelnuevonorte.com\/#\/schema\/person\/3accb35eb55f55e96c492b52d085a403\"},\"headline\":\"Conep aboga por pacto de naci\u00f3n con reformas para evitar crisis\",\"datePublished\":\"2024-07-04T12:12:03+00:00\",\"dateModified\":\"2024-07-04T12:12:05+00:00\",\"mainEntityOfPage\":{\"@id\":\"https:\/\/infoelnuevonorte.com\/?p=32787\"},\"wordCount\":886,\"publisher\":{\"@id\":\"https:\/\/infoelnuevonorte.com\/#organization\"},\"articleSection\":[\"Nacionales\"],\"inLanguage\":\"es-DO\"},{\"@type\":\"WebPage\",\"@id\":\"https:\/\/infoelnuevonorte.com\/?p=32787\",\"url\":\"https:\/\/infoelnuevonorte.com\/?p=32787\",\"name\":\"Conep aboga por pacto de naci\u00f3n con reformas para evitar crisis | El Nuevo Norte\",\"isPartOf\":{\"@id\":\"https:\/\/infoelnuevonorte.com\/#website\"},\"datePublished\":\"2024-07-04T12:12:03+00:00\",\"dateModified\":\"2024-07-04T12:12:05+00:00\",\"breadcrumb\":{\"@id\":\"https:\/\/infoelnuevonorte.com\/?p=32787#breadcrumb\"},\"inLanguage\":\"es-DO\",\"potentialAction\":[{\"@type\":\"ReadAction\",\"target\":[\"https:\/\/infoelnuevonorte.com\/?p=32787\"]}]},{\"@type\":\"BreadcrumbList\",\"@id\":\"https:\/\/infoelnuevonorte.com\/?p=32787#breadcrumb\",\"itemListElement\":[{\"@type\":\"ListItem\",\"position\":1,\"name\":\"Home\",\"item\":\"https:\/\/infoelnuevonorte.com\/\"},{\"@type\":\"ListItem\",\"position\":2,\"name\":\"Conep aboga por pacto de naci\u00f3n con reformas para evitar crisis\"}]},{\"@type\":\"WebSite\",\"@id\":\"https:\/\/infoelnuevonorte.com\/#website\",\"url\":\"https:\/\/infoelnuevonorte.com\/\",\"name\":\"InfoEnn\",\"description\":\"Tu Voz, tu Verdad, tu Diario!!!\",\"publisher\":{\"@id\":\"https:\/\/infoelnuevonorte.com\/#organization\"},\"alternateName\":\"El Nuevo Norte\",\"potentialAction\":[{\"@type\":\"SearchAction\",\"target\":{\"@type\":\"EntryPoint\",\"urlTemplate\":\"https:\/\/infoelnuevonorte.com\/?s={search_term_string}\"},\"query-input\":{\"@type\":\"PropertyValueSpecification\",\"valueRequired\":true,\"valueName\":\"search_term_string\"}}],\"inLanguage\":\"es-DO\"},{\"@type\":\"Organization\",\"@id\":\"https:\/\/infoelnuevonorte.com\/#organization\",\"name\":\"Info El Nuevo Norte\",\"alternateName\":\"El Nuevo Norte\",\"url\":\"https:\/\/infoelnuevonorte.com\/\",\"logo\":{\"@type\":\"ImageObject\",\"inLanguage\":\"es-DO\",\"@id\":\"https:\/\/infoelnuevonorte.com\/#\/schema\/logo\/image\/\",\"url\":\"https:\/\/infoelnuevonorte.com\/wp-content\/uploads\/2026\/02\/Logo-Info-enn-3d-20ani.jpeg\",\"contentUrl\":\"https:\/\/infoelnuevonorte.com\/wp-content\/uploads\/2026\/02\/Logo-Info-enn-3d-20ani.jpeg\",\"width\":2046,\"height\":736,\"caption\":\"Info El Nuevo Norte\"},\"image\":{\"@id\":\"https:\/\/infoelnuevonorte.com\/#\/schema\/logo\/image\/\"},\"sameAs\":[\"https:\/\/www.facebook.com\/infoenn\",\"https:\/\/x.com\/Elnuevo_norte\",\"https:\/\/www.instagram.com\/infoenn\",\"https:\/\/www.facebook.com\/ENNRD\"]},{\"@type\":\"Person\",\"@id\":\"https:\/\/infoelnuevonorte.com\/#\/schema\/person\/3accb35eb55f55e96c492b52d085a403\",\"name\":\"T. R.\",\"image\":{\"@type\":\"ImageObject\",\"inLanguage\":\"es-DO\",\"@id\":\"https:\/\/infoelnuevonorte.com\/#\/schema\/person\/image\/\",\"url\":\"https:\/\/secure.gravatar.com\/avatar\/40543a038bda97abdb765b1662e9677d?s=96&d=robohash&r=g\",\"contentUrl\":\"https:\/\/secure.gravatar.com\/avatar\/40543a038bda97abdb765b1662e9677d?s=96&d=robohash&r=g\",\"caption\":\"T. R.\"},\"url\":\"https:\/\/infoelnuevonorte.com\/?author=2\"}]}<\/script>\n<!-- \/ Yoast SEO plugin. -->","yoast_head_json":{"title":"Conep aboga por pacto de naci\u00f3n con reformas para evitar crisis | El Nuevo Norte","robots":{"index":"index","follow":"follow","max-snippet":"max-snippet:-1","max-image-preview":"max-image-preview:large","max-video-preview":"max-video-preview:-1"},"canonical":"https:\/\/infoelnuevonorte.com\/?p=32787","og_locale":"es_ES","og_type":"article","og_title":"Conep aboga por pacto de naci\u00f3n con reformas para evitar crisis | El Nuevo Norte","og_description":"Santo Domingo\u00a0.-Rep\u00fablica Dominicana tiene en estos momentos la oportunidad de preparar el escenario de crecimiento econ\u00f3mico y social para los pr\u00f3ximos 30 a\u00f1os, a trav\u00e9s de un pacto de naci\u00f3n, plantea el Consejo Nacional de la Empresa Privada (Conep). El mismo debe abordar algunas distorsiones actuales, como la lucha contra el il\u00edcito, la equidad fiscal, [&hellip;]","og_url":"https:\/\/infoelnuevonorte.com\/?p=32787","og_site_name":"El Nuevo Norte","article_publisher":"https:\/\/www.facebook.com\/infoenn","article_published_time":"2024-07-04T12:12:03+00:00","article_modified_time":"2024-07-04T12:12:05+00:00","og_image":[{"width":1228,"height":1298,"url":"https:\/\/infoelnuevonorte.com\/wp-content\/uploads\/2024\/07\/descarga-2024-07-04T080407.459.png","type":"image\/png"}],"author":"T. R.","twitter_card":"summary_large_image","twitter_creator":"@Elnuevo_norte","twitter_site":"@Elnuevo_norte","twitter_misc":{"Written by":"T. R.","Est. reading time":"4 minutos"},"schema":{"@context":"https:\/\/schema.org","@graph":[{"@type":"Article","@id":"https:\/\/infoelnuevonorte.com\/?p=32787#article","isPartOf":{"@id":"https:\/\/infoelnuevonorte.com\/?p=32787"},"author":{"name":"T. R.","@id":"https:\/\/infoelnuevonorte.com\/#\/schema\/person\/3accb35eb55f55e96c492b52d085a403"},"headline":"Conep aboga por pacto de naci\u00f3n con reformas para evitar crisis","datePublished":"2024-07-04T12:12:03+00:00","dateModified":"2024-07-04T12:12:05+00:00","mainEntityOfPage":{"@id":"https:\/\/infoelnuevonorte.com\/?p=32787"},"wordCount":886,"publisher":{"@id":"https:\/\/infoelnuevonorte.com\/#organization"},"articleSection":["Nacionales"],"inLanguage":"es-DO"},{"@type":"WebPage","@id":"https:\/\/infoelnuevonorte.com\/?p=32787","url":"https:\/\/infoelnuevonorte.com\/?p=32787","name":"Conep aboga por pacto de naci\u00f3n con reformas para evitar crisis | El Nuevo Norte","isPartOf":{"@id":"https:\/\/infoelnuevonorte.com\/#website"},"datePublished":"2024-07-04T12:12:03+00:00","dateModified":"2024-07-04T12:12:05+00:00","breadcrumb":{"@id":"https:\/\/infoelnuevonorte.com\/?p=32787#breadcrumb"},"inLanguage":"es-DO","potentialAction":[{"@type":"ReadAction","target":["https:\/\/infoelnuevonorte.com\/?p=32787"]}]},{"@type":"BreadcrumbList","@id":"https:\/\/infoelnuevonorte.com\/?p=32787#breadcrumb","itemListElement":[{"@type":"ListItem","position":1,"name":"Home","item":"https:\/\/infoelnuevonorte.com\/"},{"@type":"ListItem","position":2,"name":"Conep aboga por pacto de naci\u00f3n con reformas para evitar crisis"}]},{"@type":"WebSite","@id":"https:\/\/infoelnuevonorte.com\/#website","url":"https:\/\/infoelnuevonorte.com\/","name":"InfoEnn","description":"Tu Voz, tu Verdad, tu Diario!!!","publisher":{"@id":"https:\/\/infoelnuevonorte.com\/#organization"},"alternateName":"El Nuevo Norte","potentialAction":[{"@type":"SearchAction","target":{"@type":"EntryPoint","urlTemplate":"https:\/\/infoelnuevonorte.com\/?s={search_term_string}"},"query-input":{"@type":"PropertyValueSpecification","valueRequired":true,"valueName":"search_term_string"}}],"inLanguage":"es-DO"},{"@type":"Organization","@id":"https:\/\/infoelnuevonorte.com\/#organization","name":"Info El Nuevo Norte","alternateName":"El Nuevo Norte","url":"https:\/\/infoelnuevonorte.com\/","logo":{"@type":"ImageObject","inLanguage":"es-DO","@id":"https:\/\/infoelnuevonorte.com\/#\/schema\/logo\/image\/","url":"https:\/\/infoelnuevonorte.com\/wp-content\/uploads\/2026\/02\/Logo-Info-enn-3d-20ani.jpeg","contentUrl":"https:\/\/infoelnuevonorte.com\/wp-content\/uploads\/2026\/02\/Logo-Info-enn-3d-20ani.jpeg","width":2046,"height":736,"caption":"Info El Nuevo Norte"},"image":{"@id":"https:\/\/infoelnuevonorte.com\/#\/schema\/logo\/image\/"},"sameAs":["https:\/\/www.facebook.com\/infoenn","https:\/\/x.com\/Elnuevo_norte","https:\/\/www.instagram.com\/infoenn","https:\/\/www.facebook.com\/ENNRD"]},{"@type":"Person","@id":"https:\/\/infoelnuevonorte.com\/#\/schema\/person\/3accb35eb55f55e96c492b52d085a403","name":"T. R.","image":{"@type":"ImageObject","inLanguage":"es-DO","@id":"https:\/\/infoelnuevonorte.com\/#\/schema\/person\/image\/","url":"https:\/\/secure.gravatar.com\/avatar\/40543a038bda97abdb765b1662e9677d?s=96&d=robohash&r=g","contentUrl":"https:\/\/secure.gravatar.com\/avatar\/40543a038bda97abdb765b1662e9677d?s=96&d=robohash&r=g","caption":"T. R."},"url":"https:\/\/infoelnuevonorte.com\/?author=2"}]}},"_links":{"self":[{"href":"https:\/\/infoelnuevonorte.com\/index.php?rest_route=\/wp\/v2\/posts\/32787"}],"collection":[{"href":"https:\/\/infoelnuevonorte.com\/index.php?rest_route=\/wp\/v2\/posts"}],"about":[{"href":"https:\/\/infoelnuevonorte.com\/index.php?rest_route=\/wp\/v2\/types\/post"}],"author":[{"embeddable":true,"href":"https:\/\/infoelnuevonorte.com\/index.php?rest_route=\/wp\/v2\/users\/2"}],"replies":[{"embeddable":true,"href":"https:\/\/infoelnuevonorte.com\/index.php?rest_route=%2Fwp%2Fv2%2Fcomments&post=32787"}],"version-history":[{"count":0,"href":"https:\/\/infoelnuevonorte.com\/index.php?rest_route=\/wp\/v2\/posts\/32787\/revisions"}],"wp:attachment":[{"href":"https:\/\/infoelnuevonorte.com\/index.php?rest_route=%2Fwp%2Fv2%2Fmedia&parent=32787"}],"wp:term":[{"taxonomy":"category","embeddable":true,"href":"https:\/\/infoelnuevonorte.com\/index.php?rest_route=%2Fwp%2Fv2%2Fcategories&post=32787"},{"taxonomy":"post_tag","embeddable":true,"href":"https:\/\/infoelnuevonorte.com\/index.php?rest_route=%2Fwp%2Fv2%2Ftags&post=32787"}],"curies":[{"name":"wp","href":"https:\/\/api.w.org\/{rel}","templated":true}]}}