{"id":3279,"date":"2023-10-27T13:09:59","date_gmt":"2023-10-27T17:09:59","guid":{"rendered":"https:\/\/infoelnuevonorte.com\/?p=3279"},"modified":"2023-10-27T13:10:01","modified_gmt":"2023-10-27T17:10:01","slug":"la-espanola-world2fly-llevara-a-turistas-checos-a-republica-dominicana","status":"publish","type":"post","link":"https:\/\/infoelnuevonorte.com\/?p=3279","title":{"rendered":"La espa\u00f1ola World2Fly llevar\u00e1 a turistas checos a Rep\u00fablica Dominicana"},"content":{"rendered":"<p style=\"text-align: justify;\">La aerol\u00ednea espa\u00f1ola World2Fly (Grupo Ibersotar) cuenta con el visto bueno de la Junta de Aviaci\u00f3n Civil (JAC) de Rep\u00fablica Dominicana para poder iniciar vuelos desde Chequia.<\/p>\n<p style=\"text-align: justify;\">En concreto, a partir del 1 de noviembre, pondr\u00e1 en servicio la ruta Praga-Punta Cana-Praga gracias a un permiso especial, ya que esta ruta no estaba incluida en contenida en ning\u00fan Permiso de Operaci\u00f3n ni Certificado de Autorizaci\u00f3n Econ\u00f3mica previo.<\/p>\n<p style=\"text-align: justify;\">Tal y como se\u00f1ala Jos\u00e9 Ernesto Marte Piantini, presidente de la JAC, esta nueva ruta \u201cpermitir\u00eda atraer a suelo dominicano pasajeros procedentes de destinos no tradicionales\u201d y recalc\u00f3 el trabajo que se est\u00e1 realizando para expandir la aviaci\u00f3n comercial especialmente en \u201cmercados estrat\u00e9gicos europeos\u201d. La aerol\u00ednea espa\u00f1ola World2Fly (Grupo Ibersotar) cuenta con el visto bueno de la Junta de Aviaci\u00f3n Civil (JAC) de Rep\u00fablica Dominicana para poder iniciar vuelos desde Chequia.<\/p>\n","protected":false},"excerpt":{"rendered":"<p>La aerol\u00ednea espa\u00f1ola World2Fly (Grupo Ibersotar) cuenta con el visto bueno de la Junta de Aviaci\u00f3n Civil (JAC) de Rep\u00fablica Dominicana para poder iniciar vuelos desde Chequia. En concreto, a partir del 1 de noviembre, pondr\u00e1 en servicio la ruta Praga-Punta Cana-Praga gracias a un permiso especial, ya que esta ruta no estaba incluida en [&hellip;]<\/p>\n","protected":false},"author":1,"featured_media":0,"comment_status":"closed","ping_status":"open","sticky":false,"template":"","format":"standard","meta":{"footnotes":""},"categories":[2,16],"tags":[],"yoast_head":"<!-- This site is optimized with the Yoast SEO plugin v24.5 - https:\/\/yoast.com\/wordpress\/plugins\/seo\/ -->\n<title>La espa\u00f1ola World2Fly llevar\u00e1 a turistas checos a Rep\u00fablica Dominicana | El Nuevo Norte<\/title>\n<meta name=\"robots\" content=\"index, follow, max-snippet:-1, max-image-preview:large, max-video-preview:-1\" \/>\n<link rel=\"canonical\" href=\"https:\/\/infoelnuevonorte.com\/?p=3279\" \/>\n<meta property=\"og:locale\" content=\"es_ES\" \/>\n<meta property=\"og:type\" content=\"article\" \/>\n<meta property=\"og:title\" content=\"La espa\u00f1ola World2Fly llevar\u00e1 a turistas checos a Rep\u00fablica Dominicana | El Nuevo Norte\" \/>\n<meta property=\"og:description\" content=\"La aerol\u00ednea espa\u00f1ola World2Fly (Grupo Ibersotar) cuenta con el visto bueno de la Junta de Aviaci\u00f3n Civil (JAC) de Rep\u00fablica Dominicana para poder iniciar vuelos desde Chequia. En concreto, a partir del 1 de noviembre, pondr\u00e1 en servicio la ruta Praga-Punta Cana-Praga gracias a un permiso especial, ya que esta ruta no estaba incluida en [&hellip;]\" \/>\n<meta property=\"og:url\" content=\"https:\/\/infoelnuevonorte.com\/?p=3279\" \/>\n<meta property=\"og:site_name\" content=\"El Nuevo Norte\" \/>\n<meta property=\"article:publisher\" content=\"https:\/\/www.facebook.com\/infoenn\" \/>\n<meta property=\"article:published_time\" content=\"2023-10-27T17:09:59+00:00\" \/>\n<meta property=\"article:modified_time\" content=\"2023-10-27T17:10:01+00:00\" \/>\n<meta property=\"og:image\" content=\"https:\/\/infoelnuevonorte.com\/wp-content\/uploads\/2023\/10\/worldfly.png\" \/>\n\t<meta property=\"og:image:width\" content=\"900\" \/>\n\t<meta property=\"og:image:height\" content=\"600\" \/>\n\t<meta property=\"og:image:type\" content=\"image\/png\" \/>\n<meta name=\"author\" content=\"InfoEnn\" \/>\n<meta name=\"twitter:card\" content=\"summary_large_image\" \/>\n<meta name=\"twitter:creator\" content=\"@Elnuevo_norte\" \/>\n<meta name=\"twitter:site\" content=\"@Elnuevo_norte\" \/>\n<meta name=\"twitter:label1\" content=\"Written by\" \/>\n\t<meta name=\"twitter:data1\" content=\"InfoEnn\" \/>\n\t<meta name=\"twitter:label2\" content=\"Est. reading time\" \/>\n\t<meta name=\"twitter:data2\" content=\"1 minuto\" \/>\n<script type=\"application\/ld+json\" class=\"yoast-schema-graph\">{\"@context\":\"https:\/\/schema.org\",\"@graph\":[{\"@type\":\"Article\",\"@id\":\"https:\/\/infoelnuevonorte.com\/?p=3279#article\",\"isPartOf\":{\"@id\":\"https:\/\/infoelnuevonorte.com\/?p=3279\"},\"author\":{\"name\":\"InfoEnn\",\"@id\":\"https:\/\/infoelnuevonorte.com\/#\/schema\/person\/fd4f6d90afe41260818b4ea94ad8ab84\"},\"headline\":\"La espa\u00f1ola World2Fly llevar\u00e1 a turistas checos a Rep\u00fablica Dominicana\",\"datePublished\":\"2023-10-27T17:09:59+00:00\",\"dateModified\":\"2023-10-27T17:10:01+00:00\",\"mainEntityOfPage\":{\"@id\":\"https:\/\/infoelnuevonorte.com\/?p=3279\"},\"wordCount\":168,\"publisher\":{\"@id\":\"https:\/\/infoelnuevonorte.com\/#organization\"},\"articleSection\":[\"Actualidad |\",\"Turismo\"],\"inLanguage\":\"es-DO\"},{\"@type\":\"WebPage\",\"@id\":\"https:\/\/infoelnuevonorte.com\/?p=3279\",\"url\":\"https:\/\/infoelnuevonorte.com\/?p=3279\",\"name\":\"La espa\u00f1ola World2Fly llevar\u00e1 a turistas checos a Rep\u00fablica Dominicana | El Nuevo Norte\",\"isPartOf\":{\"@id\":\"https:\/\/infoelnuevonorte.com\/#website\"},\"datePublished\":\"2023-10-27T17:09:59+00:00\",\"dateModified\":\"2023-10-27T17:10:01+00:00\",\"breadcrumb\":{\"@id\":\"https:\/\/infoelnuevonorte.com\/?p=3279#breadcrumb\"},\"inLanguage\":\"es-DO\",\"potentialAction\":[{\"@type\":\"ReadAction\",\"target\":[\"https:\/\/infoelnuevonorte.com\/?p=3279\"]}]},{\"@type\":\"BreadcrumbList\",\"@id\":\"https:\/\/infoelnuevonorte.com\/?p=3279#breadcrumb\",\"itemListElement\":[{\"@type\":\"ListItem\",\"position\":1,\"name\":\"Home\",\"item\":\"https:\/\/infoelnuevonorte.com\/\"},{\"@type\":\"ListItem\",\"position\":2,\"name\":\"La espa\u00f1ola World2Fly llevar\u00e1 a turistas checos a Rep\u00fablica Dominicana\"}]},{\"@type\":\"WebSite\",\"@id\":\"https:\/\/infoelnuevonorte.com\/#website\",\"url\":\"https:\/\/infoelnuevonorte.com\/\",\"name\":\"InfoEnn\",\"description\":\"Tu Voz, tu Verdad, tu Diario!!!\",\"publisher\":{\"@id\":\"https:\/\/infoelnuevonorte.com\/#organization\"},\"alternateName\":\"El Nuevo Norte\",\"potentialAction\":[{\"@type\":\"SearchAction\",\"target\":{\"@type\":\"EntryPoint\",\"urlTemplate\":\"https:\/\/infoelnuevonorte.com\/?s={search_term_string}\"},\"query-input\":{\"@type\":\"PropertyValueSpecification\",\"valueRequired\":true,\"valueName\":\"search_term_string\"}}],\"inLanguage\":\"es-DO\"},{\"@type\":\"Organization\",\"@id\":\"https:\/\/infoelnuevonorte.com\/#organization\",\"name\":\"Info El Nuevo Norte\",\"alternateName\":\"El Nuevo Norte\",\"url\":\"https:\/\/infoelnuevonorte.com\/\",\"logo\":{\"@type\":\"ImageObject\",\"inLanguage\":\"es-DO\",\"@id\":\"https:\/\/infoelnuevonorte.com\/#\/schema\/logo\/image\/\",\"url\":\"https:\/\/infoelnuevonorte.com\/wp-content\/uploads\/2026\/02\/Logo-Info-enn-3d-20ani.jpeg\",\"contentUrl\":\"https:\/\/infoelnuevonorte.com\/wp-content\/uploads\/2026\/02\/Logo-Info-enn-3d-20ani.jpeg\",\"width\":2046,\"height\":736,\"caption\":\"Info El Nuevo Norte\"},\"image\":{\"@id\":\"https:\/\/infoelnuevonorte.com\/#\/schema\/logo\/image\/\"},\"sameAs\":[\"https:\/\/www.facebook.com\/infoenn\",\"https:\/\/x.com\/Elnuevo_norte\",\"https:\/\/www.instagram.com\/infoenn\",\"https:\/\/www.facebook.com\/ENNRD\"]},{\"@type\":\"Person\",\"@id\":\"https:\/\/infoelnuevonorte.com\/#\/schema\/person\/fd4f6d90afe41260818b4ea94ad8ab84\",\"name\":\"InfoEnn\",\"image\":{\"@type\":\"ImageObject\",\"inLanguage\":\"es-DO\",\"@id\":\"https:\/\/infoelnuevonorte.com\/#\/schema\/person\/image\/\",\"url\":\"https:\/\/secure.gravatar.com\/avatar\/d4d760a41a48ba9db0a82bfb63bb0783?s=96&d=robohash&r=g\",\"contentUrl\":\"https:\/\/secure.gravatar.com\/avatar\/d4d760a41a48ba9db0a82bfb63bb0783?s=96&d=robohash&r=g\",\"caption\":\"InfoEnn\"},\"sameAs\":[\"https:\/\/infoelnuevonorte.com\"],\"url\":\"https:\/\/infoelnuevonorte.com\/?author=1\"}]}<\/script>\n<!-- \/ Yoast SEO plugin. -->","yoast_head_json":{"title":"La espa\u00f1ola World2Fly llevar\u00e1 a turistas checos a Rep\u00fablica Dominicana | El Nuevo Norte","robots":{"index":"index","follow":"follow","max-snippet":"max-snippet:-1","max-image-preview":"max-image-preview:large","max-video-preview":"max-video-preview:-1"},"canonical":"https:\/\/infoelnuevonorte.com\/?p=3279","og_locale":"es_ES","og_type":"article","og_title":"La espa\u00f1ola World2Fly llevar\u00e1 a turistas checos a Rep\u00fablica Dominicana | El Nuevo Norte","og_description":"La aerol\u00ednea espa\u00f1ola World2Fly (Grupo Ibersotar) cuenta con el visto bueno de la Junta de Aviaci\u00f3n Civil (JAC) de Rep\u00fablica Dominicana para poder iniciar vuelos desde Chequia. En concreto, a partir del 1 de noviembre, pondr\u00e1 en servicio la ruta Praga-Punta Cana-Praga gracias a un permiso especial, ya que esta ruta no estaba incluida en [&hellip;]","og_url":"https:\/\/infoelnuevonorte.com\/?p=3279","og_site_name":"El Nuevo Norte","article_publisher":"https:\/\/www.facebook.com\/infoenn","article_published_time":"2023-10-27T17:09:59+00:00","article_modified_time":"2023-10-27T17:10:01+00:00","og_image":[{"width":900,"height":600,"url":"https:\/\/infoelnuevonorte.com\/wp-content\/uploads\/2023\/10\/worldfly.png","type":"image\/png"}],"author":"InfoEnn","twitter_card":"summary_large_image","twitter_creator":"@Elnuevo_norte","twitter_site":"@Elnuevo_norte","twitter_misc":{"Written by":"InfoEnn","Est. reading time":"1 minuto"},"schema":{"@context":"https:\/\/schema.org","@graph":[{"@type":"Article","@id":"https:\/\/infoelnuevonorte.com\/?p=3279#article","isPartOf":{"@id":"https:\/\/infoelnuevonorte.com\/?p=3279"},"author":{"name":"InfoEnn","@id":"https:\/\/infoelnuevonorte.com\/#\/schema\/person\/fd4f6d90afe41260818b4ea94ad8ab84"},"headline":"La espa\u00f1ola World2Fly llevar\u00e1 a turistas checos a Rep\u00fablica Dominicana","datePublished":"2023-10-27T17:09:59+00:00","dateModified":"2023-10-27T17:10:01+00:00","mainEntityOfPage":{"@id":"https:\/\/infoelnuevonorte.com\/?p=3279"},"wordCount":168,"publisher":{"@id":"https:\/\/infoelnuevonorte.com\/#organization"},"articleSection":["Actualidad |","Turismo"],"inLanguage":"es-DO"},{"@type":"WebPage","@id":"https:\/\/infoelnuevonorte.com\/?p=3279","url":"https:\/\/infoelnuevonorte.com\/?p=3279","name":"La espa\u00f1ola World2Fly llevar\u00e1 a turistas checos a Rep\u00fablica Dominicana | El Nuevo Norte","isPartOf":{"@id":"https:\/\/infoelnuevonorte.com\/#website"},"datePublished":"2023-10-27T17:09:59+00:00","dateModified":"2023-10-27T17:10:01+00:00","breadcrumb":{"@id":"https:\/\/infoelnuevonorte.com\/?p=3279#breadcrumb"},"inLanguage":"es-DO","potentialAction":[{"@type":"ReadAction","target":["https:\/\/infoelnuevonorte.com\/?p=3279"]}]},{"@type":"BreadcrumbList","@id":"https:\/\/infoelnuevonorte.com\/?p=3279#breadcrumb","itemListElement":[{"@type":"ListItem","position":1,"name":"Home","item":"https:\/\/infoelnuevonorte.com\/"},{"@type":"ListItem","position":2,"name":"La espa\u00f1ola World2Fly llevar\u00e1 a turistas checos a Rep\u00fablica Dominicana"}]},{"@type":"WebSite","@id":"https:\/\/infoelnuevonorte.com\/#website","url":"https:\/\/infoelnuevonorte.com\/","name":"InfoEnn","description":"Tu Voz, tu Verdad, tu Diario!!!","publisher":{"@id":"https:\/\/infoelnuevonorte.com\/#organization"},"alternateName":"El Nuevo Norte","potentialAction":[{"@type":"SearchAction","target":{"@type":"EntryPoint","urlTemplate":"https:\/\/infoelnuevonorte.com\/?s={search_term_string}"},"query-input":{"@type":"PropertyValueSpecification","valueRequired":true,"valueName":"search_term_string"}}],"inLanguage":"es-DO"},{"@type":"Organization","@id":"https:\/\/infoelnuevonorte.com\/#organization","name":"Info El Nuevo Norte","alternateName":"El Nuevo Norte","url":"https:\/\/infoelnuevonorte.com\/","logo":{"@type":"ImageObject","inLanguage":"es-DO","@id":"https:\/\/infoelnuevonorte.com\/#\/schema\/logo\/image\/","url":"https:\/\/infoelnuevonorte.com\/wp-content\/uploads\/2026\/02\/Logo-Info-enn-3d-20ani.jpeg","contentUrl":"https:\/\/infoelnuevonorte.com\/wp-content\/uploads\/2026\/02\/Logo-Info-enn-3d-20ani.jpeg","width":2046,"height":736,"caption":"Info El Nuevo Norte"},"image":{"@id":"https:\/\/infoelnuevonorte.com\/#\/schema\/logo\/image\/"},"sameAs":["https:\/\/www.facebook.com\/infoenn","https:\/\/x.com\/Elnuevo_norte","https:\/\/www.instagram.com\/infoenn","https:\/\/www.facebook.com\/ENNRD"]},{"@type":"Person","@id":"https:\/\/infoelnuevonorte.com\/#\/schema\/person\/fd4f6d90afe41260818b4ea94ad8ab84","name":"InfoEnn","image":{"@type":"ImageObject","inLanguage":"es-DO","@id":"https:\/\/infoelnuevonorte.com\/#\/schema\/person\/image\/","url":"https:\/\/secure.gravatar.com\/avatar\/d4d760a41a48ba9db0a82bfb63bb0783?s=96&d=robohash&r=g","contentUrl":"https:\/\/secure.gravatar.com\/avatar\/d4d760a41a48ba9db0a82bfb63bb0783?s=96&d=robohash&r=g","caption":"InfoEnn"},"sameAs":["https:\/\/infoelnuevonorte.com"],"url":"https:\/\/infoelnuevonorte.com\/?author=1"}]}},"_links":{"self":[{"href":"https:\/\/infoelnuevonorte.com\/index.php?rest_route=\/wp\/v2\/posts\/3279"}],"collection":[{"href":"https:\/\/infoelnuevonorte.com\/index.php?rest_route=\/wp\/v2\/posts"}],"about":[{"href":"https:\/\/infoelnuevonorte.com\/index.php?rest_route=\/wp\/v2\/types\/post"}],"author":[{"embeddable":true,"href":"https:\/\/infoelnuevonorte.com\/index.php?rest_route=\/wp\/v2\/users\/1"}],"replies":[{"embeddable":true,"href":"https:\/\/infoelnuevonorte.com\/index.php?rest_route=%2Fwp%2Fv2%2Fcomments&post=3279"}],"version-history":[{"count":0,"href":"https:\/\/infoelnuevonorte.com\/index.php?rest_route=\/wp\/v2\/posts\/3279\/revisions"}],"wp:attachment":[{"href":"https:\/\/infoelnuevonorte.com\/index.php?rest_route=%2Fwp%2Fv2%2Fmedia&parent=3279"}],"wp:term":[{"taxonomy":"category","embeddable":true,"href":"https:\/\/infoelnuevonorte.com\/index.php?rest_route=%2Fwp%2Fv2%2Fcategories&post=3279"},{"taxonomy":"post_tag","embeddable":true,"href":"https:\/\/infoelnuevonorte.com\/index.php?rest_route=%2Fwp%2Fv2%2Ftags&post=3279"}],"curies":[{"name":"wp","href":"https:\/\/api.w.org\/{rel}","templated":true}]}}