{"id":33110,"date":"2024-07-05T11:52:14","date_gmt":"2024-07-05T15:52:14","guid":{"rendered":"https:\/\/infoelnuevonorte.com\/?p=33110"},"modified":"2024-07-05T11:52:16","modified_gmt":"2024-07-05T15:52:16","slug":"quien-es-el-nuevo-presidente-interino-de-espectaculos-publicos","status":"publish","type":"post","link":"https:\/\/infoelnuevonorte.com\/?p=33110","title":{"rendered":"\u00bfQui\u00e9n es el nuevo presidente interino de Espect\u00e1culos P\u00fablicos?"},"content":{"rendered":"<!--[if lt IE 9]><script>document.createElement('audio');<\/script><![endif]-->\n<audio class=\"wp-audio-shortcode\" id=\"audio-33110-1\" preload=\"none\" style=\"width: 100%;\" controls=\"controls\"><source type=\"audio\/mpeg\" src=\"https:\/\/infoelnuevonorte.com\/wp-content\/uploads\/2024\/07\/ttsmaker-file-2024-7-5-11-51-33.mp3?_=1\" \/><a href=\"https:\/\/infoelnuevonorte.com\/wp-content\/uploads\/2024\/07\/ttsmaker-file-2024-7-5-11-51-33.mp3\">https:\/\/infoelnuevonorte.com\/wp-content\/uploads\/2024\/07\/ttsmaker-file-2024-7-5-11-51-33.mp3<\/a><\/audio>\n<p style=\"text-align: justify;\">Despu\u00e9s de que el Ministerio de Cultura destituyera este jueves a quien durante 4 a\u00f1os fue el presidente de la <strong>Comisi\u00f3n Nacional de Espect\u00e1culos P\u00fablicos y Radiofon\u00edas (CNEPR)<\/strong>, Joseph B\u00e1ez, d\u00edas despu\u00e9s de haberle otorgado carnet de acreditaci\u00f3n como locutora a la controversial Amelia Alc\u00e1ntara; el viceministro de Creatividad y Formaci\u00f3n Art\u00edstica, <strong>Giovanny Cruz<\/strong>, fue nombrado como presidente interino.<\/p>\n<p style=\"text-align: justify;\">Giovanny Cruz Dur\u00e1n, es el actual <strong>viceministro de Creatividad y Participaci\u00f3n Popular del Ministerio de Cultura<\/strong>, dramaturgo, guionista, actor y director teatral, graduado en la Escuela Nacional de Arte Dram\u00e1tico, quien realiz\u00f3 estudios art\u00edsticos y culturales en varios pa\u00edses latinoamericanos.<\/p>\n<p style=\"text-align: justify;\">Adem\u00e1s, es <strong>autor de m\u00e1s de 50 obras teatrales y director de m\u00e1s de 30<\/strong>, sus obras se han presentado en Rep\u00fablica Dominicana, Par\u00eds, Madrid, Barcelona, Costa Rica, Mosc\u00fa, Puerto Rico, Islas V\u00edrgenes, Argentina, Miami, Venezuela, Nueva York y Boston.<\/p>\n<h3 style=\"text-align: justify;\">Entre sus obras destacan los cuentos:<\/h3>\n<p style=\"text-align: justify;\">La parca que espera en el camino (2016)<\/p>\n<p style=\"text-align: justify;\">Los dramas Teatro intenso (2015)<\/p>\n<p style=\"text-align: justify;\">Las novelas Carrusel de duendes, difuntos y olvidados (2015)<\/p>\n<p style=\"text-align: justify;\">Los cuentos del otro (2012)<\/p>\n<p style=\"text-align: justify;\">Sobre \u00e1ngeles y demonios (2006)<\/p>\n<p style=\"text-align: justify;\">Giovanny ha sido galardonado con el <strong>Premio Casa del Escritor Dominicano<\/strong> en el a\u00f1o 1994, el Premio Nacional de Dramaturgia, en dos ocasiones y el Premio Anual de Cuentos.<\/p>\n<p style=\"text-align: justify;\">El 9 de abril de 2021 fue elegido miembro de n\u00famero de la <strong>Academia Dominicana de la Lengua<\/strong> y tom\u00f3 posesi\u00f3n de su plaza el 5 de septiembre de 2021.<\/p>\n<h3 style=\"text-align: justify;\">Cultura emite nueva resoluci\u00f3n<\/h3>\n<p style=\"text-align: justify;\">El Ministerio de Cultura emiti\u00f3 una nueva resoluci\u00f3n donde reitera pautas de comportamiento en los medios de comunicaci\u00f3n, asegurando que\u00a0\u201cest\u00e1 medida busca <strong>reforzar la formaci\u00f3n ciudadana y proteger la dignidad humana<\/strong>, en cumplimiento con los preceptos constitucionales y legales vigentes en el pa\u00eds\u201d.<\/p>\n<p style=\"text-align: justify;\">Adem\u00e1s, afirma que la ministra de Cultura, <strong>Milagros Germ\u00e1n, se fundamenta en varios art\u00edculos de la Constituci\u00f3n dominicana<\/strong>, as\u00ed como en leyes y decretos que regulan el funcionamiento y las responsabilidades de los medios de comunicaci\u00f3n.<\/p>\n<p style=\"text-align: justify;\"><strong>Se proh\u00edbe el uso del lenguaje expl\u00edcito y cualquier influencia malsana<\/strong> que perturbe el desarrollo arm\u00f3nico de la ni\u00f1ez y la juventud dominicana; asimismo, la instituci\u00f3n dispone que <strong>las transmisiones deben fomentar las buenas costumbres c\u00edvicas y ciudadanas<\/strong>, el respeto a la moral social, la dignidad humana y los v\u00ednculos familiares.<\/p>\n<h3 style=\"text-align: justify;\">Instituto Nacional de Comunicaci\u00f3n<\/h3>\n<p style=\"text-align: justify;\">Recordar adem\u00e1s que en meses pasados se hab\u00eda hablado de la creaci\u00f3n de una entidad que llegar\u00eda a sustituir la <strong>CNEPR<\/strong> y que se llamar\u00eda <strong>Inacom<\/strong>, un \u00f3rgano regulador, con autonom\u00eda funcional y financiera, que estar\u00eda integrado por un consejo directivo y una direcci\u00f3n ejecutiva.<\/p>\n<p style=\"text-align: justify;\"><strong>Sus resoluciones ser\u00edan normas de alcance general,<\/strong> sujetas a publicidad y a los recursos administrativos y jurisdiccionales establecidos por la ley que regula la materia.<\/p>\n<p style=\"text-align: justify;\">En adici\u00f3n a esto se fijan otras disposiciones como los derechos de rectificaci\u00f3n en publicaciones y respuesta de medios de comunicaci\u00f3n; eximentes a las <strong>violaciones al derecho a la intimidad y la propia imagen<\/strong>, y eximentes por difamaci\u00f3n e injuria.<\/p>\n","protected":false},"excerpt":{"rendered":"<p>Despu\u00e9s de que el Ministerio de Cultura destituyera este jueves a quien durante 4 a\u00f1os fue el presidente de la Comisi\u00f3n Nacional de Espect\u00e1culos P\u00fablicos y Radiofon\u00edas (CNEPR), Joseph B\u00e1ez, d\u00edas despu\u00e9s de haberle otorgado carnet de acreditaci\u00f3n como locutora a la controversial Amelia Alc\u00e1ntara; el viceministro de Creatividad y Formaci\u00f3n Art\u00edstica, Giovanny Cruz, fue [&hellip;]<\/p>\n","protected":false},"author":1,"featured_media":0,"comment_status":"closed","ping_status":"open","sticky":false,"template":"","format":"standard","meta":{"footnotes":""},"categories":[11],"tags":[],"yoast_head":"<!-- This site is optimized with the Yoast SEO plugin v24.5 - https:\/\/yoast.com\/wordpress\/plugins\/seo\/ -->\n<title>\u00bfQui\u00e9n es el nuevo presidente interino de Espect\u00e1culos P\u00fablicos? | El Nuevo Norte<\/title>\n<meta name=\"robots\" content=\"index, follow, max-snippet:-1, max-image-preview:large, max-video-preview:-1\" \/>\n<link rel=\"canonical\" href=\"https:\/\/infoelnuevonorte.com\/?p=33110\" \/>\n<meta property=\"og:locale\" content=\"es_ES\" \/>\n<meta property=\"og:type\" content=\"article\" \/>\n<meta property=\"og:title\" content=\"\u00bfQui\u00e9n es el nuevo presidente interino de Espect\u00e1culos P\u00fablicos? | El Nuevo Norte\" \/>\n<meta property=\"og:description\" content=\"Despu\u00e9s de que el Ministerio de Cultura destituyera este jueves a quien durante 4 a\u00f1os fue el presidente de la Comisi\u00f3n Nacional de Espect\u00e1culos P\u00fablicos y Radiofon\u00edas (CNEPR), Joseph B\u00e1ez, d\u00edas despu\u00e9s de haberle otorgado carnet de acreditaci\u00f3n como locutora a la controversial Amelia Alc\u00e1ntara; el viceministro de Creatividad y Formaci\u00f3n Art\u00edstica, Giovanny Cruz, fue [&hellip;]\" \/>\n<meta property=\"og:url\" content=\"https:\/\/infoelnuevonorte.com\/?p=33110\" \/>\n<meta property=\"og:site_name\" content=\"El Nuevo Norte\" \/>\n<meta property=\"article:publisher\" content=\"https:\/\/www.facebook.com\/infoenn\" \/>\n<meta property=\"article:published_time\" content=\"2024-07-05T15:52:14+00:00\" \/>\n<meta property=\"article:modified_time\" content=\"2024-07-05T15:52:16+00:00\" \/>\n<meta property=\"og:image\" content=\"https:\/\/infoelnuevonorte.com\/wp-content\/uploads\/2024\/07\/giovanni-cruz-jpg.webp\" \/>\n\t<meta property=\"og:image:width\" content=\"614\" \/>\n\t<meta property=\"og:image:height\" content=\"516\" \/>\n\t<meta property=\"og:image:type\" content=\"image\/jpeg\" \/>\n<meta name=\"author\" content=\"InfoEnn\" \/>\n<meta name=\"twitter:card\" content=\"summary_large_image\" \/>\n<meta name=\"twitter:creator\" content=\"@Elnuevo_norte\" \/>\n<meta name=\"twitter:site\" content=\"@Elnuevo_norte\" \/>\n<meta name=\"twitter:label1\" content=\"Written by\" \/>\n\t<meta name=\"twitter:data1\" content=\"InfoEnn\" \/>\n\t<meta name=\"twitter:label2\" content=\"Est. reading time\" \/>\n\t<meta name=\"twitter:data2\" content=\"3 minutos\" \/>\n<script type=\"application\/ld+json\" class=\"yoast-schema-graph\">{\"@context\":\"https:\/\/schema.org\",\"@graph\":[{\"@type\":\"Article\",\"@id\":\"https:\/\/infoelnuevonorte.com\/?p=33110#article\",\"isPartOf\":{\"@id\":\"https:\/\/infoelnuevonorte.com\/?p=33110\"},\"author\":{\"name\":\"InfoEnn\",\"@id\":\"https:\/\/infoelnuevonorte.com\/#\/schema\/person\/fd4f6d90afe41260818b4ea94ad8ab84\"},\"headline\":\"\u00bfQui\u00e9n es el nuevo presidente interino de Espect\u00e1culos P\u00fablicos?\",\"datePublished\":\"2024-07-05T15:52:14+00:00\",\"dateModified\":\"2024-07-05T15:52:16+00:00\",\"mainEntityOfPage\":{\"@id\":\"https:\/\/infoelnuevonorte.com\/?p=33110\"},\"wordCount\":557,\"publisher\":{\"@id\":\"https:\/\/infoelnuevonorte.com\/#organization\"},\"articleSection\":[\"Entretenimiento\"],\"inLanguage\":\"es-DO\"},{\"@type\":\"WebPage\",\"@id\":\"https:\/\/infoelnuevonorte.com\/?p=33110\",\"url\":\"https:\/\/infoelnuevonorte.com\/?p=33110\",\"name\":\"\u00bfQui\u00e9n es el nuevo presidente interino de Espect\u00e1culos P\u00fablicos? | El Nuevo Norte\",\"isPartOf\":{\"@id\":\"https:\/\/infoelnuevonorte.com\/#website\"},\"datePublished\":\"2024-07-05T15:52:14+00:00\",\"dateModified\":\"2024-07-05T15:52:16+00:00\",\"breadcrumb\":{\"@id\":\"https:\/\/infoelnuevonorte.com\/?p=33110#breadcrumb\"},\"inLanguage\":\"es-DO\",\"potentialAction\":[{\"@type\":\"ReadAction\",\"target\":[\"https:\/\/infoelnuevonorte.com\/?p=33110\"]}]},{\"@type\":\"BreadcrumbList\",\"@id\":\"https:\/\/infoelnuevonorte.com\/?p=33110#breadcrumb\",\"itemListElement\":[{\"@type\":\"ListItem\",\"position\":1,\"name\":\"Home\",\"item\":\"https:\/\/infoelnuevonorte.com\/\"},{\"@type\":\"ListItem\",\"position\":2,\"name\":\"\u00bfQui\u00e9n es el nuevo presidente interino de Espect\u00e1culos P\u00fablicos?\"}]},{\"@type\":\"WebSite\",\"@id\":\"https:\/\/infoelnuevonorte.com\/#website\",\"url\":\"https:\/\/infoelnuevonorte.com\/\",\"name\":\"InfoEnn\",\"description\":\"Tu Voz, tu Verdad, tu Diario!!!\",\"publisher\":{\"@id\":\"https:\/\/infoelnuevonorte.com\/#organization\"},\"alternateName\":\"El Nuevo Norte\",\"potentialAction\":[{\"@type\":\"SearchAction\",\"target\":{\"@type\":\"EntryPoint\",\"urlTemplate\":\"https:\/\/infoelnuevonorte.com\/?s={search_term_string}\"},\"query-input\":{\"@type\":\"PropertyValueSpecification\",\"valueRequired\":true,\"valueName\":\"search_term_string\"}}],\"inLanguage\":\"es-DO\"},{\"@type\":\"Organization\",\"@id\":\"https:\/\/infoelnuevonorte.com\/#organization\",\"name\":\"Info El Nuevo Norte\",\"alternateName\":\"El Nuevo Norte\",\"url\":\"https:\/\/infoelnuevonorte.com\/\",\"logo\":{\"@type\":\"ImageObject\",\"inLanguage\":\"es-DO\",\"@id\":\"https:\/\/infoelnuevonorte.com\/#\/schema\/logo\/image\/\",\"url\":\"https:\/\/infoelnuevonorte.com\/wp-content\/uploads\/2026\/02\/Logo-Info-enn-3d-20ani.jpeg\",\"contentUrl\":\"https:\/\/infoelnuevonorte.com\/wp-content\/uploads\/2026\/02\/Logo-Info-enn-3d-20ani.jpeg\",\"width\":2046,\"height\":736,\"caption\":\"Info El Nuevo Norte\"},\"image\":{\"@id\":\"https:\/\/infoelnuevonorte.com\/#\/schema\/logo\/image\/\"},\"sameAs\":[\"https:\/\/www.facebook.com\/infoenn\",\"https:\/\/x.com\/Elnuevo_norte\",\"https:\/\/www.instagram.com\/infoenn\",\"https:\/\/www.facebook.com\/ENNRD\"]},{\"@type\":\"Person\",\"@id\":\"https:\/\/infoelnuevonorte.com\/#\/schema\/person\/fd4f6d90afe41260818b4ea94ad8ab84\",\"name\":\"InfoEnn\",\"image\":{\"@type\":\"ImageObject\",\"inLanguage\":\"es-DO\",\"@id\":\"https:\/\/infoelnuevonorte.com\/#\/schema\/person\/image\/\",\"url\":\"https:\/\/secure.gravatar.com\/avatar\/d4d760a41a48ba9db0a82bfb63bb0783?s=96&d=robohash&r=g\",\"contentUrl\":\"https:\/\/secure.gravatar.com\/avatar\/d4d760a41a48ba9db0a82bfb63bb0783?s=96&d=robohash&r=g\",\"caption\":\"InfoEnn\"},\"sameAs\":[\"https:\/\/infoelnuevonorte.com\"],\"url\":\"https:\/\/infoelnuevonorte.com\/?author=1\"}]}<\/script>\n<!-- \/ Yoast SEO plugin. -->","yoast_head_json":{"title":"\u00bfQui\u00e9n es el nuevo presidente interino de Espect\u00e1culos P\u00fablicos? | El Nuevo Norte","robots":{"index":"index","follow":"follow","max-snippet":"max-snippet:-1","max-image-preview":"max-image-preview:large","max-video-preview":"max-video-preview:-1"},"canonical":"https:\/\/infoelnuevonorte.com\/?p=33110","og_locale":"es_ES","og_type":"article","og_title":"\u00bfQui\u00e9n es el nuevo presidente interino de Espect\u00e1culos P\u00fablicos? | El Nuevo Norte","og_description":"Despu\u00e9s de que el Ministerio de Cultura destituyera este jueves a quien durante 4 a\u00f1os fue el presidente de la Comisi\u00f3n Nacional de Espect\u00e1culos P\u00fablicos y Radiofon\u00edas (CNEPR), Joseph B\u00e1ez, d\u00edas despu\u00e9s de haberle otorgado carnet de acreditaci\u00f3n como locutora a la controversial Amelia Alc\u00e1ntara; el viceministro de Creatividad y Formaci\u00f3n Art\u00edstica, Giovanny Cruz, fue [&hellip;]","og_url":"https:\/\/infoelnuevonorte.com\/?p=33110","og_site_name":"El Nuevo Norte","article_publisher":"https:\/\/www.facebook.com\/infoenn","article_published_time":"2024-07-05T15:52:14+00:00","article_modified_time":"2024-07-05T15:52:16+00:00","og_image":[{"width":614,"height":516,"url":"https:\/\/infoelnuevonorte.com\/wp-content\/uploads\/2024\/07\/giovanni-cruz-jpg.webp","type":"image\/jpeg"}],"author":"InfoEnn","twitter_card":"summary_large_image","twitter_creator":"@Elnuevo_norte","twitter_site":"@Elnuevo_norte","twitter_misc":{"Written by":"InfoEnn","Est. reading time":"3 minutos"},"schema":{"@context":"https:\/\/schema.org","@graph":[{"@type":"Article","@id":"https:\/\/infoelnuevonorte.com\/?p=33110#article","isPartOf":{"@id":"https:\/\/infoelnuevonorte.com\/?p=33110"},"author":{"name":"InfoEnn","@id":"https:\/\/infoelnuevonorte.com\/#\/schema\/person\/fd4f6d90afe41260818b4ea94ad8ab84"},"headline":"\u00bfQui\u00e9n es el nuevo presidente interino de Espect\u00e1culos P\u00fablicos?","datePublished":"2024-07-05T15:52:14+00:00","dateModified":"2024-07-05T15:52:16+00:00","mainEntityOfPage":{"@id":"https:\/\/infoelnuevonorte.com\/?p=33110"},"wordCount":557,"publisher":{"@id":"https:\/\/infoelnuevonorte.com\/#organization"},"articleSection":["Entretenimiento"],"inLanguage":"es-DO"},{"@type":"WebPage","@id":"https:\/\/infoelnuevonorte.com\/?p=33110","url":"https:\/\/infoelnuevonorte.com\/?p=33110","name":"\u00bfQui\u00e9n es el nuevo presidente interino de Espect\u00e1culos P\u00fablicos? | El Nuevo Norte","isPartOf":{"@id":"https:\/\/infoelnuevonorte.com\/#website"},"datePublished":"2024-07-05T15:52:14+00:00","dateModified":"2024-07-05T15:52:16+00:00","breadcrumb":{"@id":"https:\/\/infoelnuevonorte.com\/?p=33110#breadcrumb"},"inLanguage":"es-DO","potentialAction":[{"@type":"ReadAction","target":["https:\/\/infoelnuevonorte.com\/?p=33110"]}]},{"@type":"BreadcrumbList","@id":"https:\/\/infoelnuevonorte.com\/?p=33110#breadcrumb","itemListElement":[{"@type":"ListItem","position":1,"name":"Home","item":"https:\/\/infoelnuevonorte.com\/"},{"@type":"ListItem","position":2,"name":"\u00bfQui\u00e9n es el nuevo presidente interino de Espect\u00e1culos P\u00fablicos?"}]},{"@type":"WebSite","@id":"https:\/\/infoelnuevonorte.com\/#website","url":"https:\/\/infoelnuevonorte.com\/","name":"InfoEnn","description":"Tu Voz, tu Verdad, tu Diario!!!","publisher":{"@id":"https:\/\/infoelnuevonorte.com\/#organization"},"alternateName":"El Nuevo Norte","potentialAction":[{"@type":"SearchAction","target":{"@type":"EntryPoint","urlTemplate":"https:\/\/infoelnuevonorte.com\/?s={search_term_string}"},"query-input":{"@type":"PropertyValueSpecification","valueRequired":true,"valueName":"search_term_string"}}],"inLanguage":"es-DO"},{"@type":"Organization","@id":"https:\/\/infoelnuevonorte.com\/#organization","name":"Info El Nuevo Norte","alternateName":"El Nuevo Norte","url":"https:\/\/infoelnuevonorte.com\/","logo":{"@type":"ImageObject","inLanguage":"es-DO","@id":"https:\/\/infoelnuevonorte.com\/#\/schema\/logo\/image\/","url":"https:\/\/infoelnuevonorte.com\/wp-content\/uploads\/2026\/02\/Logo-Info-enn-3d-20ani.jpeg","contentUrl":"https:\/\/infoelnuevonorte.com\/wp-content\/uploads\/2026\/02\/Logo-Info-enn-3d-20ani.jpeg","width":2046,"height":736,"caption":"Info El Nuevo Norte"},"image":{"@id":"https:\/\/infoelnuevonorte.com\/#\/schema\/logo\/image\/"},"sameAs":["https:\/\/www.facebook.com\/infoenn","https:\/\/x.com\/Elnuevo_norte","https:\/\/www.instagram.com\/infoenn","https:\/\/www.facebook.com\/ENNRD"]},{"@type":"Person","@id":"https:\/\/infoelnuevonorte.com\/#\/schema\/person\/fd4f6d90afe41260818b4ea94ad8ab84","name":"InfoEnn","image":{"@type":"ImageObject","inLanguage":"es-DO","@id":"https:\/\/infoelnuevonorte.com\/#\/schema\/person\/image\/","url":"https:\/\/secure.gravatar.com\/avatar\/d4d760a41a48ba9db0a82bfb63bb0783?s=96&d=robohash&r=g","contentUrl":"https:\/\/secure.gravatar.com\/avatar\/d4d760a41a48ba9db0a82bfb63bb0783?s=96&d=robohash&r=g","caption":"InfoEnn"},"sameAs":["https:\/\/infoelnuevonorte.com"],"url":"https:\/\/infoelnuevonorte.com\/?author=1"}]}},"_links":{"self":[{"href":"https:\/\/infoelnuevonorte.com\/index.php?rest_route=\/wp\/v2\/posts\/33110"}],"collection":[{"href":"https:\/\/infoelnuevonorte.com\/index.php?rest_route=\/wp\/v2\/posts"}],"about":[{"href":"https:\/\/infoelnuevonorte.com\/index.php?rest_route=\/wp\/v2\/types\/post"}],"author":[{"embeddable":true,"href":"https:\/\/infoelnuevonorte.com\/index.php?rest_route=\/wp\/v2\/users\/1"}],"replies":[{"embeddable":true,"href":"https:\/\/infoelnuevonorte.com\/index.php?rest_route=%2Fwp%2Fv2%2Fcomments&post=33110"}],"version-history":[{"count":0,"href":"https:\/\/infoelnuevonorte.com\/index.php?rest_route=\/wp\/v2\/posts\/33110\/revisions"}],"wp:attachment":[{"href":"https:\/\/infoelnuevonorte.com\/index.php?rest_route=%2Fwp%2Fv2%2Fmedia&parent=33110"}],"wp:term":[{"taxonomy":"category","embeddable":true,"href":"https:\/\/infoelnuevonorte.com\/index.php?rest_route=%2Fwp%2Fv2%2Fcategories&post=33110"},{"taxonomy":"post_tag","embeddable":true,"href":"https:\/\/infoelnuevonorte.com\/index.php?rest_route=%2Fwp%2Fv2%2Ftags&post=33110"}],"curies":[{"name":"wp","href":"https:\/\/api.w.org\/{rel}","templated":true}]}}