{"id":33133,"date":"2024-07-05T12:45:45","date_gmt":"2024-07-05T16:45:45","guid":{"rendered":"https:\/\/infoelnuevonorte.com\/?p=33133"},"modified":"2024-07-05T12:45:47","modified_gmt":"2024-07-05T16:45:47","slug":"el-verano-atrae-a-mas-familias-y-sube-la-llegada-de-visitantes-en-junio","status":"publish","type":"post","link":"https:\/\/infoelnuevonorte.com\/?p=33133","title":{"rendered":"El verano atrae a m\u00e1s familias y sube la llegada de visitantes en junio"},"content":{"rendered":"<!--[if lt IE 9]><script>document.createElement('audio');<\/script><![endif]-->\n<audio class=\"wp-audio-shortcode\" id=\"audio-33133-1\" preload=\"none\" style=\"width: 100%;\" controls=\"controls\"><source type=\"audio\/mpeg\" src=\"https:\/\/infoelnuevonorte.com\/wp-content\/uploads\/2024\/07\/ttsmaker-file-2024-7-5-12-41-27.mp3?_=1\" \/><a href=\"https:\/\/infoelnuevonorte.com\/wp-content\/uploads\/2024\/07\/ttsmaker-file-2024-7-5-12-41-27.mp3\">https:\/\/infoelnuevonorte.com\/wp-content\/uploads\/2024\/07\/ttsmaker-file-2024-7-5-12-41-27.mp3<\/a><\/audio>\n<p style=\"text-align: justify\">El <strong>verano<\/strong> tiene el atractivo de ser una temporada que dinamiza al <strong>turismo<\/strong> <strong>dominicano<\/strong>, por la llegada de m\u00e1s <strong>turistas<\/strong> que se motivan a visitar el pa\u00eds en familia, atra\u00eddos por el clima c\u00e1lido de un destino de sol y playa, y por la facilidad de vacacional en esta \u00e9poca del a\u00f1o.<\/p>\n<p style=\"text-align: justify\">El 45 % de los 758,719 <strong>extranjeros<\/strong> no residentes que pernoct\u00f3 en la Rep\u00fablica Dominicana durante el mes de junio lo hizo acompa\u00f1ado de sus <strong>familias<\/strong>, al igual que el 35 % de los dominicanos en la di\u00e1spora que estuvieron de visita en ese per\u00edodo, conforme los datos del <strong>Ministerio de Turismo<\/strong> presentados ayer por su titular David Collado.<\/p>\n<p style=\"text-align: justify\">Esto influy\u00f3 positivamente en la llegada de <strong>visitantes<\/strong>, que creci\u00f3 un 7 %, con respecto a junio del 2023, y que culmin\u00f3 con 923,736 veraneantes. Con estos viajeros, <strong>Quisqueya<\/strong> acumula 5,948,623 <strong>visitantes<\/strong> recibidos desde enero del 2024, tanto por v\u00eda a\u00e9rea como por v\u00eda mar\u00edtima.<\/p>\n<p style=\"text-align: justify\">Se espera que para finales del 2024, 11.5 millones de <strong>visitantes<\/strong> hayan pisado <strong>territorio<\/strong> <strong>dominicano<\/strong>.<\/p>\n<div style=\"text-align: justify\">\n<p><strong>Hurac\u00e1n Beryl no caus\u00f3 da\u00f1os<\/strong><\/p>\n<p>Durante la rueda de prensa, el ministro de Turismo David Collado inform\u00f3 que el paso indirecto del hurac\u00e1n Beryl por la Rep\u00fablica Dominicana no caus\u00f3 da\u00f1os en la infraestructura hotelera ni cancelaciones de vuelos hacia el pa\u00eds.<\/p>\n<p>\"Nuestros destinos tur\u00edsticos y los aeropuertos est\u00e1n operando con total normalidad en la Rep\u00fablica Dominicana. Acabamos (el mi\u00e9rcoles) de terminar una reuni\u00f3n con los representantes de hoteles y restaurantes (Asonahores), quienes nos informan que todas sus operaciones est\u00e1n trabajando sin mayores inconvenientes. Todas las personas que tienen planificado viajar en los pr\u00f3ximos d\u00edas, pueden venir con toda tranquilidad\", escribi\u00f3 Collado en su cuenta de X (antiguo Twitter).<\/p>\n<p>Previamente, hab\u00eda confirmado en su cuenta de X que las operaciones del sector prosiguieron con normalidad.<\/p>\n<\/div>\n<h2 style=\"text-align: justify\">Los <strong>hospedajes<\/strong><\/h2>\n<p style=\"text-align: justify\">El 80 % de los <strong>extranjeros<\/strong> no residentes presentes entre enero y junio se alojaron en un hotel durante un promedio de ocho d\u00edas, mientras que el 90 % de los dominicanos prefiri\u00f3 un hospedaje particular -como los hogares de sus <strong>familias<\/strong>&#8211; y se qued\u00f3 alrededor de 19 d\u00edas antes de regresar a su pa\u00eds de residencia.<\/p>\n<h2 style=\"text-align: justify\">M\u00e1s <strong>suramericanos<\/strong><\/h2>\n<p style=\"text-align: justify\">El cambio de estaci\u00f3n tambi\u00e9n facilita la llegada de m\u00e1s <strong>extranjeros<\/strong> <strong>suramericanos<\/strong>, a medida que buscan alejarse del fr\u00edo que ahora se experimenta en el Polo Sur. Muestra de ello es que en el mes de junio la llegada de <strong>turistas<\/strong> argentinos creci\u00f3 un 36 % m\u00e1s que en el mismo mes del 2023.<\/p>\n<p style=\"text-align: justify\">As\u00ed, este pa\u00eds se situ\u00f3 en quinto lugar, por detr\u00e1s de <strong>Estados Unidos<\/strong> y Canad\u00e1, que lideran las llegadas de <strong>turistas<\/strong>, con un 58 % y 7 % de participaci\u00f3n en ese mes, respectivamente, seguidos de Colombia y Puerto Rico, ambos con un 5 %.<\/p>\n<p style=\"text-align: justify\">Por el volumen de visitas, junio experiment\u00f3 una <strong>ocupaci\u00f3n<\/strong> <strong>hotelera<\/strong> de 81 % en los 5,602 vuelos comerciales recibidos en ese mes, procedentes de 80 rutas a\u00e9reas distintas y 36 aerol\u00edneas que ofrecieron esos servicios.<\/p>\n<p style=\"text-align: justify\">La <strong>ocupaci\u00f3n<\/strong> <strong>hotelera<\/strong> ascendi\u00f3 a cerca del 72 % en junio, con un 88 % de visitas extranjeras y una disponibilidad del 87 %, siendo los resorts tradicionales y los premium los m\u00e1s demandados.<\/p>\n","protected":false},"excerpt":{"rendered":"<p>El verano tiene el atractivo de ser una temporada que dinamiza al turismo dominicano, por la llegada de m\u00e1s turistas que se motivan a visitar el pa\u00eds en familia, atra\u00eddos por el clima c\u00e1lido de un destino de sol y playa, y por la facilidad de vacacional en esta \u00e9poca del a\u00f1o. El 45 % [&hellip;]<\/p>\n","protected":false},"author":7,"featured_media":0,"comment_status":"closed","ping_status":"open","sticky":false,"template":"","format":"standard","meta":{"footnotes":""},"categories":[8],"tags":[],"yoast_head":"<!-- This site is optimized with the Yoast SEO plugin v24.5 - https:\/\/yoast.com\/wordpress\/plugins\/seo\/ -->\n<title>El verano atrae a m\u00e1s familias y sube la llegada de visitantes en junio | El Nuevo Norte<\/title>\n<meta name=\"robots\" content=\"index, follow, max-snippet:-1, max-image-preview:large, max-video-preview:-1\" \/>\n<link rel=\"canonical\" href=\"https:\/\/infoelnuevonorte.com\/?p=33133\" \/>\n<meta property=\"og:locale\" content=\"es_ES\" \/>\n<meta property=\"og:type\" content=\"article\" \/>\n<meta property=\"og:title\" content=\"El verano atrae a m\u00e1s familias y sube la llegada de visitantes en junio | El Nuevo Norte\" \/>\n<meta property=\"og:description\" content=\"El verano tiene el atractivo de ser una temporada que dinamiza al turismo dominicano, por la llegada de m\u00e1s turistas que se motivan a visitar el pa\u00eds en familia, atra\u00eddos por el clima c\u00e1lido de un destino de sol y playa, y por la facilidad de vacacional en esta \u00e9poca del a\u00f1o. El 45 % [&hellip;]\" \/>\n<meta property=\"og:url\" content=\"https:\/\/infoelnuevonorte.com\/?p=33133\" \/>\n<meta property=\"og:site_name\" content=\"El Nuevo Norte\" \/>\n<meta property=\"article:publisher\" content=\"https:\/\/www.facebook.com\/infoenn\" \/>\n<meta property=\"article:published_time\" content=\"2024-07-05T16:45:45+00:00\" \/>\n<meta property=\"article:modified_time\" content=\"2024-07-05T16:45:47+00:00\" \/>\n<meta property=\"og:image\" content=\"https:\/\/infoelnuevonorte.com\/wp-content\/uploads\/2024\/07\/el-verano-atrae-a-mas-familias-y-sube-llegada-de-visitantes-en-junio-focus-min0.02-0.2-896-504.jpg\" \/>\n\t<meta property=\"og:image:width\" content=\"896\" \/>\n\t<meta property=\"og:image:height\" content=\"504\" \/>\n\t<meta property=\"og:image:type\" content=\"image\/jpeg\" \/>\n<meta name=\"author\" content=\"A.P.\" \/>\n<meta name=\"twitter:card\" content=\"summary_large_image\" \/>\n<meta name=\"twitter:creator\" content=\"@Elnuevo_norte\" \/>\n<meta name=\"twitter:site\" content=\"@Elnuevo_norte\" \/>\n<meta name=\"twitter:label1\" content=\"Written by\" \/>\n\t<meta name=\"twitter:data1\" content=\"A.P.\" \/>\n\t<meta name=\"twitter:label2\" content=\"Est. reading time\" \/>\n\t<meta name=\"twitter:data2\" content=\"3 minutos\" \/>\n<script type=\"application\/ld+json\" class=\"yoast-schema-graph\">{\"@context\":\"https:\/\/schema.org\",\"@graph\":[{\"@type\":\"Article\",\"@id\":\"https:\/\/infoelnuevonorte.com\/?p=33133#article\",\"isPartOf\":{\"@id\":\"https:\/\/infoelnuevonorte.com\/?p=33133\"},\"author\":{\"name\":\"A.P.\",\"@id\":\"https:\/\/infoelnuevonorte.com\/#\/schema\/person\/92d4a526d666630102a5094d7c57b2f3\"},\"headline\":\"El verano atrae a m\u00e1s familias y sube la llegada de visitantes en junio\",\"datePublished\":\"2024-07-05T16:45:45+00:00\",\"dateModified\":\"2024-07-05T16:45:47+00:00\",\"mainEntityOfPage\":{\"@id\":\"https:\/\/infoelnuevonorte.com\/?p=33133\"},\"wordCount\":562,\"publisher\":{\"@id\":\"https:\/\/infoelnuevonorte.com\/#organization\"},\"articleSection\":[\"Nacionales\"],\"inLanguage\":\"es-DO\"},{\"@type\":\"WebPage\",\"@id\":\"https:\/\/infoelnuevonorte.com\/?p=33133\",\"url\":\"https:\/\/infoelnuevonorte.com\/?p=33133\",\"name\":\"El verano atrae a m\u00e1s familias y sube la llegada de visitantes en junio | El Nuevo Norte\",\"isPartOf\":{\"@id\":\"https:\/\/infoelnuevonorte.com\/#website\"},\"datePublished\":\"2024-07-05T16:45:45+00:00\",\"dateModified\":\"2024-07-05T16:45:47+00:00\",\"breadcrumb\":{\"@id\":\"https:\/\/infoelnuevonorte.com\/?p=33133#breadcrumb\"},\"inLanguage\":\"es-DO\",\"potentialAction\":[{\"@type\":\"ReadAction\",\"target\":[\"https:\/\/infoelnuevonorte.com\/?p=33133\"]}]},{\"@type\":\"BreadcrumbList\",\"@id\":\"https:\/\/infoelnuevonorte.com\/?p=33133#breadcrumb\",\"itemListElement\":[{\"@type\":\"ListItem\",\"position\":1,\"name\":\"Home\",\"item\":\"https:\/\/infoelnuevonorte.com\/\"},{\"@type\":\"ListItem\",\"position\":2,\"name\":\"El verano atrae a m\u00e1s familias y sube la llegada de visitantes en junio\"}]},{\"@type\":\"WebSite\",\"@id\":\"https:\/\/infoelnuevonorte.com\/#website\",\"url\":\"https:\/\/infoelnuevonorte.com\/\",\"name\":\"InfoEnn\",\"description\":\"Tu Voz, tu Verdad, tu Diario!!!\",\"publisher\":{\"@id\":\"https:\/\/infoelnuevonorte.com\/#organization\"},\"alternateName\":\"El Nuevo Norte\",\"potentialAction\":[{\"@type\":\"SearchAction\",\"target\":{\"@type\":\"EntryPoint\",\"urlTemplate\":\"https:\/\/infoelnuevonorte.com\/?s={search_term_string}\"},\"query-input\":{\"@type\":\"PropertyValueSpecification\",\"valueRequired\":true,\"valueName\":\"search_term_string\"}}],\"inLanguage\":\"es-DO\"},{\"@type\":\"Organization\",\"@id\":\"https:\/\/infoelnuevonorte.com\/#organization\",\"name\":\"Info El Nuevo Norte\",\"alternateName\":\"El Nuevo Norte\",\"url\":\"https:\/\/infoelnuevonorte.com\/\",\"logo\":{\"@type\":\"ImageObject\",\"inLanguage\":\"es-DO\",\"@id\":\"https:\/\/infoelnuevonorte.com\/#\/schema\/logo\/image\/\",\"url\":\"https:\/\/infoelnuevonorte.com\/wp-content\/uploads\/2026\/02\/Logo-Info-enn-3d-20ani.jpeg\",\"contentUrl\":\"https:\/\/infoelnuevonorte.com\/wp-content\/uploads\/2026\/02\/Logo-Info-enn-3d-20ani.jpeg\",\"width\":2046,\"height\":736,\"caption\":\"Info El Nuevo Norte\"},\"image\":{\"@id\":\"https:\/\/infoelnuevonorte.com\/#\/schema\/logo\/image\/\"},\"sameAs\":[\"https:\/\/www.facebook.com\/infoenn\",\"https:\/\/x.com\/Elnuevo_norte\",\"https:\/\/www.instagram.com\/infoenn\",\"https:\/\/www.facebook.com\/ENNRD\"]},{\"@type\":\"Person\",\"@id\":\"https:\/\/infoelnuevonorte.com\/#\/schema\/person\/92d4a526d666630102a5094d7c57b2f3\",\"name\":\"A.P.\",\"image\":{\"@type\":\"ImageObject\",\"inLanguage\":\"es-DO\",\"@id\":\"https:\/\/infoelnuevonorte.com\/#\/schema\/person\/image\/\",\"url\":\"https:\/\/secure.gravatar.com\/avatar\/21b59994a05c5ed2c199adcbaa65531c?s=96&d=robohash&r=g\",\"contentUrl\":\"https:\/\/secure.gravatar.com\/avatar\/21b59994a05c5ed2c199adcbaa65531c?s=96&d=robohash&r=g\",\"caption\":\"A.P.\"},\"url\":\"https:\/\/infoelnuevonorte.com\/?author=7\"}]}<\/script>\n<!-- \/ Yoast SEO plugin. -->","yoast_head_json":{"title":"El verano atrae a m\u00e1s familias y sube la llegada de visitantes en junio | El Nuevo Norte","robots":{"index":"index","follow":"follow","max-snippet":"max-snippet:-1","max-image-preview":"max-image-preview:large","max-video-preview":"max-video-preview:-1"},"canonical":"https:\/\/infoelnuevonorte.com\/?p=33133","og_locale":"es_ES","og_type":"article","og_title":"El verano atrae a m\u00e1s familias y sube la llegada de visitantes en junio | El Nuevo Norte","og_description":"El verano tiene el atractivo de ser una temporada que dinamiza al turismo dominicano, por la llegada de m\u00e1s turistas que se motivan a visitar el pa\u00eds en familia, atra\u00eddos por el clima c\u00e1lido de un destino de sol y playa, y por la facilidad de vacacional en esta \u00e9poca del a\u00f1o. El 45 % [&hellip;]","og_url":"https:\/\/infoelnuevonorte.com\/?p=33133","og_site_name":"El Nuevo Norte","article_publisher":"https:\/\/www.facebook.com\/infoenn","article_published_time":"2024-07-05T16:45:45+00:00","article_modified_time":"2024-07-05T16:45:47+00:00","og_image":[{"width":896,"height":504,"url":"https:\/\/infoelnuevonorte.com\/wp-content\/uploads\/2024\/07\/el-verano-atrae-a-mas-familias-y-sube-llegada-de-visitantes-en-junio-focus-min0.02-0.2-896-504.jpg","type":"image\/jpeg"}],"author":"A.P.","twitter_card":"summary_large_image","twitter_creator":"@Elnuevo_norte","twitter_site":"@Elnuevo_norte","twitter_misc":{"Written by":"A.P.","Est. reading time":"3 minutos"},"schema":{"@context":"https:\/\/schema.org","@graph":[{"@type":"Article","@id":"https:\/\/infoelnuevonorte.com\/?p=33133#article","isPartOf":{"@id":"https:\/\/infoelnuevonorte.com\/?p=33133"},"author":{"name":"A.P.","@id":"https:\/\/infoelnuevonorte.com\/#\/schema\/person\/92d4a526d666630102a5094d7c57b2f3"},"headline":"El verano atrae a m\u00e1s familias y sube la llegada de visitantes en junio","datePublished":"2024-07-05T16:45:45+00:00","dateModified":"2024-07-05T16:45:47+00:00","mainEntityOfPage":{"@id":"https:\/\/infoelnuevonorte.com\/?p=33133"},"wordCount":562,"publisher":{"@id":"https:\/\/infoelnuevonorte.com\/#organization"},"articleSection":["Nacionales"],"inLanguage":"es-DO"},{"@type":"WebPage","@id":"https:\/\/infoelnuevonorte.com\/?p=33133","url":"https:\/\/infoelnuevonorte.com\/?p=33133","name":"El verano atrae a m\u00e1s familias y sube la llegada de visitantes en junio | El Nuevo Norte","isPartOf":{"@id":"https:\/\/infoelnuevonorte.com\/#website"},"datePublished":"2024-07-05T16:45:45+00:00","dateModified":"2024-07-05T16:45:47+00:00","breadcrumb":{"@id":"https:\/\/infoelnuevonorte.com\/?p=33133#breadcrumb"},"inLanguage":"es-DO","potentialAction":[{"@type":"ReadAction","target":["https:\/\/infoelnuevonorte.com\/?p=33133"]}]},{"@type":"BreadcrumbList","@id":"https:\/\/infoelnuevonorte.com\/?p=33133#breadcrumb","itemListElement":[{"@type":"ListItem","position":1,"name":"Home","item":"https:\/\/infoelnuevonorte.com\/"},{"@type":"ListItem","position":2,"name":"El verano atrae a m\u00e1s familias y sube la llegada de visitantes en junio"}]},{"@type":"WebSite","@id":"https:\/\/infoelnuevonorte.com\/#website","url":"https:\/\/infoelnuevonorte.com\/","name":"InfoEnn","description":"Tu Voz, tu Verdad, tu Diario!!!","publisher":{"@id":"https:\/\/infoelnuevonorte.com\/#organization"},"alternateName":"El Nuevo Norte","potentialAction":[{"@type":"SearchAction","target":{"@type":"EntryPoint","urlTemplate":"https:\/\/infoelnuevonorte.com\/?s={search_term_string}"},"query-input":{"@type":"PropertyValueSpecification","valueRequired":true,"valueName":"search_term_string"}}],"inLanguage":"es-DO"},{"@type":"Organization","@id":"https:\/\/infoelnuevonorte.com\/#organization","name":"Info El Nuevo Norte","alternateName":"El Nuevo Norte","url":"https:\/\/infoelnuevonorte.com\/","logo":{"@type":"ImageObject","inLanguage":"es-DO","@id":"https:\/\/infoelnuevonorte.com\/#\/schema\/logo\/image\/","url":"https:\/\/infoelnuevonorte.com\/wp-content\/uploads\/2026\/02\/Logo-Info-enn-3d-20ani.jpeg","contentUrl":"https:\/\/infoelnuevonorte.com\/wp-content\/uploads\/2026\/02\/Logo-Info-enn-3d-20ani.jpeg","width":2046,"height":736,"caption":"Info El Nuevo Norte"},"image":{"@id":"https:\/\/infoelnuevonorte.com\/#\/schema\/logo\/image\/"},"sameAs":["https:\/\/www.facebook.com\/infoenn","https:\/\/x.com\/Elnuevo_norte","https:\/\/www.instagram.com\/infoenn","https:\/\/www.facebook.com\/ENNRD"]},{"@type":"Person","@id":"https:\/\/infoelnuevonorte.com\/#\/schema\/person\/92d4a526d666630102a5094d7c57b2f3","name":"A.P.","image":{"@type":"ImageObject","inLanguage":"es-DO","@id":"https:\/\/infoelnuevonorte.com\/#\/schema\/person\/image\/","url":"https:\/\/secure.gravatar.com\/avatar\/21b59994a05c5ed2c199adcbaa65531c?s=96&d=robohash&r=g","contentUrl":"https:\/\/secure.gravatar.com\/avatar\/21b59994a05c5ed2c199adcbaa65531c?s=96&d=robohash&r=g","caption":"A.P."},"url":"https:\/\/infoelnuevonorte.com\/?author=7"}]}},"_links":{"self":[{"href":"https:\/\/infoelnuevonorte.com\/index.php?rest_route=\/wp\/v2\/posts\/33133"}],"collection":[{"href":"https:\/\/infoelnuevonorte.com\/index.php?rest_route=\/wp\/v2\/posts"}],"about":[{"href":"https:\/\/infoelnuevonorte.com\/index.php?rest_route=\/wp\/v2\/types\/post"}],"author":[{"embeddable":true,"href":"https:\/\/infoelnuevonorte.com\/index.php?rest_route=\/wp\/v2\/users\/7"}],"replies":[{"embeddable":true,"href":"https:\/\/infoelnuevonorte.com\/index.php?rest_route=%2Fwp%2Fv2%2Fcomments&post=33133"}],"version-history":[{"count":0,"href":"https:\/\/infoelnuevonorte.com\/index.php?rest_route=\/wp\/v2\/posts\/33133\/revisions"}],"wp:attachment":[{"href":"https:\/\/infoelnuevonorte.com\/index.php?rest_route=%2Fwp%2Fv2%2Fmedia&parent=33133"}],"wp:term":[{"taxonomy":"category","embeddable":true,"href":"https:\/\/infoelnuevonorte.com\/index.php?rest_route=%2Fwp%2Fv2%2Fcategories&post=33133"},{"taxonomy":"post_tag","embeddable":true,"href":"https:\/\/infoelnuevonorte.com\/index.php?rest_route=%2Fwp%2Fv2%2Ftags&post=33133"}],"curies":[{"name":"wp","href":"https:\/\/api.w.org\/{rel}","templated":true}]}}