{"id":33181,"date":"2024-07-05T14:22:14","date_gmt":"2024-07-05T18:22:14","guid":{"rendered":"https:\/\/infoelnuevonorte.com\/?p=33181"},"modified":"2024-07-05T14:22:15","modified_gmt":"2024-07-05T18:22:15","slug":"abinader-inaugurara-ocho-obras-este-sabado-y-el-lunes","status":"publish","type":"post","link":"https:\/\/infoelnuevonorte.com\/?p=33181","title":{"rendered":"Abinader inaugurar\u00e1 ocho obras este s\u00e1bado y el lunes"},"content":{"rendered":"<!--[if lt IE 9]><script>document.createElement('audio');<\/script><![endif]-->\n<audio class=\"wp-audio-shortcode\" id=\"audio-33181-1\" preload=\"none\" style=\"width: 100%;\" controls=\"controls\"><source type=\"audio\/mpeg\" src=\"https:\/\/infoelnuevonorte.com\/wp-content\/uploads\/2024\/07\/ttsmaker-file-2024-7-5-14-20-18.mp3?_=1\" \/><a href=\"https:\/\/infoelnuevonorte.com\/wp-content\/uploads\/2024\/07\/ttsmaker-file-2024-7-5-14-20-18.mp3\">https:\/\/infoelnuevonorte.com\/wp-content\/uploads\/2024\/07\/ttsmaker-file-2024-7-5-14-20-18.mp3<\/a><\/audio>\n<p style=\"text-align: justify\">El presidente Luis Abinader encabezar\u00e1, ma\u00f1ana y el lunes, ocho inauguraciones de obras en las provincias La Altagracia, San Pedro de Macor\u00eds, Dajab\u00f3n y Montecristi, y dejar\u00e1 iniciados los trabajos de construcci\u00f3n de la c\u00e1rcel preventiva de Anamuya, Hig\u00fcey y del proyecto de energ\u00eda Bah\u00eda de Manzanillo.<\/p>\n<p style=\"text-align: justify\">El mandatario adem\u00e1s encabezar\u00e1 la edici\u00f3n del encuentro LA Semanal con la Prensa de este lunes 8 de julio, en Manzanillo, provincia Montecristi.<\/p>\n<p style=\"text-align: justify\">Las obras que inaugurar\u00e1 el jefe de Estado son: la Carretera Domingo Ma\u00edz, en Ver\u00f3n, Punta Cana; el puente sobre el Arroyo Yauya, en La Otra Banda; el Liceo Prof. Jos\u00e9 Alfonso Cabral; el asfaltado de los Sectores Naime I, Naime II y Villa Espa\u00f1a, Los Transformadores, Barrio Blanco y Ebenezer; la construcci\u00f3n del muro y reparaci\u00f3n del puente peatonal de la autov\u00eda El Coral; de la Fortaleza del Ej\u00e9rcito Nacional de Manzanillo; de la Fortaleza General Pedro Santana, asiento de la 6ta. Brigada de Infanter\u00eda del Ej\u00e9rcito y del muelle auxiliar Energ\u00eda 2,000.<\/p>\n<p style=\"text-align: justify\"><strong>S\u00e1bado 6 de julio, La Altagracia\u00a0<\/strong><\/p>\n<p style=\"text-align: justify\">El presidente Abinader iniciar\u00e1 su agenda de trabajo a las 10:30 de la ma\u00f1ana con la inauguraci\u00f3n de la reconstrucci\u00f3n de la carretera Domingo Ma\u00edz y su interconexi\u00f3n a la avenida Punta Cana, en el distrito municipal Ver\u00f3n. Esta infraestructura vial proporciona una base esencial para el desarrollo econ\u00f3mico y social de la poblaci\u00f3n, generando adem\u00e1s un atractivo en las zonas con potencial tur\u00edstico.<\/p>\n<p style=\"text-align: justify\">Posteriormente, inaugurar\u00e1 en La Otra Banda, Hig\u00fcey, el puente sobre el Arroyo Yauya, que comunica las comunidades de La Otra Banda-Cruz del Isle\u00f1o, El Salado, Macao y Nisib\u00f3n. Con la construcci\u00f3n del nuevo puente se busca mejorar la comunicaci\u00f3n e incentivar la productividad y desarrollo entre las comunidades que enlaza.<\/p>\n<p style=\"text-align: justify\">M\u00e1s tarde, el mandatario encabezar\u00e1 el acto de primer palazo de la c\u00e1rcel preventiva de Anamuya, Hig\u00fcey.<\/p>\n<p style=\"text-align: justify\"><strong>San Pedro de Macor\u00eds<\/strong><\/p>\n<p style=\"text-align: justify\">Luego se trasladar\u00e1 a San Pedro de Macor\u00eds, donde dejar\u00e1 inaugurado el Liceo Prof. Jos\u00e9 Alfonso Cabral, en el sector Villa Maranatha.<\/p>\n<p style=\"text-align: justify\">A seguidas, inaugurar\u00e1 el asfaltado de los sectores: Naime I, Naime II y Villa Espa\u00f1a, Los Transformadores, Barrio Blanco y Ebenezer. Y la construcci\u00f3n del muro y reparaci\u00f3n de puente peatonal de la autov\u00eda El Coral.<\/p>\n<p style=\"text-align: justify\">Concluir\u00e1 su agenda del s\u00e1bado con la inauguraci\u00f3n de la Fortaleza General Pedro Santana, asiento de la 6ta. Brigada de Infanter\u00eda del Ej\u00e9rcito.<\/p>\n<p style=\"text-align: justify\"><strong>Lunes 8 de julio, Dajab\u00f3n<\/strong><\/p>\n<p style=\"text-align: justify\">Retomando su programa de actividades, el presidente Abinader inaugurar\u00e1 a las 12:00 del mediod\u00eda, la Fortaleza del Ej\u00e9rcito Nacional en Dajab\u00f3n.<\/p>\n<p style=\"text-align: justify\"><strong>Manzanillo, Montecristi<\/strong><\/p>\n<p style=\"text-align: justify\">M\u00e1s tarde, dejar\u00e1 inaugurado el muelle auxiliar Energ\u00eda 2,000 y dar\u00e1 el primer palazo para la construcci\u00f3n del proyecto de energ\u00eda Bah\u00eda de Manzanillo.<\/p>\n<p style=\"text-align: justify\">En horas de la tarde, el gobernante encabezar\u00e1 el encuentro con los medios de comunicaci\u00f3n, LA Semanal con la Prensa, en Manzanillo.<\/p>\n","protected":false},"excerpt":{"rendered":"<p>El presidente Luis Abinader encabezar\u00e1, ma\u00f1ana y el lunes, ocho inauguraciones de obras en las provincias La Altagracia, San Pedro de Macor\u00eds, Dajab\u00f3n y Montecristi, y dejar\u00e1 iniciados los trabajos de construcci\u00f3n de la c\u00e1rcel preventiva de Anamuya, Hig\u00fcey y del proyecto de energ\u00eda Bah\u00eda de Manzanillo. El mandatario adem\u00e1s encabezar\u00e1 la edici\u00f3n del encuentro [&hellip;]<\/p>\n","protected":false},"author":7,"featured_media":0,"comment_status":"closed","ping_status":"open","sticky":false,"template":"","format":"standard","meta":{"footnotes":""},"categories":[8],"tags":[],"yoast_head":"<!-- This site is optimized with the Yoast SEO plugin v24.5 - https:\/\/yoast.com\/wordpress\/plugins\/seo\/ -->\n<title>Abinader inaugurar\u00e1 ocho obras este s\u00e1bado y el lunes | El Nuevo Norte<\/title>\n<meta name=\"robots\" content=\"index, follow, max-snippet:-1, max-image-preview:large, max-video-preview:-1\" \/>\n<link rel=\"canonical\" href=\"https:\/\/infoelnuevonorte.com\/?p=33181\" \/>\n<meta property=\"og:locale\" content=\"es_ES\" \/>\n<meta property=\"og:type\" content=\"article\" \/>\n<meta property=\"og:title\" content=\"Abinader inaugurar\u00e1 ocho obras este s\u00e1bado y el lunes | El Nuevo Norte\" \/>\n<meta property=\"og:description\" content=\"El presidente Luis Abinader encabezar\u00e1, ma\u00f1ana y el lunes, ocho inauguraciones de obras en las provincias La Altagracia, San Pedro de Macor\u00eds, Dajab\u00f3n y Montecristi, y dejar\u00e1 iniciados los trabajos de construcci\u00f3n de la c\u00e1rcel preventiva de Anamuya, Hig\u00fcey y del proyecto de energ\u00eda Bah\u00eda de Manzanillo. El mandatario adem\u00e1s encabezar\u00e1 la edici\u00f3n del encuentro [&hellip;]\" \/>\n<meta property=\"og:url\" content=\"https:\/\/infoelnuevonorte.com\/?p=33181\" \/>\n<meta property=\"og:site_name\" content=\"El Nuevo Norte\" \/>\n<meta property=\"article:publisher\" content=\"https:\/\/www.facebook.com\/infoenn\" \/>\n<meta property=\"article:published_time\" content=\"2024-07-05T18:22:14+00:00\" \/>\n<meta property=\"article:modified_time\" content=\"2024-07-05T18:22:15+00:00\" \/>\n<meta property=\"og:image\" content=\"https:\/\/infoelnuevonorte.com\/wp-content\/uploads\/2024\/07\/abinader-mano-medium-jpg.webp\" \/>\n\t<meta property=\"og:image:width\" content=\"760\" \/>\n\t<meta property=\"og:image:height\" content=\"438\" \/>\n\t<meta property=\"og:image:type\" content=\"image\/jpeg\" \/>\n<meta name=\"author\" content=\"A.P.\" \/>\n<meta name=\"twitter:card\" content=\"summary_large_image\" \/>\n<meta name=\"twitter:creator\" content=\"@Elnuevo_norte\" \/>\n<meta name=\"twitter:site\" content=\"@Elnuevo_norte\" \/>\n<meta name=\"twitter:label1\" content=\"Written by\" \/>\n\t<meta name=\"twitter:data1\" content=\"A.P.\" \/>\n\t<meta name=\"twitter:label2\" content=\"Est. reading time\" \/>\n\t<meta name=\"twitter:data2\" content=\"3 minutos\" \/>\n<script type=\"application\/ld+json\" class=\"yoast-schema-graph\">{\"@context\":\"https:\/\/schema.org\",\"@graph\":[{\"@type\":\"Article\",\"@id\":\"https:\/\/infoelnuevonorte.com\/?p=33181#article\",\"isPartOf\":{\"@id\":\"https:\/\/infoelnuevonorte.com\/?p=33181\"},\"author\":{\"name\":\"A.P.\",\"@id\":\"https:\/\/infoelnuevonorte.com\/#\/schema\/person\/92d4a526d666630102a5094d7c57b2f3\"},\"headline\":\"Abinader inaugurar\u00e1 ocho obras este s\u00e1bado y el lunes\",\"datePublished\":\"2024-07-05T18:22:14+00:00\",\"dateModified\":\"2024-07-05T18:22:15+00:00\",\"mainEntityOfPage\":{\"@id\":\"https:\/\/infoelnuevonorte.com\/?p=33181\"},\"wordCount\":537,\"publisher\":{\"@id\":\"https:\/\/infoelnuevonorte.com\/#organization\"},\"articleSection\":[\"Nacionales\"],\"inLanguage\":\"es-DO\"},{\"@type\":\"WebPage\",\"@id\":\"https:\/\/infoelnuevonorte.com\/?p=33181\",\"url\":\"https:\/\/infoelnuevonorte.com\/?p=33181\",\"name\":\"Abinader inaugurar\u00e1 ocho obras este s\u00e1bado y el lunes | El Nuevo Norte\",\"isPartOf\":{\"@id\":\"https:\/\/infoelnuevonorte.com\/#website\"},\"datePublished\":\"2024-07-05T18:22:14+00:00\",\"dateModified\":\"2024-07-05T18:22:15+00:00\",\"breadcrumb\":{\"@id\":\"https:\/\/infoelnuevonorte.com\/?p=33181#breadcrumb\"},\"inLanguage\":\"es-DO\",\"potentialAction\":[{\"@type\":\"ReadAction\",\"target\":[\"https:\/\/infoelnuevonorte.com\/?p=33181\"]}]},{\"@type\":\"BreadcrumbList\",\"@id\":\"https:\/\/infoelnuevonorte.com\/?p=33181#breadcrumb\",\"itemListElement\":[{\"@type\":\"ListItem\",\"position\":1,\"name\":\"Home\",\"item\":\"https:\/\/infoelnuevonorte.com\/\"},{\"@type\":\"ListItem\",\"position\":2,\"name\":\"Abinader inaugurar\u00e1 ocho obras este s\u00e1bado y el lunes\"}]},{\"@type\":\"WebSite\",\"@id\":\"https:\/\/infoelnuevonorte.com\/#website\",\"url\":\"https:\/\/infoelnuevonorte.com\/\",\"name\":\"InfoEnn\",\"description\":\"Tu Voz, tu Verdad, tu Diario!!!\",\"publisher\":{\"@id\":\"https:\/\/infoelnuevonorte.com\/#organization\"},\"alternateName\":\"El Nuevo Norte\",\"potentialAction\":[{\"@type\":\"SearchAction\",\"target\":{\"@type\":\"EntryPoint\",\"urlTemplate\":\"https:\/\/infoelnuevonorte.com\/?s={search_term_string}\"},\"query-input\":{\"@type\":\"PropertyValueSpecification\",\"valueRequired\":true,\"valueName\":\"search_term_string\"}}],\"inLanguage\":\"es-DO\"},{\"@type\":\"Organization\",\"@id\":\"https:\/\/infoelnuevonorte.com\/#organization\",\"name\":\"Info El Nuevo Norte\",\"alternateName\":\"El Nuevo Norte\",\"url\":\"https:\/\/infoelnuevonorte.com\/\",\"logo\":{\"@type\":\"ImageObject\",\"inLanguage\":\"es-DO\",\"@id\":\"https:\/\/infoelnuevonorte.com\/#\/schema\/logo\/image\/\",\"url\":\"https:\/\/infoelnuevonorte.com\/wp-content\/uploads\/2026\/02\/Logo-Info-enn-3d-20ani.jpeg\",\"contentUrl\":\"https:\/\/infoelnuevonorte.com\/wp-content\/uploads\/2026\/02\/Logo-Info-enn-3d-20ani.jpeg\",\"width\":2046,\"height\":736,\"caption\":\"Info El Nuevo Norte\"},\"image\":{\"@id\":\"https:\/\/infoelnuevonorte.com\/#\/schema\/logo\/image\/\"},\"sameAs\":[\"https:\/\/www.facebook.com\/infoenn\",\"https:\/\/x.com\/Elnuevo_norte\",\"https:\/\/www.instagram.com\/infoenn\",\"https:\/\/www.facebook.com\/ENNRD\"]},{\"@type\":\"Person\",\"@id\":\"https:\/\/infoelnuevonorte.com\/#\/schema\/person\/92d4a526d666630102a5094d7c57b2f3\",\"name\":\"A.P.\",\"image\":{\"@type\":\"ImageObject\",\"inLanguage\":\"es-DO\",\"@id\":\"https:\/\/infoelnuevonorte.com\/#\/schema\/person\/image\/\",\"url\":\"https:\/\/secure.gravatar.com\/avatar\/21b59994a05c5ed2c199adcbaa65531c?s=96&d=robohash&r=g\",\"contentUrl\":\"https:\/\/secure.gravatar.com\/avatar\/21b59994a05c5ed2c199adcbaa65531c?s=96&d=robohash&r=g\",\"caption\":\"A.P.\"},\"url\":\"https:\/\/infoelnuevonorte.com\/?author=7\"}]}<\/script>\n<!-- \/ Yoast SEO plugin. -->","yoast_head_json":{"title":"Abinader inaugurar\u00e1 ocho obras este s\u00e1bado y el lunes | El Nuevo Norte","robots":{"index":"index","follow":"follow","max-snippet":"max-snippet:-1","max-image-preview":"max-image-preview:large","max-video-preview":"max-video-preview:-1"},"canonical":"https:\/\/infoelnuevonorte.com\/?p=33181","og_locale":"es_ES","og_type":"article","og_title":"Abinader inaugurar\u00e1 ocho obras este s\u00e1bado y el lunes | El Nuevo Norte","og_description":"El presidente Luis Abinader encabezar\u00e1, ma\u00f1ana y el lunes, ocho inauguraciones de obras en las provincias La Altagracia, San Pedro de Macor\u00eds, Dajab\u00f3n y Montecristi, y dejar\u00e1 iniciados los trabajos de construcci\u00f3n de la c\u00e1rcel preventiva de Anamuya, Hig\u00fcey y del proyecto de energ\u00eda Bah\u00eda de Manzanillo. El mandatario adem\u00e1s encabezar\u00e1 la edici\u00f3n del encuentro [&hellip;]","og_url":"https:\/\/infoelnuevonorte.com\/?p=33181","og_site_name":"El Nuevo Norte","article_publisher":"https:\/\/www.facebook.com\/infoenn","article_published_time":"2024-07-05T18:22:14+00:00","article_modified_time":"2024-07-05T18:22:15+00:00","og_image":[{"width":760,"height":438,"url":"https:\/\/infoelnuevonorte.com\/wp-content\/uploads\/2024\/07\/abinader-mano-medium-jpg.webp","type":"image\/jpeg"}],"author":"A.P.","twitter_card":"summary_large_image","twitter_creator":"@Elnuevo_norte","twitter_site":"@Elnuevo_norte","twitter_misc":{"Written by":"A.P.","Est. reading time":"3 minutos"},"schema":{"@context":"https:\/\/schema.org","@graph":[{"@type":"Article","@id":"https:\/\/infoelnuevonorte.com\/?p=33181#article","isPartOf":{"@id":"https:\/\/infoelnuevonorte.com\/?p=33181"},"author":{"name":"A.P.","@id":"https:\/\/infoelnuevonorte.com\/#\/schema\/person\/92d4a526d666630102a5094d7c57b2f3"},"headline":"Abinader inaugurar\u00e1 ocho obras este s\u00e1bado y el lunes","datePublished":"2024-07-05T18:22:14+00:00","dateModified":"2024-07-05T18:22:15+00:00","mainEntityOfPage":{"@id":"https:\/\/infoelnuevonorte.com\/?p=33181"},"wordCount":537,"publisher":{"@id":"https:\/\/infoelnuevonorte.com\/#organization"},"articleSection":["Nacionales"],"inLanguage":"es-DO"},{"@type":"WebPage","@id":"https:\/\/infoelnuevonorte.com\/?p=33181","url":"https:\/\/infoelnuevonorte.com\/?p=33181","name":"Abinader inaugurar\u00e1 ocho obras este s\u00e1bado y el lunes | El Nuevo Norte","isPartOf":{"@id":"https:\/\/infoelnuevonorte.com\/#website"},"datePublished":"2024-07-05T18:22:14+00:00","dateModified":"2024-07-05T18:22:15+00:00","breadcrumb":{"@id":"https:\/\/infoelnuevonorte.com\/?p=33181#breadcrumb"},"inLanguage":"es-DO","potentialAction":[{"@type":"ReadAction","target":["https:\/\/infoelnuevonorte.com\/?p=33181"]}]},{"@type":"BreadcrumbList","@id":"https:\/\/infoelnuevonorte.com\/?p=33181#breadcrumb","itemListElement":[{"@type":"ListItem","position":1,"name":"Home","item":"https:\/\/infoelnuevonorte.com\/"},{"@type":"ListItem","position":2,"name":"Abinader inaugurar\u00e1 ocho obras este s\u00e1bado y el lunes"}]},{"@type":"WebSite","@id":"https:\/\/infoelnuevonorte.com\/#website","url":"https:\/\/infoelnuevonorte.com\/","name":"InfoEnn","description":"Tu Voz, tu Verdad, tu Diario!!!","publisher":{"@id":"https:\/\/infoelnuevonorte.com\/#organization"},"alternateName":"El Nuevo Norte","potentialAction":[{"@type":"SearchAction","target":{"@type":"EntryPoint","urlTemplate":"https:\/\/infoelnuevonorte.com\/?s={search_term_string}"},"query-input":{"@type":"PropertyValueSpecification","valueRequired":true,"valueName":"search_term_string"}}],"inLanguage":"es-DO"},{"@type":"Organization","@id":"https:\/\/infoelnuevonorte.com\/#organization","name":"Info El Nuevo Norte","alternateName":"El Nuevo Norte","url":"https:\/\/infoelnuevonorte.com\/","logo":{"@type":"ImageObject","inLanguage":"es-DO","@id":"https:\/\/infoelnuevonorte.com\/#\/schema\/logo\/image\/","url":"https:\/\/infoelnuevonorte.com\/wp-content\/uploads\/2026\/02\/Logo-Info-enn-3d-20ani.jpeg","contentUrl":"https:\/\/infoelnuevonorte.com\/wp-content\/uploads\/2026\/02\/Logo-Info-enn-3d-20ani.jpeg","width":2046,"height":736,"caption":"Info El Nuevo Norte"},"image":{"@id":"https:\/\/infoelnuevonorte.com\/#\/schema\/logo\/image\/"},"sameAs":["https:\/\/www.facebook.com\/infoenn","https:\/\/x.com\/Elnuevo_norte","https:\/\/www.instagram.com\/infoenn","https:\/\/www.facebook.com\/ENNRD"]},{"@type":"Person","@id":"https:\/\/infoelnuevonorte.com\/#\/schema\/person\/92d4a526d666630102a5094d7c57b2f3","name":"A.P.","image":{"@type":"ImageObject","inLanguage":"es-DO","@id":"https:\/\/infoelnuevonorte.com\/#\/schema\/person\/image\/","url":"https:\/\/secure.gravatar.com\/avatar\/21b59994a05c5ed2c199adcbaa65531c?s=96&d=robohash&r=g","contentUrl":"https:\/\/secure.gravatar.com\/avatar\/21b59994a05c5ed2c199adcbaa65531c?s=96&d=robohash&r=g","caption":"A.P."},"url":"https:\/\/infoelnuevonorte.com\/?author=7"}]}},"_links":{"self":[{"href":"https:\/\/infoelnuevonorte.com\/index.php?rest_route=\/wp\/v2\/posts\/33181"}],"collection":[{"href":"https:\/\/infoelnuevonorte.com\/index.php?rest_route=\/wp\/v2\/posts"}],"about":[{"href":"https:\/\/infoelnuevonorte.com\/index.php?rest_route=\/wp\/v2\/types\/post"}],"author":[{"embeddable":true,"href":"https:\/\/infoelnuevonorte.com\/index.php?rest_route=\/wp\/v2\/users\/7"}],"replies":[{"embeddable":true,"href":"https:\/\/infoelnuevonorte.com\/index.php?rest_route=%2Fwp%2Fv2%2Fcomments&post=33181"}],"version-history":[{"count":0,"href":"https:\/\/infoelnuevonorte.com\/index.php?rest_route=\/wp\/v2\/posts\/33181\/revisions"}],"wp:attachment":[{"href":"https:\/\/infoelnuevonorte.com\/index.php?rest_route=%2Fwp%2Fv2%2Fmedia&parent=33181"}],"wp:term":[{"taxonomy":"category","embeddable":true,"href":"https:\/\/infoelnuevonorte.com\/index.php?rest_route=%2Fwp%2Fv2%2Fcategories&post=33181"},{"taxonomy":"post_tag","embeddable":true,"href":"https:\/\/infoelnuevonorte.com\/index.php?rest_route=%2Fwp%2Fv2%2Ftags&post=33181"}],"curies":[{"name":"wp","href":"https:\/\/api.w.org\/{rel}","templated":true}]}}