{"id":33611,"date":"2024-07-08T12:16:59","date_gmt":"2024-07-08T16:16:59","guid":{"rendered":"https:\/\/infoelnuevonorte.com\/?p=33611"},"modified":"2024-07-08T12:17:00","modified_gmt":"2024-07-08T16:17:00","slug":"nino-de-7-anos-muere-en-rio-de-san-jose-las-matas-defensa-civil-muestra-preocupacion","status":"publish","type":"post","link":"https:\/\/infoelnuevonorte.com\/?p=33611","title":{"rendered":"Ni\u00f1o de 7 a\u00f1os muere en r\u00edo de San Jos\u00e9 las Matas; Defensa Civil muestra preocupaci\u00f3n"},"content":{"rendered":"<!--[if lt IE 9]><script>document.createElement('audio');<\/script><![endif]-->\n<audio class=\"wp-audio-shortcode\" id=\"audio-33611-1\" preload=\"none\" style=\"width: 100%;\" controls=\"controls\"><source type=\"audio\/mpeg\" src=\"https:\/\/infoelnuevonorte.com\/wp-content\/uploads\/2024\/07\/ttsmaker-file-2024-7-8-12-15-58.mp3?_=1\" \/><a href=\"https:\/\/infoelnuevonorte.com\/wp-content\/uploads\/2024\/07\/ttsmaker-file-2024-7-8-12-15-58.mp3\">https:\/\/infoelnuevonorte.com\/wp-content\/uploads\/2024\/07\/ttsmaker-file-2024-7-8-12-15-58.mp3<\/a><\/audio>\n<p><strong>SANTIAGO.-<\/strong> Un ni\u00f1o de 7 a\u00f1os muri\u00f3 ahogado tras ser arrastrado por la crecida de un r\u00edo en el municipio de San Jos\u00e9 las Matas en Santiago.<\/p>\n<p>El ni\u00f1o, identificado como Edison Miguel Rodr\u00edguez, residente en Santiago Oeste, fue arrastrado junto a otros ni\u00f1os por la corriente, dos de estos fueron rescatados con vida, expres\u00f3 el padre de la v\u00edctima, Junior Germos\u00e9n.<\/p>\n<p>Francisco Arias, director regional norte de la Defensa Civil, manifest\u00f3 preocupaci\u00f3n por los casos de ahogamiento que se han presentado en los balnearios y r\u00edos.<\/p>\n<div style=\"width: 696px;\" class=\"wp-video\"><!--[if lt IE 9]><script>document.createElement('video');<\/script><![endif]-->\n<video class=\"wp-video-shortcode\" id=\"video-33611-1\" width=\"696\" height=\"392\" preload=\"metadata\" controls=\"controls\"><source type=\"video\/mp4\" src=\"https:\/\/infoelnuevonorte.com\/wp-content\/uploads\/2024\/07\/whatsapp-video-2024-07-08-at-7.12.54-am.mp4?_=1\" \/><a href=\"https:\/\/infoelnuevonorte.com\/wp-content\/uploads\/2024\/07\/whatsapp-video-2024-07-08-at-7.12.54-am.mp4\">https:\/\/infoelnuevonorte.com\/wp-content\/uploads\/2024\/07\/whatsapp-video-2024-07-08-at-7.12.54-am.mp4<\/a><\/video><\/div>\n<p>Dijo que el fallecido supuestamente no ten\u00eda un salvavidas puesto.<\/p>\n<p>El cuerpo del ni\u00f1o fue llevado al Instituto Nacional de Ciencias Forenses (Inacif), para las evaluaciones de lugar.<\/p>\n","protected":false},"excerpt":{"rendered":"<p>SANTIAGO.- Un ni\u00f1o de 7 a\u00f1os muri\u00f3 ahogado tras ser arrastrado por la crecida de un r\u00edo en el municipio de San Jos\u00e9 las Matas en Santiago. El ni\u00f1o, identificado como Edison Miguel Rodr\u00edguez, residente en Santiago Oeste, fue arrastrado junto a otros ni\u00f1os por la corriente, dos de estos fueron rescatados con vida, expres\u00f3 [&hellip;]<\/p>\n","protected":false},"author":7,"featured_media":0,"comment_status":"closed","ping_status":"open","sticky":false,"template":"","format":"standard","meta":{"footnotes":""},"categories":[5],"tags":[],"yoast_head":"<!-- This site is optimized with the Yoast SEO plugin v24.5 - https:\/\/yoast.com\/wordpress\/plugins\/seo\/ -->\n<title>Ni\u00f1o de 7 a\u00f1os muere en r\u00edo de San Jos\u00e9 las Matas; Defensa Civil muestra preocupaci\u00f3n | El Nuevo Norte<\/title>\n<meta name=\"robots\" content=\"index, follow, max-snippet:-1, max-image-preview:large, max-video-preview:-1\" \/>\n<link rel=\"canonical\" href=\"https:\/\/infoelnuevonorte.com\/?p=33611\" \/>\n<meta property=\"og:locale\" content=\"es_ES\" \/>\n<meta property=\"og:type\" content=\"article\" \/>\n<meta property=\"og:title\" content=\"Ni\u00f1o de 7 a\u00f1os muere en r\u00edo de San Jos\u00e9 las Matas; Defensa Civil muestra preocupaci\u00f3n | El Nuevo Norte\" \/>\n<meta property=\"og:description\" content=\"SANTIAGO.- Un ni\u00f1o de 7 a\u00f1os muri\u00f3 ahogado tras ser arrastrado por la crecida de un r\u00edo en el municipio de San Jos\u00e9 las Matas en Santiago. El ni\u00f1o, identificado como Edison Miguel Rodr\u00edguez, residente en Santiago Oeste, fue arrastrado junto a otros ni\u00f1os por la corriente, dos de estos fueron rescatados con vida, expres\u00f3 [&hellip;]\" \/>\n<meta property=\"og:url\" content=\"https:\/\/infoelnuevonorte.com\/?p=33611\" \/>\n<meta property=\"og:site_name\" content=\"El Nuevo Norte\" \/>\n<meta property=\"article:publisher\" content=\"https:\/\/www.facebook.com\/infoenn\" \/>\n<meta property=\"article:published_time\" content=\"2024-07-08T16:16:59+00:00\" \/>\n<meta property=\"article:modified_time\" content=\"2024-07-08T16:17:00+00:00\" \/>\n<meta property=\"og:image\" content=\"https:\/\/infoelnuevonorte.com\/wp-content\/uploads\/2024\/07\/Nino-rio.webp\" \/>\n\t<meta property=\"og:image:width\" content=\"760\" \/>\n\t<meta property=\"og:image:height\" content=\"456\" \/>\n\t<meta property=\"og:image:type\" content=\"image\/webp\" \/>\n<meta name=\"author\" content=\"A.P.\" \/>\n<meta name=\"twitter:card\" content=\"summary_large_image\" \/>\n<meta name=\"twitter:creator\" content=\"@Elnuevo_norte\" \/>\n<meta name=\"twitter:site\" content=\"@Elnuevo_norte\" \/>\n<meta name=\"twitter:label1\" content=\"Written by\" \/>\n\t<meta name=\"twitter:data1\" content=\"A.P.\" \/>\n\t<meta name=\"twitter:label2\" content=\"Est. reading time\" \/>\n\t<meta name=\"twitter:data2\" content=\"1 minuto\" \/>\n<script type=\"application\/ld+json\" class=\"yoast-schema-graph\">{\"@context\":\"https:\/\/schema.org\",\"@graph\":[{\"@type\":\"Article\",\"@id\":\"https:\/\/infoelnuevonorte.com\/?p=33611#article\",\"isPartOf\":{\"@id\":\"https:\/\/infoelnuevonorte.com\/?p=33611\"},\"author\":{\"name\":\"A.P.\",\"@id\":\"https:\/\/infoelnuevonorte.com\/#\/schema\/person\/92d4a526d666630102a5094d7c57b2f3\"},\"headline\":\"Ni\u00f1o de 7 a\u00f1os muere en r\u00edo de San Jos\u00e9 las Matas; Defensa Civil muestra preocupaci\u00f3n\",\"datePublished\":\"2024-07-08T16:16:59+00:00\",\"dateModified\":\"2024-07-08T16:17:00+00:00\",\"mainEntityOfPage\":{\"@id\":\"https:\/\/infoelnuevonorte.com\/?p=33611\"},\"wordCount\":177,\"publisher\":{\"@id\":\"https:\/\/infoelnuevonorte.com\/#organization\"},\"articleSection\":[\"Del Norte\"],\"inLanguage\":\"es-DO\"},{\"@type\":\"WebPage\",\"@id\":\"https:\/\/infoelnuevonorte.com\/?p=33611\",\"url\":\"https:\/\/infoelnuevonorte.com\/?p=33611\",\"name\":\"Ni\u00f1o de 7 a\u00f1os muere en r\u00edo de San Jos\u00e9 las Matas; Defensa Civil muestra preocupaci\u00f3n | El Nuevo Norte\",\"isPartOf\":{\"@id\":\"https:\/\/infoelnuevonorte.com\/#website\"},\"datePublished\":\"2024-07-08T16:16:59+00:00\",\"dateModified\":\"2024-07-08T16:17:00+00:00\",\"breadcrumb\":{\"@id\":\"https:\/\/infoelnuevonorte.com\/?p=33611#breadcrumb\"},\"inLanguage\":\"es-DO\",\"potentialAction\":[{\"@type\":\"ReadAction\",\"target\":[\"https:\/\/infoelnuevonorte.com\/?p=33611\"]}]},{\"@type\":\"BreadcrumbList\",\"@id\":\"https:\/\/infoelnuevonorte.com\/?p=33611#breadcrumb\",\"itemListElement\":[{\"@type\":\"ListItem\",\"position\":1,\"name\":\"Home\",\"item\":\"https:\/\/infoelnuevonorte.com\/\"},{\"@type\":\"ListItem\",\"position\":2,\"name\":\"Ni\u00f1o de 7 a\u00f1os muere en r\u00edo de San Jos\u00e9 las Matas; Defensa Civil muestra preocupaci\u00f3n\"}]},{\"@type\":\"WebSite\",\"@id\":\"https:\/\/infoelnuevonorte.com\/#website\",\"url\":\"https:\/\/infoelnuevonorte.com\/\",\"name\":\"InfoEnn\",\"description\":\"Tu Voz, tu Verdad, tu Diario!!!\",\"publisher\":{\"@id\":\"https:\/\/infoelnuevonorte.com\/#organization\"},\"alternateName\":\"El Nuevo Norte\",\"potentialAction\":[{\"@type\":\"SearchAction\",\"target\":{\"@type\":\"EntryPoint\",\"urlTemplate\":\"https:\/\/infoelnuevonorte.com\/?s={search_term_string}\"},\"query-input\":{\"@type\":\"PropertyValueSpecification\",\"valueRequired\":true,\"valueName\":\"search_term_string\"}}],\"inLanguage\":\"es-DO\"},{\"@type\":\"Organization\",\"@id\":\"https:\/\/infoelnuevonorte.com\/#organization\",\"name\":\"Info El Nuevo Norte\",\"alternateName\":\"El Nuevo Norte\",\"url\":\"https:\/\/infoelnuevonorte.com\/\",\"logo\":{\"@type\":\"ImageObject\",\"inLanguage\":\"es-DO\",\"@id\":\"https:\/\/infoelnuevonorte.com\/#\/schema\/logo\/image\/\",\"url\":\"https:\/\/infoelnuevonorte.com\/wp-content\/uploads\/2026\/02\/Logo-Info-enn-3d-20ani.jpeg\",\"contentUrl\":\"https:\/\/infoelnuevonorte.com\/wp-content\/uploads\/2026\/02\/Logo-Info-enn-3d-20ani.jpeg\",\"width\":2046,\"height\":736,\"caption\":\"Info El Nuevo Norte\"},\"image\":{\"@id\":\"https:\/\/infoelnuevonorte.com\/#\/schema\/logo\/image\/\"},\"sameAs\":[\"https:\/\/www.facebook.com\/infoenn\",\"https:\/\/x.com\/Elnuevo_norte\",\"https:\/\/www.instagram.com\/infoenn\",\"https:\/\/www.facebook.com\/ENNRD\"]},{\"@type\":\"Person\",\"@id\":\"https:\/\/infoelnuevonorte.com\/#\/schema\/person\/92d4a526d666630102a5094d7c57b2f3\",\"name\":\"A.P.\",\"image\":{\"@type\":\"ImageObject\",\"inLanguage\":\"es-DO\",\"@id\":\"https:\/\/infoelnuevonorte.com\/#\/schema\/person\/image\/\",\"url\":\"https:\/\/secure.gravatar.com\/avatar\/21b59994a05c5ed2c199adcbaa65531c?s=96&d=robohash&r=g\",\"contentUrl\":\"https:\/\/secure.gravatar.com\/avatar\/21b59994a05c5ed2c199adcbaa65531c?s=96&d=robohash&r=g\",\"caption\":\"A.P.\"},\"url\":\"https:\/\/infoelnuevonorte.com\/?author=7\"}]}<\/script>\n<!-- \/ Yoast SEO plugin. -->","yoast_head_json":{"title":"Ni\u00f1o de 7 a\u00f1os muere en r\u00edo de San Jos\u00e9 las Matas; Defensa Civil muestra preocupaci\u00f3n | El Nuevo Norte","robots":{"index":"index","follow":"follow","max-snippet":"max-snippet:-1","max-image-preview":"max-image-preview:large","max-video-preview":"max-video-preview:-1"},"canonical":"https:\/\/infoelnuevonorte.com\/?p=33611","og_locale":"es_ES","og_type":"article","og_title":"Ni\u00f1o de 7 a\u00f1os muere en r\u00edo de San Jos\u00e9 las Matas; Defensa Civil muestra preocupaci\u00f3n | El Nuevo Norte","og_description":"SANTIAGO.- Un ni\u00f1o de 7 a\u00f1os muri\u00f3 ahogado tras ser arrastrado por la crecida de un r\u00edo en el municipio de San Jos\u00e9 las Matas en Santiago. El ni\u00f1o, identificado como Edison Miguel Rodr\u00edguez, residente en Santiago Oeste, fue arrastrado junto a otros ni\u00f1os por la corriente, dos de estos fueron rescatados con vida, expres\u00f3 [&hellip;]","og_url":"https:\/\/infoelnuevonorte.com\/?p=33611","og_site_name":"El Nuevo Norte","article_publisher":"https:\/\/www.facebook.com\/infoenn","article_published_time":"2024-07-08T16:16:59+00:00","article_modified_time":"2024-07-08T16:17:00+00:00","og_image":[{"width":760,"height":456,"url":"https:\/\/infoelnuevonorte.com\/wp-content\/uploads\/2024\/07\/Nino-rio.webp","type":"image\/webp"}],"author":"A.P.","twitter_card":"summary_large_image","twitter_creator":"@Elnuevo_norte","twitter_site":"@Elnuevo_norte","twitter_misc":{"Written by":"A.P.","Est. reading time":"1 minuto"},"schema":{"@context":"https:\/\/schema.org","@graph":[{"@type":"Article","@id":"https:\/\/infoelnuevonorte.com\/?p=33611#article","isPartOf":{"@id":"https:\/\/infoelnuevonorte.com\/?p=33611"},"author":{"name":"A.P.","@id":"https:\/\/infoelnuevonorte.com\/#\/schema\/person\/92d4a526d666630102a5094d7c57b2f3"},"headline":"Ni\u00f1o de 7 a\u00f1os muere en r\u00edo de San Jos\u00e9 las Matas; Defensa Civil muestra preocupaci\u00f3n","datePublished":"2024-07-08T16:16:59+00:00","dateModified":"2024-07-08T16:17:00+00:00","mainEntityOfPage":{"@id":"https:\/\/infoelnuevonorte.com\/?p=33611"},"wordCount":177,"publisher":{"@id":"https:\/\/infoelnuevonorte.com\/#organization"},"articleSection":["Del Norte"],"inLanguage":"es-DO"},{"@type":"WebPage","@id":"https:\/\/infoelnuevonorte.com\/?p=33611","url":"https:\/\/infoelnuevonorte.com\/?p=33611","name":"Ni\u00f1o de 7 a\u00f1os muere en r\u00edo de San Jos\u00e9 las Matas; Defensa Civil muestra preocupaci\u00f3n | El Nuevo Norte","isPartOf":{"@id":"https:\/\/infoelnuevonorte.com\/#website"},"datePublished":"2024-07-08T16:16:59+00:00","dateModified":"2024-07-08T16:17:00+00:00","breadcrumb":{"@id":"https:\/\/infoelnuevonorte.com\/?p=33611#breadcrumb"},"inLanguage":"es-DO","potentialAction":[{"@type":"ReadAction","target":["https:\/\/infoelnuevonorte.com\/?p=33611"]}]},{"@type":"BreadcrumbList","@id":"https:\/\/infoelnuevonorte.com\/?p=33611#breadcrumb","itemListElement":[{"@type":"ListItem","position":1,"name":"Home","item":"https:\/\/infoelnuevonorte.com\/"},{"@type":"ListItem","position":2,"name":"Ni\u00f1o de 7 a\u00f1os muere en r\u00edo de San Jos\u00e9 las Matas; Defensa Civil muestra preocupaci\u00f3n"}]},{"@type":"WebSite","@id":"https:\/\/infoelnuevonorte.com\/#website","url":"https:\/\/infoelnuevonorte.com\/","name":"InfoEnn","description":"Tu Voz, tu Verdad, tu Diario!!!","publisher":{"@id":"https:\/\/infoelnuevonorte.com\/#organization"},"alternateName":"El Nuevo Norte","potentialAction":[{"@type":"SearchAction","target":{"@type":"EntryPoint","urlTemplate":"https:\/\/infoelnuevonorte.com\/?s={search_term_string}"},"query-input":{"@type":"PropertyValueSpecification","valueRequired":true,"valueName":"search_term_string"}}],"inLanguage":"es-DO"},{"@type":"Organization","@id":"https:\/\/infoelnuevonorte.com\/#organization","name":"Info El Nuevo Norte","alternateName":"El Nuevo Norte","url":"https:\/\/infoelnuevonorte.com\/","logo":{"@type":"ImageObject","inLanguage":"es-DO","@id":"https:\/\/infoelnuevonorte.com\/#\/schema\/logo\/image\/","url":"https:\/\/infoelnuevonorte.com\/wp-content\/uploads\/2026\/02\/Logo-Info-enn-3d-20ani.jpeg","contentUrl":"https:\/\/infoelnuevonorte.com\/wp-content\/uploads\/2026\/02\/Logo-Info-enn-3d-20ani.jpeg","width":2046,"height":736,"caption":"Info El Nuevo Norte"},"image":{"@id":"https:\/\/infoelnuevonorte.com\/#\/schema\/logo\/image\/"},"sameAs":["https:\/\/www.facebook.com\/infoenn","https:\/\/x.com\/Elnuevo_norte","https:\/\/www.instagram.com\/infoenn","https:\/\/www.facebook.com\/ENNRD"]},{"@type":"Person","@id":"https:\/\/infoelnuevonorte.com\/#\/schema\/person\/92d4a526d666630102a5094d7c57b2f3","name":"A.P.","image":{"@type":"ImageObject","inLanguage":"es-DO","@id":"https:\/\/infoelnuevonorte.com\/#\/schema\/person\/image\/","url":"https:\/\/secure.gravatar.com\/avatar\/21b59994a05c5ed2c199adcbaa65531c?s=96&d=robohash&r=g","contentUrl":"https:\/\/secure.gravatar.com\/avatar\/21b59994a05c5ed2c199adcbaa65531c?s=96&d=robohash&r=g","caption":"A.P."},"url":"https:\/\/infoelnuevonorte.com\/?author=7"}]}},"_links":{"self":[{"href":"https:\/\/infoelnuevonorte.com\/index.php?rest_route=\/wp\/v2\/posts\/33611"}],"collection":[{"href":"https:\/\/infoelnuevonorte.com\/index.php?rest_route=\/wp\/v2\/posts"}],"about":[{"href":"https:\/\/infoelnuevonorte.com\/index.php?rest_route=\/wp\/v2\/types\/post"}],"author":[{"embeddable":true,"href":"https:\/\/infoelnuevonorte.com\/index.php?rest_route=\/wp\/v2\/users\/7"}],"replies":[{"embeddable":true,"href":"https:\/\/infoelnuevonorte.com\/index.php?rest_route=%2Fwp%2Fv2%2Fcomments&post=33611"}],"version-history":[{"count":0,"href":"https:\/\/infoelnuevonorte.com\/index.php?rest_route=\/wp\/v2\/posts\/33611\/revisions"}],"wp:attachment":[{"href":"https:\/\/infoelnuevonorte.com\/index.php?rest_route=%2Fwp%2Fv2%2Fmedia&parent=33611"}],"wp:term":[{"taxonomy":"category","embeddable":true,"href":"https:\/\/infoelnuevonorte.com\/index.php?rest_route=%2Fwp%2Fv2%2Fcategories&post=33611"},{"taxonomy":"post_tag","embeddable":true,"href":"https:\/\/infoelnuevonorte.com\/index.php?rest_route=%2Fwp%2Fv2%2Ftags&post=33611"}],"curies":[{"name":"wp","href":"https:\/\/api.w.org\/{rel}","templated":true}]}}