{"id":34463,"date":"2024-07-11T09:41:03","date_gmt":"2024-07-11T13:41:03","guid":{"rendered":"https:\/\/infoelnuevonorte.com\/?p=34463"},"modified":"2024-07-11T09:42:18","modified_gmt":"2024-07-11T13:42:18","slug":"buzos-continuan-busqueda-de-juan-jose-valerio-hernandez-en-el-mar-caribe","status":"publish","type":"post","link":"https:\/\/infoelnuevonorte.com\/?p=34463","title":{"rendered":"Buzos contin\u00faan b\u00fasqueda de Juan Jos\u00e9 Valerio Hern\u00e1ndez en el mar Caribe"},"content":{"rendered":"<!--[if lt IE 9]><script>document.createElement('audio');<\/script><![endif]-->\n<audio class=\"wp-audio-shortcode\" id=\"audio-34463-1\" preload=\"none\" style=\"width: 100%;\" controls=\"controls\"><source type=\"audio\/mpeg\" src=\"https:\/\/infoelnuevonorte.com\/wp-content\/uploads\/2024\/07\/ttsmaker-file-2024-7-11-9-42-2.mp3?_=1\" \/><a href=\"https:\/\/infoelnuevonorte.com\/wp-content\/uploads\/2024\/07\/ttsmaker-file-2024-7-11-9-42-2.mp3\">https:\/\/infoelnuevonorte.com\/wp-content\/uploads\/2024\/07\/ttsmaker-file-2024-7-11-9-42-2.mp3<\/a><\/audio>\n<p class=\"wp-block-heading\" style=\"text-align: justify\">Desde las primeras horas de este jueves, buzos del Cuerpo de Bomberos de Santo Domingo Este contin\u00faan buscando al se\u00f1or Juan Jos\u00e9 Valerio Hern\u00e1ndez en las aguas del mar Caribe, a la altura del kil\u00f3metro 18 de la autopista Las Am\u00e9ricas, donde fue encontrado el cami\u00f3n tipo furgoneta que \u00e9l conduc\u00eda cuando fue visto por \u00faltima vez.<\/p>\n<p style=\"text-align: justify\">La informaci\u00f3n fue ofrecida por el vocero de la Polic\u00eda Nacional,\u00a0<a href=\"https:\/\/twitter.com\/pesqueiradiego\/status\/1811361530300055682\" target=\"_blank\" rel=\"noopener\">Diego Pesqueira<\/a>, quien manifest\u00f3 que en el lugar tambi\u00e9n se encuentran presentes oficiales del Departamento de Investigaciones de Personas Desaparecidas de la (Dicrim).<\/p>\n<figure id=\"attachment_34465\" aria-describedby=\"caption-attachment-34465\" style=\"width: 739px\" class=\"wp-caption aligncenter\"><img loading=\"lazy\" decoding=\"async\" class=\"wp-image-34465\" src=\"https:\/\/infoelnuevonorte.com\/wp-content\/uploads\/2024\/07\/descarga-2024-07-11T094002.534.png\" alt=\"\" width=\"739\" height=\"616\" \/><figcaption id=\"caption-attachment-34465\" class=\"wp-caption-text\">Juan Jos\u00e9 Valerio<\/figcaption><\/figure>\n<div class=\"wp-block-image\" style=\"text-align: justify\">\n<figure class=\"alignright size-full\"><figcaption class=\"wp-element-caption\"><\/figcaption><\/figure>\n<\/div>\n<p style=\"text-align: justify\">Juan Jos\u00e9 Valerio Hern\u00e1ndez, de 42 a\u00f1os, sali\u00f3 de su residencia en el sector Claret, Distrito Nacional, el pasado s\u00e1bado 29 de junio, conduciendo el cami\u00f3n de la empresa de transporte de una compa\u00f1\u00eda de operaciones log\u00edsticas, sin llevar consigo sus documentos personales.<\/p>\n<p style=\"text-align: justify\">Sus familiares y amigos solicitan que, si alguien tiene alguna informaci\u00f3n valiosa sobre \u00e9l, por favor se comuniquen al 809-540-1216.<\/p>\n<p style=\"text-align: justify\">\n","protected":false},"excerpt":{"rendered":"<p>Desde las primeras horas de este jueves, buzos del Cuerpo de Bomberos de Santo Domingo Este contin\u00faan buscando al se\u00f1or Juan Jos\u00e9 Valerio Hern\u00e1ndez en las aguas del mar Caribe, a la altura del kil\u00f3metro 18 de la autopista Las Am\u00e9ricas, donde fue encontrado el cami\u00f3n tipo furgoneta que \u00e9l conduc\u00eda cuando fue visto por [&hellip;]<\/p>\n","protected":false},"author":2,"featured_media":0,"comment_status":"closed","ping_status":"open","sticky":false,"template":"","format":"standard","meta":{"footnotes":""},"categories":[8],"tags":[],"yoast_head":"<!-- This site is optimized with the Yoast SEO plugin v24.5 - https:\/\/yoast.com\/wordpress\/plugins\/seo\/ -->\n<title>Buzos contin\u00faan b\u00fasqueda de Juan Jos\u00e9 Valerio Hern\u00e1ndez en el mar Caribe | El Nuevo Norte<\/title>\n<meta name=\"robots\" content=\"index, follow, max-snippet:-1, max-image-preview:large, max-video-preview:-1\" \/>\n<link rel=\"canonical\" href=\"https:\/\/infoelnuevonorte.com\/?p=34463\" \/>\n<meta property=\"og:locale\" content=\"es_ES\" \/>\n<meta property=\"og:type\" content=\"article\" \/>\n<meta property=\"og:title\" content=\"Buzos contin\u00faan b\u00fasqueda de Juan Jos\u00e9 Valerio Hern\u00e1ndez en el mar Caribe | El Nuevo Norte\" \/>\n<meta property=\"og:description\" content=\"Desde las primeras horas de este jueves, buzos del Cuerpo de Bomberos de Santo Domingo Este contin\u00faan buscando al se\u00f1or Juan Jos\u00e9 Valerio Hern\u00e1ndez en las aguas del mar Caribe, a la altura del kil\u00f3metro 18 de la autopista Las Am\u00e9ricas, donde fue encontrado el cami\u00f3n tipo furgoneta que \u00e9l conduc\u00eda cuando fue visto por [&hellip;]\" \/>\n<meta property=\"og:url\" content=\"https:\/\/infoelnuevonorte.com\/?p=34463\" \/>\n<meta property=\"og:site_name\" content=\"El Nuevo Norte\" \/>\n<meta property=\"article:publisher\" content=\"https:\/\/www.facebook.com\/infoenn\" \/>\n<meta property=\"article:published_time\" content=\"2024-07-11T13:41:03+00:00\" \/>\n<meta property=\"article:modified_time\" content=\"2024-07-11T13:42:18+00:00\" \/>\n<meta property=\"og:image\" content=\"https:\/\/infoelnuevonorte.com\/wp-content\/uploads\/2024\/07\/descarga-2024-07-11T093740.423.png\" \/>\n\t<meta property=\"og:image:width\" content=\"332\" \/>\n\t<meta property=\"og:image:height\" content=\"372\" \/>\n\t<meta property=\"og:image:type\" content=\"image\/png\" \/>\n<meta name=\"author\" content=\"T. R.\" \/>\n<meta name=\"twitter:card\" content=\"summary_large_image\" \/>\n<meta name=\"twitter:creator\" content=\"@Elnuevo_norte\" \/>\n<meta name=\"twitter:site\" content=\"@Elnuevo_norte\" \/>\n<meta name=\"twitter:label1\" content=\"Written by\" \/>\n\t<meta name=\"twitter:data1\" content=\"T. R.\" \/>\n\t<meta name=\"twitter:label2\" content=\"Est. reading time\" \/>\n\t<meta name=\"twitter:data2\" content=\"2 minutos\" \/>\n<script type=\"application\/ld+json\" class=\"yoast-schema-graph\">{\"@context\":\"https:\/\/schema.org\",\"@graph\":[{\"@type\":\"Article\",\"@id\":\"https:\/\/infoelnuevonorte.com\/?p=34463#article\",\"isPartOf\":{\"@id\":\"https:\/\/infoelnuevonorte.com\/?p=34463\"},\"author\":{\"name\":\"T. R.\",\"@id\":\"https:\/\/infoelnuevonorte.com\/#\/schema\/person\/3accb35eb55f55e96c492b52d085a403\"},\"headline\":\"Buzos contin\u00faan b\u00fasqueda de Juan Jos\u00e9 Valerio Hern\u00e1ndez en el mar Caribe\",\"datePublished\":\"2024-07-11T13:41:03+00:00\",\"dateModified\":\"2024-07-11T13:42:18+00:00\",\"mainEntityOfPage\":{\"@id\":\"https:\/\/infoelnuevonorte.com\/?p=34463\"},\"wordCount\":209,\"publisher\":{\"@id\":\"https:\/\/infoelnuevonorte.com\/#organization\"},\"image\":{\"@id\":\"https:\/\/infoelnuevonorte.com\/?p=34463#primaryimage\"},\"thumbnailUrl\":\"https:\/\/infoelnuevonorte.com\/wp-content\/uploads\/2024\/07\/descarga-2024-07-11T094002.534.png\",\"articleSection\":[\"Nacionales\"],\"inLanguage\":\"es-DO\"},{\"@type\":\"WebPage\",\"@id\":\"https:\/\/infoelnuevonorte.com\/?p=34463\",\"url\":\"https:\/\/infoelnuevonorte.com\/?p=34463\",\"name\":\"Buzos contin\u00faan b\u00fasqueda de Juan Jos\u00e9 Valerio Hern\u00e1ndez en el mar Caribe | El Nuevo Norte\",\"isPartOf\":{\"@id\":\"https:\/\/infoelnuevonorte.com\/#website\"},\"primaryImageOfPage\":{\"@id\":\"https:\/\/infoelnuevonorte.com\/?p=34463#primaryimage\"},\"image\":{\"@id\":\"https:\/\/infoelnuevonorte.com\/?p=34463#primaryimage\"},\"thumbnailUrl\":\"https:\/\/infoelnuevonorte.com\/wp-content\/uploads\/2024\/07\/descarga-2024-07-11T094002.534.png\",\"datePublished\":\"2024-07-11T13:41:03+00:00\",\"dateModified\":\"2024-07-11T13:42:18+00:00\",\"breadcrumb\":{\"@id\":\"https:\/\/infoelnuevonorte.com\/?p=34463#breadcrumb\"},\"inLanguage\":\"es-DO\",\"potentialAction\":[{\"@type\":\"ReadAction\",\"target\":[\"https:\/\/infoelnuevonorte.com\/?p=34463\"]}]},{\"@type\":\"ImageObject\",\"inLanguage\":\"es-DO\",\"@id\":\"https:\/\/infoelnuevonorte.com\/?p=34463#primaryimage\",\"url\":\"\",\"contentUrl\":\"\"},{\"@type\":\"BreadcrumbList\",\"@id\":\"https:\/\/infoelnuevonorte.com\/?p=34463#breadcrumb\",\"itemListElement\":[{\"@type\":\"ListItem\",\"position\":1,\"name\":\"Home\",\"item\":\"https:\/\/infoelnuevonorte.com\/\"},{\"@type\":\"ListItem\",\"position\":2,\"name\":\"Buzos contin\u00faan b\u00fasqueda de Juan Jos\u00e9 Valerio Hern\u00e1ndez en el mar Caribe\"}]},{\"@type\":\"WebSite\",\"@id\":\"https:\/\/infoelnuevonorte.com\/#website\",\"url\":\"https:\/\/infoelnuevonorte.com\/\",\"name\":\"InfoEnn\",\"description\":\"Tu Voz, tu Verdad, tu Diario!!!\",\"publisher\":{\"@id\":\"https:\/\/infoelnuevonorte.com\/#organization\"},\"alternateName\":\"El Nuevo Norte\",\"potentialAction\":[{\"@type\":\"SearchAction\",\"target\":{\"@type\":\"EntryPoint\",\"urlTemplate\":\"https:\/\/infoelnuevonorte.com\/?s={search_term_string}\"},\"query-input\":{\"@type\":\"PropertyValueSpecification\",\"valueRequired\":true,\"valueName\":\"search_term_string\"}}],\"inLanguage\":\"es-DO\"},{\"@type\":\"Organization\",\"@id\":\"https:\/\/infoelnuevonorte.com\/#organization\",\"name\":\"Info El Nuevo Norte\",\"alternateName\":\"El Nuevo Norte\",\"url\":\"https:\/\/infoelnuevonorte.com\/\",\"logo\":{\"@type\":\"ImageObject\",\"inLanguage\":\"es-DO\",\"@id\":\"https:\/\/infoelnuevonorte.com\/#\/schema\/logo\/image\/\",\"url\":\"https:\/\/infoelnuevonorte.com\/wp-content\/uploads\/2026\/02\/Logo-Info-enn-3d-20ani.jpeg\",\"contentUrl\":\"https:\/\/infoelnuevonorte.com\/wp-content\/uploads\/2026\/02\/Logo-Info-enn-3d-20ani.jpeg\",\"width\":2046,\"height\":736,\"caption\":\"Info El Nuevo Norte\"},\"image\":{\"@id\":\"https:\/\/infoelnuevonorte.com\/#\/schema\/logo\/image\/\"},\"sameAs\":[\"https:\/\/www.facebook.com\/infoenn\",\"https:\/\/x.com\/Elnuevo_norte\",\"https:\/\/www.instagram.com\/infoenn\",\"https:\/\/www.facebook.com\/ENNRD\"]},{\"@type\":\"Person\",\"@id\":\"https:\/\/infoelnuevonorte.com\/#\/schema\/person\/3accb35eb55f55e96c492b52d085a403\",\"name\":\"T. R.\",\"image\":{\"@type\":\"ImageObject\",\"inLanguage\":\"es-DO\",\"@id\":\"https:\/\/infoelnuevonorte.com\/#\/schema\/person\/image\/\",\"url\":\"https:\/\/secure.gravatar.com\/avatar\/40543a038bda97abdb765b1662e9677d?s=96&d=robohash&r=g\",\"contentUrl\":\"https:\/\/secure.gravatar.com\/avatar\/40543a038bda97abdb765b1662e9677d?s=96&d=robohash&r=g\",\"caption\":\"T. R.\"},\"url\":\"https:\/\/infoelnuevonorte.com\/?author=2\"}]}<\/script>\n<!-- \/ Yoast SEO plugin. -->","yoast_head_json":{"title":"Buzos contin\u00faan b\u00fasqueda de Juan Jos\u00e9 Valerio Hern\u00e1ndez en el mar Caribe | El Nuevo Norte","robots":{"index":"index","follow":"follow","max-snippet":"max-snippet:-1","max-image-preview":"max-image-preview:large","max-video-preview":"max-video-preview:-1"},"canonical":"https:\/\/infoelnuevonorte.com\/?p=34463","og_locale":"es_ES","og_type":"article","og_title":"Buzos contin\u00faan b\u00fasqueda de Juan Jos\u00e9 Valerio Hern\u00e1ndez en el mar Caribe | El Nuevo Norte","og_description":"Desde las primeras horas de este jueves, buzos del Cuerpo de Bomberos de Santo Domingo Este contin\u00faan buscando al se\u00f1or Juan Jos\u00e9 Valerio Hern\u00e1ndez en las aguas del mar Caribe, a la altura del kil\u00f3metro 18 de la autopista Las Am\u00e9ricas, donde fue encontrado el cami\u00f3n tipo furgoneta que \u00e9l conduc\u00eda cuando fue visto por [&hellip;]","og_url":"https:\/\/infoelnuevonorte.com\/?p=34463","og_site_name":"El Nuevo Norte","article_publisher":"https:\/\/www.facebook.com\/infoenn","article_published_time":"2024-07-11T13:41:03+00:00","article_modified_time":"2024-07-11T13:42:18+00:00","og_image":[{"width":332,"height":372,"url":"https:\/\/infoelnuevonorte.com\/wp-content\/uploads\/2024\/07\/descarga-2024-07-11T093740.423.png","type":"image\/png"}],"author":"T. R.","twitter_card":"summary_large_image","twitter_creator":"@Elnuevo_norte","twitter_site":"@Elnuevo_norte","twitter_misc":{"Written by":"T. R.","Est. reading time":"2 minutos"},"schema":{"@context":"https:\/\/schema.org","@graph":[{"@type":"Article","@id":"https:\/\/infoelnuevonorte.com\/?p=34463#article","isPartOf":{"@id":"https:\/\/infoelnuevonorte.com\/?p=34463"},"author":{"name":"T. R.","@id":"https:\/\/infoelnuevonorte.com\/#\/schema\/person\/3accb35eb55f55e96c492b52d085a403"},"headline":"Buzos contin\u00faan b\u00fasqueda de Juan Jos\u00e9 Valerio Hern\u00e1ndez en el mar Caribe","datePublished":"2024-07-11T13:41:03+00:00","dateModified":"2024-07-11T13:42:18+00:00","mainEntityOfPage":{"@id":"https:\/\/infoelnuevonorte.com\/?p=34463"},"wordCount":209,"publisher":{"@id":"https:\/\/infoelnuevonorte.com\/#organization"},"image":{"@id":"https:\/\/infoelnuevonorte.com\/?p=34463#primaryimage"},"thumbnailUrl":"https:\/\/infoelnuevonorte.com\/wp-content\/uploads\/2024\/07\/descarga-2024-07-11T094002.534.png","articleSection":["Nacionales"],"inLanguage":"es-DO"},{"@type":"WebPage","@id":"https:\/\/infoelnuevonorte.com\/?p=34463","url":"https:\/\/infoelnuevonorte.com\/?p=34463","name":"Buzos contin\u00faan b\u00fasqueda de Juan Jos\u00e9 Valerio Hern\u00e1ndez en el mar Caribe | El Nuevo Norte","isPartOf":{"@id":"https:\/\/infoelnuevonorte.com\/#website"},"primaryImageOfPage":{"@id":"https:\/\/infoelnuevonorte.com\/?p=34463#primaryimage"},"image":{"@id":"https:\/\/infoelnuevonorte.com\/?p=34463#primaryimage"},"thumbnailUrl":"https:\/\/infoelnuevonorte.com\/wp-content\/uploads\/2024\/07\/descarga-2024-07-11T094002.534.png","datePublished":"2024-07-11T13:41:03+00:00","dateModified":"2024-07-11T13:42:18+00:00","breadcrumb":{"@id":"https:\/\/infoelnuevonorte.com\/?p=34463#breadcrumb"},"inLanguage":"es-DO","potentialAction":[{"@type":"ReadAction","target":["https:\/\/infoelnuevonorte.com\/?p=34463"]}]},{"@type":"ImageObject","inLanguage":"es-DO","@id":"https:\/\/infoelnuevonorte.com\/?p=34463#primaryimage","url":"","contentUrl":""},{"@type":"BreadcrumbList","@id":"https:\/\/infoelnuevonorte.com\/?p=34463#breadcrumb","itemListElement":[{"@type":"ListItem","position":1,"name":"Home","item":"https:\/\/infoelnuevonorte.com\/"},{"@type":"ListItem","position":2,"name":"Buzos contin\u00faan b\u00fasqueda de Juan Jos\u00e9 Valerio Hern\u00e1ndez en el mar Caribe"}]},{"@type":"WebSite","@id":"https:\/\/infoelnuevonorte.com\/#website","url":"https:\/\/infoelnuevonorte.com\/","name":"InfoEnn","description":"Tu Voz, tu Verdad, tu Diario!!!","publisher":{"@id":"https:\/\/infoelnuevonorte.com\/#organization"},"alternateName":"El Nuevo Norte","potentialAction":[{"@type":"SearchAction","target":{"@type":"EntryPoint","urlTemplate":"https:\/\/infoelnuevonorte.com\/?s={search_term_string}"},"query-input":{"@type":"PropertyValueSpecification","valueRequired":true,"valueName":"search_term_string"}}],"inLanguage":"es-DO"},{"@type":"Organization","@id":"https:\/\/infoelnuevonorte.com\/#organization","name":"Info El Nuevo Norte","alternateName":"El Nuevo Norte","url":"https:\/\/infoelnuevonorte.com\/","logo":{"@type":"ImageObject","inLanguage":"es-DO","@id":"https:\/\/infoelnuevonorte.com\/#\/schema\/logo\/image\/","url":"https:\/\/infoelnuevonorte.com\/wp-content\/uploads\/2026\/02\/Logo-Info-enn-3d-20ani.jpeg","contentUrl":"https:\/\/infoelnuevonorte.com\/wp-content\/uploads\/2026\/02\/Logo-Info-enn-3d-20ani.jpeg","width":2046,"height":736,"caption":"Info El Nuevo Norte"},"image":{"@id":"https:\/\/infoelnuevonorte.com\/#\/schema\/logo\/image\/"},"sameAs":["https:\/\/www.facebook.com\/infoenn","https:\/\/x.com\/Elnuevo_norte","https:\/\/www.instagram.com\/infoenn","https:\/\/www.facebook.com\/ENNRD"]},{"@type":"Person","@id":"https:\/\/infoelnuevonorte.com\/#\/schema\/person\/3accb35eb55f55e96c492b52d085a403","name":"T. R.","image":{"@type":"ImageObject","inLanguage":"es-DO","@id":"https:\/\/infoelnuevonorte.com\/#\/schema\/person\/image\/","url":"https:\/\/secure.gravatar.com\/avatar\/40543a038bda97abdb765b1662e9677d?s=96&d=robohash&r=g","contentUrl":"https:\/\/secure.gravatar.com\/avatar\/40543a038bda97abdb765b1662e9677d?s=96&d=robohash&r=g","caption":"T. R."},"url":"https:\/\/infoelnuevonorte.com\/?author=2"}]}},"_links":{"self":[{"href":"https:\/\/infoelnuevonorte.com\/index.php?rest_route=\/wp\/v2\/posts\/34463"}],"collection":[{"href":"https:\/\/infoelnuevonorte.com\/index.php?rest_route=\/wp\/v2\/posts"}],"about":[{"href":"https:\/\/infoelnuevonorte.com\/index.php?rest_route=\/wp\/v2\/types\/post"}],"author":[{"embeddable":true,"href":"https:\/\/infoelnuevonorte.com\/index.php?rest_route=\/wp\/v2\/users\/2"}],"replies":[{"embeddable":true,"href":"https:\/\/infoelnuevonorte.com\/index.php?rest_route=%2Fwp%2Fv2%2Fcomments&post=34463"}],"version-history":[{"count":0,"href":"https:\/\/infoelnuevonorte.com\/index.php?rest_route=\/wp\/v2\/posts\/34463\/revisions"}],"wp:attachment":[{"href":"https:\/\/infoelnuevonorte.com\/index.php?rest_route=%2Fwp%2Fv2%2Fmedia&parent=34463"}],"wp:term":[{"taxonomy":"category","embeddable":true,"href":"https:\/\/infoelnuevonorte.com\/index.php?rest_route=%2Fwp%2Fv2%2Fcategories&post=34463"},{"taxonomy":"post_tag","embeddable":true,"href":"https:\/\/infoelnuevonorte.com\/index.php?rest_route=%2Fwp%2Fv2%2Ftags&post=34463"}],"curies":[{"name":"wp","href":"https:\/\/api.w.org\/{rel}","templated":true}]}}