{"id":34829,"date":"2024-07-12T17:11:44","date_gmt":"2024-07-12T21:11:44","guid":{"rendered":"https:\/\/infoelnuevonorte.com\/?p=34829"},"modified":"2024-07-12T17:11:46","modified_gmt":"2024-07-12T21:11:46","slug":"onu-se-alista-para-iniciar-en-ecuador-un-plan-que-refuerza-combate-a-crimen-organizado","status":"publish","type":"post","link":"https:\/\/infoelnuevonorte.com\/?p=34829","title":{"rendered":"ONU se alista para iniciar en Ecuador un plan que refuerza combate a crimen organizado"},"content":{"rendered":"\n<p><a href=\"https:\/\/deultimominuto.net\/category\/internacionales\/\"><\/a><\/p>\n\n\n\n<p><\/p>\n\n\n<div class=\"td_block_wrap tdb_single_content tdi_360 td-pb-border-top td_block_template_1 td-post-content tagdiv-type\" data-td-block-uid=\"tdi_360\">\n<div class=\"tdb-block-inner td-fix-index\">\n<!--[if lt IE 9]><script>document.createElement('audio');<\/script><![endif]-->\n<audio class=\"wp-audio-shortcode\" id=\"audio-34829-1\" preload=\"none\" style=\"width: 100%;\" controls=\"controls\"><source type=\"audio\/mpeg\" src=\"https:\/\/infoelnuevonorte.com\/wp-content\/uploads\/2024\/07\/ttsmaker-file-2024-7-12-17-11-8.mp3?_=1\" \/><a href=\"https:\/\/infoelnuevonorte.com\/wp-content\/uploads\/2024\/07\/ttsmaker-file-2024-7-12-17-11-8.mp3\">https:\/\/infoelnuevonorte.com\/wp-content\/uploads\/2024\/07\/ttsmaker-file-2024-7-12-17-11-8.mp3<\/a><\/audio>\n<p style=\"text-align: justify\"><strong>La Oficina de las Naciones Unidas<\/strong> contra la Droga y el Delito (UNODC), que recientemente inaugur\u00f3 una delegaci\u00f3n en Ecuador, pondr\u00e1 en marcha un plan en el pa\u00eds andino para combatir la corrupci\u00f3n en el sistema portuario, punto principal de salida de la coca\u00edna enviada a Europa y Norteam\u00e9rica; reforzar el control de las c\u00e1rceles y fortalecer la lucha contra el lavado de activos y los flujos financieros il\u00edcitos.<\/p>\n<p style=\"text-align: justify\">El plan tambi\u00e9n buscar\u00e1 el refuerzo de la cooperaci\u00f3n transfronteriza mar\u00edtima y fluvial, la resiliencia de las instituciones de justicia penal ecuatorianas y el fortalecimiento de la cooperaci\u00f3n regional e internacional para prevenir y combatir la delincuencia organizada transnacional, indic\u00f3 este viernes en un comunicado el Ministerio de Relaciones Exteriores y Movilidad Humana, donde se present\u00f3 este plan.<\/p>\n<p style=\"text-align: justify\">La representante regional de UNODC para la Regi\u00f3n Andina y el Cono Sur, Candice Welsch, resalt\u00f3 que el Plan de Compromiso de su instituci\u00f3n es \u00abpor Ecuador y para Ecuador, para sus autoridades y su poblaci\u00f3n\u00bb.<\/p>\n<p style=\"text-align: justify\">Por ello, Welsch se\u00f1al\u00f3 que se han identificado prioridades inmediatas que no ser\u00e1n una soluci\u00f3n total para los desaf\u00edos que enfrenta el pa\u00eds, pero que complementar\u00e1n la cooperaci\u00f3n internacional que est\u00e1 en curso.<\/p>\n<p style=\"text-align: justify\">La canciller ecuatoriana, Gabriela Sommerfeld, manifest\u00f3 que \u00abes imperativo afirmar que abordar este fen\u00f3meno requiere que la comunidad internacional fortalezca el principio de responsabilidad com\u00fan y compartida por medio de una cooperaci\u00f3n internacional m\u00e1s intensa y efectiva\u00bb.<\/p>\n<p style=\"text-align: justify\">La ministra de Relaciones Exteriores y Movilidad Humana reafirm\u00f3 que la paz y la seguridad son fundamentales para el desarrollo y, en ese sentido, record\u00f3 que la erradicaci\u00f3n de la violencia y la lucha contra el delito organizado transnacional son prioridades maximas del Gobierno del presidente ecuatoriano, Daniel Noboa.<\/p>\n<p style=\"text-align: justify\">Desde inicios de a\u00f1o, el presidente Noboa elev\u00f3 la lucha contra el crimen organizado a la categor\u00eda de \u00abconflicto armado interno\u00bb, con el que pas\u00f3 a catalogar a las bandas criminales como grupos terroristas y actores beligerantes no estatales.<\/p>\n<p style=\"text-align: justify\">A las bandas del crimen organizado, dedicadas principalmente al narcotr\u00e1fico, se les atribuye la ola de violencia que azota a Ecuador y que le ha llevado a figurar como el pa\u00eds con m\u00e1s homicidios per c\u00e1pita, al registrar 47,2 por cada 100.000 habitantes en 2023, seg\u00fan el Observatorio Ecuatoriano de Crimen Organizado (OECO).<\/p>\n<p style=\"text-align: justify\">Rodeado por Colombia y Per\u00fa, los dos mayores productores mundiales de coca\u00edna, y con varios puertos en sus costas, como el de Guayaquil, y una econom\u00eda dolarizada, Ecuador se ha convertido en los \u00faltimos a\u00f1os en un paso importante para el tr\u00e1fico de esa droga que se dirige mayormente a Europa y Norteam\u00e9rica.<\/p>\n<p style=\"text-align: justify\">Ecuador est\u00e1 catalogado tambi\u00e9n como el tercer pa\u00eds en el mundo que m\u00e1s droga decomisa -solo por detr\u00e1s de Colombia y Estados Unidos- con unas 200 toneladas de estupefacientes incautadas, seg\u00fan registros anuales de los tres \u00faltimos a\u00f1os, a los que se suman los decomisos de lo que va de 2024, que alcanzaron las 149 toneladas en el primer semestre.<\/p>\n<\/div>\n<\/div>\n<div class=\"td_block_wrap tdb_single_tags tdi_361 td-pb-border-top td_block_template_1\" style=\"text-align: justify\" data-td-block-uid=\"tdi_361\">\u00a0<\/div>","protected":false},"excerpt":{"rendered":"<p>La Oficina de las Naciones Unidas contra la Droga y el Delito (UNODC), que recientemente inaugur\u00f3 una delegaci\u00f3n en Ecuador, pondr\u00e1 en marcha un plan en el pa\u00eds andino para combatir la corrupci\u00f3n en el sistema portuario, punto principal de salida de la coca\u00edna enviada a Europa y Norteam\u00e9rica; reforzar el control de las c\u00e1rceles [&hellip;]<\/p>\n","protected":false},"author":2,"featured_media":0,"comment_status":"closed","ping_status":"open","sticky":false,"template":"","format":"standard","meta":{"footnotes":""},"categories":[9],"tags":[],"yoast_head":"<!-- This site is optimized with the Yoast SEO plugin v24.5 - https:\/\/yoast.com\/wordpress\/plugins\/seo\/ -->\n<title>ONU se alista para iniciar en Ecuador un plan que refuerza combate a crimen organizado | El Nuevo Norte<\/title>\n<meta name=\"robots\" content=\"index, follow, max-snippet:-1, max-image-preview:large, max-video-preview:-1\" \/>\n<link rel=\"canonical\" href=\"https:\/\/infoelnuevonorte.com\/?p=34829\" \/>\n<meta property=\"og:locale\" content=\"es_ES\" \/>\n<meta property=\"og:type\" content=\"article\" \/>\n<meta property=\"og:title\" content=\"ONU se alista para iniciar en Ecuador un plan que refuerza combate a crimen organizado | El Nuevo Norte\" \/>\n<meta property=\"og:description\" content=\"La Oficina de las Naciones Unidas contra la Droga y el Delito (UNODC), que recientemente inaugur\u00f3 una delegaci\u00f3n en Ecuador, pondr\u00e1 en marcha un plan en el pa\u00eds andino para combatir la corrupci\u00f3n en el sistema portuario, punto principal de salida de la coca\u00edna enviada a Europa y Norteam\u00e9rica; reforzar el control de las c\u00e1rceles [&hellip;]\" \/>\n<meta property=\"og:url\" content=\"https:\/\/infoelnuevonorte.com\/?p=34829\" \/>\n<meta property=\"og:site_name\" content=\"El Nuevo Norte\" \/>\n<meta property=\"article:publisher\" content=\"https:\/\/www.facebook.com\/infoenn\" \/>\n<meta property=\"article:published_time\" content=\"2024-07-12T21:11:44+00:00\" \/>\n<meta property=\"article:modified_time\" content=\"2024-07-12T21:11:46+00:00\" \/>\n<meta property=\"og:image\" content=\"https:\/\/infoelnuevonorte.com\/wp-content\/uploads\/2024\/07\/descarga-2024-07-12T170931.157.png\" \/>\n\t<meta property=\"og:image:width\" content=\"1030\" \/>\n\t<meta property=\"og:image:height\" content=\"500\" \/>\n\t<meta property=\"og:image:type\" content=\"image\/png\" \/>\n<meta name=\"author\" content=\"T. R.\" \/>\n<meta name=\"twitter:card\" content=\"summary_large_image\" \/>\n<meta name=\"twitter:creator\" content=\"@Elnuevo_norte\" \/>\n<meta name=\"twitter:site\" content=\"@Elnuevo_norte\" \/>\n<meta name=\"twitter:label1\" content=\"Written by\" \/>\n\t<meta name=\"twitter:data1\" content=\"T. R.\" \/>\n\t<meta name=\"twitter:label2\" content=\"Est. reading time\" \/>\n\t<meta name=\"twitter:data2\" content=\"3 minutos\" \/>\n<script type=\"application\/ld+json\" class=\"yoast-schema-graph\">{\"@context\":\"https:\/\/schema.org\",\"@graph\":[{\"@type\":\"Article\",\"@id\":\"https:\/\/infoelnuevonorte.com\/?p=34829#article\",\"isPartOf\":{\"@id\":\"https:\/\/infoelnuevonorte.com\/?p=34829\"},\"author\":{\"name\":\"T. R.\",\"@id\":\"https:\/\/infoelnuevonorte.com\/#\/schema\/person\/3accb35eb55f55e96c492b52d085a403\"},\"headline\":\"ONU se alista para iniciar en Ecuador un plan que refuerza combate a crimen organizado\",\"datePublished\":\"2024-07-12T21:11:44+00:00\",\"dateModified\":\"2024-07-12T21:11:46+00:00\",\"mainEntityOfPage\":{\"@id\":\"https:\/\/infoelnuevonorte.com\/?p=34829\"},\"wordCount\":555,\"publisher\":{\"@id\":\"https:\/\/infoelnuevonorte.com\/#organization\"},\"articleSection\":[\"Mundiales\"],\"inLanguage\":\"es-DO\"},{\"@type\":\"WebPage\",\"@id\":\"https:\/\/infoelnuevonorte.com\/?p=34829\",\"url\":\"https:\/\/infoelnuevonorte.com\/?p=34829\",\"name\":\"ONU se alista para iniciar en Ecuador un plan que refuerza combate a crimen organizado | El Nuevo Norte\",\"isPartOf\":{\"@id\":\"https:\/\/infoelnuevonorte.com\/#website\"},\"datePublished\":\"2024-07-12T21:11:44+00:00\",\"dateModified\":\"2024-07-12T21:11:46+00:00\",\"breadcrumb\":{\"@id\":\"https:\/\/infoelnuevonorte.com\/?p=34829#breadcrumb\"},\"inLanguage\":\"es-DO\",\"potentialAction\":[{\"@type\":\"ReadAction\",\"target\":[\"https:\/\/infoelnuevonorte.com\/?p=34829\"]}]},{\"@type\":\"BreadcrumbList\",\"@id\":\"https:\/\/infoelnuevonorte.com\/?p=34829#breadcrumb\",\"itemListElement\":[{\"@type\":\"ListItem\",\"position\":1,\"name\":\"Home\",\"item\":\"https:\/\/infoelnuevonorte.com\/\"},{\"@type\":\"ListItem\",\"position\":2,\"name\":\"ONU se alista para iniciar en Ecuador un plan que refuerza combate a crimen organizado\"}]},{\"@type\":\"WebSite\",\"@id\":\"https:\/\/infoelnuevonorte.com\/#website\",\"url\":\"https:\/\/infoelnuevonorte.com\/\",\"name\":\"InfoEnn\",\"description\":\"Tu Voz, tu Verdad, tu Diario!!!\",\"publisher\":{\"@id\":\"https:\/\/infoelnuevonorte.com\/#organization\"},\"alternateName\":\"El Nuevo Norte\",\"potentialAction\":[{\"@type\":\"SearchAction\",\"target\":{\"@type\":\"EntryPoint\",\"urlTemplate\":\"https:\/\/infoelnuevonorte.com\/?s={search_term_string}\"},\"query-input\":{\"@type\":\"PropertyValueSpecification\",\"valueRequired\":true,\"valueName\":\"search_term_string\"}}],\"inLanguage\":\"es-DO\"},{\"@type\":\"Organization\",\"@id\":\"https:\/\/infoelnuevonorte.com\/#organization\",\"name\":\"Info El Nuevo Norte\",\"alternateName\":\"El Nuevo Norte\",\"url\":\"https:\/\/infoelnuevonorte.com\/\",\"logo\":{\"@type\":\"ImageObject\",\"inLanguage\":\"es-DO\",\"@id\":\"https:\/\/infoelnuevonorte.com\/#\/schema\/logo\/image\/\",\"url\":\"https:\/\/infoelnuevonorte.com\/wp-content\/uploads\/2026\/02\/Logo-Info-enn-3d-20ani.jpeg\",\"contentUrl\":\"https:\/\/infoelnuevonorte.com\/wp-content\/uploads\/2026\/02\/Logo-Info-enn-3d-20ani.jpeg\",\"width\":2046,\"height\":736,\"caption\":\"Info El Nuevo Norte\"},\"image\":{\"@id\":\"https:\/\/infoelnuevonorte.com\/#\/schema\/logo\/image\/\"},\"sameAs\":[\"https:\/\/www.facebook.com\/infoenn\",\"https:\/\/x.com\/Elnuevo_norte\",\"https:\/\/www.instagram.com\/infoenn\",\"https:\/\/www.facebook.com\/ENNRD\"]},{\"@type\":\"Person\",\"@id\":\"https:\/\/infoelnuevonorte.com\/#\/schema\/person\/3accb35eb55f55e96c492b52d085a403\",\"name\":\"T. R.\",\"image\":{\"@type\":\"ImageObject\",\"inLanguage\":\"es-DO\",\"@id\":\"https:\/\/infoelnuevonorte.com\/#\/schema\/person\/image\/\",\"url\":\"https:\/\/secure.gravatar.com\/avatar\/40543a038bda97abdb765b1662e9677d?s=96&d=robohash&r=g\",\"contentUrl\":\"https:\/\/secure.gravatar.com\/avatar\/40543a038bda97abdb765b1662e9677d?s=96&d=robohash&r=g\",\"caption\":\"T. R.\"},\"url\":\"https:\/\/infoelnuevonorte.com\/?author=2\"}]}<\/script>\n<!-- \/ Yoast SEO plugin. -->","yoast_head_json":{"title":"ONU se alista para iniciar en Ecuador un plan que refuerza combate a crimen organizado | El Nuevo Norte","robots":{"index":"index","follow":"follow","max-snippet":"max-snippet:-1","max-image-preview":"max-image-preview:large","max-video-preview":"max-video-preview:-1"},"canonical":"https:\/\/infoelnuevonorte.com\/?p=34829","og_locale":"es_ES","og_type":"article","og_title":"ONU se alista para iniciar en Ecuador un plan que refuerza combate a crimen organizado | El Nuevo Norte","og_description":"La Oficina de las Naciones Unidas contra la Droga y el Delito (UNODC), que recientemente inaugur\u00f3 una delegaci\u00f3n en Ecuador, pondr\u00e1 en marcha un plan en el pa\u00eds andino para combatir la corrupci\u00f3n en el sistema portuario, punto principal de salida de la coca\u00edna enviada a Europa y Norteam\u00e9rica; reforzar el control de las c\u00e1rceles [&hellip;]","og_url":"https:\/\/infoelnuevonorte.com\/?p=34829","og_site_name":"El Nuevo Norte","article_publisher":"https:\/\/www.facebook.com\/infoenn","article_published_time":"2024-07-12T21:11:44+00:00","article_modified_time":"2024-07-12T21:11:46+00:00","og_image":[{"width":1030,"height":500,"url":"https:\/\/infoelnuevonorte.com\/wp-content\/uploads\/2024\/07\/descarga-2024-07-12T170931.157.png","type":"image\/png"}],"author":"T. R.","twitter_card":"summary_large_image","twitter_creator":"@Elnuevo_norte","twitter_site":"@Elnuevo_norte","twitter_misc":{"Written by":"T. R.","Est. reading time":"3 minutos"},"schema":{"@context":"https:\/\/schema.org","@graph":[{"@type":"Article","@id":"https:\/\/infoelnuevonorte.com\/?p=34829#article","isPartOf":{"@id":"https:\/\/infoelnuevonorte.com\/?p=34829"},"author":{"name":"T. R.","@id":"https:\/\/infoelnuevonorte.com\/#\/schema\/person\/3accb35eb55f55e96c492b52d085a403"},"headline":"ONU se alista para iniciar en Ecuador un plan que refuerza combate a crimen organizado","datePublished":"2024-07-12T21:11:44+00:00","dateModified":"2024-07-12T21:11:46+00:00","mainEntityOfPage":{"@id":"https:\/\/infoelnuevonorte.com\/?p=34829"},"wordCount":555,"publisher":{"@id":"https:\/\/infoelnuevonorte.com\/#organization"},"articleSection":["Mundiales"],"inLanguage":"es-DO"},{"@type":"WebPage","@id":"https:\/\/infoelnuevonorte.com\/?p=34829","url":"https:\/\/infoelnuevonorte.com\/?p=34829","name":"ONU se alista para iniciar en Ecuador un plan que refuerza combate a crimen organizado | El Nuevo Norte","isPartOf":{"@id":"https:\/\/infoelnuevonorte.com\/#website"},"datePublished":"2024-07-12T21:11:44+00:00","dateModified":"2024-07-12T21:11:46+00:00","breadcrumb":{"@id":"https:\/\/infoelnuevonorte.com\/?p=34829#breadcrumb"},"inLanguage":"es-DO","potentialAction":[{"@type":"ReadAction","target":["https:\/\/infoelnuevonorte.com\/?p=34829"]}]},{"@type":"BreadcrumbList","@id":"https:\/\/infoelnuevonorte.com\/?p=34829#breadcrumb","itemListElement":[{"@type":"ListItem","position":1,"name":"Home","item":"https:\/\/infoelnuevonorte.com\/"},{"@type":"ListItem","position":2,"name":"ONU se alista para iniciar en Ecuador un plan que refuerza combate a crimen organizado"}]},{"@type":"WebSite","@id":"https:\/\/infoelnuevonorte.com\/#website","url":"https:\/\/infoelnuevonorte.com\/","name":"InfoEnn","description":"Tu Voz, tu Verdad, tu Diario!!!","publisher":{"@id":"https:\/\/infoelnuevonorte.com\/#organization"},"alternateName":"El Nuevo Norte","potentialAction":[{"@type":"SearchAction","target":{"@type":"EntryPoint","urlTemplate":"https:\/\/infoelnuevonorte.com\/?s={search_term_string}"},"query-input":{"@type":"PropertyValueSpecification","valueRequired":true,"valueName":"search_term_string"}}],"inLanguage":"es-DO"},{"@type":"Organization","@id":"https:\/\/infoelnuevonorte.com\/#organization","name":"Info El Nuevo Norte","alternateName":"El Nuevo Norte","url":"https:\/\/infoelnuevonorte.com\/","logo":{"@type":"ImageObject","inLanguage":"es-DO","@id":"https:\/\/infoelnuevonorte.com\/#\/schema\/logo\/image\/","url":"https:\/\/infoelnuevonorte.com\/wp-content\/uploads\/2026\/02\/Logo-Info-enn-3d-20ani.jpeg","contentUrl":"https:\/\/infoelnuevonorte.com\/wp-content\/uploads\/2026\/02\/Logo-Info-enn-3d-20ani.jpeg","width":2046,"height":736,"caption":"Info El Nuevo Norte"},"image":{"@id":"https:\/\/infoelnuevonorte.com\/#\/schema\/logo\/image\/"},"sameAs":["https:\/\/www.facebook.com\/infoenn","https:\/\/x.com\/Elnuevo_norte","https:\/\/www.instagram.com\/infoenn","https:\/\/www.facebook.com\/ENNRD"]},{"@type":"Person","@id":"https:\/\/infoelnuevonorte.com\/#\/schema\/person\/3accb35eb55f55e96c492b52d085a403","name":"T. R.","image":{"@type":"ImageObject","inLanguage":"es-DO","@id":"https:\/\/infoelnuevonorte.com\/#\/schema\/person\/image\/","url":"https:\/\/secure.gravatar.com\/avatar\/40543a038bda97abdb765b1662e9677d?s=96&d=robohash&r=g","contentUrl":"https:\/\/secure.gravatar.com\/avatar\/40543a038bda97abdb765b1662e9677d?s=96&d=robohash&r=g","caption":"T. R."},"url":"https:\/\/infoelnuevonorte.com\/?author=2"}]}},"_links":{"self":[{"href":"https:\/\/infoelnuevonorte.com\/index.php?rest_route=\/wp\/v2\/posts\/34829"}],"collection":[{"href":"https:\/\/infoelnuevonorte.com\/index.php?rest_route=\/wp\/v2\/posts"}],"about":[{"href":"https:\/\/infoelnuevonorte.com\/index.php?rest_route=\/wp\/v2\/types\/post"}],"author":[{"embeddable":true,"href":"https:\/\/infoelnuevonorte.com\/index.php?rest_route=\/wp\/v2\/users\/2"}],"replies":[{"embeddable":true,"href":"https:\/\/infoelnuevonorte.com\/index.php?rest_route=%2Fwp%2Fv2%2Fcomments&post=34829"}],"version-history":[{"count":0,"href":"https:\/\/infoelnuevonorte.com\/index.php?rest_route=\/wp\/v2\/posts\/34829\/revisions"}],"wp:attachment":[{"href":"https:\/\/infoelnuevonorte.com\/index.php?rest_route=%2Fwp%2Fv2%2Fmedia&parent=34829"}],"wp:term":[{"taxonomy":"category","embeddable":true,"href":"https:\/\/infoelnuevonorte.com\/index.php?rest_route=%2Fwp%2Fv2%2Fcategories&post=34829"},{"taxonomy":"post_tag","embeddable":true,"href":"https:\/\/infoelnuevonorte.com\/index.php?rest_route=%2Fwp%2Fv2%2Ftags&post=34829"}],"curies":[{"name":"wp","href":"https:\/\/api.w.org\/{rel}","templated":true}]}}