{"id":35200,"date":"2024-07-14T21:05:41","date_gmt":"2024-07-15T01:05:41","guid":{"rendered":"https:\/\/infoelnuevonorte.com\/?p=35200"},"modified":"2024-07-14T21:05:43","modified_gmt":"2024-07-15T01:05:43","slug":"alberto-fujimori-sera-candidato-a-la-presidencia-de-peru-en-2026","status":"publish","type":"post","link":"https:\/\/infoelnuevonorte.com\/?p=35200","title":{"rendered":"Alberto Fujimori ser\u00e1 candidato a la presidencia de Per\u00fa En 2026"},"content":{"rendered":"\n<p><a href=\"https:\/\/deultimominuto.net\/category\/internacionales\/\"><\/a><\/p>\n\n\n<div class=\"td_block_wrap tdb_single_content tdi_360 td-pb-border-top td_block_template_1 td-post-content tagdiv-type\" data-td-block-uid=\"tdi_360\">\n<div class=\"tdb-block-inner td-fix-index\">\n<!--[if lt IE 9]><script>document.createElement('audio');<\/script><![endif]-->\n<audio class=\"wp-audio-shortcode\" id=\"audio-35200-1\" preload=\"none\" style=\"width: 100%;\" controls=\"controls\"><source type=\"audio\/mpeg\" src=\"https:\/\/infoelnuevonorte.com\/wp-content\/uploads\/2024\/07\/ttsmaker-file-2024-7-14-21-5-13.mp3?_=1\" \/><a href=\"https:\/\/infoelnuevonorte.com\/wp-content\/uploads\/2024\/07\/ttsmaker-file-2024-7-14-21-5-13.mp3\">https:\/\/infoelnuevonorte.com\/wp-content\/uploads\/2024\/07\/ttsmaker-file-2024-7-14-21-5-13.mp3<\/a><\/audio>\n<p style=\"text-align: justify\">La lideresa de Fuerza Popular,<strong>\u00a0Keiko Fujimori, anunci\u00f3 oficialmente este domingo que su padre, el exdictador Alberto Fujimori, competir\u00e1 por la Presidencia en las pr\u00f3ximas elecciones de 2026.<\/strong>\u00a0\u201cHemos conversado y decidido juntos que \u00e9l ser\u00e1 el candidato presidencial\u201d, anot\u00f3 en un escueto mensaje publicado en su cuenta de X, antes Twitter.<\/p>\n<p style=\"text-align: justify\">El exaut\u00f3crata, de 85 a\u00f1os, se hab\u00eda afiliado al partido naranja a fines del mes pasado y, poco despu\u00e9s, fue ingresado en una unidad de cuidados intensivos luego de sufrir una ca\u00edda en su habitaci\u00f3n durante la madrugada.\u00a0<strong>Desde la cl\u00ednica donde permanec\u00eda, hizo p\u00fablica una carta en la que aseguraba su \u201cvoluntad\u201d de \u201cvolver a trabajar por todos los peruanos\u201d, aun con \u201ctodos los riesgos\u201d.<\/strong><\/p>\n<p style=\"text-align: justify\">En m\u00faltiples apariciones ante la prensa, Keiko defendi\u00f3 la decisi\u00f3n de su progenitor, pese a que, seg\u00fan juristas, est\u00e1 impedido para tentar la Presidencia, ya que fue condenado en 2009 a 25 a\u00f1os de c\u00e1rcel por abusos a los derechos humanos, una pena que cumpl\u00eda hasta diciembre del a\u00f1o pasado, cuando fue excarcelado tras una resoluci\u00f3n del Tribunal Constitucional que orden\u00f3 dar cumplimiento al indulto otorgado por el exmandatario Pedro Pablo Kuczynski (PPK) en 2017.<\/p>\n<p style=\"text-align: justify\">\u201cLa militancia est\u00e1 muy entusiasta y el pueblo fujimorista ha cerrado filas con mucha algarab\u00eda al ver a mi padre inscribirse en el partido. Creo que adelantar la posibilidad [de la carrera presidencial] es adelantarnos a muchos hechos; todas las posibilidades est\u00e1n abiertas. [\u00c9l] est\u00e1 absolutamente l\u00facido, aunque tenga enfermedades que viene arrastrando desde hace a\u00f1os, pero tiene una gran fortaleza\u201d, adelant\u00f3 la lideresa naranja en una entrevista difundida en Canal N.<\/p>\n<p style=\"text-align: justify\">\u201c\u00c9l va a hacer pol\u00edtica hasta el \u00faltimo d\u00eda de su vida. Le dije: \u2018si t\u00fa quieres eso [postular], te voy a apoyar. Si este es tu plan, a m\u00ed me corresponde apoyarte. Yo he empezado a hacer pol\u00edtica contigo\u2019. Creo que es \u00e9l quien debe llevar la batuta\u201d, reconsider\u00f3 posteriormente en Beto a Saber. El reciente mensaje de Keiko ha confirmado tambi\u00e9n que ella no volver\u00e1 a tentar el sill\u00f3n presidencial, despu\u00e9s de tres fracasos consecutivos en las urnas ante Ollanta Humala, PPK y Pedro Castillo.<\/p>\n<\/div>\n<\/div>\n<div class=\"td_block_wrap tdb_single_tags tdi_361 td-pb-border-top td_block_template_1\" style=\"text-align: justify\" data-td-block-uid=\"tdi_361\">\u00a0<\/div>","protected":false},"excerpt":{"rendered":"<p>La lideresa de Fuerza Popular,\u00a0Keiko Fujimori, anunci\u00f3 oficialmente este domingo que su padre, el exdictador Alberto Fujimori, competir\u00e1 por la Presidencia en las pr\u00f3ximas elecciones de 2026.\u00a0\u201cHemos conversado y decidido juntos que \u00e9l ser\u00e1 el candidato presidencial\u201d, anot\u00f3 en un escueto mensaje publicado en su cuenta de X, antes Twitter. El exaut\u00f3crata, de 85 a\u00f1os, [&hellip;]<\/p>\n","protected":false},"author":2,"featured_media":0,"comment_status":"closed","ping_status":"open","sticky":false,"template":"","format":"standard","meta":{"footnotes":""},"categories":[9],"tags":[],"yoast_head":"<!-- This site is optimized with the Yoast SEO plugin v24.5 - https:\/\/yoast.com\/wordpress\/plugins\/seo\/ -->\n<title>Alberto Fujimori ser\u00e1 candidato a la presidencia de Per\u00fa En 2026 | El Nuevo Norte<\/title>\n<meta name=\"robots\" content=\"index, follow, max-snippet:-1, max-image-preview:large, max-video-preview:-1\" \/>\n<link rel=\"canonical\" href=\"https:\/\/infoelnuevonorte.com\/?p=35200\" \/>\n<meta property=\"og:locale\" content=\"es_ES\" \/>\n<meta property=\"og:type\" content=\"article\" \/>\n<meta property=\"og:title\" content=\"Alberto Fujimori ser\u00e1 candidato a la presidencia de Per\u00fa En 2026 | El Nuevo Norte\" \/>\n<meta property=\"og:description\" content=\"La lideresa de Fuerza Popular,\u00a0Keiko Fujimori, anunci\u00f3 oficialmente este domingo que su padre, el exdictador Alberto Fujimori, competir\u00e1 por la Presidencia en las pr\u00f3ximas elecciones de 2026.\u00a0\u201cHemos conversado y decidido juntos que \u00e9l ser\u00e1 el candidato presidencial\u201d, anot\u00f3 en un escueto mensaje publicado en su cuenta de X, antes Twitter. El exaut\u00f3crata, de 85 a\u00f1os, [&hellip;]\" \/>\n<meta property=\"og:url\" content=\"https:\/\/infoelnuevonorte.com\/?p=35200\" \/>\n<meta property=\"og:site_name\" content=\"El Nuevo Norte\" \/>\n<meta property=\"article:publisher\" content=\"https:\/\/www.facebook.com\/infoenn\" \/>\n<meta property=\"article:published_time\" content=\"2024-07-15T01:05:41+00:00\" \/>\n<meta property=\"article:modified_time\" content=\"2024-07-15T01:05:43+00:00\" \/>\n<meta property=\"og:image\" content=\"https:\/\/infoelnuevonorte.com\/wp-content\/uploads\/2024\/07\/descarga-2024-07-14T210331.803.png\" \/>\n\t<meta property=\"og:image:width\" content=\"1030\" \/>\n\t<meta property=\"og:image:height\" content=\"578\" \/>\n\t<meta property=\"og:image:type\" content=\"image\/png\" \/>\n<meta name=\"author\" content=\"T. R.\" \/>\n<meta name=\"twitter:card\" content=\"summary_large_image\" \/>\n<meta name=\"twitter:creator\" content=\"@Elnuevo_norte\" \/>\n<meta name=\"twitter:site\" content=\"@Elnuevo_norte\" \/>\n<meta name=\"twitter:label1\" content=\"Written by\" \/>\n\t<meta name=\"twitter:data1\" content=\"T. R.\" \/>\n\t<meta name=\"twitter:label2\" content=\"Est. reading time\" \/>\n\t<meta name=\"twitter:data2\" content=\"2 minutos\" \/>\n<script type=\"application\/ld+json\" class=\"yoast-schema-graph\">{\"@context\":\"https:\/\/schema.org\",\"@graph\":[{\"@type\":\"Article\",\"@id\":\"https:\/\/infoelnuevonorte.com\/?p=35200#article\",\"isPartOf\":{\"@id\":\"https:\/\/infoelnuevonorte.com\/?p=35200\"},\"author\":{\"name\":\"T. R.\",\"@id\":\"https:\/\/infoelnuevonorte.com\/#\/schema\/person\/3accb35eb55f55e96c492b52d085a403\"},\"headline\":\"Alberto Fujimori ser\u00e1 candidato a la presidencia de Per\u00fa En 2026\",\"datePublished\":\"2024-07-15T01:05:41+00:00\",\"dateModified\":\"2024-07-15T01:05:43+00:00\",\"mainEntityOfPage\":{\"@id\":\"https:\/\/infoelnuevonorte.com\/?p=35200\"},\"wordCount\":400,\"publisher\":{\"@id\":\"https:\/\/infoelnuevonorte.com\/#organization\"},\"articleSection\":[\"Mundiales\"],\"inLanguage\":\"es-DO\"},{\"@type\":\"WebPage\",\"@id\":\"https:\/\/infoelnuevonorte.com\/?p=35200\",\"url\":\"https:\/\/infoelnuevonorte.com\/?p=35200\",\"name\":\"Alberto Fujimori ser\u00e1 candidato a la presidencia de Per\u00fa En 2026 | El Nuevo Norte\",\"isPartOf\":{\"@id\":\"https:\/\/infoelnuevonorte.com\/#website\"},\"datePublished\":\"2024-07-15T01:05:41+00:00\",\"dateModified\":\"2024-07-15T01:05:43+00:00\",\"breadcrumb\":{\"@id\":\"https:\/\/infoelnuevonorte.com\/?p=35200#breadcrumb\"},\"inLanguage\":\"es-DO\",\"potentialAction\":[{\"@type\":\"ReadAction\",\"target\":[\"https:\/\/infoelnuevonorte.com\/?p=35200\"]}]},{\"@type\":\"BreadcrumbList\",\"@id\":\"https:\/\/infoelnuevonorte.com\/?p=35200#breadcrumb\",\"itemListElement\":[{\"@type\":\"ListItem\",\"position\":1,\"name\":\"Home\",\"item\":\"https:\/\/infoelnuevonorte.com\/\"},{\"@type\":\"ListItem\",\"position\":2,\"name\":\"Alberto Fujimori ser\u00e1 candidato a la presidencia de Per\u00fa En 2026\"}]},{\"@type\":\"WebSite\",\"@id\":\"https:\/\/infoelnuevonorte.com\/#website\",\"url\":\"https:\/\/infoelnuevonorte.com\/\",\"name\":\"InfoEnn\",\"description\":\"Tu Voz, tu Verdad, tu Diario!!!\",\"publisher\":{\"@id\":\"https:\/\/infoelnuevonorte.com\/#organization\"},\"alternateName\":\"El Nuevo Norte\",\"potentialAction\":[{\"@type\":\"SearchAction\",\"target\":{\"@type\":\"EntryPoint\",\"urlTemplate\":\"https:\/\/infoelnuevonorte.com\/?s={search_term_string}\"},\"query-input\":{\"@type\":\"PropertyValueSpecification\",\"valueRequired\":true,\"valueName\":\"search_term_string\"}}],\"inLanguage\":\"es-DO\"},{\"@type\":\"Organization\",\"@id\":\"https:\/\/infoelnuevonorte.com\/#organization\",\"name\":\"Info El Nuevo Norte\",\"alternateName\":\"El Nuevo Norte\",\"url\":\"https:\/\/infoelnuevonorte.com\/\",\"logo\":{\"@type\":\"ImageObject\",\"inLanguage\":\"es-DO\",\"@id\":\"https:\/\/infoelnuevonorte.com\/#\/schema\/logo\/image\/\",\"url\":\"https:\/\/infoelnuevonorte.com\/wp-content\/uploads\/2026\/02\/Logo-Info-enn-3d-20ani.jpeg\",\"contentUrl\":\"https:\/\/infoelnuevonorte.com\/wp-content\/uploads\/2026\/02\/Logo-Info-enn-3d-20ani.jpeg\",\"width\":2046,\"height\":736,\"caption\":\"Info El Nuevo Norte\"},\"image\":{\"@id\":\"https:\/\/infoelnuevonorte.com\/#\/schema\/logo\/image\/\"},\"sameAs\":[\"https:\/\/www.facebook.com\/infoenn\",\"https:\/\/x.com\/Elnuevo_norte\",\"https:\/\/www.instagram.com\/infoenn\",\"https:\/\/www.facebook.com\/ENNRD\"]},{\"@type\":\"Person\",\"@id\":\"https:\/\/infoelnuevonorte.com\/#\/schema\/person\/3accb35eb55f55e96c492b52d085a403\",\"name\":\"T. R.\",\"image\":{\"@type\":\"ImageObject\",\"inLanguage\":\"es-DO\",\"@id\":\"https:\/\/infoelnuevonorte.com\/#\/schema\/person\/image\/\",\"url\":\"https:\/\/secure.gravatar.com\/avatar\/40543a038bda97abdb765b1662e9677d?s=96&d=robohash&r=g\",\"contentUrl\":\"https:\/\/secure.gravatar.com\/avatar\/40543a038bda97abdb765b1662e9677d?s=96&d=robohash&r=g\",\"caption\":\"T. R.\"},\"url\":\"https:\/\/infoelnuevonorte.com\/?author=2\"}]}<\/script>\n<!-- \/ Yoast SEO plugin. -->","yoast_head_json":{"title":"Alberto Fujimori ser\u00e1 candidato a la presidencia de Per\u00fa En 2026 | El Nuevo Norte","robots":{"index":"index","follow":"follow","max-snippet":"max-snippet:-1","max-image-preview":"max-image-preview:large","max-video-preview":"max-video-preview:-1"},"canonical":"https:\/\/infoelnuevonorte.com\/?p=35200","og_locale":"es_ES","og_type":"article","og_title":"Alberto Fujimori ser\u00e1 candidato a la presidencia de Per\u00fa En 2026 | El Nuevo Norte","og_description":"La lideresa de Fuerza Popular,\u00a0Keiko Fujimori, anunci\u00f3 oficialmente este domingo que su padre, el exdictador Alberto Fujimori, competir\u00e1 por la Presidencia en las pr\u00f3ximas elecciones de 2026.\u00a0\u201cHemos conversado y decidido juntos que \u00e9l ser\u00e1 el candidato presidencial\u201d, anot\u00f3 en un escueto mensaje publicado en su cuenta de X, antes Twitter. El exaut\u00f3crata, de 85 a\u00f1os, [&hellip;]","og_url":"https:\/\/infoelnuevonorte.com\/?p=35200","og_site_name":"El Nuevo Norte","article_publisher":"https:\/\/www.facebook.com\/infoenn","article_published_time":"2024-07-15T01:05:41+00:00","article_modified_time":"2024-07-15T01:05:43+00:00","og_image":[{"width":1030,"height":578,"url":"https:\/\/infoelnuevonorte.com\/wp-content\/uploads\/2024\/07\/descarga-2024-07-14T210331.803.png","type":"image\/png"}],"author":"T. R.","twitter_card":"summary_large_image","twitter_creator":"@Elnuevo_norte","twitter_site":"@Elnuevo_norte","twitter_misc":{"Written by":"T. R.","Est. reading time":"2 minutos"},"schema":{"@context":"https:\/\/schema.org","@graph":[{"@type":"Article","@id":"https:\/\/infoelnuevonorte.com\/?p=35200#article","isPartOf":{"@id":"https:\/\/infoelnuevonorte.com\/?p=35200"},"author":{"name":"T. R.","@id":"https:\/\/infoelnuevonorte.com\/#\/schema\/person\/3accb35eb55f55e96c492b52d085a403"},"headline":"Alberto Fujimori ser\u00e1 candidato a la presidencia de Per\u00fa En 2026","datePublished":"2024-07-15T01:05:41+00:00","dateModified":"2024-07-15T01:05:43+00:00","mainEntityOfPage":{"@id":"https:\/\/infoelnuevonorte.com\/?p=35200"},"wordCount":400,"publisher":{"@id":"https:\/\/infoelnuevonorte.com\/#organization"},"articleSection":["Mundiales"],"inLanguage":"es-DO"},{"@type":"WebPage","@id":"https:\/\/infoelnuevonorte.com\/?p=35200","url":"https:\/\/infoelnuevonorte.com\/?p=35200","name":"Alberto Fujimori ser\u00e1 candidato a la presidencia de Per\u00fa En 2026 | El Nuevo Norte","isPartOf":{"@id":"https:\/\/infoelnuevonorte.com\/#website"},"datePublished":"2024-07-15T01:05:41+00:00","dateModified":"2024-07-15T01:05:43+00:00","breadcrumb":{"@id":"https:\/\/infoelnuevonorte.com\/?p=35200#breadcrumb"},"inLanguage":"es-DO","potentialAction":[{"@type":"ReadAction","target":["https:\/\/infoelnuevonorte.com\/?p=35200"]}]},{"@type":"BreadcrumbList","@id":"https:\/\/infoelnuevonorte.com\/?p=35200#breadcrumb","itemListElement":[{"@type":"ListItem","position":1,"name":"Home","item":"https:\/\/infoelnuevonorte.com\/"},{"@type":"ListItem","position":2,"name":"Alberto Fujimori ser\u00e1 candidato a la presidencia de Per\u00fa En 2026"}]},{"@type":"WebSite","@id":"https:\/\/infoelnuevonorte.com\/#website","url":"https:\/\/infoelnuevonorte.com\/","name":"InfoEnn","description":"Tu Voz, tu Verdad, tu Diario!!!","publisher":{"@id":"https:\/\/infoelnuevonorte.com\/#organization"},"alternateName":"El Nuevo Norte","potentialAction":[{"@type":"SearchAction","target":{"@type":"EntryPoint","urlTemplate":"https:\/\/infoelnuevonorte.com\/?s={search_term_string}"},"query-input":{"@type":"PropertyValueSpecification","valueRequired":true,"valueName":"search_term_string"}}],"inLanguage":"es-DO"},{"@type":"Organization","@id":"https:\/\/infoelnuevonorte.com\/#organization","name":"Info El Nuevo Norte","alternateName":"El Nuevo Norte","url":"https:\/\/infoelnuevonorte.com\/","logo":{"@type":"ImageObject","inLanguage":"es-DO","@id":"https:\/\/infoelnuevonorte.com\/#\/schema\/logo\/image\/","url":"https:\/\/infoelnuevonorte.com\/wp-content\/uploads\/2026\/02\/Logo-Info-enn-3d-20ani.jpeg","contentUrl":"https:\/\/infoelnuevonorte.com\/wp-content\/uploads\/2026\/02\/Logo-Info-enn-3d-20ani.jpeg","width":2046,"height":736,"caption":"Info El Nuevo Norte"},"image":{"@id":"https:\/\/infoelnuevonorte.com\/#\/schema\/logo\/image\/"},"sameAs":["https:\/\/www.facebook.com\/infoenn","https:\/\/x.com\/Elnuevo_norte","https:\/\/www.instagram.com\/infoenn","https:\/\/www.facebook.com\/ENNRD"]},{"@type":"Person","@id":"https:\/\/infoelnuevonorte.com\/#\/schema\/person\/3accb35eb55f55e96c492b52d085a403","name":"T. R.","image":{"@type":"ImageObject","inLanguage":"es-DO","@id":"https:\/\/infoelnuevonorte.com\/#\/schema\/person\/image\/","url":"https:\/\/secure.gravatar.com\/avatar\/40543a038bda97abdb765b1662e9677d?s=96&d=robohash&r=g","contentUrl":"https:\/\/secure.gravatar.com\/avatar\/40543a038bda97abdb765b1662e9677d?s=96&d=robohash&r=g","caption":"T. R."},"url":"https:\/\/infoelnuevonorte.com\/?author=2"}]}},"_links":{"self":[{"href":"https:\/\/infoelnuevonorte.com\/index.php?rest_route=\/wp\/v2\/posts\/35200"}],"collection":[{"href":"https:\/\/infoelnuevonorte.com\/index.php?rest_route=\/wp\/v2\/posts"}],"about":[{"href":"https:\/\/infoelnuevonorte.com\/index.php?rest_route=\/wp\/v2\/types\/post"}],"author":[{"embeddable":true,"href":"https:\/\/infoelnuevonorte.com\/index.php?rest_route=\/wp\/v2\/users\/2"}],"replies":[{"embeddable":true,"href":"https:\/\/infoelnuevonorte.com\/index.php?rest_route=%2Fwp%2Fv2%2Fcomments&post=35200"}],"version-history":[{"count":0,"href":"https:\/\/infoelnuevonorte.com\/index.php?rest_route=\/wp\/v2\/posts\/35200\/revisions"}],"wp:attachment":[{"href":"https:\/\/infoelnuevonorte.com\/index.php?rest_route=%2Fwp%2Fv2%2Fmedia&parent=35200"}],"wp:term":[{"taxonomy":"category","embeddable":true,"href":"https:\/\/infoelnuevonorte.com\/index.php?rest_route=%2Fwp%2Fv2%2Fcategories&post=35200"},{"taxonomy":"post_tag","embeddable":true,"href":"https:\/\/infoelnuevonorte.com\/index.php?rest_route=%2Fwp%2Fv2%2Ftags&post=35200"}],"curies":[{"name":"wp","href":"https:\/\/api.w.org\/{rel}","templated":true}]}}