{"id":35715,"date":"2024-07-17T11:54:48","date_gmt":"2024-07-17T15:54:48","guid":{"rendered":"https:\/\/infoelnuevonorte.com\/?p=35715"},"modified":"2024-07-17T11:54:50","modified_gmt":"2024-07-17T15:54:50","slug":"la-lucha-contra-la-plaga-de-la-mosca-del-mediterraneo-en-republica-dominicana","status":"publish","type":"post","link":"https:\/\/infoelnuevonorte.com\/?p=35715","title":{"rendered":"La lucha contra la plaga de la mosca del Mediterr\u00e1neo en Rep\u00fablica Dominicana"},"content":{"rendered":"<!--[if lt IE 9]><script>document.createElement('audio');<\/script><![endif]-->\n<audio class=\"wp-audio-shortcode\" id=\"audio-35715-1\" preload=\"none\" style=\"width: 100%;\" controls=\"controls\"><source type=\"audio\/mpeg\" src=\"https:\/\/infoelnuevonorte.com\/wp-content\/uploads\/2024\/07\/ttsmaker-vip-file-2024-7-17-11-48-43.mp3?_=1\" \/><a href=\"https:\/\/infoelnuevonorte.com\/wp-content\/uploads\/2024\/07\/ttsmaker-vip-file-2024-7-17-11-48-43.mp3\">https:\/\/infoelnuevonorte.com\/wp-content\/uploads\/2024\/07\/ttsmaker-vip-file-2024-7-17-11-48-43.mp3<\/a><\/audio>\n<p style=\"text-align: justify\">La <strong>mosca<\/strong> del <strong>Mediterr\u00e1neo<\/strong> implica una amenaza para la fruticultura de la Rep\u00fablica Dominicana y para toda la regi\u00f3n. En enero se identific\u00f3 un brote de esta <strong>plaga<\/strong> en Los Corales, Punta Cana. Desde entonces, el <strong>Ministerio<\/strong> de <strong>Agricultura<\/strong> y la Organizaci\u00f3n de las Naciones Unidas para la Agricultura y la Alimentaci\u00f3n\u00a0(FAO, por sus siglas en ingl\u00e9s) han estado luchando durante 22 semanas para erradicarla.<\/p>\n<p style=\"text-align: justify\">La <strong>mosca<\/strong> del <strong>Mediterr\u00e1neo<\/strong> causa da\u00f1os directos en la calidad de la <strong>fruta<\/strong>. Esto significaba un gran riesgo para la econom\u00eda del pa\u00eds, pues la Rep\u00fablica Dominicana destaca, entre otras cosas, por la exportaci\u00f3n de <strong>fruta<\/strong>.<\/p>\n<p style=\"text-align: justify\">La extensi\u00f3n de la <strong>plaga<\/strong> podr\u00eda significar la restricci\u00f3n al <strong>comercio internacional<\/strong> y, por consiguiente, la p\u00e9rdida de cientos de miles de d\u00f3lares.<\/p>\n<figure style=\"text-align: justify\"><img loading=\"lazy\" decoding=\"async\" class=\"moz-reader-block-img\" src=\"https:\/\/resources.diariolibre.com\/images\/expand.svg\" alt=\"Expandir imagen\" width=\"20\" height=\"20\" \/><\/p>\n<p><img decoding=\"async\" class=\"moz-reader-block-img\" src=\"https:\/\/resources.diariolibre.com\/images\/2024\/07\/17\/moscas.jpg\" alt=\"Infograf\u00eda\" width=\"auto\" height=\"350\" data-src=\"https:\/\/resources.diariolibre.com\/images\/2024\/07\/17\/moscas.jpg\" data-was-processed=\"true\" \/><figcaption>Trabajadores del Ministerio de Agricultura durante la liberaci\u00f3n de moscas est\u00e9riles. (<strong>LUDUIS TAPIA<\/strong>)<\/figcaption><\/figure>\n<p style=\"text-align: justify\">Por este motivo, el <strong>Ministerio<\/strong> de <strong>Agricultura<\/strong> lleva desde enero controlando y erradicando esta <strong>plaga<\/strong>. Para ello, se han estado importando <strong>moscas<\/strong> <strong>esterilizadas<\/strong> y liberando en la zona afectada 3 millones de ejemplares a la semana. \u00bfLa finalidad? Alterar su reproducci\u00f3n.<\/p>\n<p style=\"text-align: justify\">Estas <strong>moscas<\/strong> <strong>esterilizadas<\/strong> son transportadas desde Guatemala, pasan por Florida o Panam\u00e1, para luego llegar a Punta Cana.<\/p>\n<p style=\"text-align: justify\">Adem\u00e1s de la liberaci\u00f3n de <strong>moscas<\/strong> para alterar la reproducci\u00f3n de la <strong>plaga<\/strong>, est\u00e1n consiguiendo hacer frente a este peligro con cuatro \u00e1ngulos de actuaci\u00f3n.<\/p>\n<h2 style=\"text-align: justify\">1. Control <strong>mec\u00e1nico<\/strong><\/h2>\n<p style=\"text-align: justify\">El <strong>control<\/strong> <strong>mec\u00e1nico<\/strong> consiste en la recolecci\u00f3n de <strong>fruta<\/strong> y la poda de \u00e1rboles. Desde enero se ha tratado de eliminar la <strong>fruta<\/strong> de los \u00e1rboles de la zona, sobre todo los almendros, con el objetivo de dejar sin alimento a las <strong>moscas<\/strong> del <strong>Mediterr\u00e1neo<\/strong>.<\/p>\n<div style=\"text-align: justify\">\n<div data-slick-index=\"0\" aria-hidden=\"false\">\n<figure data-slick-index=\"1\" aria-hidden=\"false\"><img loading=\"lazy\" decoding=\"async\" class=\"moz-reader-block-img\" src=\"https:\/\/resources.diariolibre.com\/images\/expand.svg\" alt=\"Expandir imagen\" width=\"20\" height=\"20\" \/><\/p>\n<p><img decoding=\"async\" class=\"moz-reader-block-img\" src=\"https:\/\/resources.diariolibre.com\/images\/2024\/07\/17\/control-mecanico-1.jpg\" alt=\"Herramientas para ejercer el control mec\u00e1nico.\" width=\"100%\" \/><figcaption>Herramientas para ejercer el control mec\u00e1nico. (<strong>LUDUIS TAPIA<\/strong>)<\/figcaption><\/figure>\n<\/div>\n<\/div>\n<p style=\"text-align: justify\">\"Hemos recolectado 19,881 libras de almendra desde el d\u00eda 12 de enero\", declar\u00f3 ayer uno de los trabajadores del <strong>Ministerio<\/strong> de <strong>Agricultura<\/strong>. En un inicio eran 27 personas las que se dedicaban a recolectar los <strong>frutos<\/strong>. Ahora son seis.<\/p>\n<p style=\"text-align: justify\">Tras arrancar los <strong>frutos<\/strong> de los \u00e1rboles, se juntan,<strong> se les aplica cal<\/strong>, para finalmente enterrarlos bajo tierra a una profundidad donde las larvas no pueden salir.<\/p>\n<h2 style=\"text-align: justify\">2. Control <strong>qu\u00edmico<\/strong><\/h2>\n<p style=\"text-align: justify\">Jairo Amador es el encargado del <strong>control<\/strong> <strong>qu\u00edmico<\/strong> de la <strong>plaga<\/strong>. Este es el segundo \u00e1ngulo de actuaci\u00f3n y consiste en eliminar a las <strong>moscas<\/strong> mediante productos qu\u00edmicos.<\/p>\n<div style=\"text-align: justify\">\n<div data-slick-index=\"0\" aria-hidden=\"false\">\n<figure data-slick-index=\"1\" aria-hidden=\"false\"><img loading=\"lazy\" decoding=\"async\" class=\"moz-reader-block-img\" src=\"https:\/\/resources.diariolibre.com\/images\/expand.svg\" alt=\"Expandir imagen\" width=\"20\" height=\"20\" \/><\/p>\n<p><img decoding=\"async\" class=\"moz-reader-block-img\" src=\"https:\/\/resources.diariolibre.com\/images\/2024\/07\/17\/control-quimico-3.jpg\" alt=\"Jairo Amador, explicando el control qu\u00edmico, con dos botellas de pl\u00e1stico.\" width=\"100%\" \/><figcaption>Jairo Amador, explicando el control qu\u00edmico, con dos botellas de pl\u00e1stico. (<strong>LUDUIS TAPIA<\/strong>)<\/figcaption><\/figure>\n<\/div>\n<\/div>\n<p style=\"text-align: justify\">El l\u00edquido que se utiliza es el GF-120. Una gota de este <strong>qu\u00edmico<\/strong> es suficiente para matar a una <strong>mosca<\/strong>. Para ello, tienen distintas formas de utilizarlo. En primer lugar, con unas mochilas llenas de GF-120 conectadas a una manguera para rociar en los \u00e1rboles.<\/p>\n<p style=\"text-align: justify\">Sin embargo, esta no es la \u00fanica forma de utilizar el l\u00edquido letal para las <strong>moscas<\/strong>. Tambi\u00e9n se instalan botellas de pl\u00e1stico con GF-120 en su interior para que las <strong>moscas<\/strong> entren y mueran.<\/p>\n<p style=\"text-align: justify\">Estas botellas deben ubicarse en la sombra y donde no haya movimiento de hojas por el viento. En la sombra, porque es lo que buscan las <strong>moscas<\/strong>. Sin movimiento de hojas, porque eso <strong>las espanta<\/strong>.<\/p>\n<p style=\"text-align: justify\">\"Las <strong>moscas<\/strong> piensan que es alimento y <strong>se ahogan<\/strong>\", determin\u00f3 Amador.<\/p>\n<h2 style=\"text-align: justify\">3. Muestreo de <strong>frutos<\/strong><\/h2>\n<p style=\"text-align: justify\">Zaira Pineda es la encargada de coordinar el <strong>muestreo<\/strong>. Esto consiste en enviar los <strong>frutos<\/strong> ca\u00eddos de los \u00e1rboles al laboratorio para identificar si existen o no larvas.<\/p>\n<figure style=\"text-align: justify\"><img loading=\"lazy\" decoding=\"async\" class=\"moz-reader-block-img\" src=\"https:\/\/resources.diariolibre.com\/images\/expand.svg\" alt=\"Expandir imagen\" width=\"20\" height=\"20\" \/><\/p>\n<p><img decoding=\"async\" class=\"moz-reader-block-img\" src=\"https:\/\/resources.diariolibre.com\/images\/2024\/07\/17\/analisis.jpg\" alt=\"Infograf\u00eda\" width=\"auto\" height=\"350\" data-src=\"https:\/\/resources.diariolibre.com\/images\/2024\/07\/17\/analisis.jpg\" \/><figcaption>Muestras de frutas que se mandan al laboratorio. (<strong>LUDUIS TAPIA<\/strong>)<\/figcaption><\/figure>\n<p style=\"text-align: justify\">Cuando se recolectan estos <strong>frutos<\/strong>, se anota en la bolsa los siguientes datos: \"Fecha en la que fue recolectada, ubicaci\u00f3n, cantidad de <strong>frutos<\/strong> y el peso. Esto es lo que controlamos\", explic\u00f3 Pineda a <em>Diario Libre<\/em>.<\/p>\n<p style=\"text-align: justify\">Para determinar las coordenadas de los \u00e1rboles infectados <strong>utilizan un GPS<\/strong>. De esta forma, si el laboratorio necesita m\u00e1s pruebas del mismo \u00e1rbol, pueden saber cu\u00e1l es.<\/p>\n<p style=\"text-align: justify\">Se hace tres meses a la semana, lunes mi\u00e9rcoles y viernes. <strong>Se mandan el mismo d\u00eda<\/strong> al laboratorio. El tiempo de respuesta es de un d\u00eda para otro.<\/p>\n<h2 style=\"text-align: justify\">4. Trampeo<\/h2>\n<p style=\"text-align: justify\">Margarito Garrido, encargado del equipo de <strong>trampeo<\/strong> en el brote, explic\u00f3 a <em>Diario Libre<\/em> la cuarta forma de actuaci\u00f3n frente a la <strong>plaga<\/strong>: la colocaci\u00f3n de trampas.<\/p>\n<div style=\"text-align: justify\">\n<div data-slick-index=\"0\" aria-hidden=\"false\">\n<figure data-slick-index=\"1\" aria-hidden=\"false\"><img loading=\"lazy\" decoding=\"async\" class=\"moz-reader-block-img\" src=\"https:\/\/resources.diariolibre.com\/images\/expand.svg\" alt=\"Expandir imagen\" width=\"20\" height=\"20\" \/><\/p>\n<p><img decoding=\"async\" class=\"moz-reader-block-img\" src=\"https:\/\/resources.diariolibre.com\/images\/2024\/07\/17\/trampeo-2.jpg\" alt=\"Margarito Garrido, a la izquierda, explicando el sistema de trampeo.\" width=\"100%\" \/><figcaption>Margarito Garrido, a la izquierda, explicando el sistema de trampeo. (<strong>LUDUIS TAPIA<\/strong>)<\/figcaption><\/figure>\n<\/div>\n<\/div>\n<p style=\"text-align: justify\">\"Lo que hacemos es <strong>poner las trampas <\/strong>donde son necesarias. Trabajamos con mapas donde est\u00e1n todas las trampas que tenemos que ubicar\", explic\u00f3.<\/p>\n<p style=\"text-align: justify\">Seg\u00fan la etapa del proyecto, se usan un tipo de trampas u otras. Desde enero, cuando se detect\u00f3 la <strong>plaga<\/strong>, se han estado usando unas trampas en espec\u00edfico. \"Son trampas que capturan en<strong> mayor medida hembras<\/strong>. Esto nos favorece porque compramos e importamos machos est\u00e9riles y ser\u00eda contradictorio eliminar lo que estamos comprando\", dijo.<\/p>\n<p style=\"text-align: justify\">El proyecto se encuentra en la<strong> semana 22 de 24<\/strong>. Cuando haya pasado ese tiempo, proceder\u00e1n a instalar trampas m\u00e1s efectivas y grandes con el objetivo de exterminar tanto a machos como a hembras.<\/p>\n<p style=\"text-align: justify\">Por otro lado, las <strong>moscas<\/strong> capturadas <strong>se mojan en alcohol <\/strong>para conservarlas mejor y llevarlas al laboratorio para examinarlas. Hacen una identificaci\u00f3n semanal en el laboratorio.<\/p>\n<p style=\"text-align: justify\">De esta forma, con estos cuatro frentes de actuaci\u00f3n, el <strong>Ministerio<\/strong> de <strong>Agricultura<\/strong> de la Rep\u00fablica Dominicana no solo est\u00e1 haciendo frente a una <strong>plaga<\/strong>, sino que tambi\u00e9n est\u00e1 protegiendo un sector importante de la econom\u00eda del pa\u00eds: la importaci\u00f3n de <strong>fruta<\/strong>.<\/p>\n","protected":false},"excerpt":{"rendered":"<p>La mosca del Mediterr\u00e1neo implica una amenaza para la fruticultura de la Rep\u00fablica Dominicana y para toda la regi\u00f3n. En enero se identific\u00f3 un brote de esta plaga en Los Corales, Punta Cana. Desde entonces, el Ministerio de Agricultura y la Organizaci\u00f3n de las Naciones Unidas para la Agricultura y la Alimentaci\u00f3n\u00a0(FAO, por sus siglas [&hellip;]<\/p>\n","protected":false},"author":7,"featured_media":0,"comment_status":"closed","ping_status":"open","sticky":false,"template":"","format":"standard","meta":{"footnotes":""},"categories":[8],"tags":[],"yoast_head":"<!-- This site is optimized with the Yoast SEO plugin v24.5 - https:\/\/yoast.com\/wordpress\/plugins\/seo\/ -->\n<title>La lucha contra la plaga de la mosca del Mediterr\u00e1neo en Rep\u00fablica Dominicana | El Nuevo Norte<\/title>\n<meta name=\"robots\" content=\"index, follow, max-snippet:-1, max-image-preview:large, max-video-preview:-1\" \/>\n<link rel=\"canonical\" href=\"https:\/\/infoelnuevonorte.com\/?p=35715\" \/>\n<meta property=\"og:locale\" content=\"es_ES\" \/>\n<meta property=\"og:type\" content=\"article\" \/>\n<meta property=\"og:title\" content=\"La lucha contra la plaga de la mosca del Mediterr\u00e1neo en Rep\u00fablica Dominicana | El Nuevo Norte\" \/>\n<meta property=\"og:description\" content=\"La mosca del Mediterr\u00e1neo implica una amenaza para la fruticultura de la Rep\u00fablica Dominicana y para toda la regi\u00f3n. En enero se identific\u00f3 un brote de esta plaga en Los Corales, Punta Cana. Desde entonces, el Ministerio de Agricultura y la Organizaci\u00f3n de las Naciones Unidas para la Agricultura y la Alimentaci\u00f3n\u00a0(FAO, por sus siglas [&hellip;]\" \/>\n<meta property=\"og:url\" content=\"https:\/\/infoelnuevonorte.com\/?p=35715\" \/>\n<meta property=\"og:site_name\" content=\"El Nuevo Norte\" \/>\n<meta property=\"article:publisher\" content=\"https:\/\/www.facebook.com\/infoenn\" \/>\n<meta property=\"article:published_time\" content=\"2024-07-17T15:54:48+00:00\" \/>\n<meta property=\"article:modified_time\" content=\"2024-07-17T15:54:50+00:00\" \/>\n<meta property=\"og:image\" content=\"https:\/\/infoelnuevonorte.com\/wp-content\/uploads\/2024\/07\/la-lucha-contra-la-plaga-de-la-mosca-del-mediterraneo-en-rd-focus-0-0-896-504.jpg\" \/>\n\t<meta property=\"og:image:width\" content=\"896\" \/>\n\t<meta property=\"og:image:height\" content=\"504\" \/>\n\t<meta property=\"og:image:type\" content=\"image\/jpeg\" \/>\n<meta name=\"author\" content=\"A.P.\" \/>\n<meta name=\"twitter:card\" content=\"summary_large_image\" \/>\n<meta name=\"twitter:creator\" content=\"@Elnuevo_norte\" \/>\n<meta name=\"twitter:site\" content=\"@Elnuevo_norte\" \/>\n<meta name=\"twitter:label1\" content=\"Written by\" \/>\n\t<meta name=\"twitter:data1\" content=\"A.P.\" \/>\n\t<meta name=\"twitter:label2\" content=\"Est. reading time\" \/>\n\t<meta name=\"twitter:data2\" content=\"7 minutos\" \/>\n<script type=\"application\/ld+json\" class=\"yoast-schema-graph\">{\"@context\":\"https:\/\/schema.org\",\"@graph\":[{\"@type\":\"Article\",\"@id\":\"https:\/\/infoelnuevonorte.com\/?p=35715#article\",\"isPartOf\":{\"@id\":\"https:\/\/infoelnuevonorte.com\/?p=35715\"},\"author\":{\"name\":\"A.P.\",\"@id\":\"https:\/\/infoelnuevonorte.com\/#\/schema\/person\/92d4a526d666630102a5094d7c57b2f3\"},\"headline\":\"La lucha contra la plaga de la mosca del Mediterr\u00e1neo en Rep\u00fablica Dominicana\",\"datePublished\":\"2024-07-17T15:54:48+00:00\",\"dateModified\":\"2024-07-17T15:54:50+00:00\",\"mainEntityOfPage\":{\"@id\":\"https:\/\/infoelnuevonorte.com\/?p=35715\"},\"wordCount\":950,\"publisher\":{\"@id\":\"https:\/\/infoelnuevonorte.com\/#organization\"},\"image\":{\"@id\":\"https:\/\/infoelnuevonorte.com\/?p=35715#primaryimage\"},\"thumbnailUrl\":\"https:\/\/resources.diariolibre.com\/images\/expand.svg\",\"articleSection\":[\"Nacionales\"],\"inLanguage\":\"es-DO\"},{\"@type\":\"WebPage\",\"@id\":\"https:\/\/infoelnuevonorte.com\/?p=35715\",\"url\":\"https:\/\/infoelnuevonorte.com\/?p=35715\",\"name\":\"La lucha contra la plaga de la mosca del Mediterr\u00e1neo en Rep\u00fablica Dominicana | El Nuevo Norte\",\"isPartOf\":{\"@id\":\"https:\/\/infoelnuevonorte.com\/#website\"},\"primaryImageOfPage\":{\"@id\":\"https:\/\/infoelnuevonorte.com\/?p=35715#primaryimage\"},\"image\":{\"@id\":\"https:\/\/infoelnuevonorte.com\/?p=35715#primaryimage\"},\"thumbnailUrl\":\"https:\/\/resources.diariolibre.com\/images\/expand.svg\",\"datePublished\":\"2024-07-17T15:54:48+00:00\",\"dateModified\":\"2024-07-17T15:54:50+00:00\",\"breadcrumb\":{\"@id\":\"https:\/\/infoelnuevonorte.com\/?p=35715#breadcrumb\"},\"inLanguage\":\"es-DO\",\"potentialAction\":[{\"@type\":\"ReadAction\",\"target\":[\"https:\/\/infoelnuevonorte.com\/?p=35715\"]}]},{\"@type\":\"ImageObject\",\"inLanguage\":\"es-DO\",\"@id\":\"https:\/\/infoelnuevonorte.com\/?p=35715#primaryimage\",\"url\":\"https:\/\/resources.diariolibre.com\/images\/expand.svg\",\"contentUrl\":\"https:\/\/resources.diariolibre.com\/images\/expand.svg\"},{\"@type\":\"BreadcrumbList\",\"@id\":\"https:\/\/infoelnuevonorte.com\/?p=35715#breadcrumb\",\"itemListElement\":[{\"@type\":\"ListItem\",\"position\":1,\"name\":\"Home\",\"item\":\"https:\/\/infoelnuevonorte.com\/\"},{\"@type\":\"ListItem\",\"position\":2,\"name\":\"La lucha contra la plaga de la mosca del Mediterr\u00e1neo en Rep\u00fablica Dominicana\"}]},{\"@type\":\"WebSite\",\"@id\":\"https:\/\/infoelnuevonorte.com\/#website\",\"url\":\"https:\/\/infoelnuevonorte.com\/\",\"name\":\"InfoEnn\",\"description\":\"Tu Voz, tu Verdad, tu Diario!!!\",\"publisher\":{\"@id\":\"https:\/\/infoelnuevonorte.com\/#organization\"},\"alternateName\":\"El Nuevo Norte\",\"potentialAction\":[{\"@type\":\"SearchAction\",\"target\":{\"@type\":\"EntryPoint\",\"urlTemplate\":\"https:\/\/infoelnuevonorte.com\/?s={search_term_string}\"},\"query-input\":{\"@type\":\"PropertyValueSpecification\",\"valueRequired\":true,\"valueName\":\"search_term_string\"}}],\"inLanguage\":\"es-DO\"},{\"@type\":\"Organization\",\"@id\":\"https:\/\/infoelnuevonorte.com\/#organization\",\"name\":\"Info El Nuevo Norte\",\"alternateName\":\"El Nuevo Norte\",\"url\":\"https:\/\/infoelnuevonorte.com\/\",\"logo\":{\"@type\":\"ImageObject\",\"inLanguage\":\"es-DO\",\"@id\":\"https:\/\/infoelnuevonorte.com\/#\/schema\/logo\/image\/\",\"url\":\"https:\/\/infoelnuevonorte.com\/wp-content\/uploads\/2026\/02\/Logo-Info-enn-3d-20ani.jpeg\",\"contentUrl\":\"https:\/\/infoelnuevonorte.com\/wp-content\/uploads\/2026\/02\/Logo-Info-enn-3d-20ani.jpeg\",\"width\":2046,\"height\":736,\"caption\":\"Info El Nuevo Norte\"},\"image\":{\"@id\":\"https:\/\/infoelnuevonorte.com\/#\/schema\/logo\/image\/\"},\"sameAs\":[\"https:\/\/www.facebook.com\/infoenn\",\"https:\/\/x.com\/Elnuevo_norte\",\"https:\/\/www.instagram.com\/infoenn\",\"https:\/\/www.facebook.com\/ENNRD\"]},{\"@type\":\"Person\",\"@id\":\"https:\/\/infoelnuevonorte.com\/#\/schema\/person\/92d4a526d666630102a5094d7c57b2f3\",\"name\":\"A.P.\",\"image\":{\"@type\":\"ImageObject\",\"inLanguage\":\"es-DO\",\"@id\":\"https:\/\/infoelnuevonorte.com\/#\/schema\/person\/image\/\",\"url\":\"https:\/\/secure.gravatar.com\/avatar\/21b59994a05c5ed2c199adcbaa65531c?s=96&d=robohash&r=g\",\"contentUrl\":\"https:\/\/secure.gravatar.com\/avatar\/21b59994a05c5ed2c199adcbaa65531c?s=96&d=robohash&r=g\",\"caption\":\"A.P.\"},\"url\":\"https:\/\/infoelnuevonorte.com\/?author=7\"}]}<\/script>\n<!-- \/ Yoast SEO plugin. -->","yoast_head_json":{"title":"La lucha contra la plaga de la mosca del Mediterr\u00e1neo en Rep\u00fablica Dominicana | El Nuevo Norte","robots":{"index":"index","follow":"follow","max-snippet":"max-snippet:-1","max-image-preview":"max-image-preview:large","max-video-preview":"max-video-preview:-1"},"canonical":"https:\/\/infoelnuevonorte.com\/?p=35715","og_locale":"es_ES","og_type":"article","og_title":"La lucha contra la plaga de la mosca del Mediterr\u00e1neo en Rep\u00fablica Dominicana | El Nuevo Norte","og_description":"La mosca del Mediterr\u00e1neo implica una amenaza para la fruticultura de la Rep\u00fablica Dominicana y para toda la regi\u00f3n. En enero se identific\u00f3 un brote de esta plaga en Los Corales, Punta Cana. Desde entonces, el Ministerio de Agricultura y la Organizaci\u00f3n de las Naciones Unidas para la Agricultura y la Alimentaci\u00f3n\u00a0(FAO, por sus siglas [&hellip;]","og_url":"https:\/\/infoelnuevonorte.com\/?p=35715","og_site_name":"El Nuevo Norte","article_publisher":"https:\/\/www.facebook.com\/infoenn","article_published_time":"2024-07-17T15:54:48+00:00","article_modified_time":"2024-07-17T15:54:50+00:00","og_image":[{"width":896,"height":504,"url":"https:\/\/infoelnuevonorte.com\/wp-content\/uploads\/2024\/07\/la-lucha-contra-la-plaga-de-la-mosca-del-mediterraneo-en-rd-focus-0-0-896-504.jpg","type":"image\/jpeg"}],"author":"A.P.","twitter_card":"summary_large_image","twitter_creator":"@Elnuevo_norte","twitter_site":"@Elnuevo_norte","twitter_misc":{"Written by":"A.P.","Est. reading time":"7 minutos"},"schema":{"@context":"https:\/\/schema.org","@graph":[{"@type":"Article","@id":"https:\/\/infoelnuevonorte.com\/?p=35715#article","isPartOf":{"@id":"https:\/\/infoelnuevonorte.com\/?p=35715"},"author":{"name":"A.P.","@id":"https:\/\/infoelnuevonorte.com\/#\/schema\/person\/92d4a526d666630102a5094d7c57b2f3"},"headline":"La lucha contra la plaga de la mosca del Mediterr\u00e1neo en Rep\u00fablica Dominicana","datePublished":"2024-07-17T15:54:48+00:00","dateModified":"2024-07-17T15:54:50+00:00","mainEntityOfPage":{"@id":"https:\/\/infoelnuevonorte.com\/?p=35715"},"wordCount":950,"publisher":{"@id":"https:\/\/infoelnuevonorte.com\/#organization"},"image":{"@id":"https:\/\/infoelnuevonorte.com\/?p=35715#primaryimage"},"thumbnailUrl":"https:\/\/resources.diariolibre.com\/images\/expand.svg","articleSection":["Nacionales"],"inLanguage":"es-DO"},{"@type":"WebPage","@id":"https:\/\/infoelnuevonorte.com\/?p=35715","url":"https:\/\/infoelnuevonorte.com\/?p=35715","name":"La lucha contra la plaga de la mosca del Mediterr\u00e1neo en Rep\u00fablica Dominicana | El Nuevo Norte","isPartOf":{"@id":"https:\/\/infoelnuevonorte.com\/#website"},"primaryImageOfPage":{"@id":"https:\/\/infoelnuevonorte.com\/?p=35715#primaryimage"},"image":{"@id":"https:\/\/infoelnuevonorte.com\/?p=35715#primaryimage"},"thumbnailUrl":"https:\/\/resources.diariolibre.com\/images\/expand.svg","datePublished":"2024-07-17T15:54:48+00:00","dateModified":"2024-07-17T15:54:50+00:00","breadcrumb":{"@id":"https:\/\/infoelnuevonorte.com\/?p=35715#breadcrumb"},"inLanguage":"es-DO","potentialAction":[{"@type":"ReadAction","target":["https:\/\/infoelnuevonorte.com\/?p=35715"]}]},{"@type":"ImageObject","inLanguage":"es-DO","@id":"https:\/\/infoelnuevonorte.com\/?p=35715#primaryimage","url":"https:\/\/resources.diariolibre.com\/images\/expand.svg","contentUrl":"https:\/\/resources.diariolibre.com\/images\/expand.svg"},{"@type":"BreadcrumbList","@id":"https:\/\/infoelnuevonorte.com\/?p=35715#breadcrumb","itemListElement":[{"@type":"ListItem","position":1,"name":"Home","item":"https:\/\/infoelnuevonorte.com\/"},{"@type":"ListItem","position":2,"name":"La lucha contra la plaga de la mosca del Mediterr\u00e1neo en Rep\u00fablica Dominicana"}]},{"@type":"WebSite","@id":"https:\/\/infoelnuevonorte.com\/#website","url":"https:\/\/infoelnuevonorte.com\/","name":"InfoEnn","description":"Tu Voz, tu Verdad, tu Diario!!!","publisher":{"@id":"https:\/\/infoelnuevonorte.com\/#organization"},"alternateName":"El Nuevo Norte","potentialAction":[{"@type":"SearchAction","target":{"@type":"EntryPoint","urlTemplate":"https:\/\/infoelnuevonorte.com\/?s={search_term_string}"},"query-input":{"@type":"PropertyValueSpecification","valueRequired":true,"valueName":"search_term_string"}}],"inLanguage":"es-DO"},{"@type":"Organization","@id":"https:\/\/infoelnuevonorte.com\/#organization","name":"Info El Nuevo Norte","alternateName":"El Nuevo Norte","url":"https:\/\/infoelnuevonorte.com\/","logo":{"@type":"ImageObject","inLanguage":"es-DO","@id":"https:\/\/infoelnuevonorte.com\/#\/schema\/logo\/image\/","url":"https:\/\/infoelnuevonorte.com\/wp-content\/uploads\/2026\/02\/Logo-Info-enn-3d-20ani.jpeg","contentUrl":"https:\/\/infoelnuevonorte.com\/wp-content\/uploads\/2026\/02\/Logo-Info-enn-3d-20ani.jpeg","width":2046,"height":736,"caption":"Info El Nuevo Norte"},"image":{"@id":"https:\/\/infoelnuevonorte.com\/#\/schema\/logo\/image\/"},"sameAs":["https:\/\/www.facebook.com\/infoenn","https:\/\/x.com\/Elnuevo_norte","https:\/\/www.instagram.com\/infoenn","https:\/\/www.facebook.com\/ENNRD"]},{"@type":"Person","@id":"https:\/\/infoelnuevonorte.com\/#\/schema\/person\/92d4a526d666630102a5094d7c57b2f3","name":"A.P.","image":{"@type":"ImageObject","inLanguage":"es-DO","@id":"https:\/\/infoelnuevonorte.com\/#\/schema\/person\/image\/","url":"https:\/\/secure.gravatar.com\/avatar\/21b59994a05c5ed2c199adcbaa65531c?s=96&d=robohash&r=g","contentUrl":"https:\/\/secure.gravatar.com\/avatar\/21b59994a05c5ed2c199adcbaa65531c?s=96&d=robohash&r=g","caption":"A.P."},"url":"https:\/\/infoelnuevonorte.com\/?author=7"}]}},"_links":{"self":[{"href":"https:\/\/infoelnuevonorte.com\/index.php?rest_route=\/wp\/v2\/posts\/35715"}],"collection":[{"href":"https:\/\/infoelnuevonorte.com\/index.php?rest_route=\/wp\/v2\/posts"}],"about":[{"href":"https:\/\/infoelnuevonorte.com\/index.php?rest_route=\/wp\/v2\/types\/post"}],"author":[{"embeddable":true,"href":"https:\/\/infoelnuevonorte.com\/index.php?rest_route=\/wp\/v2\/users\/7"}],"replies":[{"embeddable":true,"href":"https:\/\/infoelnuevonorte.com\/index.php?rest_route=%2Fwp%2Fv2%2Fcomments&post=35715"}],"version-history":[{"count":0,"href":"https:\/\/infoelnuevonorte.com\/index.php?rest_route=\/wp\/v2\/posts\/35715\/revisions"}],"wp:attachment":[{"href":"https:\/\/infoelnuevonorte.com\/index.php?rest_route=%2Fwp%2Fv2%2Fmedia&parent=35715"}],"wp:term":[{"taxonomy":"category","embeddable":true,"href":"https:\/\/infoelnuevonorte.com\/index.php?rest_route=%2Fwp%2Fv2%2Fcategories&post=35715"},{"taxonomy":"post_tag","embeddable":true,"href":"https:\/\/infoelnuevonorte.com\/index.php?rest_route=%2Fwp%2Fv2%2Ftags&post=35715"}],"curies":[{"name":"wp","href":"https:\/\/api.w.org\/{rel}","templated":true}]}}