{"id":36632,"date":"2024-07-20T18:17:05","date_gmt":"2024-07-20T22:17:05","guid":{"rendered":"https:\/\/infoelnuevonorte.com\/?p=36632"},"modified":"2024-07-20T18:17:07","modified_gmt":"2024-07-20T22:17:07","slug":"beltre-sera-el-quinto-dominicano-y-el-latinoamericano-numero-16-en-ser-exaltado-al-salon-de-la-fama","status":"publish","type":"post","link":"https:\/\/infoelnuevonorte.com\/?p=36632","title":{"rendered":"Beltr\u00e9 ser\u00e1 el quinto dominicano y el latinoamericano n\u00famero 16 en ser exaltado al Sal\u00f3n de la Fama"},"content":{"rendered":"\n<p><a href=\"https:\/\/deultimominuto.net\/category\/deportes\/\"><\/a><\/p>\n\n\n<div class=\"td_block_wrap tdb_single_content tdi_360 td-pb-border-top td_block_template_1 td-post-content tagdiv-type\" data-td-block-uid=\"tdi_360\">\n<div class=\"tdb-block-inner td-fix-index\">\n<!--[if lt IE 9]><script>document.createElement('audio');<\/script><![endif]-->\n<audio class=\"wp-audio-shortcode\" id=\"audio-36632-1\" preload=\"none\" style=\"width: 100%;\" controls=\"controls\"><source type=\"audio\/mpeg\" src=\"https:\/\/infoelnuevonorte.com\/wp-content\/uploads\/2024\/07\/2024-07-21-061456_156187-1.mp3?_=1\" \/><a href=\"https:\/\/infoelnuevonorte.com\/wp-content\/uploads\/2024\/07\/2024-07-21-061456_156187-1.mp3\">https:\/\/infoelnuevonorte.com\/wp-content\/uploads\/2024\/07\/2024-07-21-061456_156187-1.mp3<\/a><\/audio>\n<p style=\"text-align: justify\"><strong>COOPERSTOWN, Nueva York<\/strong>\u00a0\u2013 Este domingo en el Clark Sports Center del pueblo neoyorquino de Cooperstown, Adri\u00e1n Beltr\u00e9 se convertir\u00e1 en el quinto dominicano y el decimosexto latinoamericano en ser exaltado al Sal\u00f3n de la Fama del B\u00e9isbol.<\/p>\n<p style=\"text-align: justify\">Desde 2011, ocho exjugadores latinoamericanos han sido elegidos al Sal\u00f3n de la Fama: los puertorrique\u00f1os Roberto Alomar (2011), Iv\u00e1n \u201cPudge\u201d Rodr\u00edguez (2017) y Edgar Mart\u00ednez (2019); los dominicanos Pedro Mart\u00ednez (2015), Vladimir Guerrero padre (2018), David Ortiz (2022) y Adri\u00e1n Beltr\u00e9 (2024); y el paname\u00f1o Mariano Rivera (2019).<\/p>\n<p style=\"text-align: justify\"><strong>Secci\u00f3n Especial: Sal\u00f3n de la Fama<\/strong><\/p>\n<p style=\"text-align: justify\">En la Main Street de Cooperstown, los aficionados de ascendencia latinoamericana celebran lo logrado en los \u00faltimos 14 a\u00f1os. Adem\u00e1s, ya tienen en la mira a jugadores recientemente retirados como los boricuas Carlos Beltr\u00e1n y Yadier Molina, el dominicano Albert Pujols y el venezolano Miguel Cabrera.<\/p>\n<p style=\"text-align: justify\">\u201cEso es incre\u00edble. La forma en que los latinoamericanos han venido y han rendido incre\u00edblemente en el juego de pelota, con todas las habilidades\u201d, dijo el puertorrique\u00f1o Tom\u00e1s Javier Vilar, quien celebr\u00f3 su cumplea\u00f1os este fin de semana en Cooperstown, junto con su familia que reside en el estado de Carolina del Norte. \u201cOtro latino que entra al Hall of Fame. Hemos podido poner nuestra huella en la historia del b\u00e9isbol. Y los que vienen\u201d.<\/p>\n<p style=\"text-align: justify\">El 2024 representa el s\u00e9ptimo a\u00f1o en los \u00faltimos diez en que al menos un latinoamericano ha sido exaltado al Sal\u00f3n de la Fama. Este fin de semana le pertenece a Beltr\u00e9, el hombre de 3,166 hits y 477 jonrones en Grandes Ligas, reconocido como uno de los mejores antesalistas en la historia del b\u00e9isbol.<\/p>\n<p style=\"text-align: justify\">\u201cEso es una cosa buen\u00edsima para los latinos. Adri\u00e1n fue un pelotero muy poderoso\u2026 jonr\u00f3n, carreras impulsadas\u201d, dijo Bernie Mi\u00f1oso, sobrino de Saturnino Orestes \u201cMinnie\u201d Mi\u00f1oso, quien fue exaltado de manera p\u00f3stuma en 2022. \u201c\u00c9l deber\u00eda estar aqu\u00ed. Lo vi el jueves y me sent\u00ed muy orgulloso por \u00e9l\u201d.<\/p>\n<p style=\"text-align: justify\">Con el cuarteto de Beltr\u00e1n, Pujols, Molina y Cabrera en el horizonte, reina el entusiasmo por la continuaci\u00f3n de la \u201cola latina\u201d en Cooperstown en la \u00faltima d\u00e9cada y media.<\/p>\n<p style=\"text-align: justify\">\u201cEso va a ser\u2026 bueno, yo voy a estar aqu\u00ed\u201d, exclam\u00f3 Mi\u00f1oso. \u201cVamos a ver a todos esos latinos ah\u00ed que van a entrar ahora. Orgulloso por eso\u201d.<\/p>\n<p style=\"text-align: justify\">Agreg\u00f3 Vilar: \u201cYa era tiempo de que viniera. Nosotros hemos estado en el juego de pelota por a\u00f1os y d\u00e9cadas y finalmente, estamos ense\u00f1ando que el juego de b\u00e9isbol no es solamente americano; es latinoamericano y es global en el mundo entero. Pero los latinoamericanos han puesto su huella y ahora estoy emocionado esperando por Pujols, Miguel Cabrera \u2013 que gan\u00f3 la Triple Corona de bateo en 2012\u2026 \u00a1eso es incre\u00edble!\u201d.<\/p>\n<\/div>\n<\/div>\n<div class=\"td_block_wrap tdb_single_tags tdi_361 td-pb-border-top td_block_template_1\" style=\"text-align: justify\" data-td-block-uid=\"tdi_361\">\u00a0<\/div>","protected":false},"excerpt":{"rendered":"<p>COOPERSTOWN, Nueva York\u00a0\u2013 Este domingo en el Clark Sports Center del pueblo neoyorquino de Cooperstown, Adri\u00e1n Beltr\u00e9 se convertir\u00e1 en el quinto dominicano y el decimosexto latinoamericano en ser exaltado al Sal\u00f3n de la Fama del B\u00e9isbol. Desde 2011, ocho exjugadores latinoamericanos han sido elegidos al Sal\u00f3n de la Fama: los puertorrique\u00f1os Roberto Alomar (2011), [&hellip;]<\/p>\n","protected":false},"author":2,"featured_media":0,"comment_status":"closed","ping_status":"open","sticky":false,"template":"","format":"standard","meta":{"footnotes":""},"categories":[109,6],"tags":[],"yoast_head":"<!-- This site is optimized with the Yoast SEO plugin v24.5 - https:\/\/yoast.com\/wordpress\/plugins\/seo\/ -->\n<title>Beltr\u00e9 ser\u00e1 el quinto dominicano y el latinoamericano n\u00famero 16 en ser exaltado al Sal\u00f3n de la Fama | El Nuevo Norte<\/title>\n<meta name=\"robots\" content=\"index, follow, max-snippet:-1, max-image-preview:large, max-video-preview:-1\" \/>\n<link rel=\"canonical\" href=\"https:\/\/infoelnuevonorte.com\/?p=36632\" \/>\n<meta property=\"og:locale\" content=\"es_ES\" \/>\n<meta property=\"og:type\" content=\"article\" \/>\n<meta property=\"og:title\" content=\"Beltr\u00e9 ser\u00e1 el quinto dominicano y el latinoamericano n\u00famero 16 en ser exaltado al Sal\u00f3n de la Fama | El Nuevo Norte\" \/>\n<meta property=\"og:description\" content=\"COOPERSTOWN, Nueva York\u00a0\u2013 Este domingo en el Clark Sports Center del pueblo neoyorquino de Cooperstown, Adri\u00e1n Beltr\u00e9 se convertir\u00e1 en el quinto dominicano y el decimosexto latinoamericano en ser exaltado al Sal\u00f3n de la Fama del B\u00e9isbol. Desde 2011, ocho exjugadores latinoamericanos han sido elegidos al Sal\u00f3n de la Fama: los puertorrique\u00f1os Roberto Alomar (2011), [&hellip;]\" \/>\n<meta property=\"og:url\" content=\"https:\/\/infoelnuevonorte.com\/?p=36632\" \/>\n<meta property=\"og:site_name\" content=\"El Nuevo Norte\" \/>\n<meta property=\"article:publisher\" content=\"https:\/\/www.facebook.com\/infoenn\" \/>\n<meta property=\"article:published_time\" content=\"2024-07-20T22:17:05+00:00\" \/>\n<meta property=\"article:modified_time\" content=\"2024-07-20T22:17:07+00:00\" \/>\n<meta property=\"og:image\" content=\"https:\/\/infoelnuevonorte.com\/wp-content\/uploads\/2024\/07\/descarga-2024-07-20T181406.267.png\" \/>\n\t<meta property=\"og:image:width\" content=\"1030\" \/>\n\t<meta property=\"og:image:height\" content=\"686\" \/>\n\t<meta property=\"og:image:type\" content=\"image\/png\" \/>\n<meta name=\"author\" content=\"T. R.\" \/>\n<meta name=\"twitter:card\" content=\"summary_large_image\" \/>\n<meta name=\"twitter:creator\" content=\"@Elnuevo_norte\" \/>\n<meta name=\"twitter:site\" content=\"@Elnuevo_norte\" \/>\n<meta name=\"twitter:label1\" content=\"Written by\" \/>\n\t<meta name=\"twitter:data1\" content=\"T. R.\" \/>\n\t<meta name=\"twitter:label2\" content=\"Est. reading time\" \/>\n\t<meta name=\"twitter:data2\" content=\"3 minutos\" \/>\n<script type=\"application\/ld+json\" class=\"yoast-schema-graph\">{\"@context\":\"https:\/\/schema.org\",\"@graph\":[{\"@type\":\"Article\",\"@id\":\"https:\/\/infoelnuevonorte.com\/?p=36632#article\",\"isPartOf\":{\"@id\":\"https:\/\/infoelnuevonorte.com\/?p=36632\"},\"author\":{\"name\":\"T. R.\",\"@id\":\"https:\/\/infoelnuevonorte.com\/#\/schema\/person\/3accb35eb55f55e96c492b52d085a403\"},\"headline\":\"Beltr\u00e9 ser\u00e1 el quinto dominicano y el latinoamericano n\u00famero 16 en ser exaltado al Sal\u00f3n de la Fama\",\"datePublished\":\"2024-07-20T22:17:05+00:00\",\"dateModified\":\"2024-07-20T22:17:07+00:00\",\"mainEntityOfPage\":{\"@id\":\"https:\/\/infoelnuevonorte.com\/?p=36632\"},\"wordCount\":503,\"publisher\":{\"@id\":\"https:\/\/infoelnuevonorte.com\/#organization\"},\"articleSection\":[\"B\u00e9isbol\",\"Deporte\"],\"inLanguage\":\"es-DO\"},{\"@type\":\"WebPage\",\"@id\":\"https:\/\/infoelnuevonorte.com\/?p=36632\",\"url\":\"https:\/\/infoelnuevonorte.com\/?p=36632\",\"name\":\"Beltr\u00e9 ser\u00e1 el quinto dominicano y el latinoamericano n\u00famero 16 en ser exaltado al Sal\u00f3n de la Fama | El Nuevo Norte\",\"isPartOf\":{\"@id\":\"https:\/\/infoelnuevonorte.com\/#website\"},\"datePublished\":\"2024-07-20T22:17:05+00:00\",\"dateModified\":\"2024-07-20T22:17:07+00:00\",\"breadcrumb\":{\"@id\":\"https:\/\/infoelnuevonorte.com\/?p=36632#breadcrumb\"},\"inLanguage\":\"es-DO\",\"potentialAction\":[{\"@type\":\"ReadAction\",\"target\":[\"https:\/\/infoelnuevonorte.com\/?p=36632\"]}]},{\"@type\":\"BreadcrumbList\",\"@id\":\"https:\/\/infoelnuevonorte.com\/?p=36632#breadcrumb\",\"itemListElement\":[{\"@type\":\"ListItem\",\"position\":1,\"name\":\"Home\",\"item\":\"https:\/\/infoelnuevonorte.com\/\"},{\"@type\":\"ListItem\",\"position\":2,\"name\":\"Beltr\u00e9 ser\u00e1 el quinto dominicano y el latinoamericano n\u00famero 16 en ser exaltado al Sal\u00f3n de la Fama\"}]},{\"@type\":\"WebSite\",\"@id\":\"https:\/\/infoelnuevonorte.com\/#website\",\"url\":\"https:\/\/infoelnuevonorte.com\/\",\"name\":\"InfoEnn\",\"description\":\"Tu Voz, tu Verdad, tu Diario!!!\",\"publisher\":{\"@id\":\"https:\/\/infoelnuevonorte.com\/#organization\"},\"alternateName\":\"El Nuevo Norte\",\"potentialAction\":[{\"@type\":\"SearchAction\",\"target\":{\"@type\":\"EntryPoint\",\"urlTemplate\":\"https:\/\/infoelnuevonorte.com\/?s={search_term_string}\"},\"query-input\":{\"@type\":\"PropertyValueSpecification\",\"valueRequired\":true,\"valueName\":\"search_term_string\"}}],\"inLanguage\":\"es-DO\"},{\"@type\":\"Organization\",\"@id\":\"https:\/\/infoelnuevonorte.com\/#organization\",\"name\":\"Info El Nuevo Norte\",\"alternateName\":\"El Nuevo Norte\",\"url\":\"https:\/\/infoelnuevonorte.com\/\",\"logo\":{\"@type\":\"ImageObject\",\"inLanguage\":\"es-DO\",\"@id\":\"https:\/\/infoelnuevonorte.com\/#\/schema\/logo\/image\/\",\"url\":\"https:\/\/infoelnuevonorte.com\/wp-content\/uploads\/2026\/02\/Logo-Info-enn-3d-20ani.jpeg\",\"contentUrl\":\"https:\/\/infoelnuevonorte.com\/wp-content\/uploads\/2026\/02\/Logo-Info-enn-3d-20ani.jpeg\",\"width\":2046,\"height\":736,\"caption\":\"Info El Nuevo Norte\"},\"image\":{\"@id\":\"https:\/\/infoelnuevonorte.com\/#\/schema\/logo\/image\/\"},\"sameAs\":[\"https:\/\/www.facebook.com\/infoenn\",\"https:\/\/x.com\/Elnuevo_norte\",\"https:\/\/www.instagram.com\/infoenn\",\"https:\/\/www.facebook.com\/ENNRD\"]},{\"@type\":\"Person\",\"@id\":\"https:\/\/infoelnuevonorte.com\/#\/schema\/person\/3accb35eb55f55e96c492b52d085a403\",\"name\":\"T. R.\",\"image\":{\"@type\":\"ImageObject\",\"inLanguage\":\"es-DO\",\"@id\":\"https:\/\/infoelnuevonorte.com\/#\/schema\/person\/image\/\",\"url\":\"https:\/\/secure.gravatar.com\/avatar\/40543a038bda97abdb765b1662e9677d?s=96&d=robohash&r=g\",\"contentUrl\":\"https:\/\/secure.gravatar.com\/avatar\/40543a038bda97abdb765b1662e9677d?s=96&d=robohash&r=g\",\"caption\":\"T. R.\"},\"url\":\"https:\/\/infoelnuevonorte.com\/?author=2\"}]}<\/script>\n<!-- \/ Yoast SEO plugin. -->","yoast_head_json":{"title":"Beltr\u00e9 ser\u00e1 el quinto dominicano y el latinoamericano n\u00famero 16 en ser exaltado al Sal\u00f3n de la Fama | El Nuevo Norte","robots":{"index":"index","follow":"follow","max-snippet":"max-snippet:-1","max-image-preview":"max-image-preview:large","max-video-preview":"max-video-preview:-1"},"canonical":"https:\/\/infoelnuevonorte.com\/?p=36632","og_locale":"es_ES","og_type":"article","og_title":"Beltr\u00e9 ser\u00e1 el quinto dominicano y el latinoamericano n\u00famero 16 en ser exaltado al Sal\u00f3n de la Fama | El Nuevo Norte","og_description":"COOPERSTOWN, Nueva York\u00a0\u2013 Este domingo en el Clark Sports Center del pueblo neoyorquino de Cooperstown, Adri\u00e1n Beltr\u00e9 se convertir\u00e1 en el quinto dominicano y el decimosexto latinoamericano en ser exaltado al Sal\u00f3n de la Fama del B\u00e9isbol. Desde 2011, ocho exjugadores latinoamericanos han sido elegidos al Sal\u00f3n de la Fama: los puertorrique\u00f1os Roberto Alomar (2011), [&hellip;]","og_url":"https:\/\/infoelnuevonorte.com\/?p=36632","og_site_name":"El Nuevo Norte","article_publisher":"https:\/\/www.facebook.com\/infoenn","article_published_time":"2024-07-20T22:17:05+00:00","article_modified_time":"2024-07-20T22:17:07+00:00","og_image":[{"width":1030,"height":686,"url":"https:\/\/infoelnuevonorte.com\/wp-content\/uploads\/2024\/07\/descarga-2024-07-20T181406.267.png","type":"image\/png"}],"author":"T. R.","twitter_card":"summary_large_image","twitter_creator":"@Elnuevo_norte","twitter_site":"@Elnuevo_norte","twitter_misc":{"Written by":"T. R.","Est. reading time":"3 minutos"},"schema":{"@context":"https:\/\/schema.org","@graph":[{"@type":"Article","@id":"https:\/\/infoelnuevonorte.com\/?p=36632#article","isPartOf":{"@id":"https:\/\/infoelnuevonorte.com\/?p=36632"},"author":{"name":"T. R.","@id":"https:\/\/infoelnuevonorte.com\/#\/schema\/person\/3accb35eb55f55e96c492b52d085a403"},"headline":"Beltr\u00e9 ser\u00e1 el quinto dominicano y el latinoamericano n\u00famero 16 en ser exaltado al Sal\u00f3n de la Fama","datePublished":"2024-07-20T22:17:05+00:00","dateModified":"2024-07-20T22:17:07+00:00","mainEntityOfPage":{"@id":"https:\/\/infoelnuevonorte.com\/?p=36632"},"wordCount":503,"publisher":{"@id":"https:\/\/infoelnuevonorte.com\/#organization"},"articleSection":["B\u00e9isbol","Deporte"],"inLanguage":"es-DO"},{"@type":"WebPage","@id":"https:\/\/infoelnuevonorte.com\/?p=36632","url":"https:\/\/infoelnuevonorte.com\/?p=36632","name":"Beltr\u00e9 ser\u00e1 el quinto dominicano y el latinoamericano n\u00famero 16 en ser exaltado al Sal\u00f3n de la Fama | El Nuevo Norte","isPartOf":{"@id":"https:\/\/infoelnuevonorte.com\/#website"},"datePublished":"2024-07-20T22:17:05+00:00","dateModified":"2024-07-20T22:17:07+00:00","breadcrumb":{"@id":"https:\/\/infoelnuevonorte.com\/?p=36632#breadcrumb"},"inLanguage":"es-DO","potentialAction":[{"@type":"ReadAction","target":["https:\/\/infoelnuevonorte.com\/?p=36632"]}]},{"@type":"BreadcrumbList","@id":"https:\/\/infoelnuevonorte.com\/?p=36632#breadcrumb","itemListElement":[{"@type":"ListItem","position":1,"name":"Home","item":"https:\/\/infoelnuevonorte.com\/"},{"@type":"ListItem","position":2,"name":"Beltr\u00e9 ser\u00e1 el quinto dominicano y el latinoamericano n\u00famero 16 en ser exaltado al Sal\u00f3n de la Fama"}]},{"@type":"WebSite","@id":"https:\/\/infoelnuevonorte.com\/#website","url":"https:\/\/infoelnuevonorte.com\/","name":"InfoEnn","description":"Tu Voz, tu Verdad, tu Diario!!!","publisher":{"@id":"https:\/\/infoelnuevonorte.com\/#organization"},"alternateName":"El Nuevo Norte","potentialAction":[{"@type":"SearchAction","target":{"@type":"EntryPoint","urlTemplate":"https:\/\/infoelnuevonorte.com\/?s={search_term_string}"},"query-input":{"@type":"PropertyValueSpecification","valueRequired":true,"valueName":"search_term_string"}}],"inLanguage":"es-DO"},{"@type":"Organization","@id":"https:\/\/infoelnuevonorte.com\/#organization","name":"Info El Nuevo Norte","alternateName":"El Nuevo Norte","url":"https:\/\/infoelnuevonorte.com\/","logo":{"@type":"ImageObject","inLanguage":"es-DO","@id":"https:\/\/infoelnuevonorte.com\/#\/schema\/logo\/image\/","url":"https:\/\/infoelnuevonorte.com\/wp-content\/uploads\/2026\/02\/Logo-Info-enn-3d-20ani.jpeg","contentUrl":"https:\/\/infoelnuevonorte.com\/wp-content\/uploads\/2026\/02\/Logo-Info-enn-3d-20ani.jpeg","width":2046,"height":736,"caption":"Info El Nuevo Norte"},"image":{"@id":"https:\/\/infoelnuevonorte.com\/#\/schema\/logo\/image\/"},"sameAs":["https:\/\/www.facebook.com\/infoenn","https:\/\/x.com\/Elnuevo_norte","https:\/\/www.instagram.com\/infoenn","https:\/\/www.facebook.com\/ENNRD"]},{"@type":"Person","@id":"https:\/\/infoelnuevonorte.com\/#\/schema\/person\/3accb35eb55f55e96c492b52d085a403","name":"T. R.","image":{"@type":"ImageObject","inLanguage":"es-DO","@id":"https:\/\/infoelnuevonorte.com\/#\/schema\/person\/image\/","url":"https:\/\/secure.gravatar.com\/avatar\/40543a038bda97abdb765b1662e9677d?s=96&d=robohash&r=g","contentUrl":"https:\/\/secure.gravatar.com\/avatar\/40543a038bda97abdb765b1662e9677d?s=96&d=robohash&r=g","caption":"T. R."},"url":"https:\/\/infoelnuevonorte.com\/?author=2"}]}},"_links":{"self":[{"href":"https:\/\/infoelnuevonorte.com\/index.php?rest_route=\/wp\/v2\/posts\/36632"}],"collection":[{"href":"https:\/\/infoelnuevonorte.com\/index.php?rest_route=\/wp\/v2\/posts"}],"about":[{"href":"https:\/\/infoelnuevonorte.com\/index.php?rest_route=\/wp\/v2\/types\/post"}],"author":[{"embeddable":true,"href":"https:\/\/infoelnuevonorte.com\/index.php?rest_route=\/wp\/v2\/users\/2"}],"replies":[{"embeddable":true,"href":"https:\/\/infoelnuevonorte.com\/index.php?rest_route=%2Fwp%2Fv2%2Fcomments&post=36632"}],"version-history":[{"count":0,"href":"https:\/\/infoelnuevonorte.com\/index.php?rest_route=\/wp\/v2\/posts\/36632\/revisions"}],"wp:attachment":[{"href":"https:\/\/infoelnuevonorte.com\/index.php?rest_route=%2Fwp%2Fv2%2Fmedia&parent=36632"}],"wp:term":[{"taxonomy":"category","embeddable":true,"href":"https:\/\/infoelnuevonorte.com\/index.php?rest_route=%2Fwp%2Fv2%2Fcategories&post=36632"},{"taxonomy":"post_tag","embeddable":true,"href":"https:\/\/infoelnuevonorte.com\/index.php?rest_route=%2Fwp%2Fv2%2Ftags&post=36632"}],"curies":[{"name":"wp","href":"https:\/\/api.w.org\/{rel}","templated":true}]}}