{"id":37654,"date":"2024-07-24T13:35:10","date_gmt":"2024-07-24T17:35:10","guid":{"rendered":"https:\/\/infoelnuevonorte.com\/?p=37654"},"modified":"2024-07-24T13:35:12","modified_gmt":"2024-07-24T17:35:12","slug":"muere-un-hombre-tras-ser-agredido-a-la-salida-del-concierto-de-karol-g-en-madrid","status":"publish","type":"post","link":"https:\/\/infoelnuevonorte.com\/?p=37654","title":{"rendered":"Muere un hombre tras ser agredido a la salida del concierto de Karol G en Madrid"},"content":{"rendered":"<!--[if lt IE 9]><script>document.createElement('audio');<\/script><![endif]-->\n<audio class=\"wp-audio-shortcode\" id=\"audio-37654-1\" preload=\"none\" style=\"width: 100%;\" controls=\"controls\"><source type=\"audio\/mpeg\" src=\"https:\/\/infoelnuevonorte.com\/wp-content\/uploads\/2024\/07\/ttsmaker-vip-file-2024-7-24-13-34-56.mp3?_=1\" \/><a href=\"https:\/\/infoelnuevonorte.com\/wp-content\/uploads\/2024\/07\/ttsmaker-vip-file-2024-7-24-13-34-56.mp3\">https:\/\/infoelnuevonorte.com\/wp-content\/uploads\/2024\/07\/ttsmaker-vip-file-2024-7-24-13-34-56.mp3<\/a><\/audio>\n<p style=\"text-align: justify\">Un hombre que fue\u00a0<strong>agredido<\/strong>\u00a0tras un\u00a0<strong>malentendido<\/strong>\u00a0a la salida de un\u00a0<strong>concierto<\/strong>\u00a0de la cantante colombiana\u00a0<strong>Karol G<\/strong>\u00a0en\u00a0<strong>Espa\u00f1a<\/strong>\u00a0falleci\u00f3 este mi\u00e9rcoles a causa de un\u00a0<strong>traumatismo<\/strong>\u00a0craneoencef\u00e1lico severo.<\/p>\n<p style=\"text-align: justify\">La\u00a0<strong>v\u00edctima<\/strong>, de 42 a\u00f1os, muri\u00f3 en un hospital de Madrid, donde ingres\u00f3 con\u00a0<strong>pron\u00f3stico<\/strong>\u00a0muy grave, confirmaron a EFE fuentes policiales y sanitarias.<\/p>\n<p style=\"text-align: justify\">El supuesto\u00a0<strong>autor<\/strong>\u00a0de la agresi\u00f3n, de 33 a\u00f1os, fue arrestado y la polic\u00eda le investiga por un delito de\u00a0<strong>homicidio<\/strong>.<\/p>\n<p style=\"text-align: justify\">Los hechos tuvieron lugar despu\u00e9s del \u00faltimo de los cuatro conciertos que la colombiana ofreci\u00f3 en el estadio\u00a0<strong>Santiago Bernab\u00e9u<\/strong>\u00a0de la capital espa\u00f1ola cuando, al parecer, un grupo de las chicas pensaron que el fallecido les estaba grabando con su tel\u00e9fono m\u00f3vil y le<strong>\u00a0recriminaron<\/strong>\u00a0su actitud.<\/p>\n<p style=\"text-align: justify\">En ese momento, el detenido\u00a0<strong>intervino<\/strong>\u00a0y le golpe\u00f3 en la cara, lo que hizo que<strong>\u00a0cayera\u00a0<\/strong>hacia atr\u00e1s y se golpeara con la cabeza contra el suelo, provoc\u00e1ndole una fractura en la base del cr\u00e1neo.<\/p>\n<p style=\"text-align: justify\">Dos agentes de la\u00a0<strong>Polic\u00eda<\/strong>, que se encontraban a pocos metros regulando el\u00a0<strong>tr\u00e1fico<\/strong>\u00a0con motivo del\u00a0<strong>concierto<\/strong>, acudieron r\u00e1pidamente al lugar de los hechos alertados por un viandante.<\/p>\n<p style=\"text-align: justify\">All\u00ed encontraron a la\u00a0<strong>v\u00edctima<\/strong>,\u00a0<strong>inconsciente<\/strong>\u00a0y sangrando, a quien atendieron hasta la llegada de los sanitarios. Tambi\u00e9n al supuesto\u00a0<strong>autor<\/strong>\u00a0de los hechos, a quien detuvieron.<\/p>\n<p style=\"text-align: justify\">Finalmente consiguieron contactar con la\u00a0<strong>pareja<\/strong>\u00a0del fallecido, quien afirm\u00f3 que no estaba grabando a las chicas sino hablando con ella por\u00a0<strong>videollamada<\/strong>, pues quer\u00eda mostrarle los atuendos que los seguidores de\u00a0<strong>Karol G<\/strong>\u00a0llevaban al\u00a0<strong>concierto<\/strong>.<\/p>\n","protected":false},"excerpt":{"rendered":"<p>Un hombre que fue\u00a0agredido\u00a0tras un\u00a0malentendido\u00a0a la salida de un\u00a0concierto\u00a0de la cantante colombiana\u00a0Karol G\u00a0en\u00a0Espa\u00f1a\u00a0falleci\u00f3 este mi\u00e9rcoles a causa de un\u00a0traumatismo\u00a0craneoencef\u00e1lico severo. La\u00a0v\u00edctima, de 42 a\u00f1os, muri\u00f3 en un hospital de Madrid, donde ingres\u00f3 con\u00a0pron\u00f3stico\u00a0muy grave, confirmaron a EFE fuentes policiales y sanitarias. El supuesto\u00a0autor\u00a0de la agresi\u00f3n, de 33 a\u00f1os, fue arrestado y la polic\u00eda le investiga [&hellip;]<\/p>\n","protected":false},"author":2,"featured_media":0,"comment_status":"closed","ping_status":"open","sticky":false,"template":"","format":"standard","meta":{"footnotes":""},"categories":[2],"tags":[],"yoast_head":"<!-- This site is optimized with the Yoast SEO plugin v24.5 - https:\/\/yoast.com\/wordpress\/plugins\/seo\/ -->\n<title>Muere un hombre tras ser agredido a la salida del concierto de Karol G en Madrid | El Nuevo Norte<\/title>\n<meta name=\"robots\" content=\"index, follow, max-snippet:-1, max-image-preview:large, max-video-preview:-1\" \/>\n<link rel=\"canonical\" href=\"https:\/\/infoelnuevonorte.com\/?p=37654\" \/>\n<meta property=\"og:locale\" content=\"es_ES\" \/>\n<meta property=\"og:type\" content=\"article\" \/>\n<meta property=\"og:title\" content=\"Muere un hombre tras ser agredido a la salida del concierto de Karol G en Madrid | El Nuevo Norte\" \/>\n<meta property=\"og:description\" content=\"Un hombre que fue\u00a0agredido\u00a0tras un\u00a0malentendido\u00a0a la salida de un\u00a0concierto\u00a0de la cantante colombiana\u00a0Karol G\u00a0en\u00a0Espa\u00f1a\u00a0falleci\u00f3 este mi\u00e9rcoles a causa de un\u00a0traumatismo\u00a0craneoencef\u00e1lico severo. La\u00a0v\u00edctima, de 42 a\u00f1os, muri\u00f3 en un hospital de Madrid, donde ingres\u00f3 con\u00a0pron\u00f3stico\u00a0muy grave, confirmaron a EFE fuentes policiales y sanitarias. El supuesto\u00a0autor\u00a0de la agresi\u00f3n, de 33 a\u00f1os, fue arrestado y la polic\u00eda le investiga [&hellip;]\" \/>\n<meta property=\"og:url\" content=\"https:\/\/infoelnuevonorte.com\/?p=37654\" \/>\n<meta property=\"og:site_name\" content=\"El Nuevo Norte\" \/>\n<meta property=\"article:publisher\" content=\"https:\/\/www.facebook.com\/infoenn\" \/>\n<meta property=\"article:published_time\" content=\"2024-07-24T17:35:10+00:00\" \/>\n<meta property=\"article:modified_time\" content=\"2024-07-24T17:35:12+00:00\" \/>\n<meta property=\"og:image\" content=\"https:\/\/infoelnuevonorte.com\/wp-content\/uploads\/2024\/07\/descarga-2024-07-24T133325.956.png\" \/>\n\t<meta property=\"og:image:width\" content=\"896\" \/>\n\t<meta property=\"og:image:height\" content=\"504\" \/>\n\t<meta property=\"og:image:type\" content=\"image\/png\" \/>\n<meta name=\"author\" content=\"T. R.\" \/>\n<meta name=\"twitter:card\" content=\"summary_large_image\" \/>\n<meta name=\"twitter:creator\" content=\"@Elnuevo_norte\" \/>\n<meta name=\"twitter:site\" content=\"@Elnuevo_norte\" \/>\n<meta name=\"twitter:label1\" content=\"Written by\" \/>\n\t<meta name=\"twitter:data1\" content=\"T. R.\" \/>\n\t<meta name=\"twitter:label2\" content=\"Est. reading time\" \/>\n\t<meta name=\"twitter:data2\" content=\"2 minutos\" \/>\n<script type=\"application\/ld+json\" class=\"yoast-schema-graph\">{\"@context\":\"https:\/\/schema.org\",\"@graph\":[{\"@type\":\"Article\",\"@id\":\"https:\/\/infoelnuevonorte.com\/?p=37654#article\",\"isPartOf\":{\"@id\":\"https:\/\/infoelnuevonorte.com\/?p=37654\"},\"author\":{\"name\":\"T. R.\",\"@id\":\"https:\/\/infoelnuevonorte.com\/#\/schema\/person\/3accb35eb55f55e96c492b52d085a403\"},\"headline\":\"Muere un hombre tras ser agredido a la salida del concierto de Karol G en Madrid\",\"datePublished\":\"2024-07-24T17:35:10+00:00\",\"dateModified\":\"2024-07-24T17:35:12+00:00\",\"mainEntityOfPage\":{\"@id\":\"https:\/\/infoelnuevonorte.com\/?p=37654\"},\"wordCount\":306,\"publisher\":{\"@id\":\"https:\/\/infoelnuevonorte.com\/#organization\"},\"articleSection\":[\"Actualidad |\"],\"inLanguage\":\"es-DO\"},{\"@type\":\"WebPage\",\"@id\":\"https:\/\/infoelnuevonorte.com\/?p=37654\",\"url\":\"https:\/\/infoelnuevonorte.com\/?p=37654\",\"name\":\"Muere un hombre tras ser agredido a la salida del concierto de Karol G en Madrid | El Nuevo Norte\",\"isPartOf\":{\"@id\":\"https:\/\/infoelnuevonorte.com\/#website\"},\"datePublished\":\"2024-07-24T17:35:10+00:00\",\"dateModified\":\"2024-07-24T17:35:12+00:00\",\"breadcrumb\":{\"@id\":\"https:\/\/infoelnuevonorte.com\/?p=37654#breadcrumb\"},\"inLanguage\":\"es-DO\",\"potentialAction\":[{\"@type\":\"ReadAction\",\"target\":[\"https:\/\/infoelnuevonorte.com\/?p=37654\"]}]},{\"@type\":\"BreadcrumbList\",\"@id\":\"https:\/\/infoelnuevonorte.com\/?p=37654#breadcrumb\",\"itemListElement\":[{\"@type\":\"ListItem\",\"position\":1,\"name\":\"Home\",\"item\":\"https:\/\/infoelnuevonorte.com\/\"},{\"@type\":\"ListItem\",\"position\":2,\"name\":\"Muere un hombre tras ser agredido a la salida del concierto de Karol G en Madrid\"}]},{\"@type\":\"WebSite\",\"@id\":\"https:\/\/infoelnuevonorte.com\/#website\",\"url\":\"https:\/\/infoelnuevonorte.com\/\",\"name\":\"InfoEnn\",\"description\":\"Tu Voz, tu Verdad, tu Diario!!!\",\"publisher\":{\"@id\":\"https:\/\/infoelnuevonorte.com\/#organization\"},\"alternateName\":\"El Nuevo Norte\",\"potentialAction\":[{\"@type\":\"SearchAction\",\"target\":{\"@type\":\"EntryPoint\",\"urlTemplate\":\"https:\/\/infoelnuevonorte.com\/?s={search_term_string}\"},\"query-input\":{\"@type\":\"PropertyValueSpecification\",\"valueRequired\":true,\"valueName\":\"search_term_string\"}}],\"inLanguage\":\"es-DO\"},{\"@type\":\"Organization\",\"@id\":\"https:\/\/infoelnuevonorte.com\/#organization\",\"name\":\"Info El Nuevo Norte\",\"alternateName\":\"El Nuevo Norte\",\"url\":\"https:\/\/infoelnuevonorte.com\/\",\"logo\":{\"@type\":\"ImageObject\",\"inLanguage\":\"es-DO\",\"@id\":\"https:\/\/infoelnuevonorte.com\/#\/schema\/logo\/image\/\",\"url\":\"https:\/\/infoelnuevonorte.com\/wp-content\/uploads\/2026\/02\/Logo-Info-enn-3d-20ani.jpeg\",\"contentUrl\":\"https:\/\/infoelnuevonorte.com\/wp-content\/uploads\/2026\/02\/Logo-Info-enn-3d-20ani.jpeg\",\"width\":2046,\"height\":736,\"caption\":\"Info El Nuevo Norte\"},\"image\":{\"@id\":\"https:\/\/infoelnuevonorte.com\/#\/schema\/logo\/image\/\"},\"sameAs\":[\"https:\/\/www.facebook.com\/infoenn\",\"https:\/\/x.com\/Elnuevo_norte\",\"https:\/\/www.instagram.com\/infoenn\",\"https:\/\/www.facebook.com\/ENNRD\"]},{\"@type\":\"Person\",\"@id\":\"https:\/\/infoelnuevonorte.com\/#\/schema\/person\/3accb35eb55f55e96c492b52d085a403\",\"name\":\"T. R.\",\"image\":{\"@type\":\"ImageObject\",\"inLanguage\":\"es-DO\",\"@id\":\"https:\/\/infoelnuevonorte.com\/#\/schema\/person\/image\/\",\"url\":\"https:\/\/secure.gravatar.com\/avatar\/40543a038bda97abdb765b1662e9677d?s=96&d=robohash&r=g\",\"contentUrl\":\"https:\/\/secure.gravatar.com\/avatar\/40543a038bda97abdb765b1662e9677d?s=96&d=robohash&r=g\",\"caption\":\"T. R.\"},\"url\":\"https:\/\/infoelnuevonorte.com\/?author=2\"}]}<\/script>\n<!-- \/ Yoast SEO plugin. -->","yoast_head_json":{"title":"Muere un hombre tras ser agredido a la salida del concierto de Karol G en Madrid | El Nuevo Norte","robots":{"index":"index","follow":"follow","max-snippet":"max-snippet:-1","max-image-preview":"max-image-preview:large","max-video-preview":"max-video-preview:-1"},"canonical":"https:\/\/infoelnuevonorte.com\/?p=37654","og_locale":"es_ES","og_type":"article","og_title":"Muere un hombre tras ser agredido a la salida del concierto de Karol G en Madrid | El Nuevo Norte","og_description":"Un hombre que fue\u00a0agredido\u00a0tras un\u00a0malentendido\u00a0a la salida de un\u00a0concierto\u00a0de la cantante colombiana\u00a0Karol G\u00a0en\u00a0Espa\u00f1a\u00a0falleci\u00f3 este mi\u00e9rcoles a causa de un\u00a0traumatismo\u00a0craneoencef\u00e1lico severo. La\u00a0v\u00edctima, de 42 a\u00f1os, muri\u00f3 en un hospital de Madrid, donde ingres\u00f3 con\u00a0pron\u00f3stico\u00a0muy grave, confirmaron a EFE fuentes policiales y sanitarias. El supuesto\u00a0autor\u00a0de la agresi\u00f3n, de 33 a\u00f1os, fue arrestado y la polic\u00eda le investiga [&hellip;]","og_url":"https:\/\/infoelnuevonorte.com\/?p=37654","og_site_name":"El Nuevo Norte","article_publisher":"https:\/\/www.facebook.com\/infoenn","article_published_time":"2024-07-24T17:35:10+00:00","article_modified_time":"2024-07-24T17:35:12+00:00","og_image":[{"width":896,"height":504,"url":"https:\/\/infoelnuevonorte.com\/wp-content\/uploads\/2024\/07\/descarga-2024-07-24T133325.956.png","type":"image\/png"}],"author":"T. R.","twitter_card":"summary_large_image","twitter_creator":"@Elnuevo_norte","twitter_site":"@Elnuevo_norte","twitter_misc":{"Written by":"T. R.","Est. reading time":"2 minutos"},"schema":{"@context":"https:\/\/schema.org","@graph":[{"@type":"Article","@id":"https:\/\/infoelnuevonorte.com\/?p=37654#article","isPartOf":{"@id":"https:\/\/infoelnuevonorte.com\/?p=37654"},"author":{"name":"T. R.","@id":"https:\/\/infoelnuevonorte.com\/#\/schema\/person\/3accb35eb55f55e96c492b52d085a403"},"headline":"Muere un hombre tras ser agredido a la salida del concierto de Karol G en Madrid","datePublished":"2024-07-24T17:35:10+00:00","dateModified":"2024-07-24T17:35:12+00:00","mainEntityOfPage":{"@id":"https:\/\/infoelnuevonorte.com\/?p=37654"},"wordCount":306,"publisher":{"@id":"https:\/\/infoelnuevonorte.com\/#organization"},"articleSection":["Actualidad |"],"inLanguage":"es-DO"},{"@type":"WebPage","@id":"https:\/\/infoelnuevonorte.com\/?p=37654","url":"https:\/\/infoelnuevonorte.com\/?p=37654","name":"Muere un hombre tras ser agredido a la salida del concierto de Karol G en Madrid | El Nuevo Norte","isPartOf":{"@id":"https:\/\/infoelnuevonorte.com\/#website"},"datePublished":"2024-07-24T17:35:10+00:00","dateModified":"2024-07-24T17:35:12+00:00","breadcrumb":{"@id":"https:\/\/infoelnuevonorte.com\/?p=37654#breadcrumb"},"inLanguage":"es-DO","potentialAction":[{"@type":"ReadAction","target":["https:\/\/infoelnuevonorte.com\/?p=37654"]}]},{"@type":"BreadcrumbList","@id":"https:\/\/infoelnuevonorte.com\/?p=37654#breadcrumb","itemListElement":[{"@type":"ListItem","position":1,"name":"Home","item":"https:\/\/infoelnuevonorte.com\/"},{"@type":"ListItem","position":2,"name":"Muere un hombre tras ser agredido a la salida del concierto de Karol G en Madrid"}]},{"@type":"WebSite","@id":"https:\/\/infoelnuevonorte.com\/#website","url":"https:\/\/infoelnuevonorte.com\/","name":"InfoEnn","description":"Tu Voz, tu Verdad, tu Diario!!!","publisher":{"@id":"https:\/\/infoelnuevonorte.com\/#organization"},"alternateName":"El Nuevo Norte","potentialAction":[{"@type":"SearchAction","target":{"@type":"EntryPoint","urlTemplate":"https:\/\/infoelnuevonorte.com\/?s={search_term_string}"},"query-input":{"@type":"PropertyValueSpecification","valueRequired":true,"valueName":"search_term_string"}}],"inLanguage":"es-DO"},{"@type":"Organization","@id":"https:\/\/infoelnuevonorte.com\/#organization","name":"Info El Nuevo Norte","alternateName":"El Nuevo Norte","url":"https:\/\/infoelnuevonorte.com\/","logo":{"@type":"ImageObject","inLanguage":"es-DO","@id":"https:\/\/infoelnuevonorte.com\/#\/schema\/logo\/image\/","url":"https:\/\/infoelnuevonorte.com\/wp-content\/uploads\/2026\/02\/Logo-Info-enn-3d-20ani.jpeg","contentUrl":"https:\/\/infoelnuevonorte.com\/wp-content\/uploads\/2026\/02\/Logo-Info-enn-3d-20ani.jpeg","width":2046,"height":736,"caption":"Info El Nuevo Norte"},"image":{"@id":"https:\/\/infoelnuevonorte.com\/#\/schema\/logo\/image\/"},"sameAs":["https:\/\/www.facebook.com\/infoenn","https:\/\/x.com\/Elnuevo_norte","https:\/\/www.instagram.com\/infoenn","https:\/\/www.facebook.com\/ENNRD"]},{"@type":"Person","@id":"https:\/\/infoelnuevonorte.com\/#\/schema\/person\/3accb35eb55f55e96c492b52d085a403","name":"T. R.","image":{"@type":"ImageObject","inLanguage":"es-DO","@id":"https:\/\/infoelnuevonorte.com\/#\/schema\/person\/image\/","url":"https:\/\/secure.gravatar.com\/avatar\/40543a038bda97abdb765b1662e9677d?s=96&d=robohash&r=g","contentUrl":"https:\/\/secure.gravatar.com\/avatar\/40543a038bda97abdb765b1662e9677d?s=96&d=robohash&r=g","caption":"T. R."},"url":"https:\/\/infoelnuevonorte.com\/?author=2"}]}},"_links":{"self":[{"href":"https:\/\/infoelnuevonorte.com\/index.php?rest_route=\/wp\/v2\/posts\/37654"}],"collection":[{"href":"https:\/\/infoelnuevonorte.com\/index.php?rest_route=\/wp\/v2\/posts"}],"about":[{"href":"https:\/\/infoelnuevonorte.com\/index.php?rest_route=\/wp\/v2\/types\/post"}],"author":[{"embeddable":true,"href":"https:\/\/infoelnuevonorte.com\/index.php?rest_route=\/wp\/v2\/users\/2"}],"replies":[{"embeddable":true,"href":"https:\/\/infoelnuevonorte.com\/index.php?rest_route=%2Fwp%2Fv2%2Fcomments&post=37654"}],"version-history":[{"count":0,"href":"https:\/\/infoelnuevonorte.com\/index.php?rest_route=\/wp\/v2\/posts\/37654\/revisions"}],"wp:attachment":[{"href":"https:\/\/infoelnuevonorte.com\/index.php?rest_route=%2Fwp%2Fv2%2Fmedia&parent=37654"}],"wp:term":[{"taxonomy":"category","embeddable":true,"href":"https:\/\/infoelnuevonorte.com\/index.php?rest_route=%2Fwp%2Fv2%2Fcategories&post=37654"},{"taxonomy":"post_tag","embeddable":true,"href":"https:\/\/infoelnuevonorte.com\/index.php?rest_route=%2Fwp%2Fv2%2Ftags&post=37654"}],"curies":[{"name":"wp","href":"https:\/\/api.w.org\/{rel}","templated":true}]}}