{"id":37694,"date":"2024-07-24T17:21:37","date_gmt":"2024-07-24T21:21:37","guid":{"rendered":"https:\/\/infoelnuevonorte.com\/?p=37694"},"modified":"2024-07-24T17:23:57","modified_gmt":"2024-07-24T21:23:57","slug":"el-ministerio-de-la-mujer-lejos-de-cerrar-debe-ser-fortalecido-afirma-la-ministra","status":"publish","type":"post","link":"https:\/\/infoelnuevonorte.com\/?p=37694","title":{"rendered":"El Ministerio de la Mujer lejos de cerrar, debe ser fortalecido, afirma la ministra"},"content":{"rendered":"<!--[if lt IE 9]><script>document.createElement('audio');<\/script><![endif]-->\n<audio class=\"wp-audio-shortcode\" id=\"audio-37694-1\" preload=\"none\" style=\"width: 100%;\" controls=\"controls\"><source type=\"audio\/mpeg\" src=\"https:\/\/infoelnuevonorte.com\/wp-content\/uploads\/2024\/07\/ttsmaker-vip-file-2024-7-24-17-21-5.mp3?_=1\" \/><a href=\"https:\/\/infoelnuevonorte.com\/wp-content\/uploads\/2024\/07\/ttsmaker-vip-file-2024-7-24-17-21-5.mp3\">https:\/\/infoelnuevonorte.com\/wp-content\/uploads\/2024\/07\/ttsmaker-vip-file-2024-7-24-17-21-5.mp3<\/a><\/audio>\n<p style=\"text-align: justify\"><strong>Santo Domingo.-<\/strong>\u00a0Lejos de cerrar o\u00a0<strong>unificar<\/strong>\u00a0el Ministerio de la Mujer, por el contrario, este debe ser fortalecido, asegur\u00f3 este mi\u00e9rcoles la ministra<strong>\u00a0Mayra Jim\u00e9nez.<\/strong><\/p>\n<p style=\"text-align: justify\">Hace unos d\u00edas, el presidente de la Rep\u00fablica, Luis Abinader, dijo que el gobierno se encuentra estudiando las posibilidades d<strong>e \u201celiminar o unificar\u201d varios ministerios<\/strong>, en b\u00fasqueda de eficientizar el gobierno y el gasto p\u00fablico del Estado.<\/p>\n<p style=\"text-align: justify\">Durante su participaci\u00f3n en el\u00a0<strong>Almuerzo Semanal del Grupo de Comunicaciones Corripio,<\/strong>\u00a0la funcionaria fue cuestionada sobre la posible creaci\u00f3n de un Ministerio de la Familia, a lo que respondi\u00f3 que, con relaci\u00f3n a ese tema, hay \u201cun desenfoque absoluto y genera confusiones\u201d.<\/p>\n<p><strong><span style=\"background-color: #ffffff\">\u201cLa familia es la base de la sociedad y el Estado debe cuidar en todos sus \u00e1mbitos a la familia\u201d.<\/span><\/strong><\/p>\n<p style=\"text-align: justify\">Jim\u00e9nez explic\u00f3 que la familia est\u00e1 en lo privado:\u00a0\u201cYo no puedo ir a su hogar a decirle c\u00f3mo maneja su familia, pero s\u00ed como Estado tengo el deber y la obligaci\u00f3n de que todas las personas de todos los niveles tengan asegurados sus derechos\u201d.<\/p>\n<p style=\"text-align: justify\"><img loading=\"lazy\" decoding=\"async\" class=\"alignnone wp-image-1607680  lazyloaded\" src=\"https:\/\/eldia.com.do\/wp-content\/uploads\/2024\/07\/WhatsApp-Image-2024-07-24-at-1.49.28-PM-1024x683.jpeg?x86069\" alt=\"\" width=\"989\" height=\"659\" data-src=\"https:\/\/eldia.com.do\/wp-content\/uploads\/2024\/07\/WhatsApp-Image-2024-07-24-at-1.49.28-PM-1024x683.jpeg?x86069\" data-srcset=\"https:\/\/eldia.com.do\/wp-content\/uploads\/2024\/07\/WhatsApp-Image-2024-07-24-at-1.49.28-PM-1024x683.jpeg 1024w, https:\/\/eldia.com.do\/wp-content\/uploads\/2024\/07\/WhatsApp-Image-2024-07-24-at-1.49.28-PM-300x200.jpeg 300w, https:\/\/eldia.com.do\/wp-content\/uploads\/2024\/07\/WhatsApp-Image-2024-07-24-at-1.49.28-PM-768x512.jpeg 768w, https:\/\/eldia.com.do\/wp-content\/uploads\/2024\/07\/WhatsApp-Image-2024-07-24-at-1.49.28-PM-1536x1024.jpeg 1536w, https:\/\/eldia.com.do\/wp-content\/uploads\/2024\/07\/WhatsApp-Image-2024-07-24-at-1.49.28-PM-90x60.jpeg 90w, https:\/\/eldia.com.do\/wp-content\/uploads\/2024\/07\/WhatsApp-Image-2024-07-24-at-1.49.28-PM-320x213.jpeg 320w, https:\/\/eldia.com.do\/wp-content\/uploads\/2024\/07\/WhatsApp-Image-2024-07-24-at-1.49.28-PM.jpeg 1600w\" data-eio-rwidth=\"1024\" data-eio-rheight=\"683\" \/><\/p>\n<p style=\"text-align: justify\">Apunt\u00f3 que en Rep\u00fablica Dominicana no ha habido una instituci\u00f3n que trabaje directamente con la familia, y es por esa raz\u00f3n que la gente entiende que se deben cambiar tal o cual instituci\u00f3n, en este caso, el Ministerio de la Mujer.<\/p>\n<p style=\"text-align: justify\"><strong>\u201cDesde un mecanismo de esa naturaleza (Ministerio de la Familia) no se debaten temas de cierre de la brecha digital,<\/strong>\u00a0pol\u00edticas p\u00fablicas, no se va a trabajar en derechos sociales y los aportes de las mujeres que est\u00e1n ocultos\u201d.<\/p>\n<p style=\"text-align: justify\">La ministra dijo adem\u00e1s que el cierre o fusi\u00f3n del Ministerio de la Mujer es uno de los temas que en los \u00faltimos d\u00edas ocupa sus madrugadas, pues entiende que el pa\u00eds necesita mayor institucionalidad para la igualdad.<\/p>\n<p style=\"text-align: justify\"><strong>\u201cEl tema de la igualdad y la inclusi\u00f3n deben ser puestos sobre la mesa\u201d<\/strong>, de la misma manera que se deben fortalecer en materia presupuestaria.<\/p>\n<p style=\"text-align: justify\">\u201cEstamos estudiando la unificaci\u00f3n y la eficientizaci\u00f3n tambi\u00e9n de varios ministerios y, como parte ya de la reforma fiscal, esperamos presentarlo. Recuerden que no es solo la reforma tributaria, es la reforma del gasto p\u00fablico, es tambi\u00e9n eficientizar el gasto p\u00fablico, es eficientizar el gobierno. Hemos avanzado, pero todav\u00eda es gastar mejor y m\u00e1s eficientemente\u201d, explic\u00f3 el mandatario el pasado lunes durante LA Semanal.<\/p>\n","protected":false},"excerpt":{"rendered":"<p>Santo Domingo.-\u00a0Lejos de cerrar o\u00a0unificar\u00a0el Ministerio de la Mujer, por el contrario, este debe ser fortalecido, asegur\u00f3 este mi\u00e9rcoles la ministra\u00a0Mayra Jim\u00e9nez. Hace unos d\u00edas, el presidente de la Rep\u00fablica, Luis Abinader, dijo que el gobierno se encuentra estudiando las posibilidades de \u201celiminar o unificar\u201d varios ministerios, en b\u00fasqueda de eficientizar el gobierno y el [&hellip;]<\/p>\n","protected":false},"author":2,"featured_media":0,"comment_status":"closed","ping_status":"open","sticky":false,"template":"","format":"standard","meta":{"footnotes":""},"categories":[8],"tags":[],"yoast_head":"<!-- This site is optimized with the Yoast SEO plugin v24.5 - https:\/\/yoast.com\/wordpress\/plugins\/seo\/ -->\n<title>El Ministerio de la Mujer lejos de cerrar, debe ser fortalecido, afirma la ministra | El Nuevo Norte<\/title>\n<meta name=\"robots\" content=\"index, follow, max-snippet:-1, max-image-preview:large, max-video-preview:-1\" \/>\n<link rel=\"canonical\" href=\"https:\/\/infoelnuevonorte.com\/?p=37694\" \/>\n<meta property=\"og:locale\" content=\"es_ES\" \/>\n<meta property=\"og:type\" content=\"article\" \/>\n<meta property=\"og:title\" content=\"El Ministerio de la Mujer lejos de cerrar, debe ser fortalecido, afirma la ministra | El Nuevo Norte\" \/>\n<meta property=\"og:description\" content=\"Santo Domingo.-\u00a0Lejos de cerrar o\u00a0unificar\u00a0el Ministerio de la Mujer, por el contrario, este debe ser fortalecido, asegur\u00f3 este mi\u00e9rcoles la ministra\u00a0Mayra Jim\u00e9nez. Hace unos d\u00edas, el presidente de la Rep\u00fablica, Luis Abinader, dijo que el gobierno se encuentra estudiando las posibilidades de \u201celiminar o unificar\u201d varios ministerios, en b\u00fasqueda de eficientizar el gobierno y el [&hellip;]\" \/>\n<meta property=\"og:url\" content=\"https:\/\/infoelnuevonorte.com\/?p=37694\" \/>\n<meta property=\"og:site_name\" content=\"El Nuevo Norte\" \/>\n<meta property=\"article:publisher\" content=\"https:\/\/www.facebook.com\/infoenn\" \/>\n<meta property=\"article:published_time\" content=\"2024-07-24T21:21:37+00:00\" \/>\n<meta property=\"article:modified_time\" content=\"2024-07-24T21:23:57+00:00\" \/>\n<meta property=\"og:image\" content=\"https:\/\/infoelnuevonorte.com\/wp-content\/uploads\/2024\/07\/descarga-2024-07-24T171755.230.png\" \/>\n\t<meta property=\"og:image:width\" content=\"1600\" \/>\n\t<meta property=\"og:image:height\" content=\"1067\" \/>\n\t<meta property=\"og:image:type\" content=\"image\/png\" \/>\n<meta name=\"author\" content=\"T. R.\" \/>\n<meta name=\"twitter:card\" content=\"summary_large_image\" \/>\n<meta name=\"twitter:creator\" content=\"@Elnuevo_norte\" \/>\n<meta name=\"twitter:site\" content=\"@Elnuevo_norte\" \/>\n<meta name=\"twitter:label1\" content=\"Written by\" \/>\n\t<meta name=\"twitter:data1\" content=\"T. R.\" \/>\n\t<meta name=\"twitter:label2\" content=\"Est. reading time\" \/>\n\t<meta name=\"twitter:data2\" content=\"3 minutos\" \/>\n<script type=\"application\/ld+json\" class=\"yoast-schema-graph\">{\"@context\":\"https:\/\/schema.org\",\"@graph\":[{\"@type\":\"Article\",\"@id\":\"https:\/\/infoelnuevonorte.com\/?p=37694#article\",\"isPartOf\":{\"@id\":\"https:\/\/infoelnuevonorte.com\/?p=37694\"},\"author\":{\"name\":\"T. R.\",\"@id\":\"https:\/\/infoelnuevonorte.com\/#\/schema\/person\/3accb35eb55f55e96c492b52d085a403\"},\"headline\":\"El Ministerio de la Mujer lejos de cerrar, debe ser fortalecido, afirma la ministra\",\"datePublished\":\"2024-07-24T21:21:37+00:00\",\"dateModified\":\"2024-07-24T21:23:57+00:00\",\"mainEntityOfPage\":{\"@id\":\"https:\/\/infoelnuevonorte.com\/?p=37694\"},\"wordCount\":440,\"publisher\":{\"@id\":\"https:\/\/infoelnuevonorte.com\/#organization\"},\"image\":{\"@id\":\"https:\/\/infoelnuevonorte.com\/?p=37694#primaryimage\"},\"thumbnailUrl\":\"https:\/\/eldia.com.do\/wp-content\/uploads\/2024\/07\/WhatsApp-Image-2024-07-24-at-1.49.28-PM-1024x683.jpeg?x86069\",\"articleSection\":[\"Nacionales\"],\"inLanguage\":\"es-DO\"},{\"@type\":\"WebPage\",\"@id\":\"https:\/\/infoelnuevonorte.com\/?p=37694\",\"url\":\"https:\/\/infoelnuevonorte.com\/?p=37694\",\"name\":\"El Ministerio de la Mujer lejos de cerrar, debe ser fortalecido, afirma la ministra | El Nuevo Norte\",\"isPartOf\":{\"@id\":\"https:\/\/infoelnuevonorte.com\/#website\"},\"primaryImageOfPage\":{\"@id\":\"https:\/\/infoelnuevonorte.com\/?p=37694#primaryimage\"},\"image\":{\"@id\":\"https:\/\/infoelnuevonorte.com\/?p=37694#primaryimage\"},\"thumbnailUrl\":\"https:\/\/eldia.com.do\/wp-content\/uploads\/2024\/07\/WhatsApp-Image-2024-07-24-at-1.49.28-PM-1024x683.jpeg?x86069\",\"datePublished\":\"2024-07-24T21:21:37+00:00\",\"dateModified\":\"2024-07-24T21:23:57+00:00\",\"breadcrumb\":{\"@id\":\"https:\/\/infoelnuevonorte.com\/?p=37694#breadcrumb\"},\"inLanguage\":\"es-DO\",\"potentialAction\":[{\"@type\":\"ReadAction\",\"target\":[\"https:\/\/infoelnuevonorte.com\/?p=37694\"]}]},{\"@type\":\"ImageObject\",\"inLanguage\":\"es-DO\",\"@id\":\"https:\/\/infoelnuevonorte.com\/?p=37694#primaryimage\",\"url\":\"https:\/\/eldia.com.do\/wp-content\/uploads\/2024\/07\/WhatsApp-Image-2024-07-24-at-1.49.28-PM-1024x683.jpeg?x86069\",\"contentUrl\":\"https:\/\/eldia.com.do\/wp-content\/uploads\/2024\/07\/WhatsApp-Image-2024-07-24-at-1.49.28-PM-1024x683.jpeg?x86069\"},{\"@type\":\"BreadcrumbList\",\"@id\":\"https:\/\/infoelnuevonorte.com\/?p=37694#breadcrumb\",\"itemListElement\":[{\"@type\":\"ListItem\",\"position\":1,\"name\":\"Home\",\"item\":\"https:\/\/infoelnuevonorte.com\/\"},{\"@type\":\"ListItem\",\"position\":2,\"name\":\"El Ministerio de la Mujer lejos de cerrar, debe ser fortalecido, afirma la ministra\"}]},{\"@type\":\"WebSite\",\"@id\":\"https:\/\/infoelnuevonorte.com\/#website\",\"url\":\"https:\/\/infoelnuevonorte.com\/\",\"name\":\"InfoEnn\",\"description\":\"Tu Voz, tu Verdad, tu Diario!!!\",\"publisher\":{\"@id\":\"https:\/\/infoelnuevonorte.com\/#organization\"},\"alternateName\":\"El Nuevo Norte\",\"potentialAction\":[{\"@type\":\"SearchAction\",\"target\":{\"@type\":\"EntryPoint\",\"urlTemplate\":\"https:\/\/infoelnuevonorte.com\/?s={search_term_string}\"},\"query-input\":{\"@type\":\"PropertyValueSpecification\",\"valueRequired\":true,\"valueName\":\"search_term_string\"}}],\"inLanguage\":\"es-DO\"},{\"@type\":\"Organization\",\"@id\":\"https:\/\/infoelnuevonorte.com\/#organization\",\"name\":\"Info El Nuevo Norte\",\"alternateName\":\"El Nuevo Norte\",\"url\":\"https:\/\/infoelnuevonorte.com\/\",\"logo\":{\"@type\":\"ImageObject\",\"inLanguage\":\"es-DO\",\"@id\":\"https:\/\/infoelnuevonorte.com\/#\/schema\/logo\/image\/\",\"url\":\"https:\/\/infoelnuevonorte.com\/wp-content\/uploads\/2026\/02\/Logo-Info-enn-3d-20ani.jpeg\",\"contentUrl\":\"https:\/\/infoelnuevonorte.com\/wp-content\/uploads\/2026\/02\/Logo-Info-enn-3d-20ani.jpeg\",\"width\":2046,\"height\":736,\"caption\":\"Info El Nuevo Norte\"},\"image\":{\"@id\":\"https:\/\/infoelnuevonorte.com\/#\/schema\/logo\/image\/\"},\"sameAs\":[\"https:\/\/www.facebook.com\/infoenn\",\"https:\/\/x.com\/Elnuevo_norte\",\"https:\/\/www.instagram.com\/infoenn\",\"https:\/\/www.facebook.com\/ENNRD\"]},{\"@type\":\"Person\",\"@id\":\"https:\/\/infoelnuevonorte.com\/#\/schema\/person\/3accb35eb55f55e96c492b52d085a403\",\"name\":\"T. R.\",\"image\":{\"@type\":\"ImageObject\",\"inLanguage\":\"es-DO\",\"@id\":\"https:\/\/infoelnuevonorte.com\/#\/schema\/person\/image\/\",\"url\":\"https:\/\/secure.gravatar.com\/avatar\/40543a038bda97abdb765b1662e9677d?s=96&d=robohash&r=g\",\"contentUrl\":\"https:\/\/secure.gravatar.com\/avatar\/40543a038bda97abdb765b1662e9677d?s=96&d=robohash&r=g\",\"caption\":\"T. R.\"},\"url\":\"https:\/\/infoelnuevonorte.com\/?author=2\"}]}<\/script>\n<!-- \/ Yoast SEO plugin. -->","yoast_head_json":{"title":"El Ministerio de la Mujer lejos de cerrar, debe ser fortalecido, afirma la ministra | El Nuevo Norte","robots":{"index":"index","follow":"follow","max-snippet":"max-snippet:-1","max-image-preview":"max-image-preview:large","max-video-preview":"max-video-preview:-1"},"canonical":"https:\/\/infoelnuevonorte.com\/?p=37694","og_locale":"es_ES","og_type":"article","og_title":"El Ministerio de la Mujer lejos de cerrar, debe ser fortalecido, afirma la ministra | El Nuevo Norte","og_description":"Santo Domingo.-\u00a0Lejos de cerrar o\u00a0unificar\u00a0el Ministerio de la Mujer, por el contrario, este debe ser fortalecido, asegur\u00f3 este mi\u00e9rcoles la ministra\u00a0Mayra Jim\u00e9nez. Hace unos d\u00edas, el presidente de la Rep\u00fablica, Luis Abinader, dijo que el gobierno se encuentra estudiando las posibilidades de \u201celiminar o unificar\u201d varios ministerios, en b\u00fasqueda de eficientizar el gobierno y el [&hellip;]","og_url":"https:\/\/infoelnuevonorte.com\/?p=37694","og_site_name":"El Nuevo Norte","article_publisher":"https:\/\/www.facebook.com\/infoenn","article_published_time":"2024-07-24T21:21:37+00:00","article_modified_time":"2024-07-24T21:23:57+00:00","og_image":[{"width":1600,"height":1067,"url":"https:\/\/infoelnuevonorte.com\/wp-content\/uploads\/2024\/07\/descarga-2024-07-24T171755.230.png","type":"image\/png"}],"author":"T. R.","twitter_card":"summary_large_image","twitter_creator":"@Elnuevo_norte","twitter_site":"@Elnuevo_norte","twitter_misc":{"Written by":"T. R.","Est. reading time":"3 minutos"},"schema":{"@context":"https:\/\/schema.org","@graph":[{"@type":"Article","@id":"https:\/\/infoelnuevonorte.com\/?p=37694#article","isPartOf":{"@id":"https:\/\/infoelnuevonorte.com\/?p=37694"},"author":{"name":"T. R.","@id":"https:\/\/infoelnuevonorte.com\/#\/schema\/person\/3accb35eb55f55e96c492b52d085a403"},"headline":"El Ministerio de la Mujer lejos de cerrar, debe ser fortalecido, afirma la ministra","datePublished":"2024-07-24T21:21:37+00:00","dateModified":"2024-07-24T21:23:57+00:00","mainEntityOfPage":{"@id":"https:\/\/infoelnuevonorte.com\/?p=37694"},"wordCount":440,"publisher":{"@id":"https:\/\/infoelnuevonorte.com\/#organization"},"image":{"@id":"https:\/\/infoelnuevonorte.com\/?p=37694#primaryimage"},"thumbnailUrl":"https:\/\/eldia.com.do\/wp-content\/uploads\/2024\/07\/WhatsApp-Image-2024-07-24-at-1.49.28-PM-1024x683.jpeg?x86069","articleSection":["Nacionales"],"inLanguage":"es-DO"},{"@type":"WebPage","@id":"https:\/\/infoelnuevonorte.com\/?p=37694","url":"https:\/\/infoelnuevonorte.com\/?p=37694","name":"El Ministerio de la Mujer lejos de cerrar, debe ser fortalecido, afirma la ministra | El Nuevo Norte","isPartOf":{"@id":"https:\/\/infoelnuevonorte.com\/#website"},"primaryImageOfPage":{"@id":"https:\/\/infoelnuevonorte.com\/?p=37694#primaryimage"},"image":{"@id":"https:\/\/infoelnuevonorte.com\/?p=37694#primaryimage"},"thumbnailUrl":"https:\/\/eldia.com.do\/wp-content\/uploads\/2024\/07\/WhatsApp-Image-2024-07-24-at-1.49.28-PM-1024x683.jpeg?x86069","datePublished":"2024-07-24T21:21:37+00:00","dateModified":"2024-07-24T21:23:57+00:00","breadcrumb":{"@id":"https:\/\/infoelnuevonorte.com\/?p=37694#breadcrumb"},"inLanguage":"es-DO","potentialAction":[{"@type":"ReadAction","target":["https:\/\/infoelnuevonorte.com\/?p=37694"]}]},{"@type":"ImageObject","inLanguage":"es-DO","@id":"https:\/\/infoelnuevonorte.com\/?p=37694#primaryimage","url":"https:\/\/eldia.com.do\/wp-content\/uploads\/2024\/07\/WhatsApp-Image-2024-07-24-at-1.49.28-PM-1024x683.jpeg?x86069","contentUrl":"https:\/\/eldia.com.do\/wp-content\/uploads\/2024\/07\/WhatsApp-Image-2024-07-24-at-1.49.28-PM-1024x683.jpeg?x86069"},{"@type":"BreadcrumbList","@id":"https:\/\/infoelnuevonorte.com\/?p=37694#breadcrumb","itemListElement":[{"@type":"ListItem","position":1,"name":"Home","item":"https:\/\/infoelnuevonorte.com\/"},{"@type":"ListItem","position":2,"name":"El Ministerio de la Mujer lejos de cerrar, debe ser fortalecido, afirma la ministra"}]},{"@type":"WebSite","@id":"https:\/\/infoelnuevonorte.com\/#website","url":"https:\/\/infoelnuevonorte.com\/","name":"InfoEnn","description":"Tu Voz, tu Verdad, tu Diario!!!","publisher":{"@id":"https:\/\/infoelnuevonorte.com\/#organization"},"alternateName":"El Nuevo Norte","potentialAction":[{"@type":"SearchAction","target":{"@type":"EntryPoint","urlTemplate":"https:\/\/infoelnuevonorte.com\/?s={search_term_string}"},"query-input":{"@type":"PropertyValueSpecification","valueRequired":true,"valueName":"search_term_string"}}],"inLanguage":"es-DO"},{"@type":"Organization","@id":"https:\/\/infoelnuevonorte.com\/#organization","name":"Info El Nuevo Norte","alternateName":"El Nuevo Norte","url":"https:\/\/infoelnuevonorte.com\/","logo":{"@type":"ImageObject","inLanguage":"es-DO","@id":"https:\/\/infoelnuevonorte.com\/#\/schema\/logo\/image\/","url":"https:\/\/infoelnuevonorte.com\/wp-content\/uploads\/2026\/02\/Logo-Info-enn-3d-20ani.jpeg","contentUrl":"https:\/\/infoelnuevonorte.com\/wp-content\/uploads\/2026\/02\/Logo-Info-enn-3d-20ani.jpeg","width":2046,"height":736,"caption":"Info El Nuevo Norte"},"image":{"@id":"https:\/\/infoelnuevonorte.com\/#\/schema\/logo\/image\/"},"sameAs":["https:\/\/www.facebook.com\/infoenn","https:\/\/x.com\/Elnuevo_norte","https:\/\/www.instagram.com\/infoenn","https:\/\/www.facebook.com\/ENNRD"]},{"@type":"Person","@id":"https:\/\/infoelnuevonorte.com\/#\/schema\/person\/3accb35eb55f55e96c492b52d085a403","name":"T. R.","image":{"@type":"ImageObject","inLanguage":"es-DO","@id":"https:\/\/infoelnuevonorte.com\/#\/schema\/person\/image\/","url":"https:\/\/secure.gravatar.com\/avatar\/40543a038bda97abdb765b1662e9677d?s=96&d=robohash&r=g","contentUrl":"https:\/\/secure.gravatar.com\/avatar\/40543a038bda97abdb765b1662e9677d?s=96&d=robohash&r=g","caption":"T. R."},"url":"https:\/\/infoelnuevonorte.com\/?author=2"}]}},"_links":{"self":[{"href":"https:\/\/infoelnuevonorte.com\/index.php?rest_route=\/wp\/v2\/posts\/37694"}],"collection":[{"href":"https:\/\/infoelnuevonorte.com\/index.php?rest_route=\/wp\/v2\/posts"}],"about":[{"href":"https:\/\/infoelnuevonorte.com\/index.php?rest_route=\/wp\/v2\/types\/post"}],"author":[{"embeddable":true,"href":"https:\/\/infoelnuevonorte.com\/index.php?rest_route=\/wp\/v2\/users\/2"}],"replies":[{"embeddable":true,"href":"https:\/\/infoelnuevonorte.com\/index.php?rest_route=%2Fwp%2Fv2%2Fcomments&post=37694"}],"version-history":[{"count":0,"href":"https:\/\/infoelnuevonorte.com\/index.php?rest_route=\/wp\/v2\/posts\/37694\/revisions"}],"wp:attachment":[{"href":"https:\/\/infoelnuevonorte.com\/index.php?rest_route=%2Fwp%2Fv2%2Fmedia&parent=37694"}],"wp:term":[{"taxonomy":"category","embeddable":true,"href":"https:\/\/infoelnuevonorte.com\/index.php?rest_route=%2Fwp%2Fv2%2Fcategories&post=37694"},{"taxonomy":"post_tag","embeddable":true,"href":"https:\/\/infoelnuevonorte.com\/index.php?rest_route=%2Fwp%2Fv2%2Ftags&post=37694"}],"curies":[{"name":"wp","href":"https:\/\/api.w.org\/{rel}","templated":true}]}}