{"id":38006,"date":"2024-07-25T12:26:01","date_gmt":"2024-07-25T16:26:01","guid":{"rendered":"https:\/\/infoelnuevonorte.com\/?p=38006"},"modified":"2024-07-27T15:33:12","modified_gmt":"2024-07-27T19:33:12","slug":"4-cambios-profundos-en-venezuela-desde-que-nicolas-maduro-asumio-el-poder-en-2013","status":"publish","type":"post","link":"https:\/\/infoelnuevonorte.com\/?p=38006","title":{"rendered":"4 cambios profundos en Venezuela desde que Nicol\u00e1s Maduro asumi\u00f3 el poder en 2013"},"content":{"rendered":"<!--[if lt IE 9]><script>document.createElement('audio');<\/script><![endif]-->\n<audio class=\"wp-audio-shortcode\" id=\"audio-38006-1\" preload=\"none\" style=\"width: 100%;\" controls=\"controls\"><source type=\"audio\/mpeg\" src=\"https:\/\/infoelnuevonorte.com\/wp-content\/uploads\/2024\/07\/ttsmaker-vip-file-2024-7-25-12-25-20.mp3?_=1\" \/><a href=\"https:\/\/infoelnuevonorte.com\/wp-content\/uploads\/2024\/07\/ttsmaker-vip-file-2024-7-25-12-25-20.mp3\">https:\/\/infoelnuevonorte.com\/wp-content\/uploads\/2024\/07\/ttsmaker-vip-file-2024-7-25-12-25-20.mp3<\/a><\/audio>\n<p class=\"wp-block-heading\" style=\"text-align: justify\">Cuando Nicol\u00e1s Maduro lleg\u00f3 a la presidencia en 2013 muchos en Venezuela creyeron que su mandato no durar\u00eda.<\/p>\n<p style=\"text-align: justify\">Se le comparaba desfavorablemente con su antecesor,\u00a0<strong>Hugo Ch\u00e1vez<\/strong>, un carism\u00e1tico militar que luego de encabezar un fallido intento de golpe de Estado en 1992 lleg\u00f3 al poder por los votos en 1998, convertido en un l\u00edder de masas que promet\u00eda una\u00a0<strong>\u201crevoluci\u00f3n bolivariana\u201d\u00a0<\/strong>-suerte de segunda independencia- para refundar el pa\u00eds.<\/p>\n<p style=\"text-align: justify\">Ch\u00e1vez era un\u00a0<strong>\u201cpico de oro\u201d,<\/strong>\u00a0un l\u00edder carism\u00e1tico, cercano con la gente de a pie, conocido por su curiosidad intelectual y por ser un voraz lector que pod\u00eda citar en un mismo discurso a Friedrich Nietzsche y a Mario Benedetti.<\/p>\n<p style=\"text-align: justify\">De\u00a0Maduro, en cambio, se destacaba su aparentemente limitada capacidad oratoria y su lejano pasado laboral de un pol\u00edtico que fue sindicalista y conductor de autob\u00fas.<\/p>\n<p style=\"text-align: justify\">Once a\u00f1os m\u00e1s tarde, sin embargo, Maduro busca un nuevo mandato en las elecciones presidenciales de este domingo siendo ya\u00a0<strong>el tercer gobernante que m\u00e1s tiempo ha durado en el poder en Venezuela desde inicios del siglo XX<\/strong>, s\u00f3lo superado por Ch\u00e1vez y por el dictador Juan Vicente G\u00f3mez.<\/p>\n<p style=\"text-align: justify\">Acusado de autoritario e incluso considerado presidente ileg\u00edtimo por muchos, durante su mandato el pa\u00eds ha experimentado importantes cambios y eventos que han transformado profundamente la historia del pa\u00eds y de la sociedad venezolana.<\/p>\n<h2 id=\"1-La-mayor-ola-migratoria-en-la-historia-contempor\u00e1nea-de-Am\u00e9rica-Latina\" class=\"wp-block-heading\" style=\"text-align: justify\"><strong>1. La mayor ola migratoria en la historia contempor\u00e1nea de Am\u00e9rica Latina<\/strong><\/h2>\n<figure class=\"wp-block-image size-full\" style=\"text-align: justify\"><img loading=\"lazy\" decoding=\"async\" class=\"wp-image-2817534 lazy loaded\" src=\"https:\/\/hoy.com.do\/wp-content\/uploads\/2024\/07\/V1.jpg?x42125\" alt=\"V1\" width=\"943\" height=\"628\" data-src=\"https:\/\/hoy.com.do\/wp-content\/uploads\/2024\/07\/V1.jpg?x42125\" data-srcset=\"https:\/\/hoy.com.do\/wp-content\/uploads\/2024\/07\/V1.jpg 800w, https:\/\/hoy.com.do\/wp-content\/uploads\/2024\/07\/V1-300x200.jpg 300w\" data-sizes=\"(max-width: 800px) 100vw, 800px\" data-was-processed=\"true\" \/><\/figure>\n<p style=\"text-align: justify\">Durante el gobierno de Maduro, Venezuela ha vivido la mayor ola migratoria de la historia contempor\u00e1nea de Am\u00e9rica Latina.<\/p>\n<p style=\"text-align: justify\">De acuerdo con cifras de la oficina del Alto Comisionado de la ONU para los Refugiados (ACNUR),\u00a0<strong>hay 7,7 millones de venezolanos viviendo fuera de su pa\u00eds<\/strong>. Eso equivale a m\u00e1s del 22% de los 34 millones de habitantes que las autoridades venezolanas proyectaban tener, a partir del \u00faltimo censo realizado en 2011.<\/p>\n<p style=\"text-align: justify\">Con estas cifras,\u00a0<strong>la ola migratoria venezolana es mayor que la de Siria<\/strong>\u00a0(5 millones personas) y que la de Ucrania (6,5 millones), dos pa\u00edses que llevan a\u00f1os sufriendo guerras.<\/p>\n<p style=\"text-align: justify\">Esta salida masiva de venezolanos al exterior va completamente a contracorriente de la historia de un pa\u00eds que, desde que comenz\u00f3 al auge petrolero hace un siglo, se convirti\u00f3 en receptor de migraci\u00f3n y durante d\u00e9cadas fue lugar de acogida de personas procedentes, sobre todo, de otros pa\u00edses de Am\u00e9rica Latina y del sur de Europa.<\/p>\n<p style=\"text-align: justify\">Los expertos coinciden en se\u00f1alar que detr\u00e1s de la salida masiva de venezolanos est\u00e1 la\u00a0<strong>severa crisis econ\u00f3mica que ha vivido Venezuela<\/strong>\u00a0y que incluy\u00f3 un largo periodo con la mayor hiperinflaci\u00f3n del mundo, as\u00ed como problemas cr\u00f3nicos de desabastecimiento de alimentos, medicinas y otros productos b\u00e1sicos.<\/p>\n<p style=\"text-align: justify\">Durante a\u00f1os, Maduro ha atribuido las causas de esa crisis econ\u00f3mica y de la ola migratoria a las sanciones impuestas por Estados Unidos y otros pa\u00edses en contra de su gobierno.<\/p>\n<p style=\"text-align: justify\">Pero las sanciones petroleras que realmente afectaron a Venezuela fueron impuestas por el gobierno de Estados Unidos en 2019 y que tanto la crisis econ\u00f3mica como la ola migratoria empezaron varios a\u00f1os antes.<\/p>\n<p style=\"text-align: justify\">De hecho, las estad\u00edsticas del Fondo de Poblaci\u00f3n de la ONU registran una contracci\u00f3n del n\u00famero de habitantes en Venezuela ya desde 2017.<\/p>\n<h2 id=\"2-El-primer-pa\u00eds-de-Am\u00e9rica-Latina-investigado-por-la-Corte-Penal-Internacional-por-cr\u00edmenes-de-lesa-humanidad\" class=\"wp-block-heading\" style=\"text-align: justify\"><strong>2. El primer pa\u00eds de Am\u00e9rica Latina investigado por la Corte Penal Internacional por cr\u00edmenes de lesa humanidad<\/strong><\/h2>\n<figure class=\"wp-block-image size-full\" style=\"text-align: justify\"><img loading=\"lazy\" decoding=\"async\" class=\"wp-image-2817537 lazy loaded\" src=\"https:\/\/hoy.com.do\/wp-content\/uploads\/2024\/07\/V2-1.jpg?x42125\" alt=\"V2 1\" width=\"1040\" height=\"694\" data-src=\"https:\/\/hoy.com.do\/wp-content\/uploads\/2024\/07\/V2-1.jpg?x42125\" data-srcset=\"https:\/\/hoy.com.do\/wp-content\/uploads\/2024\/07\/V2-1.jpg 800w, https:\/\/hoy.com.do\/wp-content\/uploads\/2024\/07\/V2-1-300x200.jpg 300w\" data-sizes=\"(max-width: 800px) 100vw, 800px\" data-was-processed=\"true\" \/><\/figure>\n<p style=\"text-align: justify\">El 3 de noviembre de 2021, el fiscal de la Corte Penal Internacional (CPI), Karim Khan, anunci\u00f3 la apertura de una investigaci\u00f3n formal contra Venezuela por la presunta comisi\u00f3n de cr\u00edmenes contra la humanidad en el contexto de la represi\u00f3n de las manifestaciones durante la crisis pol\u00edtica que vivi\u00f3 el pa\u00eds en 2017.<\/p>\n<p style=\"text-align: justify\">Con ese anuncio, Venezuela se convirti\u00f3 en el primer pa\u00eds de Am\u00e9rica Latina y\u00a0<strong>uno de los pocos Estados del mundo en ser objeto de una investigaci\u00f3n<\/strong>\u00a0formal por parte de este tribunal internacional.<\/p>\n<p style=\"text-align: justify\">Maduro dijo entonces que respetaba pero no compart\u00eda la decisi\u00f3n de la Fiscal\u00eda de la CPI y la impugn\u00f3. Sin embargo, en marzo de este a\u00f1o la C\u00e1mara de Apelaciones rechaz\u00f3 los argumentos del gobierno venezolano y confirm\u00f3 que el proceso contin\u00faa en marcha.<\/p>\n<p style=\"text-align: justify\">En relaci\u00f3n con este caso, el fiscal de la CPI dijo en 2020 que hab\u00eda \u201cbases razonables\u201d para creer que\u00a0<strong>funcionarios y militares venezolanos hab\u00edan perpetrado ejecuciones extrajudiciales, desapariciones forzadas, detenciones arbitrarias y torturas\u00a0<\/strong>contra opositores que participaron en las protestas antigubernamentales de 2017.<\/p>\n<p style=\"text-align: justify\">En paralelo, desde 2019, el Consejo de Derechos Humanos de la ONU estableci\u00f3 una misi\u00f3n internacional independiente para investigar ejecuciones extrajudiciales, desapariciones forzadas, detenciones arbitrarias y tortura y otros tratos crueles, inhumanos o degradantes cometidos desde 2014 en Venezuela.<\/p>\n<p style=\"text-align: justify\">El gobierno de Maduro ha sido se\u00f1alado adem\u00e1s por usar la justicia contra los opositores. Seg\u00fan la ONG Foro Penal,\u00a0<strong>hasta mediados de julio hab\u00eda en Venezuela 301 \u00abpresos pol\u00edticos\u00bb<\/strong>, incluyendo 93 que no han sido condenados pero que llevan m\u00e1s de tres a\u00f1os sometidos a prisi\u00f3n preventiva.<\/p>\n<p style=\"text-align: justify\">Adem\u00e1s, seg\u00fan datos del Foro Penal, al menos seis opositores han sido forzados a irse del pa\u00eds como condici\u00f3n para ser liberados, lo que equivale en la pr\u00e1ctica a una pena de destierro que est\u00e1 prohibida en la legislaci\u00f3n internacional de derechos humanos.<\/p>\n<p style=\"text-align: justify\">Las autoridades venezolanas niegan esto y aseguran que fueron estos opositores los que solicitaron marcharse del pa\u00eds.<\/p>\n<p style=\"text-align: justify\">De forma reiterada, el gobierno de Maduro ha rechazado todos estos se\u00f1alamientos por supuestas violaciones a los derechos humanos y afirma que las detenciones y procesos puestos en marcha por los cuerpos de seguridad o por las autoridades judiciales est\u00e1n apegados a la ley.<\/p>\n<h2 id=\"3-Nuevo-modelo-econ\u00f3mico-sin-controles-para-combatir-la-mayor-inflaci\u00f3n-del-mundo\" class=\"wp-block-heading\" style=\"text-align: justify\"><strong>3. Nuevo modelo econ\u00f3mico sin controles para combatir la mayor inflaci\u00f3n del mundo<\/strong><\/h2>\n<p style=\"text-align: justify\">En 2013, la econom\u00eda venezolana inici\u00f3 una vertiginosa ca\u00edda que para el a\u00f1o 2021 le hab\u00eda llevado a perder 75% de su Producto Interior Bruto.<\/p>\n<p style=\"text-align: justify\">Aunque el agravamiento de la crisis econ\u00f3mica coincidi\u00f3 con la llegada de Maduro al poder, algunas de sus causas se originaban en pol\u00edticas de Ch\u00e1vez.<\/p>\n<p style=\"text-align: justify\">En 2003, el fallecido mandatario comenz\u00f3 a aplicar un estricto sistema de control de cambios y de precios. Despu\u00e9s, a partir de 2006, puso en marcha\u00a0una pol\u00edtica de expropiaciones que afect\u00f3 a unas 1.440 empresas, seg\u00fan estimaciones de la organizaci\u00f3n de industriales Conindustria.<\/p>\n<p style=\"text-align: justify\">Muchas de las consecuencias de estas pol\u00edticas no eran del todo visibles durante el gobierno de Ch\u00e1vez gracias a un largo ciclo de precios altos del petr\u00f3leo y a una pol\u00edtica de endeudamiento que permitieron alimentar una sensaci\u00f3n de bonanza en Venezuela.<\/p>\n<p style=\"text-align: justify\">Con la ca\u00edda de los precios del petr\u00f3leo a partir de 2014, Maduro recurri\u00f3 a m\u00e1s endeudamiento y al uso de las reservas internacionales para intentar preservar el mismo modelo econ\u00f3mico de Ch\u00e1vez, pero la situaci\u00f3n solamente empeor\u00f3.<\/p>\n<p style=\"text-align: justify\">En 2015, Venezuela registr\u00f3 una inflaci\u00f3n de 180% -la m\u00e1s alta del mundo para ese momento-\u00a0y en 2017 entr\u00f3 en un ciclo de hiperinflaci\u00f3n que alcanz\u00f3 su punto m\u00e1ximo en 2018, cuando lleg\u00f3 al 130.000%, seg\u00fan datos del Banco Central de Venezuela.<\/p>\n<p style=\"text-align: justify\">En esos mismos a\u00f1os, los problemas de desabastecimiento que afectaban medicinas, alimentos y otros bienes esenciales se agudizaron. Seg\u00fan el estudio Encovi de la Universidad Cat\u00f3lica Andr\u00e9s Bello de Caracas, la pobreza en Venezuela pas\u00f3 de 48% en 2014 hasta 91% en 2018.<\/p>\n<p style=\"text-align: justify\">Es entonces, a partir de 2018, cuando el gobierno de Maduro inici\u00f3 un silencioso proceso de reformas econ\u00f3micas suspendiendo en la pr\u00e1ctica los controles de cambio y de precios, eliminando el subsidio a la gasolina \u2013que era la m\u00e1s barata del mundo-, permitiendo la dolarizaci\u00f3n de facto de la econom\u00eda e incluso poniendo en marcha un di\u00e1logo con el sector privado para restituir algunas de las empresas expropiadas a sus antiguos due\u00f1os.<\/p>\n<p style=\"text-align: justify\">Estas medidas lograron encaminar al pa\u00eds hacia la superaci\u00f3n de la hiperinflaci\u00f3n\u00a0-que lleg\u00f3 a su fin en diciembre de 2021- y, en cierta medida,\u00a0acabaron con los problemas de desabastecimiento\u00a0(al menos para aquellos venezolanos que cuentan con ingresos en moneda extranjera y as\u00ed pueden costear los elevados precios de los productos).<\/p>\n<p style=\"text-align: justify\">Este giro liberalizador se produjo en la pr\u00e1ctica, pues desde su llegada al poder Maduro ha culpado de la crisis a una supuesta \u201cguerra econ\u00f3mica\u201d contra el gobierno liderada por la oposici\u00f3n y por Estados Unidos, as\u00ed como a las sanciones internacionales impuestas en los \u00faltimos a\u00f1os.<\/p>\n<h2 id=\"4-Una-ca\u00edda-hist\u00f3rica-de-la-producci\u00f3n-petrolera\" class=\"wp-block-heading\" style=\"text-align: justify\"><strong>4. Una ca\u00edda hist\u00f3rica de la producci\u00f3n petrolera<\/strong><\/h2>\n<figure class=\"wp-block-image size-full\" style=\"text-align: justify\"><img loading=\"lazy\" decoding=\"async\" class=\"wp-image-2817536 lazy loaded\" src=\"https:\/\/hoy.com.do\/wp-content\/uploads\/2024\/07\/V4.jpg?x42125\" alt=\"V4\" width=\"997\" height=\"663\" data-src=\"https:\/\/hoy.com.do\/wp-content\/uploads\/2024\/07\/V4.jpg?x42125\" data-srcset=\"https:\/\/hoy.com.do\/wp-content\/uploads\/2024\/07\/V4.jpg 800w, https:\/\/hoy.com.do\/wp-content\/uploads\/2024\/07\/V4-300x200.jpg 300w\" data-sizes=\"(max-width: 800px) 100vw, 800px\" data-was-processed=\"true\" \/><\/figure>\n<p style=\"text-align: justify\">En el a\u00f1o 1998,\u00a0cuando Hugo Ch\u00e1vez gan\u00f3 las elecciones presidenciales, la producci\u00f3n petrolera de Venezuela se ubicaba en 3,1 millones de barriles al d\u00eda, de acuerdo con datos de la Organizaci\u00f3n de Pa\u00edses Exportadores de Petr\u00f3leo (OPEP).<\/p>\n<p style=\"text-align: justify\">Cuando Ch\u00e1vez fallece, en marzo de 2013, la producci\u00f3n venezolana hab\u00eda ca\u00eddo a 2,3 millones de barriles diarios: una reducci\u00f3n de 25%.<\/p>\n<p style=\"text-align: justify\">A partir de entonces, durante el gobierno de Maduro, el volumen de petr\u00f3leo extra\u00eddo en Venezuela sigui\u00f3 en una senda de declive que lo llev\u00f3 a\u00a0<strong>un retroceso hist\u00f3rico cuando cay\u00f3 hasta los 336.000 barriles diarios<\/strong>\u00a0en junio de 2020, una producci\u00f3n cercana a la que ten\u00eda el pa\u00eds a inicios de la d\u00e9cada de 1940.<\/p>\n<p style=\"text-align: justify\">Detr\u00e1s de esta ca\u00edda de la producci\u00f3n est\u00e1n los efectos de la pandemia de covid-19, que golpe\u00f3 la econom\u00eda mundial a partir de marzo de 2020, as\u00ed como los efectos de las sanciones petroleras impuestas por el gobierno de Estados Unidos en enero de 2019, despu\u00e9s de que Maduro se juramentara como presidente para un segundo mandato tras unas elecciones que gran parte de la comunidad internacional consider\u00f3 fraudulentas.<\/p>\n<p style=\"text-align: justify\">El gobierno de Maduro ha responsabilizado a estas sanciones por los problemas que enfrenta la econom\u00eda venezolana debido a que limitan la capacidad de producci\u00f3n y de exportaci\u00f3n de petr\u00f3leo, la principal fuente de riqueza de Venezuela.<\/p>\n<p style=\"text-align: justify\">Las estad\u00edsticas de la OPEP confirman que efectivamente, tras la aplicaci\u00f3n de estas medidas, la producci\u00f3n cay\u00f3 de 1,1 millones de barriles diarios en enero de 2019 a 740.000 barriles en marzo.<\/p>\n<p style=\"text-align: justify\">Ese dato, no obstante, no cuenta toda la historia, pues\u00a0ya antes de las sanciones, la producci\u00f3n petrolera venezolana se hab\u00eda reducido a la mitad durante el gobierno de Maduro, al pasar desde 2,3 millones de barriles diarios en marzo de 2013 a 1,1 millones en diciembre de 2018, un mes antes del anuncio de las sanciones.<\/p>\n<p style=\"text-align: justify\">Para abril de este a\u00f1o, la producci\u00f3n petrolera de Venezuela se ubicaba en 878.000 barriles diarios, una cifra muy baja para el pa\u00eds que posee las mayores reservas probadas de crudo del mundo: m\u00e1s de 300.000 millones de barriles.<\/p>\n<p style=\"text-align: justify\">\n","protected":false},"excerpt":{"rendered":"<p>Cuando Nicol\u00e1s Maduro lleg\u00f3 a la presidencia en 2013 muchos en Venezuela creyeron que su mandato no durar\u00eda. Se le comparaba desfavorablemente con su antecesor,\u00a0Hugo Ch\u00e1vez, un carism\u00e1tico militar que luego de encabezar un fallido intento de golpe de Estado en 1992 lleg\u00f3 al poder por los votos en 1998, convertido en un l\u00edder de [&hellip;]<\/p>\n","protected":false},"author":2,"featured_media":0,"comment_status":"closed","ping_status":"open","sticky":false,"template":"","format":"standard","meta":{"footnotes":""},"categories":[9,719],"tags":[],"yoast_head":"<!-- This site is optimized with the Yoast SEO plugin v24.5 - https:\/\/yoast.com\/wordpress\/plugins\/seo\/ -->\n<title>4 cambios profundos en Venezuela desde que Nicol\u00e1s Maduro asumi\u00f3 el poder en 2013 | El Nuevo Norte<\/title>\n<meta name=\"robots\" content=\"index, follow, max-snippet:-1, max-image-preview:large, max-video-preview:-1\" \/>\n<link rel=\"canonical\" href=\"https:\/\/infoelnuevonorte.com\/?p=38006\" \/>\n<meta property=\"og:locale\" content=\"es_ES\" \/>\n<meta property=\"og:type\" content=\"article\" \/>\n<meta property=\"og:title\" content=\"4 cambios profundos en Venezuela desde que Nicol\u00e1s Maduro asumi\u00f3 el poder en 2013 | El Nuevo Norte\" \/>\n<meta property=\"og:description\" content=\"Cuando Nicol\u00e1s Maduro lleg\u00f3 a la presidencia en 2013 muchos en Venezuela creyeron que su mandato no durar\u00eda. Se le comparaba desfavorablemente con su antecesor,\u00a0Hugo Ch\u00e1vez, un carism\u00e1tico militar que luego de encabezar un fallido intento de golpe de Estado en 1992 lleg\u00f3 al poder por los votos en 1998, convertido en un l\u00edder de [&hellip;]\" \/>\n<meta property=\"og:url\" content=\"https:\/\/infoelnuevonorte.com\/?p=38006\" \/>\n<meta property=\"og:site_name\" content=\"El Nuevo Norte\" \/>\n<meta property=\"article:publisher\" content=\"https:\/\/www.facebook.com\/infoenn\" \/>\n<meta property=\"article:published_time\" content=\"2024-07-25T16:26:01+00:00\" \/>\n<meta property=\"article:modified_time\" content=\"2024-07-27T19:33:12+00:00\" \/>\n<meta property=\"og:image\" content=\"https:\/\/infoelnuevonorte.com\/wp-content\/uploads\/2024\/07\/descarga-2024-07-25T122000.413.png\" \/>\n\t<meta property=\"og:image:width\" content=\"800\" \/>\n\t<meta property=\"og:image:height\" content=\"449\" \/>\n\t<meta property=\"og:image:type\" content=\"image\/png\" \/>\n<meta name=\"author\" content=\"T. R.\" \/>\n<meta name=\"twitter:card\" content=\"summary_large_image\" \/>\n<meta name=\"twitter:creator\" content=\"@Elnuevo_norte\" \/>\n<meta name=\"twitter:site\" content=\"@Elnuevo_norte\" \/>\n<meta name=\"twitter:label1\" content=\"Written by\" \/>\n\t<meta name=\"twitter:data1\" content=\"T. R.\" \/>\n\t<meta name=\"twitter:label2\" content=\"Est. reading time\" \/>\n\t<meta name=\"twitter:data2\" content=\"9 minutos\" \/>\n<script type=\"application\/ld+json\" class=\"yoast-schema-graph\">{\"@context\":\"https:\/\/schema.org\",\"@graph\":[{\"@type\":\"Article\",\"@id\":\"https:\/\/infoelnuevonorte.com\/?p=38006#article\",\"isPartOf\":{\"@id\":\"https:\/\/infoelnuevonorte.com\/?p=38006\"},\"author\":{\"name\":\"T. R.\",\"@id\":\"https:\/\/infoelnuevonorte.com\/#\/schema\/person\/3accb35eb55f55e96c492b52d085a403\"},\"headline\":\"4 cambios profundos en Venezuela desde que Nicol\u00e1s Maduro asumi\u00f3 el poder en 2013\",\"datePublished\":\"2024-07-25T16:26:01+00:00\",\"dateModified\":\"2024-07-27T19:33:12+00:00\",\"mainEntityOfPage\":{\"@id\":\"https:\/\/infoelnuevonorte.com\/?p=38006\"},\"wordCount\":1857,\"publisher\":{\"@id\":\"https:\/\/infoelnuevonorte.com\/#organization\"},\"image\":{\"@id\":\"https:\/\/infoelnuevonorte.com\/?p=38006#primaryimage\"},\"thumbnailUrl\":\"https:\/\/hoy.com.do\/wp-content\/uploads\/2024\/07\/V1.jpg?x42125\",\"articleSection\":[\"Mundiales\",\"Venezuela\"],\"inLanguage\":\"es-DO\"},{\"@type\":\"WebPage\",\"@id\":\"https:\/\/infoelnuevonorte.com\/?p=38006\",\"url\":\"https:\/\/infoelnuevonorte.com\/?p=38006\",\"name\":\"4 cambios profundos en Venezuela desde que Nicol\u00e1s Maduro asumi\u00f3 el poder en 2013 | El Nuevo Norte\",\"isPartOf\":{\"@id\":\"https:\/\/infoelnuevonorte.com\/#website\"},\"primaryImageOfPage\":{\"@id\":\"https:\/\/infoelnuevonorte.com\/?p=38006#primaryimage\"},\"image\":{\"@id\":\"https:\/\/infoelnuevonorte.com\/?p=38006#primaryimage\"},\"thumbnailUrl\":\"https:\/\/hoy.com.do\/wp-content\/uploads\/2024\/07\/V1.jpg?x42125\",\"datePublished\":\"2024-07-25T16:26:01+00:00\",\"dateModified\":\"2024-07-27T19:33:12+00:00\",\"breadcrumb\":{\"@id\":\"https:\/\/infoelnuevonorte.com\/?p=38006#breadcrumb\"},\"inLanguage\":\"es-DO\",\"potentialAction\":[{\"@type\":\"ReadAction\",\"target\":[\"https:\/\/infoelnuevonorte.com\/?p=38006\"]}]},{\"@type\":\"ImageObject\",\"inLanguage\":\"es-DO\",\"@id\":\"https:\/\/infoelnuevonorte.com\/?p=38006#primaryimage\",\"url\":\"https:\/\/hoy.com.do\/wp-content\/uploads\/2024\/07\/V1.jpg?x42125\",\"contentUrl\":\"https:\/\/hoy.com.do\/wp-content\/uploads\/2024\/07\/V1.jpg?x42125\"},{\"@type\":\"BreadcrumbList\",\"@id\":\"https:\/\/infoelnuevonorte.com\/?p=38006#breadcrumb\",\"itemListElement\":[{\"@type\":\"ListItem\",\"position\":1,\"name\":\"Home\",\"item\":\"https:\/\/infoelnuevonorte.com\/\"},{\"@type\":\"ListItem\",\"position\":2,\"name\":\"4 cambios profundos en Venezuela desde que Nicol\u00e1s Maduro asumi\u00f3 el poder en 2013\"}]},{\"@type\":\"WebSite\",\"@id\":\"https:\/\/infoelnuevonorte.com\/#website\",\"url\":\"https:\/\/infoelnuevonorte.com\/\",\"name\":\"InfoEnn\",\"description\":\"Tu Voz, tu Verdad, tu Diario!!!\",\"publisher\":{\"@id\":\"https:\/\/infoelnuevonorte.com\/#organization\"},\"alternateName\":\"El Nuevo Norte\",\"potentialAction\":[{\"@type\":\"SearchAction\",\"target\":{\"@type\":\"EntryPoint\",\"urlTemplate\":\"https:\/\/infoelnuevonorte.com\/?s={search_term_string}\"},\"query-input\":{\"@type\":\"PropertyValueSpecification\",\"valueRequired\":true,\"valueName\":\"search_term_string\"}}],\"inLanguage\":\"es-DO\"},{\"@type\":\"Organization\",\"@id\":\"https:\/\/infoelnuevonorte.com\/#organization\",\"name\":\"Info El Nuevo Norte\",\"alternateName\":\"El Nuevo Norte\",\"url\":\"https:\/\/infoelnuevonorte.com\/\",\"logo\":{\"@type\":\"ImageObject\",\"inLanguage\":\"es-DO\",\"@id\":\"https:\/\/infoelnuevonorte.com\/#\/schema\/logo\/image\/\",\"url\":\"https:\/\/infoelnuevonorte.com\/wp-content\/uploads\/2026\/02\/Logo-Info-enn-3d-20ani.jpeg\",\"contentUrl\":\"https:\/\/infoelnuevonorte.com\/wp-content\/uploads\/2026\/02\/Logo-Info-enn-3d-20ani.jpeg\",\"width\":2046,\"height\":736,\"caption\":\"Info El Nuevo Norte\"},\"image\":{\"@id\":\"https:\/\/infoelnuevonorte.com\/#\/schema\/logo\/image\/\"},\"sameAs\":[\"https:\/\/www.facebook.com\/infoenn\",\"https:\/\/x.com\/Elnuevo_norte\",\"https:\/\/www.instagram.com\/infoenn\",\"https:\/\/www.facebook.com\/ENNRD\"]},{\"@type\":\"Person\",\"@id\":\"https:\/\/infoelnuevonorte.com\/#\/schema\/person\/3accb35eb55f55e96c492b52d085a403\",\"name\":\"T. R.\",\"image\":{\"@type\":\"ImageObject\",\"inLanguage\":\"es-DO\",\"@id\":\"https:\/\/infoelnuevonorte.com\/#\/schema\/person\/image\/\",\"url\":\"https:\/\/secure.gravatar.com\/avatar\/40543a038bda97abdb765b1662e9677d?s=96&d=robohash&r=g\",\"contentUrl\":\"https:\/\/secure.gravatar.com\/avatar\/40543a038bda97abdb765b1662e9677d?s=96&d=robohash&r=g\",\"caption\":\"T. R.\"},\"url\":\"https:\/\/infoelnuevonorte.com\/?author=2\"}]}<\/script>\n<!-- \/ Yoast SEO plugin. -->","yoast_head_json":{"title":"4 cambios profundos en Venezuela desde que Nicol\u00e1s Maduro asumi\u00f3 el poder en 2013 | El Nuevo Norte","robots":{"index":"index","follow":"follow","max-snippet":"max-snippet:-1","max-image-preview":"max-image-preview:large","max-video-preview":"max-video-preview:-1"},"canonical":"https:\/\/infoelnuevonorte.com\/?p=38006","og_locale":"es_ES","og_type":"article","og_title":"4 cambios profundos en Venezuela desde que Nicol\u00e1s Maduro asumi\u00f3 el poder en 2013 | El Nuevo Norte","og_description":"Cuando Nicol\u00e1s Maduro lleg\u00f3 a la presidencia en 2013 muchos en Venezuela creyeron que su mandato no durar\u00eda. Se le comparaba desfavorablemente con su antecesor,\u00a0Hugo Ch\u00e1vez, un carism\u00e1tico militar que luego de encabezar un fallido intento de golpe de Estado en 1992 lleg\u00f3 al poder por los votos en 1998, convertido en un l\u00edder de [&hellip;]","og_url":"https:\/\/infoelnuevonorte.com\/?p=38006","og_site_name":"El Nuevo Norte","article_publisher":"https:\/\/www.facebook.com\/infoenn","article_published_time":"2024-07-25T16:26:01+00:00","article_modified_time":"2024-07-27T19:33:12+00:00","og_image":[{"width":800,"height":449,"url":"https:\/\/infoelnuevonorte.com\/wp-content\/uploads\/2024\/07\/descarga-2024-07-25T122000.413.png","type":"image\/png"}],"author":"T. R.","twitter_card":"summary_large_image","twitter_creator":"@Elnuevo_norte","twitter_site":"@Elnuevo_norte","twitter_misc":{"Written by":"T. R.","Est. reading time":"9 minutos"},"schema":{"@context":"https:\/\/schema.org","@graph":[{"@type":"Article","@id":"https:\/\/infoelnuevonorte.com\/?p=38006#article","isPartOf":{"@id":"https:\/\/infoelnuevonorte.com\/?p=38006"},"author":{"name":"T. R.","@id":"https:\/\/infoelnuevonorte.com\/#\/schema\/person\/3accb35eb55f55e96c492b52d085a403"},"headline":"4 cambios profundos en Venezuela desde que Nicol\u00e1s Maduro asumi\u00f3 el poder en 2013","datePublished":"2024-07-25T16:26:01+00:00","dateModified":"2024-07-27T19:33:12+00:00","mainEntityOfPage":{"@id":"https:\/\/infoelnuevonorte.com\/?p=38006"},"wordCount":1857,"publisher":{"@id":"https:\/\/infoelnuevonorte.com\/#organization"},"image":{"@id":"https:\/\/infoelnuevonorte.com\/?p=38006#primaryimage"},"thumbnailUrl":"https:\/\/hoy.com.do\/wp-content\/uploads\/2024\/07\/V1.jpg?x42125","articleSection":["Mundiales","Venezuela"],"inLanguage":"es-DO"},{"@type":"WebPage","@id":"https:\/\/infoelnuevonorte.com\/?p=38006","url":"https:\/\/infoelnuevonorte.com\/?p=38006","name":"4 cambios profundos en Venezuela desde que Nicol\u00e1s Maduro asumi\u00f3 el poder en 2013 | El Nuevo Norte","isPartOf":{"@id":"https:\/\/infoelnuevonorte.com\/#website"},"primaryImageOfPage":{"@id":"https:\/\/infoelnuevonorte.com\/?p=38006#primaryimage"},"image":{"@id":"https:\/\/infoelnuevonorte.com\/?p=38006#primaryimage"},"thumbnailUrl":"https:\/\/hoy.com.do\/wp-content\/uploads\/2024\/07\/V1.jpg?x42125","datePublished":"2024-07-25T16:26:01+00:00","dateModified":"2024-07-27T19:33:12+00:00","breadcrumb":{"@id":"https:\/\/infoelnuevonorte.com\/?p=38006#breadcrumb"},"inLanguage":"es-DO","potentialAction":[{"@type":"ReadAction","target":["https:\/\/infoelnuevonorte.com\/?p=38006"]}]},{"@type":"ImageObject","inLanguage":"es-DO","@id":"https:\/\/infoelnuevonorte.com\/?p=38006#primaryimage","url":"https:\/\/hoy.com.do\/wp-content\/uploads\/2024\/07\/V1.jpg?x42125","contentUrl":"https:\/\/hoy.com.do\/wp-content\/uploads\/2024\/07\/V1.jpg?x42125"},{"@type":"BreadcrumbList","@id":"https:\/\/infoelnuevonorte.com\/?p=38006#breadcrumb","itemListElement":[{"@type":"ListItem","position":1,"name":"Home","item":"https:\/\/infoelnuevonorte.com\/"},{"@type":"ListItem","position":2,"name":"4 cambios profundos en Venezuela desde que Nicol\u00e1s Maduro asumi\u00f3 el poder en 2013"}]},{"@type":"WebSite","@id":"https:\/\/infoelnuevonorte.com\/#website","url":"https:\/\/infoelnuevonorte.com\/","name":"InfoEnn","description":"Tu Voz, tu Verdad, tu Diario!!!","publisher":{"@id":"https:\/\/infoelnuevonorte.com\/#organization"},"alternateName":"El Nuevo Norte","potentialAction":[{"@type":"SearchAction","target":{"@type":"EntryPoint","urlTemplate":"https:\/\/infoelnuevonorte.com\/?s={search_term_string}"},"query-input":{"@type":"PropertyValueSpecification","valueRequired":true,"valueName":"search_term_string"}}],"inLanguage":"es-DO"},{"@type":"Organization","@id":"https:\/\/infoelnuevonorte.com\/#organization","name":"Info El Nuevo Norte","alternateName":"El Nuevo Norte","url":"https:\/\/infoelnuevonorte.com\/","logo":{"@type":"ImageObject","inLanguage":"es-DO","@id":"https:\/\/infoelnuevonorte.com\/#\/schema\/logo\/image\/","url":"https:\/\/infoelnuevonorte.com\/wp-content\/uploads\/2026\/02\/Logo-Info-enn-3d-20ani.jpeg","contentUrl":"https:\/\/infoelnuevonorte.com\/wp-content\/uploads\/2026\/02\/Logo-Info-enn-3d-20ani.jpeg","width":2046,"height":736,"caption":"Info El Nuevo Norte"},"image":{"@id":"https:\/\/infoelnuevonorte.com\/#\/schema\/logo\/image\/"},"sameAs":["https:\/\/www.facebook.com\/infoenn","https:\/\/x.com\/Elnuevo_norte","https:\/\/www.instagram.com\/infoenn","https:\/\/www.facebook.com\/ENNRD"]},{"@type":"Person","@id":"https:\/\/infoelnuevonorte.com\/#\/schema\/person\/3accb35eb55f55e96c492b52d085a403","name":"T. R.","image":{"@type":"ImageObject","inLanguage":"es-DO","@id":"https:\/\/infoelnuevonorte.com\/#\/schema\/person\/image\/","url":"https:\/\/secure.gravatar.com\/avatar\/40543a038bda97abdb765b1662e9677d?s=96&d=robohash&r=g","contentUrl":"https:\/\/secure.gravatar.com\/avatar\/40543a038bda97abdb765b1662e9677d?s=96&d=robohash&r=g","caption":"T. R."},"url":"https:\/\/infoelnuevonorte.com\/?author=2"}]}},"_links":{"self":[{"href":"https:\/\/infoelnuevonorte.com\/index.php?rest_route=\/wp\/v2\/posts\/38006"}],"collection":[{"href":"https:\/\/infoelnuevonorte.com\/index.php?rest_route=\/wp\/v2\/posts"}],"about":[{"href":"https:\/\/infoelnuevonorte.com\/index.php?rest_route=\/wp\/v2\/types\/post"}],"author":[{"embeddable":true,"href":"https:\/\/infoelnuevonorte.com\/index.php?rest_route=\/wp\/v2\/users\/2"}],"replies":[{"embeddable":true,"href":"https:\/\/infoelnuevonorte.com\/index.php?rest_route=%2Fwp%2Fv2%2Fcomments&post=38006"}],"version-history":[{"count":0,"href":"https:\/\/infoelnuevonorte.com\/index.php?rest_route=\/wp\/v2\/posts\/38006\/revisions"}],"wp:attachment":[{"href":"https:\/\/infoelnuevonorte.com\/index.php?rest_route=%2Fwp%2Fv2%2Fmedia&parent=38006"}],"wp:term":[{"taxonomy":"category","embeddable":true,"href":"https:\/\/infoelnuevonorte.com\/index.php?rest_route=%2Fwp%2Fv2%2Fcategories&post=38006"},{"taxonomy":"post_tag","embeddable":true,"href":"https:\/\/infoelnuevonorte.com\/index.php?rest_route=%2Fwp%2Fv2%2Ftags&post=38006"}],"curies":[{"name":"wp","href":"https:\/\/api.w.org\/{rel}","templated":true}]}}