{"id":38749,"date":"2024-07-27T17:53:34","date_gmt":"2024-07-27T21:53:34","guid":{"rendered":"https:\/\/infoelnuevonorte.com\/?p=38749"},"modified":"2024-07-27T17:53:35","modified_gmt":"2024-07-27T21:53:35","slug":"video-el-merenguero-bonny-cepeda-aclara-su-supuesto-desmayo-durante-un-concierto-en-colombia","status":"publish","type":"post","link":"https:\/\/infoelnuevonorte.com\/?p=38749","title":{"rendered":"VIDEO | El merenguero Bonny Cepeda aclara su supuesto desmayo durante un concierto en Colombia"},"content":{"rendered":"<!--[if lt IE 9]><script>document.createElement('audio');<\/script><![endif]-->\n<audio class=\"wp-audio-shortcode\" id=\"audio-38749-1\" preload=\"none\" style=\"width: 100%;\" controls=\"controls\"><source type=\"audio\/mpeg\" src=\"https:\/\/infoelnuevonorte.com\/wp-content\/uploads\/2024\/07\/ttsmaker-vip-file-2024-7-27-17-53-11.mp3?_=1\" \/><a href=\"https:\/\/infoelnuevonorte.com\/wp-content\/uploads\/2024\/07\/ttsmaker-vip-file-2024-7-27-17-53-11.mp3\">https:\/\/infoelnuevonorte.com\/wp-content\/uploads\/2024\/07\/ttsmaker-vip-file-2024-7-27-17-53-11.mp3<\/a><\/audio>\n<p style=\"text-align: justify\">El\u00a0<strong>merenguero<\/strong>\u00a0dominicano\u00a0<strong>Bonny Cepeda<\/strong>, quien se encuentra en el ojo de las cr\u00edticas tras cantar en actos p\u00fablicos durante la campa\u00f1a por la reelecci\u00f3n presidencial de Nicol\u00e1s Maduro, se refiri\u00f3 a una fotograf\u00eda donde se le ve en una camilla de ambulancia, luego de sufrir un supuesto\u00a0<strong>desmayo<\/strong>\u00a0en un concierto en Barranquilla, Colombia.<\/p>\n<p style=\"text-align: justify\">A trav\u00e9s de sus\u00a0<strong>redes sociales<\/strong>\u00a0el tambi\u00e9n viceministro de Cultura de la Rep\u00fablica Dominicana, aclar\u00f3 que la imagen no es actual, sino de hace 3 a\u00f1os, y a\u00f1adi\u00f3 que se encuentra en perfecto estado de\u00a0<strong>salud<\/strong>.<\/p>\n<p style=\"text-align: justify\">\"No se lleven mucho de las redes. Sufr\u00ed un leve\u00a0<strong>desmayo<\/strong>, mi manager por precauci\u00f3n hizo que me evaluaran en una ambulancia que se coloca para estos eventos masivos, (nunca perd\u00ed la conciencia). No s\u00e9 cu\u00e1l es la intenci\u00f3n de publicar esta foto de a\u00f1os atr\u00e1s\".<\/p>\n<p style=\"text-align: justify\">En un\u00a0<strong>video<\/strong>\u00a0donde se le ve caminando mientras habla a su p\u00fablico\u00a0<strong>v\u00eda su<\/strong>\u00a0celular, agradeci\u00f3 las preocupaciones.<\/p>\n<p style=\"text-align: justify\">\"Soy humano y puedo sufrir problemas de\u00a0<strong>salud<\/strong>, gracias a mis amigos, familiares y fans por sus preocupaciones, estar\u00e9 este fin de semana en Puerto Rico, en un\u00a0<strong>media tour<\/strong> de antesala a mi aniversario, donde habr\u00e1 invitados de Rep\u00fablica Dominicana y Puerto Rico\".<\/p>\n<h2 style=\"text-align: justify\"><strong>M\u00e1s<\/strong><\/h2>\n<p style=\"text-align: justify\">En una publicaci\u00f3n de un\u00a0<strong>medio<\/strong>\u00a0que se hizo eco de su supuesto\u00a0<strong>desmayo<\/strong>, el artista aclar\u00f3 lo siguiente: \"No me desmay\u00e9, eso es falso, solo sent\u00ed mucho calor y me mov\u00ed a la guagua para refrescarme, el\u00a0<strong>video<\/strong>\u00a0no corresponde al d\u00eda del evento de Charallave\", se\u00f1al\u00f3 sobre el episodio sucedido en el pasado.<\/p>\n","protected":false},"excerpt":{"rendered":"<p>El\u00a0merenguero\u00a0dominicano\u00a0Bonny Cepeda, quien se encuentra en el ojo de las cr\u00edticas tras cantar en actos p\u00fablicos durante la campa\u00f1a por la reelecci\u00f3n presidencial de Nicol\u00e1s Maduro, se refiri\u00f3 a una fotograf\u00eda donde se le ve en una camilla de ambulancia, luego de sufrir un supuesto\u00a0desmayo\u00a0en un concierto en Barranquilla, Colombia. A trav\u00e9s de sus\u00a0redes sociales\u00a0el [&hellip;]<\/p>\n","protected":false},"author":2,"featured_media":0,"comment_status":"closed","ping_status":"open","sticky":false,"template":"","format":"standard","meta":{"footnotes":""},"categories":[11,12],"tags":[],"yoast_head":"<!-- This site is optimized with the Yoast SEO plugin v24.5 - https:\/\/yoast.com\/wordpress\/plugins\/seo\/ -->\n<title>VIDEO | El merenguero Bonny Cepeda aclara su supuesto desmayo durante un concierto en Colombia | El Nuevo Norte<\/title>\n<meta name=\"robots\" content=\"index, follow, max-snippet:-1, max-image-preview:large, max-video-preview:-1\" \/>\n<link rel=\"canonical\" href=\"https:\/\/infoelnuevonorte.com\/?p=38749\" \/>\n<meta property=\"og:locale\" content=\"es_ES\" \/>\n<meta property=\"og:type\" content=\"article\" \/>\n<meta property=\"og:title\" content=\"VIDEO | El merenguero Bonny Cepeda aclara su supuesto desmayo durante un concierto en Colombia | El Nuevo Norte\" \/>\n<meta property=\"og:description\" content=\"El\u00a0merenguero\u00a0dominicano\u00a0Bonny Cepeda, quien se encuentra en el ojo de las cr\u00edticas tras cantar en actos p\u00fablicos durante la campa\u00f1a por la reelecci\u00f3n presidencial de Nicol\u00e1s Maduro, se refiri\u00f3 a una fotograf\u00eda donde se le ve en una camilla de ambulancia, luego de sufrir un supuesto\u00a0desmayo\u00a0en un concierto en Barranquilla, Colombia. A trav\u00e9s de sus\u00a0redes sociales\u00a0el [&hellip;]\" \/>\n<meta property=\"og:url\" content=\"https:\/\/infoelnuevonorte.com\/?p=38749\" \/>\n<meta property=\"og:site_name\" content=\"El Nuevo Norte\" \/>\n<meta property=\"article:publisher\" content=\"https:\/\/www.facebook.com\/infoenn\" \/>\n<meta property=\"article:published_time\" content=\"2024-07-27T21:53:34+00:00\" \/>\n<meta property=\"article:modified_time\" content=\"2024-07-27T21:53:35+00:00\" \/>\n<meta property=\"og:image\" content=\"https:\/\/infoelnuevonorte.com\/wp-content\/uploads\/2024\/07\/descarga-2024-07-27T175154.736-1024x821.png\" \/>\n\t<meta property=\"og:image:width\" content=\"1024\" \/>\n\t<meta property=\"og:image:height\" content=\"821\" \/>\n\t<meta property=\"og:image:type\" content=\"image\/png\" \/>\n<meta name=\"author\" content=\"T. R.\" \/>\n<meta name=\"twitter:card\" content=\"summary_large_image\" \/>\n<meta name=\"twitter:creator\" content=\"@Elnuevo_norte\" \/>\n<meta name=\"twitter:site\" content=\"@Elnuevo_norte\" \/>\n<meta name=\"twitter:label1\" content=\"Written by\" \/>\n\t<meta name=\"twitter:data1\" content=\"T. R.\" \/>\n\t<meta name=\"twitter:label2\" content=\"Est. reading time\" \/>\n\t<meta name=\"twitter:data2\" content=\"2 minutos\" \/>\n<script type=\"application\/ld+json\" class=\"yoast-schema-graph\">{\"@context\":\"https:\/\/schema.org\",\"@graph\":[{\"@type\":\"Article\",\"@id\":\"https:\/\/infoelnuevonorte.com\/?p=38749#article\",\"isPartOf\":{\"@id\":\"https:\/\/infoelnuevonorte.com\/?p=38749\"},\"author\":{\"name\":\"T. R.\",\"@id\":\"https:\/\/infoelnuevonorte.com\/#\/schema\/person\/3accb35eb55f55e96c492b52d085a403\"},\"headline\":\"VIDEO | El merenguero Bonny Cepeda aclara su supuesto desmayo durante un concierto en Colombia\",\"datePublished\":\"2024-07-27T21:53:34+00:00\",\"dateModified\":\"2024-07-27T21:53:35+00:00\",\"mainEntityOfPage\":{\"@id\":\"https:\/\/infoelnuevonorte.com\/?p=38749\"},\"wordCount\":308,\"publisher\":{\"@id\":\"https:\/\/infoelnuevonorte.com\/#organization\"},\"articleSection\":[\"Entretenimiento\",\"Musica &amp; Far\u00e1ndula\"],\"inLanguage\":\"es-DO\"},{\"@type\":\"WebPage\",\"@id\":\"https:\/\/infoelnuevonorte.com\/?p=38749\",\"url\":\"https:\/\/infoelnuevonorte.com\/?p=38749\",\"name\":\"VIDEO | El merenguero Bonny Cepeda aclara su supuesto desmayo durante un concierto en Colombia | El Nuevo Norte\",\"isPartOf\":{\"@id\":\"https:\/\/infoelnuevonorte.com\/#website\"},\"datePublished\":\"2024-07-27T21:53:34+00:00\",\"dateModified\":\"2024-07-27T21:53:35+00:00\",\"breadcrumb\":{\"@id\":\"https:\/\/infoelnuevonorte.com\/?p=38749#breadcrumb\"},\"inLanguage\":\"es-DO\",\"potentialAction\":[{\"@type\":\"ReadAction\",\"target\":[\"https:\/\/infoelnuevonorte.com\/?p=38749\"]}]},{\"@type\":\"BreadcrumbList\",\"@id\":\"https:\/\/infoelnuevonorte.com\/?p=38749#breadcrumb\",\"itemListElement\":[{\"@type\":\"ListItem\",\"position\":1,\"name\":\"Home\",\"item\":\"https:\/\/infoelnuevonorte.com\/\"},{\"@type\":\"ListItem\",\"position\":2,\"name\":\"VIDEO | El merenguero Bonny Cepeda aclara su supuesto desmayo durante un concierto en Colombia\"}]},{\"@type\":\"WebSite\",\"@id\":\"https:\/\/infoelnuevonorte.com\/#website\",\"url\":\"https:\/\/infoelnuevonorte.com\/\",\"name\":\"InfoEnn\",\"description\":\"Tu Voz, tu Verdad, tu Diario!!!\",\"publisher\":{\"@id\":\"https:\/\/infoelnuevonorte.com\/#organization\"},\"alternateName\":\"El Nuevo Norte\",\"potentialAction\":[{\"@type\":\"SearchAction\",\"target\":{\"@type\":\"EntryPoint\",\"urlTemplate\":\"https:\/\/infoelnuevonorte.com\/?s={search_term_string}\"},\"query-input\":{\"@type\":\"PropertyValueSpecification\",\"valueRequired\":true,\"valueName\":\"search_term_string\"}}],\"inLanguage\":\"es-DO\"},{\"@type\":\"Organization\",\"@id\":\"https:\/\/infoelnuevonorte.com\/#organization\",\"name\":\"Info El Nuevo Norte\",\"alternateName\":\"El Nuevo Norte\",\"url\":\"https:\/\/infoelnuevonorte.com\/\",\"logo\":{\"@type\":\"ImageObject\",\"inLanguage\":\"es-DO\",\"@id\":\"https:\/\/infoelnuevonorte.com\/#\/schema\/logo\/image\/\",\"url\":\"https:\/\/infoelnuevonorte.com\/wp-content\/uploads\/2026\/02\/Logo-Info-enn-3d-20ani.jpeg\",\"contentUrl\":\"https:\/\/infoelnuevonorte.com\/wp-content\/uploads\/2026\/02\/Logo-Info-enn-3d-20ani.jpeg\",\"width\":2046,\"height\":736,\"caption\":\"Info El Nuevo Norte\"},\"image\":{\"@id\":\"https:\/\/infoelnuevonorte.com\/#\/schema\/logo\/image\/\"},\"sameAs\":[\"https:\/\/www.facebook.com\/infoenn\",\"https:\/\/x.com\/Elnuevo_norte\",\"https:\/\/www.instagram.com\/infoenn\",\"https:\/\/www.facebook.com\/ENNRD\"]},{\"@type\":\"Person\",\"@id\":\"https:\/\/infoelnuevonorte.com\/#\/schema\/person\/3accb35eb55f55e96c492b52d085a403\",\"name\":\"T. R.\",\"image\":{\"@type\":\"ImageObject\",\"inLanguage\":\"es-DO\",\"@id\":\"https:\/\/infoelnuevonorte.com\/#\/schema\/person\/image\/\",\"url\":\"https:\/\/secure.gravatar.com\/avatar\/40543a038bda97abdb765b1662e9677d?s=96&d=robohash&r=g\",\"contentUrl\":\"https:\/\/secure.gravatar.com\/avatar\/40543a038bda97abdb765b1662e9677d?s=96&d=robohash&r=g\",\"caption\":\"T. R.\"},\"url\":\"https:\/\/infoelnuevonorte.com\/?author=2\"}]}<\/script>\n<!-- \/ Yoast SEO plugin. -->","yoast_head_json":{"title":"VIDEO | El merenguero Bonny Cepeda aclara su supuesto desmayo durante un concierto en Colombia | El Nuevo Norte","robots":{"index":"index","follow":"follow","max-snippet":"max-snippet:-1","max-image-preview":"max-image-preview:large","max-video-preview":"max-video-preview:-1"},"canonical":"https:\/\/infoelnuevonorte.com\/?p=38749","og_locale":"es_ES","og_type":"article","og_title":"VIDEO | El merenguero Bonny Cepeda aclara su supuesto desmayo durante un concierto en Colombia | El Nuevo Norte","og_description":"El\u00a0merenguero\u00a0dominicano\u00a0Bonny Cepeda, quien se encuentra en el ojo de las cr\u00edticas tras cantar en actos p\u00fablicos durante la campa\u00f1a por la reelecci\u00f3n presidencial de Nicol\u00e1s Maduro, se refiri\u00f3 a una fotograf\u00eda donde se le ve en una camilla de ambulancia, luego de sufrir un supuesto\u00a0desmayo\u00a0en un concierto en Barranquilla, Colombia. A trav\u00e9s de sus\u00a0redes sociales\u00a0el [&hellip;]","og_url":"https:\/\/infoelnuevonorte.com\/?p=38749","og_site_name":"El Nuevo Norte","article_publisher":"https:\/\/www.facebook.com\/infoenn","article_published_time":"2024-07-27T21:53:34+00:00","article_modified_time":"2024-07-27T21:53:35+00:00","og_image":[{"width":1024,"height":821,"url":"https:\/\/infoelnuevonorte.com\/wp-content\/uploads\/2024\/07\/descarga-2024-07-27T175154.736-1024x821.png","type":"image\/png"}],"author":"T. R.","twitter_card":"summary_large_image","twitter_creator":"@Elnuevo_norte","twitter_site":"@Elnuevo_norte","twitter_misc":{"Written by":"T. R.","Est. reading time":"2 minutos"},"schema":{"@context":"https:\/\/schema.org","@graph":[{"@type":"Article","@id":"https:\/\/infoelnuevonorte.com\/?p=38749#article","isPartOf":{"@id":"https:\/\/infoelnuevonorte.com\/?p=38749"},"author":{"name":"T. R.","@id":"https:\/\/infoelnuevonorte.com\/#\/schema\/person\/3accb35eb55f55e96c492b52d085a403"},"headline":"VIDEO | El merenguero Bonny Cepeda aclara su supuesto desmayo durante un concierto en Colombia","datePublished":"2024-07-27T21:53:34+00:00","dateModified":"2024-07-27T21:53:35+00:00","mainEntityOfPage":{"@id":"https:\/\/infoelnuevonorte.com\/?p=38749"},"wordCount":308,"publisher":{"@id":"https:\/\/infoelnuevonorte.com\/#organization"},"articleSection":["Entretenimiento","Musica &amp; Far\u00e1ndula"],"inLanguage":"es-DO"},{"@type":"WebPage","@id":"https:\/\/infoelnuevonorte.com\/?p=38749","url":"https:\/\/infoelnuevonorte.com\/?p=38749","name":"VIDEO | El merenguero Bonny Cepeda aclara su supuesto desmayo durante un concierto en Colombia | El Nuevo Norte","isPartOf":{"@id":"https:\/\/infoelnuevonorte.com\/#website"},"datePublished":"2024-07-27T21:53:34+00:00","dateModified":"2024-07-27T21:53:35+00:00","breadcrumb":{"@id":"https:\/\/infoelnuevonorte.com\/?p=38749#breadcrumb"},"inLanguage":"es-DO","potentialAction":[{"@type":"ReadAction","target":["https:\/\/infoelnuevonorte.com\/?p=38749"]}]},{"@type":"BreadcrumbList","@id":"https:\/\/infoelnuevonorte.com\/?p=38749#breadcrumb","itemListElement":[{"@type":"ListItem","position":1,"name":"Home","item":"https:\/\/infoelnuevonorte.com\/"},{"@type":"ListItem","position":2,"name":"VIDEO | El merenguero Bonny Cepeda aclara su supuesto desmayo durante un concierto en Colombia"}]},{"@type":"WebSite","@id":"https:\/\/infoelnuevonorte.com\/#website","url":"https:\/\/infoelnuevonorte.com\/","name":"InfoEnn","description":"Tu Voz, tu Verdad, tu Diario!!!","publisher":{"@id":"https:\/\/infoelnuevonorte.com\/#organization"},"alternateName":"El Nuevo Norte","potentialAction":[{"@type":"SearchAction","target":{"@type":"EntryPoint","urlTemplate":"https:\/\/infoelnuevonorte.com\/?s={search_term_string}"},"query-input":{"@type":"PropertyValueSpecification","valueRequired":true,"valueName":"search_term_string"}}],"inLanguage":"es-DO"},{"@type":"Organization","@id":"https:\/\/infoelnuevonorte.com\/#organization","name":"Info El Nuevo Norte","alternateName":"El Nuevo Norte","url":"https:\/\/infoelnuevonorte.com\/","logo":{"@type":"ImageObject","inLanguage":"es-DO","@id":"https:\/\/infoelnuevonorte.com\/#\/schema\/logo\/image\/","url":"https:\/\/infoelnuevonorte.com\/wp-content\/uploads\/2026\/02\/Logo-Info-enn-3d-20ani.jpeg","contentUrl":"https:\/\/infoelnuevonorte.com\/wp-content\/uploads\/2026\/02\/Logo-Info-enn-3d-20ani.jpeg","width":2046,"height":736,"caption":"Info El Nuevo Norte"},"image":{"@id":"https:\/\/infoelnuevonorte.com\/#\/schema\/logo\/image\/"},"sameAs":["https:\/\/www.facebook.com\/infoenn","https:\/\/x.com\/Elnuevo_norte","https:\/\/www.instagram.com\/infoenn","https:\/\/www.facebook.com\/ENNRD"]},{"@type":"Person","@id":"https:\/\/infoelnuevonorte.com\/#\/schema\/person\/3accb35eb55f55e96c492b52d085a403","name":"T. R.","image":{"@type":"ImageObject","inLanguage":"es-DO","@id":"https:\/\/infoelnuevonorte.com\/#\/schema\/person\/image\/","url":"https:\/\/secure.gravatar.com\/avatar\/40543a038bda97abdb765b1662e9677d?s=96&d=robohash&r=g","contentUrl":"https:\/\/secure.gravatar.com\/avatar\/40543a038bda97abdb765b1662e9677d?s=96&d=robohash&r=g","caption":"T. R."},"url":"https:\/\/infoelnuevonorte.com\/?author=2"}]}},"_links":{"self":[{"href":"https:\/\/infoelnuevonorte.com\/index.php?rest_route=\/wp\/v2\/posts\/38749"}],"collection":[{"href":"https:\/\/infoelnuevonorte.com\/index.php?rest_route=\/wp\/v2\/posts"}],"about":[{"href":"https:\/\/infoelnuevonorte.com\/index.php?rest_route=\/wp\/v2\/types\/post"}],"author":[{"embeddable":true,"href":"https:\/\/infoelnuevonorte.com\/index.php?rest_route=\/wp\/v2\/users\/2"}],"replies":[{"embeddable":true,"href":"https:\/\/infoelnuevonorte.com\/index.php?rest_route=%2Fwp%2Fv2%2Fcomments&post=38749"}],"version-history":[{"count":0,"href":"https:\/\/infoelnuevonorte.com\/index.php?rest_route=\/wp\/v2\/posts\/38749\/revisions"}],"wp:attachment":[{"href":"https:\/\/infoelnuevonorte.com\/index.php?rest_route=%2Fwp%2Fv2%2Fmedia&parent=38749"}],"wp:term":[{"taxonomy":"category","embeddable":true,"href":"https:\/\/infoelnuevonorte.com\/index.php?rest_route=%2Fwp%2Fv2%2Fcategories&post=38749"},{"taxonomy":"post_tag","embeddable":true,"href":"https:\/\/infoelnuevonorte.com\/index.php?rest_route=%2Fwp%2Fv2%2Ftags&post=38749"}],"curies":[{"name":"wp","href":"https:\/\/api.w.org\/{rel}","templated":true}]}}