{"id":3880,"date":"2023-11-04T06:45:07","date_gmt":"2023-11-04T10:45:07","guid":{"rendered":"https:\/\/infoelnuevonorte.com\/?p=3880"},"modified":"2023-11-04T06:45:10","modified_gmt":"2023-11-04T10:45:10","slug":"proindustria-anuncia-tercera-edicion-de-la-feria-de-innovacion-y-emprendimiento-2023","status":"publish","type":"post","link":"https:\/\/infoelnuevonorte.com\/?p=3880","title":{"rendered":"Proindustria anuncia tercera edici\u00f3n de la \u201cFeria de Innovaci\u00f3n y Emprendimiento 2023\u201d"},"content":{"rendered":"<p><strong>Santiago.-\u00a0<\/strong>El Centro de Desarrollo y Competitividad Industrial (Proindustria), anunci\u00f3 este mi\u00e9rcoles la tercera edici\u00f3n de la \u201cFeria de Innovaci\u00f3n y Emprendimiento 2023\u201d, actividad que constituye una gran oportunidad para empoderar a j\u00f3venes en nuevas competencias, y difundir la aplicaci\u00f3n de conocimientos, habilidades y herramientas del \u00e1mbito de la innovaci\u00f3n y la creatividad industrial.<\/p>\n<p>El evento se realizar\u00e1 durante los d\u00edas mi\u00e9rcoles 8, jueves 9 y viernes 10 de noviembre, en los jardines del Gran Teatro del Cibao. As\u00ed lo dio a conocer la instituci\u00f3n en un encuentro con medios de comunicaci\u00f3n encabezado por su director general, Ulises Rodr\u00edguez, y celebrado en el Sal\u00f3n de Capacitaciones de su sede central.<\/p>\n<p>Durante este periodo, se exhibir\u00e1n unos 70 proyectos, entre ellos de energ\u00eda alternativa, m\u00e1quinas de uso industrial, l\u00ednea de empaque autom\u00e1tico y reducci\u00f3n de consumo energ\u00e9tico: \u201cExhortamos a la poblaci\u00f3n, los innovadores y emprendedores a que se den cita en esta Feria, porque representa una magn\u00edfica oportunidad de desarrollo humano y empresarial, a que no se pierdan este gran acontecimiento\u201d, destac\u00f3 Rodr\u00edguez.<\/p>\n<p>Esta iniciativa pretende llegar a emprendedores e industrias de toda la geograf\u00eda nacional, que tengan proyectos y soluciones de alto impacto, que favorezcan el desarrollo y modernizaci\u00f3n del aparato productivo nacional.<\/p>\n<p>\u201cEsta feria tiene una gran particularidad, y es que es una feria donde se van a presentar proyectos innovadores que en su gran mayor\u00eda tienen un componente tecnol\u00f3gico que presentan una soluci\u00f3n para la industria manufacturera y soluciones para las problem\u00e1ticas comunes\u201d, a\u00f1adi\u00f3 Ilonka Acosta, directora de Apoyo a la Industria de\u00a0Proindustria.<\/p>\n<p>En el acto se inform\u00f3 que la tercera versi\u00f3n ser\u00e1 un escenario magn\u00edfico en el que participar\u00e1n inventores de prototipos, productos y servicios, emprendedores, expositores, universidades, acad\u00e9micos, profesionales, t\u00e9cnicos, empresarios, estudiantes y autoridades.<\/p>\n<p>Esta feria tiene el objetivo de fomentar la innovaci\u00f3n de las micros, peque\u00f1as, medianas y grandes empresas: En esta tercera entrega ser\u00e1n presentados proyectos de tecnolog\u00eda, nuevas patentes de invenci\u00f3n, entre otros.<\/p>\n<p>Se espera que la participaci\u00f3n de expositores, supere la de a\u00f1os anteriores con destacados conferencistas, acad\u00e9micos y entidades gubernamentales.<\/p>\n<p>La Feria de Innovaci\u00f3n y Emprendimiento organizada por\u00a0Proindustria, es una plataforma de gran solidez, montada en grado m\u00e1ximo de exigencia de las principales caracter\u00edsticas de la gesti\u00f3n de proyectos en Santiago y el resto del territorio dominicano.<\/p>\n","protected":false},"excerpt":{"rendered":"<p>Santiago.-\u00a0El Centro de Desarrollo y Competitividad Industrial (Proindustria), anunci\u00f3 este mi\u00e9rcoles la tercera edici\u00f3n de la \u201cFeria de Innovaci\u00f3n y Emprendimiento 2023\u201d, actividad que constituye una gran oportunidad para empoderar a j\u00f3venes en nuevas competencias, y difundir la aplicaci\u00f3n de conocimientos, habilidades y herramientas del \u00e1mbito de la innovaci\u00f3n y la creatividad industrial. El evento [&hellip;]<\/p>\n","protected":false},"author":1,"featured_media":0,"comment_status":"closed","ping_status":"open","sticky":false,"template":"","format":"standard","meta":{"footnotes":""},"categories":[2,15],"tags":[],"yoast_head":"<!-- This site is optimized with the Yoast SEO plugin v24.5 - https:\/\/yoast.com\/wordpress\/plugins\/seo\/ -->\n<title>Proindustria anuncia tercera edici\u00f3n de la \u201cFeria de Innovaci\u00f3n y Emprendimiento 2023\u201d | El Nuevo Norte<\/title>\n<meta name=\"robots\" content=\"index, follow, max-snippet:-1, max-image-preview:large, max-video-preview:-1\" \/>\n<link rel=\"canonical\" href=\"https:\/\/infoelnuevonorte.com\/?p=3880\" \/>\n<meta property=\"og:locale\" content=\"es_ES\" \/>\n<meta property=\"og:type\" content=\"article\" \/>\n<meta property=\"og:title\" content=\"Proindustria anuncia tercera edici\u00f3n de la \u201cFeria de Innovaci\u00f3n y Emprendimiento 2023\u201d | El Nuevo Norte\" \/>\n<meta property=\"og:description\" content=\"Santiago.-\u00a0El Centro de Desarrollo y Competitividad Industrial (Proindustria), anunci\u00f3 este mi\u00e9rcoles la tercera edici\u00f3n de la \u201cFeria de Innovaci\u00f3n y Emprendimiento 2023\u201d, actividad que constituye una gran oportunidad para empoderar a j\u00f3venes en nuevas competencias, y difundir la aplicaci\u00f3n de conocimientos, habilidades y herramientas del \u00e1mbito de la innovaci\u00f3n y la creatividad industrial. El evento [&hellip;]\" \/>\n<meta property=\"og:url\" content=\"https:\/\/infoelnuevonorte.com\/?p=3880\" \/>\n<meta property=\"og:site_name\" content=\"El Nuevo Norte\" \/>\n<meta property=\"article:publisher\" content=\"https:\/\/www.facebook.com\/infoenn\" \/>\n<meta property=\"article:published_time\" content=\"2023-11-04T10:45:07+00:00\" \/>\n<meta property=\"article:modified_time\" content=\"2023-11-04T10:45:10+00:00\" \/>\n<meta property=\"og:image\" content=\"https:\/\/infoelnuevonorte.com\/wp-content\/uploads\/2023\/11\/Proindustria.png\" \/>\n\t<meta property=\"og:image:width\" content=\"1024\" \/>\n\t<meta property=\"og:image:height\" content=\"768\" \/>\n\t<meta property=\"og:image:type\" content=\"image\/png\" \/>\n<meta name=\"author\" content=\"InfoEnn\" \/>\n<meta name=\"twitter:card\" content=\"summary_large_image\" \/>\n<meta name=\"twitter:creator\" content=\"@Elnuevo_norte\" \/>\n<meta name=\"twitter:site\" content=\"@Elnuevo_norte\" \/>\n<meta name=\"twitter:label1\" content=\"Written by\" \/>\n\t<meta name=\"twitter:data1\" content=\"InfoEnn\" \/>\n\t<meta name=\"twitter:label2\" content=\"Est. reading time\" \/>\n\t<meta name=\"twitter:data2\" content=\"2 minutos\" \/>\n<script type=\"application\/ld+json\" class=\"yoast-schema-graph\">{\"@context\":\"https:\/\/schema.org\",\"@graph\":[{\"@type\":\"Article\",\"@id\":\"https:\/\/infoelnuevonorte.com\/?p=3880#article\",\"isPartOf\":{\"@id\":\"https:\/\/infoelnuevonorte.com\/?p=3880\"},\"author\":{\"name\":\"InfoEnn\",\"@id\":\"https:\/\/infoelnuevonorte.com\/#\/schema\/person\/fd4f6d90afe41260818b4ea94ad8ab84\"},\"headline\":\"Proindustria anuncia tercera edici\u00f3n de la \u201cFeria de Innovaci\u00f3n y Emprendimiento 2023\u201d\",\"datePublished\":\"2023-11-04T10:45:07+00:00\",\"dateModified\":\"2023-11-04T10:45:10+00:00\",\"mainEntityOfPage\":{\"@id\":\"https:\/\/infoelnuevonorte.com\/?p=3880\"},\"wordCount\":433,\"publisher\":{\"@id\":\"https:\/\/infoelnuevonorte.com\/#organization\"},\"articleSection\":[\"Actualidad |\",\"Economicas\"],\"inLanguage\":\"es-DO\"},{\"@type\":\"WebPage\",\"@id\":\"https:\/\/infoelnuevonorte.com\/?p=3880\",\"url\":\"https:\/\/infoelnuevonorte.com\/?p=3880\",\"name\":\"Proindustria anuncia tercera edici\u00f3n de la \u201cFeria de Innovaci\u00f3n y Emprendimiento 2023\u201d | El Nuevo Norte\",\"isPartOf\":{\"@id\":\"https:\/\/infoelnuevonorte.com\/#website\"},\"datePublished\":\"2023-11-04T10:45:07+00:00\",\"dateModified\":\"2023-11-04T10:45:10+00:00\",\"breadcrumb\":{\"@id\":\"https:\/\/infoelnuevonorte.com\/?p=3880#breadcrumb\"},\"inLanguage\":\"es-DO\",\"potentialAction\":[{\"@type\":\"ReadAction\",\"target\":[\"https:\/\/infoelnuevonorte.com\/?p=3880\"]}]},{\"@type\":\"BreadcrumbList\",\"@id\":\"https:\/\/infoelnuevonorte.com\/?p=3880#breadcrumb\",\"itemListElement\":[{\"@type\":\"ListItem\",\"position\":1,\"name\":\"Home\",\"item\":\"https:\/\/infoelnuevonorte.com\/\"},{\"@type\":\"ListItem\",\"position\":2,\"name\":\"Proindustria anuncia tercera edici\u00f3n de la \u201cFeria de Innovaci\u00f3n y Emprendimiento 2023\u201d\"}]},{\"@type\":\"WebSite\",\"@id\":\"https:\/\/infoelnuevonorte.com\/#website\",\"url\":\"https:\/\/infoelnuevonorte.com\/\",\"name\":\"InfoEnn\",\"description\":\"Tu Voz, tu Verdad, tu Diario!!!\",\"publisher\":{\"@id\":\"https:\/\/infoelnuevonorte.com\/#organization\"},\"alternateName\":\"El Nuevo Norte\",\"potentialAction\":[{\"@type\":\"SearchAction\",\"target\":{\"@type\":\"EntryPoint\",\"urlTemplate\":\"https:\/\/infoelnuevonorte.com\/?s={search_term_string}\"},\"query-input\":{\"@type\":\"PropertyValueSpecification\",\"valueRequired\":true,\"valueName\":\"search_term_string\"}}],\"inLanguage\":\"es-DO\"},{\"@type\":\"Organization\",\"@id\":\"https:\/\/infoelnuevonorte.com\/#organization\",\"name\":\"Info El Nuevo Norte\",\"alternateName\":\"El Nuevo Norte\",\"url\":\"https:\/\/infoelnuevonorte.com\/\",\"logo\":{\"@type\":\"ImageObject\",\"inLanguage\":\"es-DO\",\"@id\":\"https:\/\/infoelnuevonorte.com\/#\/schema\/logo\/image\/\",\"url\":\"https:\/\/infoelnuevonorte.com\/wp-content\/uploads\/2026\/02\/Logo-Info-enn-3d-20ani.jpeg\",\"contentUrl\":\"https:\/\/infoelnuevonorte.com\/wp-content\/uploads\/2026\/02\/Logo-Info-enn-3d-20ani.jpeg\",\"width\":2046,\"height\":736,\"caption\":\"Info El Nuevo Norte\"},\"image\":{\"@id\":\"https:\/\/infoelnuevonorte.com\/#\/schema\/logo\/image\/\"},\"sameAs\":[\"https:\/\/www.facebook.com\/infoenn\",\"https:\/\/x.com\/Elnuevo_norte\",\"https:\/\/www.instagram.com\/infoenn\",\"https:\/\/www.facebook.com\/ENNRD\"]},{\"@type\":\"Person\",\"@id\":\"https:\/\/infoelnuevonorte.com\/#\/schema\/person\/fd4f6d90afe41260818b4ea94ad8ab84\",\"name\":\"InfoEnn\",\"image\":{\"@type\":\"ImageObject\",\"inLanguage\":\"es-DO\",\"@id\":\"https:\/\/infoelnuevonorte.com\/#\/schema\/person\/image\/\",\"url\":\"https:\/\/secure.gravatar.com\/avatar\/d4d760a41a48ba9db0a82bfb63bb0783?s=96&d=robohash&r=g\",\"contentUrl\":\"https:\/\/secure.gravatar.com\/avatar\/d4d760a41a48ba9db0a82bfb63bb0783?s=96&d=robohash&r=g\",\"caption\":\"InfoEnn\"},\"sameAs\":[\"https:\/\/infoelnuevonorte.com\"],\"url\":\"https:\/\/infoelnuevonorte.com\/?author=1\"}]}<\/script>\n<!-- \/ Yoast SEO plugin. -->","yoast_head_json":{"title":"Proindustria anuncia tercera edici\u00f3n de la \u201cFeria de Innovaci\u00f3n y Emprendimiento 2023\u201d | El Nuevo Norte","robots":{"index":"index","follow":"follow","max-snippet":"max-snippet:-1","max-image-preview":"max-image-preview:large","max-video-preview":"max-video-preview:-1"},"canonical":"https:\/\/infoelnuevonorte.com\/?p=3880","og_locale":"es_ES","og_type":"article","og_title":"Proindustria anuncia tercera edici\u00f3n de la \u201cFeria de Innovaci\u00f3n y Emprendimiento 2023\u201d | El Nuevo Norte","og_description":"Santiago.-\u00a0El Centro de Desarrollo y Competitividad Industrial (Proindustria), anunci\u00f3 este mi\u00e9rcoles la tercera edici\u00f3n de la \u201cFeria de Innovaci\u00f3n y Emprendimiento 2023\u201d, actividad que constituye una gran oportunidad para empoderar a j\u00f3venes en nuevas competencias, y difundir la aplicaci\u00f3n de conocimientos, habilidades y herramientas del \u00e1mbito de la innovaci\u00f3n y la creatividad industrial. El evento [&hellip;]","og_url":"https:\/\/infoelnuevonorte.com\/?p=3880","og_site_name":"El Nuevo Norte","article_publisher":"https:\/\/www.facebook.com\/infoenn","article_published_time":"2023-11-04T10:45:07+00:00","article_modified_time":"2023-11-04T10:45:10+00:00","og_image":[{"width":1024,"height":768,"url":"https:\/\/infoelnuevonorte.com\/wp-content\/uploads\/2023\/11\/Proindustria.png","type":"image\/png"}],"author":"InfoEnn","twitter_card":"summary_large_image","twitter_creator":"@Elnuevo_norte","twitter_site":"@Elnuevo_norte","twitter_misc":{"Written by":"InfoEnn","Est. reading time":"2 minutos"},"schema":{"@context":"https:\/\/schema.org","@graph":[{"@type":"Article","@id":"https:\/\/infoelnuevonorte.com\/?p=3880#article","isPartOf":{"@id":"https:\/\/infoelnuevonorte.com\/?p=3880"},"author":{"name":"InfoEnn","@id":"https:\/\/infoelnuevonorte.com\/#\/schema\/person\/fd4f6d90afe41260818b4ea94ad8ab84"},"headline":"Proindustria anuncia tercera edici\u00f3n de la \u201cFeria de Innovaci\u00f3n y Emprendimiento 2023\u201d","datePublished":"2023-11-04T10:45:07+00:00","dateModified":"2023-11-04T10:45:10+00:00","mainEntityOfPage":{"@id":"https:\/\/infoelnuevonorte.com\/?p=3880"},"wordCount":433,"publisher":{"@id":"https:\/\/infoelnuevonorte.com\/#organization"},"articleSection":["Actualidad |","Economicas"],"inLanguage":"es-DO"},{"@type":"WebPage","@id":"https:\/\/infoelnuevonorte.com\/?p=3880","url":"https:\/\/infoelnuevonorte.com\/?p=3880","name":"Proindustria anuncia tercera edici\u00f3n de la \u201cFeria de Innovaci\u00f3n y Emprendimiento 2023\u201d | El Nuevo Norte","isPartOf":{"@id":"https:\/\/infoelnuevonorte.com\/#website"},"datePublished":"2023-11-04T10:45:07+00:00","dateModified":"2023-11-04T10:45:10+00:00","breadcrumb":{"@id":"https:\/\/infoelnuevonorte.com\/?p=3880#breadcrumb"},"inLanguage":"es-DO","potentialAction":[{"@type":"ReadAction","target":["https:\/\/infoelnuevonorte.com\/?p=3880"]}]},{"@type":"BreadcrumbList","@id":"https:\/\/infoelnuevonorte.com\/?p=3880#breadcrumb","itemListElement":[{"@type":"ListItem","position":1,"name":"Home","item":"https:\/\/infoelnuevonorte.com\/"},{"@type":"ListItem","position":2,"name":"Proindustria anuncia tercera edici\u00f3n de la \u201cFeria de Innovaci\u00f3n y Emprendimiento 2023\u201d"}]},{"@type":"WebSite","@id":"https:\/\/infoelnuevonorte.com\/#website","url":"https:\/\/infoelnuevonorte.com\/","name":"InfoEnn","description":"Tu Voz, tu Verdad, tu Diario!!!","publisher":{"@id":"https:\/\/infoelnuevonorte.com\/#organization"},"alternateName":"El Nuevo Norte","potentialAction":[{"@type":"SearchAction","target":{"@type":"EntryPoint","urlTemplate":"https:\/\/infoelnuevonorte.com\/?s={search_term_string}"},"query-input":{"@type":"PropertyValueSpecification","valueRequired":true,"valueName":"search_term_string"}}],"inLanguage":"es-DO"},{"@type":"Organization","@id":"https:\/\/infoelnuevonorte.com\/#organization","name":"Info El Nuevo Norte","alternateName":"El Nuevo Norte","url":"https:\/\/infoelnuevonorte.com\/","logo":{"@type":"ImageObject","inLanguage":"es-DO","@id":"https:\/\/infoelnuevonorte.com\/#\/schema\/logo\/image\/","url":"https:\/\/infoelnuevonorte.com\/wp-content\/uploads\/2026\/02\/Logo-Info-enn-3d-20ani.jpeg","contentUrl":"https:\/\/infoelnuevonorte.com\/wp-content\/uploads\/2026\/02\/Logo-Info-enn-3d-20ani.jpeg","width":2046,"height":736,"caption":"Info El Nuevo Norte"},"image":{"@id":"https:\/\/infoelnuevonorte.com\/#\/schema\/logo\/image\/"},"sameAs":["https:\/\/www.facebook.com\/infoenn","https:\/\/x.com\/Elnuevo_norte","https:\/\/www.instagram.com\/infoenn","https:\/\/www.facebook.com\/ENNRD"]},{"@type":"Person","@id":"https:\/\/infoelnuevonorte.com\/#\/schema\/person\/fd4f6d90afe41260818b4ea94ad8ab84","name":"InfoEnn","image":{"@type":"ImageObject","inLanguage":"es-DO","@id":"https:\/\/infoelnuevonorte.com\/#\/schema\/person\/image\/","url":"https:\/\/secure.gravatar.com\/avatar\/d4d760a41a48ba9db0a82bfb63bb0783?s=96&d=robohash&r=g","contentUrl":"https:\/\/secure.gravatar.com\/avatar\/d4d760a41a48ba9db0a82bfb63bb0783?s=96&d=robohash&r=g","caption":"InfoEnn"},"sameAs":["https:\/\/infoelnuevonorte.com"],"url":"https:\/\/infoelnuevonorte.com\/?author=1"}]}},"_links":{"self":[{"href":"https:\/\/infoelnuevonorte.com\/index.php?rest_route=\/wp\/v2\/posts\/3880"}],"collection":[{"href":"https:\/\/infoelnuevonorte.com\/index.php?rest_route=\/wp\/v2\/posts"}],"about":[{"href":"https:\/\/infoelnuevonorte.com\/index.php?rest_route=\/wp\/v2\/types\/post"}],"author":[{"embeddable":true,"href":"https:\/\/infoelnuevonorte.com\/index.php?rest_route=\/wp\/v2\/users\/1"}],"replies":[{"embeddable":true,"href":"https:\/\/infoelnuevonorte.com\/index.php?rest_route=%2Fwp%2Fv2%2Fcomments&post=3880"}],"version-history":[{"count":0,"href":"https:\/\/infoelnuevonorte.com\/index.php?rest_route=\/wp\/v2\/posts\/3880\/revisions"}],"wp:attachment":[{"href":"https:\/\/infoelnuevonorte.com\/index.php?rest_route=%2Fwp%2Fv2%2Fmedia&parent=3880"}],"wp:term":[{"taxonomy":"category","embeddable":true,"href":"https:\/\/infoelnuevonorte.com\/index.php?rest_route=%2Fwp%2Fv2%2Fcategories&post=3880"},{"taxonomy":"post_tag","embeddable":true,"href":"https:\/\/infoelnuevonorte.com\/index.php?rest_route=%2Fwp%2Fv2%2Ftags&post=3880"}],"curies":[{"name":"wp","href":"https:\/\/api.w.org\/{rel}","templated":true}]}}