{"id":38823,"date":"2024-07-28T09:34:09","date_gmt":"2024-07-28T13:34:09","guid":{"rendered":"https:\/\/infoelnuevonorte.com\/?p=38823"},"modified":"2024-07-28T09:34:12","modified_gmt":"2024-07-28T13:34:12","slug":"republica-dominicana-rinde-homenaje-a-los-padres-en-su-dia-especial","status":"publish","type":"post","link":"https:\/\/infoelnuevonorte.com\/?p=38823","title":{"rendered":"Rep\u00fablica Dominicana rinde homenaje a los padres en su d\u00eda especial"},"content":{"rendered":"<!--[if lt IE 9]><script>document.createElement('audio');<\/script><![endif]-->\n<audio class=\"wp-audio-shortcode\" id=\"audio-38823-1\" preload=\"none\" style=\"width: 100%;\" controls=\"controls\"><source type=\"audio\/mpeg\" src=\"https:\/\/infoelnuevonorte.com\/wp-content\/uploads\/2024\/07\/ttsmaker-vip-file-2024-7-28-9-32-29.mp3?_=1\" \/><a href=\"https:\/\/infoelnuevonorte.com\/wp-content\/uploads\/2024\/07\/ttsmaker-vip-file-2024-7-28-9-32-29.mp3\">https:\/\/infoelnuevonorte.com\/wp-content\/uploads\/2024\/07\/ttsmaker-vip-file-2024-7-28-9-32-29.mp3<\/a><\/audio>\n<p class=\"wp-block-heading\" style=\"text-align: justify;\"><strong>El D\u00eda del Padre en Rep\u00fablica Dominicana<\/strong> se celebra todos los a\u00f1os el \u00faltimo domingo de julio. Es una fecha conmemorativa que rinde homenaje a los padres de familia: padrastros, padres adoptivos, t\u00edos, abuelos o padrinos. Es una tributo a esos hombres que desempe\u00f1an un papel fundamental en la vida de los hijos.<\/p>\n<p style=\"text-align: justify;\">Lo cierto es que tener una figura paterna es un pilar en el desarrollo <strong>emocional, social y cognitivo de los ni\u00f1o<\/strong>s.<\/p>\n<p style=\"text-align: justify;\">Aquellos que carecen de este modelo protector tienden a desarrollar traumas de soledad, mal comportamiento, depresi\u00f3n, problemas para mantener relaciones cercanas, entre otros, seg\u00fan destaca la\u00a0Integraci\u00f3n Acad\u00e9mica en Psicolog\u00eda.<\/p>\n<p style=\"text-align: justify;\">Y una investigaci\u00f3n realizada por esta organizaci\u00f3n, demuestra que los ni\u00f1os que viven con sus padres tienen un mejor estilo de vida que se refleja en el desarrollo emocional.<\/p>\n<p style=\"text-align: justify;\">Los hijos de padres que cuidan y se preocupan por ellos, tienen mayor coeficiente intelectual con mejores capacidades ling\u00fc\u00edsticas y habilidades verbales. Estos beneficios se extienden a la adolescencia y la edad adulta.<\/p>\n<h3 style=\"text-align: justify;\"><strong>Aspectos en que influyen los padres<\/strong><\/h3>\n<p style=\"text-align: justify;\"><strong>Modelo a seguir:<\/strong>\u00a0los padres son como un manual para sus hijos, un referente para crecer. Desde una edad temprana, los ni\u00f1os observan y aprenden de sus padres. Los comportamientos, valores y actitudes de esta figura masculina influyen directamente en la personalidad que un ni\u00f1o desarrolla.<\/p>\n<p style=\"text-align: justify;\">Un padre amoroso, responsable y comprometido cr\u00eda ni\u00f1os sanos y seguros emocionalmente, mientras que uno ausente puede propiciar vac\u00edos emocionales en la vida de sus peque\u00f1os que en futuro se convertir\u00e1n en dudas, desconfianza, ansiedad y dificultad para mantener relaciones con las dem\u00e1s personas.<\/p>\n<p style=\"text-align: justify;\"><strong>Apoyo emocional y afectivo:\u00a0<\/strong>la figura paterna es un refugio emocional, los descendientes buscan consuelos en sus padres cuando se sienten tristes, asustados o inseguros. Un padre que escucha activamente, muestra empat\u00eda, comparte momentos de calidad y afecto es crucial en la formaci\u00f3n de la personalidad de un ni\u00f1o, de acuerdo con el psic\u00f3logo Borja Quicios.<\/p>\n<p style=\"text-align: justify;\"><strong>Ense\u00f1anzas y valores:<\/strong>\u00a0los padres trasmiten valores, creencias y normas a sus hijos. a trav\u00e9s de conversaciones, historias, leyendas y ejemplos cotidianos inculcan principios como honestidad, respeto, responsabilidad, formando as\u00ed la \u00e9tica y moral de estos.<\/p>\n<p style=\"text-align: justify;\"><strong>Desarrollo social y comunicaci\u00f3n:\u00a0<\/strong>conforme a los estudios realizados por Integraci\u00f3n Acad\u00e9mica en Psicolog\u00eda, los ni\u00f1os con padres presentes, desarrolla h\u00e1bitos comunicacionales y sociales mayor que el promedio. Desde la edad escolar son m\u00e1s positivos, sacan mejores calificaciones y tienen menor riesgo de desarrollar problemas de conducta en la edad adolescente.<\/p>\n<p style=\"text-align: justify;\"><strong>Rol en la identidad de g\u00e9nero:<\/strong>\u00a0La figura paterna tambi\u00e9n influye en la construcci\u00f3n de la identidad de g\u00e9nero. Los hijos aprenden sobre roles masculinos y femeninos a trav\u00e9s de la relaci\u00f3n con su padre.<\/p>\n","protected":false},"excerpt":{"rendered":"<p>El D\u00eda del Padre en Rep\u00fablica Dominicana se celebra todos los a\u00f1os el \u00faltimo domingo de julio. Es una fecha conmemorativa que rinde homenaje a los padres de familia: padrastros, padres adoptivos, t\u00edos, abuelos o padrinos. Es una tributo a esos hombres que desempe\u00f1an un papel fundamental en la vida de los hijos. Lo cierto [&hellip;]<\/p>\n","protected":false},"author":1,"featured_media":0,"comment_status":"closed","ping_status":"open","sticky":false,"template":"","format":"standard","meta":{"footnotes":""},"categories":[17,11],"tags":[],"yoast_head":"<!-- This site is optimized with the Yoast SEO plugin v24.5 - https:\/\/yoast.com\/wordpress\/plugins\/seo\/ -->\n<title>Rep\u00fablica Dominicana rinde homenaje a los padres en su d\u00eda especial | El Nuevo Norte<\/title>\n<meta name=\"robots\" content=\"index, follow, max-snippet:-1, max-image-preview:large, max-video-preview:-1\" \/>\n<link rel=\"canonical\" href=\"https:\/\/infoelnuevonorte.com\/?p=38823\" \/>\n<meta property=\"og:locale\" content=\"es_ES\" \/>\n<meta property=\"og:type\" content=\"article\" \/>\n<meta property=\"og:title\" content=\"Rep\u00fablica Dominicana rinde homenaje a los padres en su d\u00eda especial | El Nuevo Norte\" \/>\n<meta property=\"og:description\" content=\"El D\u00eda del Padre en Rep\u00fablica Dominicana se celebra todos los a\u00f1os el \u00faltimo domingo de julio. Es una fecha conmemorativa que rinde homenaje a los padres de familia: padrastros, padres adoptivos, t\u00edos, abuelos o padrinos. Es una tributo a esos hombres que desempe\u00f1an un papel fundamental en la vida de los hijos. Lo cierto [&hellip;]\" \/>\n<meta property=\"og:url\" content=\"https:\/\/infoelnuevonorte.com\/?p=38823\" \/>\n<meta property=\"og:site_name\" content=\"El Nuevo Norte\" \/>\n<meta property=\"article:publisher\" content=\"https:\/\/www.facebook.com\/infoenn\" \/>\n<meta property=\"article:published_time\" content=\"2024-07-28T13:34:09+00:00\" \/>\n<meta property=\"article:modified_time\" content=\"2024-07-28T13:34:12+00:00\" \/>\n<meta property=\"og:image\" content=\"https:\/\/infoelnuevonorte.com\/wp-content\/uploads\/2024\/07\/Padre-carga-hijo-recien-nacido.png\" \/>\n\t<meta property=\"og:image:width\" content=\"860\" \/>\n\t<meta property=\"og:image:height\" content=\"588\" \/>\n\t<meta property=\"og:image:type\" content=\"image\/png\" \/>\n<meta name=\"author\" content=\"InfoEnn\" \/>\n<meta name=\"twitter:card\" content=\"summary_large_image\" \/>\n<meta name=\"twitter:creator\" content=\"@Elnuevo_norte\" \/>\n<meta name=\"twitter:site\" content=\"@Elnuevo_norte\" \/>\n<meta name=\"twitter:label1\" content=\"Written by\" \/>\n\t<meta name=\"twitter:data1\" content=\"InfoEnn\" \/>\n\t<meta name=\"twitter:label2\" content=\"Est. reading time\" \/>\n\t<meta name=\"twitter:data2\" content=\"3 minutos\" \/>\n<script type=\"application\/ld+json\" class=\"yoast-schema-graph\">{\"@context\":\"https:\/\/schema.org\",\"@graph\":[{\"@type\":\"Article\",\"@id\":\"https:\/\/infoelnuevonorte.com\/?p=38823#article\",\"isPartOf\":{\"@id\":\"https:\/\/infoelnuevonorte.com\/?p=38823\"},\"author\":{\"name\":\"InfoEnn\",\"@id\":\"https:\/\/infoelnuevonorte.com\/#\/schema\/person\/fd4f6d90afe41260818b4ea94ad8ab84\"},\"headline\":\"Rep\u00fablica Dominicana rinde homenaje a los padres en su d\u00eda especial\",\"datePublished\":\"2024-07-28T13:34:09+00:00\",\"dateModified\":\"2024-07-28T13:34:12+00:00\",\"mainEntityOfPage\":{\"@id\":\"https:\/\/infoelnuevonorte.com\/?p=38823\"},\"wordCount\":510,\"publisher\":{\"@id\":\"https:\/\/infoelnuevonorte.com\/#organization\"},\"articleSection\":[\"Cultura\",\"Entretenimiento\"],\"inLanguage\":\"es-DO\"},{\"@type\":\"WebPage\",\"@id\":\"https:\/\/infoelnuevonorte.com\/?p=38823\",\"url\":\"https:\/\/infoelnuevonorte.com\/?p=38823\",\"name\":\"Rep\u00fablica Dominicana rinde homenaje a los padres en su d\u00eda especial | El Nuevo Norte\",\"isPartOf\":{\"@id\":\"https:\/\/infoelnuevonorte.com\/#website\"},\"datePublished\":\"2024-07-28T13:34:09+00:00\",\"dateModified\":\"2024-07-28T13:34:12+00:00\",\"breadcrumb\":{\"@id\":\"https:\/\/infoelnuevonorte.com\/?p=38823#breadcrumb\"},\"inLanguage\":\"es-DO\",\"potentialAction\":[{\"@type\":\"ReadAction\",\"target\":[\"https:\/\/infoelnuevonorte.com\/?p=38823\"]}]},{\"@type\":\"BreadcrumbList\",\"@id\":\"https:\/\/infoelnuevonorte.com\/?p=38823#breadcrumb\",\"itemListElement\":[{\"@type\":\"ListItem\",\"position\":1,\"name\":\"Home\",\"item\":\"https:\/\/infoelnuevonorte.com\/\"},{\"@type\":\"ListItem\",\"position\":2,\"name\":\"Rep\u00fablica Dominicana rinde homenaje a los padres en su d\u00eda especial\"}]},{\"@type\":\"WebSite\",\"@id\":\"https:\/\/infoelnuevonorte.com\/#website\",\"url\":\"https:\/\/infoelnuevonorte.com\/\",\"name\":\"InfoEnn\",\"description\":\"Tu Voz, tu Verdad, tu Diario!!!\",\"publisher\":{\"@id\":\"https:\/\/infoelnuevonorte.com\/#organization\"},\"alternateName\":\"El Nuevo Norte\",\"potentialAction\":[{\"@type\":\"SearchAction\",\"target\":{\"@type\":\"EntryPoint\",\"urlTemplate\":\"https:\/\/infoelnuevonorte.com\/?s={search_term_string}\"},\"query-input\":{\"@type\":\"PropertyValueSpecification\",\"valueRequired\":true,\"valueName\":\"search_term_string\"}}],\"inLanguage\":\"es-DO\"},{\"@type\":\"Organization\",\"@id\":\"https:\/\/infoelnuevonorte.com\/#organization\",\"name\":\"Info El Nuevo Norte\",\"alternateName\":\"El Nuevo Norte\",\"url\":\"https:\/\/infoelnuevonorte.com\/\",\"logo\":{\"@type\":\"ImageObject\",\"inLanguage\":\"es-DO\",\"@id\":\"https:\/\/infoelnuevonorte.com\/#\/schema\/logo\/image\/\",\"url\":\"https:\/\/infoelnuevonorte.com\/wp-content\/uploads\/2026\/02\/Logo-Info-enn-3d-20ani.jpeg\",\"contentUrl\":\"https:\/\/infoelnuevonorte.com\/wp-content\/uploads\/2026\/02\/Logo-Info-enn-3d-20ani.jpeg\",\"width\":2046,\"height\":736,\"caption\":\"Info El Nuevo Norte\"},\"image\":{\"@id\":\"https:\/\/infoelnuevonorte.com\/#\/schema\/logo\/image\/\"},\"sameAs\":[\"https:\/\/www.facebook.com\/infoenn\",\"https:\/\/x.com\/Elnuevo_norte\",\"https:\/\/www.instagram.com\/infoenn\",\"https:\/\/www.facebook.com\/ENNRD\"]},{\"@type\":\"Person\",\"@id\":\"https:\/\/infoelnuevonorte.com\/#\/schema\/person\/fd4f6d90afe41260818b4ea94ad8ab84\",\"name\":\"InfoEnn\",\"image\":{\"@type\":\"ImageObject\",\"inLanguage\":\"es-DO\",\"@id\":\"https:\/\/infoelnuevonorte.com\/#\/schema\/person\/image\/\",\"url\":\"https:\/\/secure.gravatar.com\/avatar\/d4d760a41a48ba9db0a82bfb63bb0783?s=96&d=robohash&r=g\",\"contentUrl\":\"https:\/\/secure.gravatar.com\/avatar\/d4d760a41a48ba9db0a82bfb63bb0783?s=96&d=robohash&r=g\",\"caption\":\"InfoEnn\"},\"sameAs\":[\"https:\/\/infoelnuevonorte.com\"],\"url\":\"https:\/\/infoelnuevonorte.com\/?author=1\"}]}<\/script>\n<!-- \/ Yoast SEO plugin. -->","yoast_head_json":{"title":"Rep\u00fablica Dominicana rinde homenaje a los padres en su d\u00eda especial | El Nuevo Norte","robots":{"index":"index","follow":"follow","max-snippet":"max-snippet:-1","max-image-preview":"max-image-preview:large","max-video-preview":"max-video-preview:-1"},"canonical":"https:\/\/infoelnuevonorte.com\/?p=38823","og_locale":"es_ES","og_type":"article","og_title":"Rep\u00fablica Dominicana rinde homenaje a los padres en su d\u00eda especial | El Nuevo Norte","og_description":"El D\u00eda del Padre en Rep\u00fablica Dominicana se celebra todos los a\u00f1os el \u00faltimo domingo de julio. Es una fecha conmemorativa que rinde homenaje a los padres de familia: padrastros, padres adoptivos, t\u00edos, abuelos o padrinos. Es una tributo a esos hombres que desempe\u00f1an un papel fundamental en la vida de los hijos. Lo cierto [&hellip;]","og_url":"https:\/\/infoelnuevonorte.com\/?p=38823","og_site_name":"El Nuevo Norte","article_publisher":"https:\/\/www.facebook.com\/infoenn","article_published_time":"2024-07-28T13:34:09+00:00","article_modified_time":"2024-07-28T13:34:12+00:00","og_image":[{"width":860,"height":588,"url":"https:\/\/infoelnuevonorte.com\/wp-content\/uploads\/2024\/07\/Padre-carga-hijo-recien-nacido.png","type":"image\/png"}],"author":"InfoEnn","twitter_card":"summary_large_image","twitter_creator":"@Elnuevo_norte","twitter_site":"@Elnuevo_norte","twitter_misc":{"Written by":"InfoEnn","Est. reading time":"3 minutos"},"schema":{"@context":"https:\/\/schema.org","@graph":[{"@type":"Article","@id":"https:\/\/infoelnuevonorte.com\/?p=38823#article","isPartOf":{"@id":"https:\/\/infoelnuevonorte.com\/?p=38823"},"author":{"name":"InfoEnn","@id":"https:\/\/infoelnuevonorte.com\/#\/schema\/person\/fd4f6d90afe41260818b4ea94ad8ab84"},"headline":"Rep\u00fablica Dominicana rinde homenaje a los padres en su d\u00eda especial","datePublished":"2024-07-28T13:34:09+00:00","dateModified":"2024-07-28T13:34:12+00:00","mainEntityOfPage":{"@id":"https:\/\/infoelnuevonorte.com\/?p=38823"},"wordCount":510,"publisher":{"@id":"https:\/\/infoelnuevonorte.com\/#organization"},"articleSection":["Cultura","Entretenimiento"],"inLanguage":"es-DO"},{"@type":"WebPage","@id":"https:\/\/infoelnuevonorte.com\/?p=38823","url":"https:\/\/infoelnuevonorte.com\/?p=38823","name":"Rep\u00fablica Dominicana rinde homenaje a los padres en su d\u00eda especial | El Nuevo Norte","isPartOf":{"@id":"https:\/\/infoelnuevonorte.com\/#website"},"datePublished":"2024-07-28T13:34:09+00:00","dateModified":"2024-07-28T13:34:12+00:00","breadcrumb":{"@id":"https:\/\/infoelnuevonorte.com\/?p=38823#breadcrumb"},"inLanguage":"es-DO","potentialAction":[{"@type":"ReadAction","target":["https:\/\/infoelnuevonorte.com\/?p=38823"]}]},{"@type":"BreadcrumbList","@id":"https:\/\/infoelnuevonorte.com\/?p=38823#breadcrumb","itemListElement":[{"@type":"ListItem","position":1,"name":"Home","item":"https:\/\/infoelnuevonorte.com\/"},{"@type":"ListItem","position":2,"name":"Rep\u00fablica Dominicana rinde homenaje a los padres en su d\u00eda especial"}]},{"@type":"WebSite","@id":"https:\/\/infoelnuevonorte.com\/#website","url":"https:\/\/infoelnuevonorte.com\/","name":"InfoEnn","description":"Tu Voz, tu Verdad, tu Diario!!!","publisher":{"@id":"https:\/\/infoelnuevonorte.com\/#organization"},"alternateName":"El Nuevo Norte","potentialAction":[{"@type":"SearchAction","target":{"@type":"EntryPoint","urlTemplate":"https:\/\/infoelnuevonorte.com\/?s={search_term_string}"},"query-input":{"@type":"PropertyValueSpecification","valueRequired":true,"valueName":"search_term_string"}}],"inLanguage":"es-DO"},{"@type":"Organization","@id":"https:\/\/infoelnuevonorte.com\/#organization","name":"Info El Nuevo Norte","alternateName":"El Nuevo Norte","url":"https:\/\/infoelnuevonorte.com\/","logo":{"@type":"ImageObject","inLanguage":"es-DO","@id":"https:\/\/infoelnuevonorte.com\/#\/schema\/logo\/image\/","url":"https:\/\/infoelnuevonorte.com\/wp-content\/uploads\/2026\/02\/Logo-Info-enn-3d-20ani.jpeg","contentUrl":"https:\/\/infoelnuevonorte.com\/wp-content\/uploads\/2026\/02\/Logo-Info-enn-3d-20ani.jpeg","width":2046,"height":736,"caption":"Info El Nuevo Norte"},"image":{"@id":"https:\/\/infoelnuevonorte.com\/#\/schema\/logo\/image\/"},"sameAs":["https:\/\/www.facebook.com\/infoenn","https:\/\/x.com\/Elnuevo_norte","https:\/\/www.instagram.com\/infoenn","https:\/\/www.facebook.com\/ENNRD"]},{"@type":"Person","@id":"https:\/\/infoelnuevonorte.com\/#\/schema\/person\/fd4f6d90afe41260818b4ea94ad8ab84","name":"InfoEnn","image":{"@type":"ImageObject","inLanguage":"es-DO","@id":"https:\/\/infoelnuevonorte.com\/#\/schema\/person\/image\/","url":"https:\/\/secure.gravatar.com\/avatar\/d4d760a41a48ba9db0a82bfb63bb0783?s=96&d=robohash&r=g","contentUrl":"https:\/\/secure.gravatar.com\/avatar\/d4d760a41a48ba9db0a82bfb63bb0783?s=96&d=robohash&r=g","caption":"InfoEnn"},"sameAs":["https:\/\/infoelnuevonorte.com"],"url":"https:\/\/infoelnuevonorte.com\/?author=1"}]}},"_links":{"self":[{"href":"https:\/\/infoelnuevonorte.com\/index.php?rest_route=\/wp\/v2\/posts\/38823"}],"collection":[{"href":"https:\/\/infoelnuevonorte.com\/index.php?rest_route=\/wp\/v2\/posts"}],"about":[{"href":"https:\/\/infoelnuevonorte.com\/index.php?rest_route=\/wp\/v2\/types\/post"}],"author":[{"embeddable":true,"href":"https:\/\/infoelnuevonorte.com\/index.php?rest_route=\/wp\/v2\/users\/1"}],"replies":[{"embeddable":true,"href":"https:\/\/infoelnuevonorte.com\/index.php?rest_route=%2Fwp%2Fv2%2Fcomments&post=38823"}],"version-history":[{"count":0,"href":"https:\/\/infoelnuevonorte.com\/index.php?rest_route=\/wp\/v2\/posts\/38823\/revisions"}],"wp:attachment":[{"href":"https:\/\/infoelnuevonorte.com\/index.php?rest_route=%2Fwp%2Fv2%2Fmedia&parent=38823"}],"wp:term":[{"taxonomy":"category","embeddable":true,"href":"https:\/\/infoelnuevonorte.com\/index.php?rest_route=%2Fwp%2Fv2%2Fcategories&post=38823"},{"taxonomy":"post_tag","embeddable":true,"href":"https:\/\/infoelnuevonorte.com\/index.php?rest_route=%2Fwp%2Fv2%2Ftags&post=38823"}],"curies":[{"name":"wp","href":"https:\/\/api.w.org\/{rel}","templated":true}]}}