{"id":38847,"date":"2024-07-28T09:58:06","date_gmt":"2024-07-28T13:58:06","guid":{"rendered":"https:\/\/infoelnuevonorte.com\/?p=38847"},"modified":"2024-07-28T09:58:11","modified_gmt":"2024-07-28T13:58:11","slug":"johnny-ventura-otro-dia-del-padre-sin-el-caballo-mayor","status":"publish","type":"post","link":"https:\/\/infoelnuevonorte.com\/?p=38847","title":{"rendered":"Johnny Ventura, otro d\u00eda del padre sin el Caballo Mayor"},"content":{"rendered":"\n<p><\/p>\n\n\n<!--[if lt IE 9]><script>document.createElement('audio');<\/script><![endif]-->\n<audio class=\"wp-audio-shortcode\" id=\"audio-38847-1\" preload=\"none\" style=\"width: 100%;\" controls=\"controls\"><source type=\"audio\/mpeg\" src=\"https:\/\/infoelnuevonorte.com\/wp-content\/uploads\/2024\/07\/ttsmaker-vip-file-2024-7-28-9-57-42.mp3?_=1\" \/><a href=\"https:\/\/infoelnuevonorte.com\/wp-content\/uploads\/2024\/07\/ttsmaker-vip-file-2024-7-28-9-57-42.mp3\">https:\/\/infoelnuevonorte.com\/wp-content\/uploads\/2024\/07\/ttsmaker-vip-file-2024-7-28-9-57-42.mp3<\/a><\/audio>\n<p style=\"text-align: justify\">Un d\u00eda como hoy el mundo de la\u00a0<strong>m\u00fasica<\/strong>\u00a0se ti\u00f1\u00f3 de luto con la\u00a0<strong>muerte<\/strong>\u00a0del legendario cantante de merengue,\u00a0<strong>Johnny Ventura<\/strong>, sucedida el 28 de julio de 2021.<\/p>\n<p style=\"text-align: justify\">Conocido como \"El\u00a0<strong>Caballo Mayor<\/strong>\", Ventura falleci\u00f3 a los 81 a\u00f1os v\u00edctima de un\u00a0<strong>infarto<\/strong>\u00a0fulminante.<\/p>\n<p style=\"text-align: justify\">Fue su hijo,\u00a0<strong>Jandy Ventura<\/strong>, quien, en un mar de l\u00e1grimas, confirm\u00f3 el deceso del popular artista, exdiputado y exalcalde de\u00a0<strong>Santo Domingo<\/strong>, a\u00f1adiendo que su\u00a0<strong>muerte<\/strong>\u00a0ocurri\u00f3 en una cl\u00ednica en la provincia de Santiago de los Caballeros. Hoy, que en la Rep\u00fablica Dominicana celebra el D\u00eda de los Padres, sus hijos, en especial Jandy que ha continuado su legado, lo recuerdan con el amor que los un\u00eda por la\u00a0<strong>m\u00fasica<\/strong>.<\/p>\n<p style=\"text-align: justify\">Ventura naci\u00f3 el 8 de marzo de 1940 en la ciudad de\u00a0<strong>Santo Domingo<\/strong>, Rep\u00fablica Dominicana y desde muy joven so\u00f1\u00f3 con convertirse en\u00a0<strong>arquitecto<\/strong> del pa\u00eds sin sospechar que las limitaciones econ\u00f3micas que lo rodeaban bloquear\u00edan su ingreso a la universidad.<\/p>\n<p style=\"text-align: justify\">Decidi\u00f3 entonces inscribirse en el\u00a0<strong>Instituto Comercial<\/strong>\u00a0Ercina Chevalier para estudiar un\u00a0<strong>Secretariado Comercial<\/strong>, consistente en mecanograf\u00eda, taquigraf\u00eda, contabilidad y archivo, es decir, una carrera corta que le permitiera luego insertarse en el mercado laboral y ganar dinero para poder continuar sus estudios universitarios.<\/p>\n<p style=\"text-align: justify\">El destino le ten\u00eda preparada una extra\u00f1a jugada: en el instituto se realizaban\u00a0<strong>actividades culturales<\/strong>\u00a0y Johnny, con el fin de agradar a las muchachas del instituto, participaba, fungiendo de cantante, bailar\u00edn, declamador y animador. Andr\u00e9s Araujo y Sergio Jim\u00e9nez, compa\u00f1eros de aula, le instaban a participar en los programas de aficionados de la \u00e9poca; m\u00e1s, como se resist\u00eda, lo llevaron enga\u00f1ado a la\u00a0<strong>Voz de la Alegr\u00eda<\/strong>. Desafiado por ellos, ensay\u00f3, cant\u00f3 y gan\u00f3 el primer lugar.<\/p>\n<p style=\"text-align: justify\">Johnny curs\u00f3 estudios de\u00a0<strong>canto<\/strong>\u00a0y\u00a0<strong>m\u00fasica<\/strong>\u00a0en la escuela de la Voz Dominicana, empresa radio-televisiva, de cuya escuela de locutores, llamada H\u00e9ctor J. D\u00edaz, egres\u00f3 como profesional del micr\u00f3fono.<\/p>\n<p style=\"text-align: justify\">Durante su vida art\u00edstica, pase\u00f3 su arte por diferentes\u00a0<strong>pa\u00edses del mundo<\/strong>, entre ellos, Puerto Rico, Hait\u00ed, Aruba, Canad\u00e1, Jamaica, Venezuela, Curazao, Panam\u00e1, Colombia, Per\u00fa, Ecuador, Chile, Costa Rica, Guatemala, M\u00e9xico, Saint Croix, Saint Marteen, Saint Thomas, Martinica, Guadalupe, Vieques, T\u00f3rtola, Nassau, Nicaragua, El Salvador y Cuba. En Europa, recorri\u00f3 casi todo el continente y en los Estados Unidos visit\u00f3 casi todos los estados y ciudades que componen la uni\u00f3n americana.<\/p>\n<p style=\"text-align: justify\">Form\u00f3 parte de la\u00a0<strong>orquesta Su Majestad<\/strong>\u00a0de Rondon Votau, junto a Carmen Severino y Nini Caffaro, y luego de varias agrupaciones, entre las que contamos a La S\u00faper Orquesta San Jos\u00e9 que conduc\u00eda el maestro Papa Molina, en los \u00faltimos d\u00edas del a\u00f1o 1961, se uni\u00f3 al grupo de\u00a0<strong>Luis P\u00e9rez<\/strong>, con quien grab\u00f3 por primera vez en febrero de 1962.\u00a0<a href=\"https:\/\/www.instagram.com\/reel\/C7mfzA7AU5p\/?utm_source=ig_web_copy_link&amp;igsh=MzRlODBiNWFlZA==\"><strong>Johnny Ventura<\/strong><\/a>\u00a0es compositor del 70% de la\u00a0<strong>m\u00fasica<\/strong>\u00a0que interpreta y es el arreglista de, por lo menos, el 80% de la\u00a0<strong>m\u00fasica<\/strong>\u00a0que ha grabado.<\/p>\n<p style=\"text-align: justify\">El\u00a0<strong>Combo Show<\/strong>\u00a0de\u00a0<a href=\"https:\/\/youtu.be\/46WEVaqpBJ0\"><strong>Johnny Ventura<\/strong><\/a>\u00a0fue declarado en 9 ocasiones como el Combo del A\u00f1o por la prestigiosa revista norteamericana\u00a0<strong>Record World<\/strong>, cuya \u00e1rea latina era conducida por el destacado periodista cubano Tomas Fondora.\u00a0<strong>Johnny Ventura<\/strong> tiene en su haber m\u00e1s de 4,800 placas y reconocimientos otorgados por diferentes entidades p\u00fablicas y privadas del mundo.<\/p>\n<p style=\"text-align: justify\">Recibi\u00f3 innumerables reconocimientos de varios\u00a0<strong>gobiernos<\/strong>\u00a0y alcald\u00edas del mundo, en donde le fueron concedidas las llaves de las respectivas ciudades. En algunos pa\u00edses, en donde le cupo la gloria de ser el primer\u00a0<a href=\"https:\/\/youtu.be\/uwNIO7Li8pY\"><strong>merenguero<\/strong><\/a>\u00a0en llegar, fueron declarados d\u00edas en su honor.<\/p>\n<p style=\"text-align: justify\">Su\u00a0<strong>discograf\u00eda<\/strong>\u00a0estuvo compuesta\u00a0<strong>por 105\u00a0<\/strong>producciones discogr\u00e1ficas, siendo el artista dominicano m\u00e1s prol\u00edfico en ese sentido, y cuyas grabaciones han sido premiadas con 28 discos de oro, 2 de platino, adem\u00e1s de un Grammy Latino en 2004 y un Grammy a la Excelencia por su trayectoria en 2006.<\/p>\n<p style=\"text-align: justify\">En la ciudad de\u00a0<strong>Miami<\/strong>, Johnny fue el\u00a0<strong>Rey de la Calle 8<\/strong>\u00a0en 1987; en los\u00a0<strong>carnavales de Barranquilla<\/strong>, Colombia, gan\u00f3 4\u00a0<strong>Congos de Oro<\/strong>\u00a0y fue el primer artista dominicano en conquistar la codiciada Antorcha de Plata que otorga el clamor popular del p\u00fablico que asiste al festival de Vi\u00f1a del Mar en Chile.<\/p>\n<p style=\"text-align: justify\">En su pa\u00eds, gan\u00f3 todos los premios que se otorgan a los artistas y forma parte de un exclusivo grupo que ha recibido El\u00a0<strong>Soberano<\/strong>, que es el m\u00e1s alto galard\u00f3n que otorga la\u00a0<strong>Asociaci\u00f3n de Cronistas de Arte<\/strong>\u00a0de la Rep\u00fablica Dominicana. Tambi\u00e9n fue galardonado con el premio ACE de Nueva York.<\/p>\n<p style=\"text-align: justify\">Adem\u00e1s, fue condecorado por el\u00a0<strong>Congreso Dominicano<\/strong>\u00a0como el\u00a0<strong>merenguero<\/strong>\u00a0del Siglo. A principios del a\u00f1o 2000, fue tambi\u00e9n el primer artista dominicano en ser invitado a la toma de posesi\u00f3n de un presidente norteamericano en 1974 cuando gan\u00f3 Jimmy Carter.<\/p>\n<h2 style=\"text-align: justify\"><strong>M\u00e1s<\/strong><\/h2>\n<p style=\"text-align: justify\">Fue abogado de profesi\u00f3n, graduado summa cum laude de la Universidad de la Tercera Edad en\u00a0<strong>Santo Domingo<\/strong>. Se mantuvo durante m\u00e1s de 43 a\u00f1os activo en la pol\u00edtica de su pa\u00eds, llegando a ocupar cargos tales como diputado, vicealcalde, alcalde y embajador.<\/p>\n<p style=\"text-align: justify\">Por muchos considerado como El Padre del\u00a0<strong>Merengue Moderno<\/strong>, otros lo llamaban\u00a0<strong>La Alegr\u00eda del Pa\u00eds<\/strong>, El Merenguero del Siglo, La\u00a0<strong>Leyenda Viva del Merengue<\/strong>, La Industria Nacional de La Alegr\u00eda, El\u00a0<strong>Caballo Mayor<\/strong>, El Se\u00f1or del Merengue o El Hijo del Pueblo, este es nuestro\u00a0<strong>Johnny Ventura<\/strong>.<\/p>\n<p style=\"text-align: justify\">Todos estos calificativos merecidos<strong>\u00a0no son tan\u00a0<\/strong>importantes como los que presumi\u00f3 durante su existencia: buen padre y esposo, consentidor abuelo y excelente ser humano.<\/p>","protected":false},"excerpt":{"rendered":"<p>Un d\u00eda como hoy el mundo de la\u00a0m\u00fasica\u00a0se ti\u00f1\u00f3 de luto con la\u00a0muerte\u00a0del legendario cantante de merengue,\u00a0Johnny Ventura, sucedida el 28 de julio de 2021. Conocido como \"El\u00a0Caballo Mayor\", Ventura falleci\u00f3 a los 81 a\u00f1os v\u00edctima de un\u00a0infarto\u00a0fulminante. Fue su hijo,\u00a0Jandy Ventura, quien, en un mar de l\u00e1grimas, confirm\u00f3 el deceso del popular artista, exdiputado [&hellip;]<\/p>\n","protected":false},"author":2,"featured_media":0,"comment_status":"closed","ping_status":"open","sticky":false,"template":"","format":"standard","meta":{"footnotes":""},"categories":[11,12],"tags":[],"yoast_head":"<!-- This site is optimized with the Yoast SEO plugin v24.5 - https:\/\/yoast.com\/wordpress\/plugins\/seo\/ -->\n<title>Johnny Ventura, otro d\u00eda del padre sin el Caballo Mayor | El Nuevo Norte<\/title>\n<meta name=\"robots\" content=\"index, follow, max-snippet:-1, max-image-preview:large, max-video-preview:-1\" \/>\n<link rel=\"canonical\" href=\"https:\/\/infoelnuevonorte.com\/?p=38847\" \/>\n<meta property=\"og:locale\" content=\"es_ES\" \/>\n<meta property=\"og:type\" content=\"article\" \/>\n<meta property=\"og:title\" content=\"Johnny Ventura, otro d\u00eda del padre sin el Caballo Mayor | El Nuevo Norte\" \/>\n<meta property=\"og:description\" content=\"Un d\u00eda como hoy el mundo de la\u00a0m\u00fasica\u00a0se ti\u00f1\u00f3 de luto con la\u00a0muerte\u00a0del legendario cantante de merengue,\u00a0Johnny Ventura, sucedida el 28 de julio de 2021. Conocido como &quot;El\u00a0Caballo Mayor&quot;, Ventura falleci\u00f3 a los 81 a\u00f1os v\u00edctima de un\u00a0infarto\u00a0fulminante. Fue su hijo,\u00a0Jandy Ventura, quien, en un mar de l\u00e1grimas, confirm\u00f3 el deceso del popular artista, exdiputado [&hellip;]\" \/>\n<meta property=\"og:url\" content=\"https:\/\/infoelnuevonorte.com\/?p=38847\" \/>\n<meta property=\"og:site_name\" content=\"El Nuevo Norte\" \/>\n<meta property=\"article:publisher\" content=\"https:\/\/www.facebook.com\/infoenn\" \/>\n<meta property=\"article:published_time\" content=\"2024-07-28T13:58:06+00:00\" \/>\n<meta property=\"article:modified_time\" content=\"2024-07-28T13:58:11+00:00\" \/>\n<meta property=\"og:image\" content=\"https:\/\/infoelnuevonorte.com\/wp-content\/uploads\/2024\/07\/descarga-2024-07-28T095307.718.png\" \/>\n\t<meta property=\"og:image:width\" content=\"896\" \/>\n\t<meta property=\"og:image:height\" content=\"504\" \/>\n\t<meta property=\"og:image:type\" content=\"image\/png\" \/>\n<meta name=\"author\" content=\"T. R.\" \/>\n<meta name=\"twitter:card\" content=\"summary_large_image\" \/>\n<meta name=\"twitter:creator\" content=\"@Elnuevo_norte\" \/>\n<meta name=\"twitter:site\" content=\"@Elnuevo_norte\" \/>\n<meta name=\"twitter:label1\" content=\"Written by\" \/>\n\t<meta name=\"twitter:data1\" content=\"T. R.\" \/>\n\t<meta name=\"twitter:label2\" content=\"Est. reading time\" \/>\n\t<meta name=\"twitter:data2\" content=\"5 minutos\" \/>\n<script type=\"application\/ld+json\" class=\"yoast-schema-graph\">{\"@context\":\"https:\/\/schema.org\",\"@graph\":[{\"@type\":\"Article\",\"@id\":\"https:\/\/infoelnuevonorte.com\/?p=38847#article\",\"isPartOf\":{\"@id\":\"https:\/\/infoelnuevonorte.com\/?p=38847\"},\"author\":{\"name\":\"T. R.\",\"@id\":\"https:\/\/infoelnuevonorte.com\/#\/schema\/person\/3accb35eb55f55e96c492b52d085a403\"},\"headline\":\"Johnny Ventura, otro d\u00eda del padre sin el Caballo Mayor\",\"datePublished\":\"2024-07-28T13:58:06+00:00\",\"dateModified\":\"2024-07-28T13:58:11+00:00\",\"mainEntityOfPage\":{\"@id\":\"https:\/\/infoelnuevonorte.com\/?p=38847\"},\"wordCount\":967,\"publisher\":{\"@id\":\"https:\/\/infoelnuevonorte.com\/#organization\"},\"articleSection\":[\"Entretenimiento\",\"Musica &amp; Far\u00e1ndula\"],\"inLanguage\":\"es-DO\"},{\"@type\":\"WebPage\",\"@id\":\"https:\/\/infoelnuevonorte.com\/?p=38847\",\"url\":\"https:\/\/infoelnuevonorte.com\/?p=38847\",\"name\":\"Johnny Ventura, otro d\u00eda del padre sin el Caballo Mayor | El Nuevo Norte\",\"isPartOf\":{\"@id\":\"https:\/\/infoelnuevonorte.com\/#website\"},\"datePublished\":\"2024-07-28T13:58:06+00:00\",\"dateModified\":\"2024-07-28T13:58:11+00:00\",\"breadcrumb\":{\"@id\":\"https:\/\/infoelnuevonorte.com\/?p=38847#breadcrumb\"},\"inLanguage\":\"es-DO\",\"potentialAction\":[{\"@type\":\"ReadAction\",\"target\":[\"https:\/\/infoelnuevonorte.com\/?p=38847\"]}]},{\"@type\":\"BreadcrumbList\",\"@id\":\"https:\/\/infoelnuevonorte.com\/?p=38847#breadcrumb\",\"itemListElement\":[{\"@type\":\"ListItem\",\"position\":1,\"name\":\"Home\",\"item\":\"https:\/\/infoelnuevonorte.com\/\"},{\"@type\":\"ListItem\",\"position\":2,\"name\":\"Johnny Ventura, otro d\u00eda del padre sin el Caballo Mayor\"}]},{\"@type\":\"WebSite\",\"@id\":\"https:\/\/infoelnuevonorte.com\/#website\",\"url\":\"https:\/\/infoelnuevonorte.com\/\",\"name\":\"InfoEnn\",\"description\":\"Tu Voz, tu Verdad, tu Diario!!!\",\"publisher\":{\"@id\":\"https:\/\/infoelnuevonorte.com\/#organization\"},\"alternateName\":\"El Nuevo Norte\",\"potentialAction\":[{\"@type\":\"SearchAction\",\"target\":{\"@type\":\"EntryPoint\",\"urlTemplate\":\"https:\/\/infoelnuevonorte.com\/?s={search_term_string}\"},\"query-input\":{\"@type\":\"PropertyValueSpecification\",\"valueRequired\":true,\"valueName\":\"search_term_string\"}}],\"inLanguage\":\"es-DO\"},{\"@type\":\"Organization\",\"@id\":\"https:\/\/infoelnuevonorte.com\/#organization\",\"name\":\"Info El Nuevo Norte\",\"alternateName\":\"El Nuevo Norte\",\"url\":\"https:\/\/infoelnuevonorte.com\/\",\"logo\":{\"@type\":\"ImageObject\",\"inLanguage\":\"es-DO\",\"@id\":\"https:\/\/infoelnuevonorte.com\/#\/schema\/logo\/image\/\",\"url\":\"https:\/\/infoelnuevonorte.com\/wp-content\/uploads\/2026\/02\/Logo-Info-enn-3d-20ani.jpeg\",\"contentUrl\":\"https:\/\/infoelnuevonorte.com\/wp-content\/uploads\/2026\/02\/Logo-Info-enn-3d-20ani.jpeg\",\"width\":2046,\"height\":736,\"caption\":\"Info El Nuevo Norte\"},\"image\":{\"@id\":\"https:\/\/infoelnuevonorte.com\/#\/schema\/logo\/image\/\"},\"sameAs\":[\"https:\/\/www.facebook.com\/infoenn\",\"https:\/\/x.com\/Elnuevo_norte\",\"https:\/\/www.instagram.com\/infoenn\",\"https:\/\/www.facebook.com\/ENNRD\"]},{\"@type\":\"Person\",\"@id\":\"https:\/\/infoelnuevonorte.com\/#\/schema\/person\/3accb35eb55f55e96c492b52d085a403\",\"name\":\"T. R.\",\"image\":{\"@type\":\"ImageObject\",\"inLanguage\":\"es-DO\",\"@id\":\"https:\/\/infoelnuevonorte.com\/#\/schema\/person\/image\/\",\"url\":\"https:\/\/secure.gravatar.com\/avatar\/40543a038bda97abdb765b1662e9677d?s=96&d=robohash&r=g\",\"contentUrl\":\"https:\/\/secure.gravatar.com\/avatar\/40543a038bda97abdb765b1662e9677d?s=96&d=robohash&r=g\",\"caption\":\"T. R.\"},\"url\":\"https:\/\/infoelnuevonorte.com\/?author=2\"}]}<\/script>\n<!-- \/ Yoast SEO plugin. -->","yoast_head_json":{"title":"Johnny Ventura, otro d\u00eda del padre sin el Caballo Mayor | El Nuevo Norte","robots":{"index":"index","follow":"follow","max-snippet":"max-snippet:-1","max-image-preview":"max-image-preview:large","max-video-preview":"max-video-preview:-1"},"canonical":"https:\/\/infoelnuevonorte.com\/?p=38847","og_locale":"es_ES","og_type":"article","og_title":"Johnny Ventura, otro d\u00eda del padre sin el Caballo Mayor | El Nuevo Norte","og_description":"Un d\u00eda como hoy el mundo de la\u00a0m\u00fasica\u00a0se ti\u00f1\u00f3 de luto con la\u00a0muerte\u00a0del legendario cantante de merengue,\u00a0Johnny Ventura, sucedida el 28 de julio de 2021. Conocido como \"El\u00a0Caballo Mayor\", Ventura falleci\u00f3 a los 81 a\u00f1os v\u00edctima de un\u00a0infarto\u00a0fulminante. Fue su hijo,\u00a0Jandy Ventura, quien, en un mar de l\u00e1grimas, confirm\u00f3 el deceso del popular artista, exdiputado [&hellip;]","og_url":"https:\/\/infoelnuevonorte.com\/?p=38847","og_site_name":"El Nuevo Norte","article_publisher":"https:\/\/www.facebook.com\/infoenn","article_published_time":"2024-07-28T13:58:06+00:00","article_modified_time":"2024-07-28T13:58:11+00:00","og_image":[{"width":896,"height":504,"url":"https:\/\/infoelnuevonorte.com\/wp-content\/uploads\/2024\/07\/descarga-2024-07-28T095307.718.png","type":"image\/png"}],"author":"T. R.","twitter_card":"summary_large_image","twitter_creator":"@Elnuevo_norte","twitter_site":"@Elnuevo_norte","twitter_misc":{"Written by":"T. R.","Est. reading time":"5 minutos"},"schema":{"@context":"https:\/\/schema.org","@graph":[{"@type":"Article","@id":"https:\/\/infoelnuevonorte.com\/?p=38847#article","isPartOf":{"@id":"https:\/\/infoelnuevonorte.com\/?p=38847"},"author":{"name":"T. R.","@id":"https:\/\/infoelnuevonorte.com\/#\/schema\/person\/3accb35eb55f55e96c492b52d085a403"},"headline":"Johnny Ventura, otro d\u00eda del padre sin el Caballo Mayor","datePublished":"2024-07-28T13:58:06+00:00","dateModified":"2024-07-28T13:58:11+00:00","mainEntityOfPage":{"@id":"https:\/\/infoelnuevonorte.com\/?p=38847"},"wordCount":967,"publisher":{"@id":"https:\/\/infoelnuevonorte.com\/#organization"},"articleSection":["Entretenimiento","Musica &amp; Far\u00e1ndula"],"inLanguage":"es-DO"},{"@type":"WebPage","@id":"https:\/\/infoelnuevonorte.com\/?p=38847","url":"https:\/\/infoelnuevonorte.com\/?p=38847","name":"Johnny Ventura, otro d\u00eda del padre sin el Caballo Mayor | El Nuevo Norte","isPartOf":{"@id":"https:\/\/infoelnuevonorte.com\/#website"},"datePublished":"2024-07-28T13:58:06+00:00","dateModified":"2024-07-28T13:58:11+00:00","breadcrumb":{"@id":"https:\/\/infoelnuevonorte.com\/?p=38847#breadcrumb"},"inLanguage":"es-DO","potentialAction":[{"@type":"ReadAction","target":["https:\/\/infoelnuevonorte.com\/?p=38847"]}]},{"@type":"BreadcrumbList","@id":"https:\/\/infoelnuevonorte.com\/?p=38847#breadcrumb","itemListElement":[{"@type":"ListItem","position":1,"name":"Home","item":"https:\/\/infoelnuevonorte.com\/"},{"@type":"ListItem","position":2,"name":"Johnny Ventura, otro d\u00eda del padre sin el Caballo Mayor"}]},{"@type":"WebSite","@id":"https:\/\/infoelnuevonorte.com\/#website","url":"https:\/\/infoelnuevonorte.com\/","name":"InfoEnn","description":"Tu Voz, tu Verdad, tu Diario!!!","publisher":{"@id":"https:\/\/infoelnuevonorte.com\/#organization"},"alternateName":"El Nuevo Norte","potentialAction":[{"@type":"SearchAction","target":{"@type":"EntryPoint","urlTemplate":"https:\/\/infoelnuevonorte.com\/?s={search_term_string}"},"query-input":{"@type":"PropertyValueSpecification","valueRequired":true,"valueName":"search_term_string"}}],"inLanguage":"es-DO"},{"@type":"Organization","@id":"https:\/\/infoelnuevonorte.com\/#organization","name":"Info El Nuevo Norte","alternateName":"El Nuevo Norte","url":"https:\/\/infoelnuevonorte.com\/","logo":{"@type":"ImageObject","inLanguage":"es-DO","@id":"https:\/\/infoelnuevonorte.com\/#\/schema\/logo\/image\/","url":"https:\/\/infoelnuevonorte.com\/wp-content\/uploads\/2026\/02\/Logo-Info-enn-3d-20ani.jpeg","contentUrl":"https:\/\/infoelnuevonorte.com\/wp-content\/uploads\/2026\/02\/Logo-Info-enn-3d-20ani.jpeg","width":2046,"height":736,"caption":"Info El Nuevo Norte"},"image":{"@id":"https:\/\/infoelnuevonorte.com\/#\/schema\/logo\/image\/"},"sameAs":["https:\/\/www.facebook.com\/infoenn","https:\/\/x.com\/Elnuevo_norte","https:\/\/www.instagram.com\/infoenn","https:\/\/www.facebook.com\/ENNRD"]},{"@type":"Person","@id":"https:\/\/infoelnuevonorte.com\/#\/schema\/person\/3accb35eb55f55e96c492b52d085a403","name":"T. R.","image":{"@type":"ImageObject","inLanguage":"es-DO","@id":"https:\/\/infoelnuevonorte.com\/#\/schema\/person\/image\/","url":"https:\/\/secure.gravatar.com\/avatar\/40543a038bda97abdb765b1662e9677d?s=96&d=robohash&r=g","contentUrl":"https:\/\/secure.gravatar.com\/avatar\/40543a038bda97abdb765b1662e9677d?s=96&d=robohash&r=g","caption":"T. R."},"url":"https:\/\/infoelnuevonorte.com\/?author=2"}]}},"_links":{"self":[{"href":"https:\/\/infoelnuevonorte.com\/index.php?rest_route=\/wp\/v2\/posts\/38847"}],"collection":[{"href":"https:\/\/infoelnuevonorte.com\/index.php?rest_route=\/wp\/v2\/posts"}],"about":[{"href":"https:\/\/infoelnuevonorte.com\/index.php?rest_route=\/wp\/v2\/types\/post"}],"author":[{"embeddable":true,"href":"https:\/\/infoelnuevonorte.com\/index.php?rest_route=\/wp\/v2\/users\/2"}],"replies":[{"embeddable":true,"href":"https:\/\/infoelnuevonorte.com\/index.php?rest_route=%2Fwp%2Fv2%2Fcomments&post=38847"}],"version-history":[{"count":0,"href":"https:\/\/infoelnuevonorte.com\/index.php?rest_route=\/wp\/v2\/posts\/38847\/revisions"}],"wp:attachment":[{"href":"https:\/\/infoelnuevonorte.com\/index.php?rest_route=%2Fwp%2Fv2%2Fmedia&parent=38847"}],"wp:term":[{"taxonomy":"category","embeddable":true,"href":"https:\/\/infoelnuevonorte.com\/index.php?rest_route=%2Fwp%2Fv2%2Fcategories&post=38847"},{"taxonomy":"post_tag","embeddable":true,"href":"https:\/\/infoelnuevonorte.com\/index.php?rest_route=%2Fwp%2Fv2%2Ftags&post=38847"}],"curies":[{"name":"wp","href":"https:\/\/api.w.org\/{rel}","templated":true}]}}