{"id":39117,"date":"2024-07-29T12:23:51","date_gmt":"2024-07-29T16:23:51","guid":{"rendered":"https:\/\/infoelnuevonorte.com\/?p=39117"},"modified":"2024-07-29T12:23:52","modified_gmt":"2024-07-29T16:23:52","slug":"una-nina-con-discapacidad-fue-violada-y-embarazada","status":"publish","type":"post","link":"https:\/\/infoelnuevonorte.com\/?p=39117","title":{"rendered":"Una ni\u00f1a con discapacidad fue violada y embarazada"},"content":{"rendered":"<div class=\"c-detail__body\" data-mrf-recirculation=\"Cuerpo Detalle\">\n<!--[if lt IE 9]><script>document.createElement('audio');<\/script><![endif]-->\n<audio class=\"wp-audio-shortcode\" id=\"audio-39117-1\" preload=\"none\" style=\"width: 100%;\" controls=\"controls\"><source type=\"audio\/mpeg\" src=\"https:\/\/infoelnuevonorte.com\/wp-content\/uploads\/2024\/07\/ttsmaker-vip-file-2024-7-29-12-23-25.mp3?_=1\" \/><a href=\"https:\/\/infoelnuevonorte.com\/wp-content\/uploads\/2024\/07\/ttsmaker-vip-file-2024-7-29-12-23-25.mp3\">https:\/\/infoelnuevonorte.com\/wp-content\/uploads\/2024\/07\/ttsmaker-vip-file-2024-7-29-12-23-25.mp3<\/a><\/audio>\n<p style=\"text-align: justify\"><strong>Carina<\/strong> (nombre ficticio) est\u00e1 sentada en el patio de su casa, descalza. Juega con una botella pl\u00e1stica con piedras dentro, y esboza una sonrisa, no est\u00e1 consciente de que tiene cuatro meses de embarazo, ni de la violaci\u00f3n de que fue v\u00edctima.<\/p>\n<p style=\"text-align: justify\">En su entorno, vecinos y alegados est\u00e1n consternados con la situaci\u00f3n, y se preguntan qui\u00e9n pudo abusar de una ni\u00f1a con discapacidad.<\/p>\n<p style=\"text-align: justify\">Aunque en su acta de nacimiento ella tiene 14 a\u00f1os, nunca ha hablado, la \u00fanica forma de comunicarse con su entorno es a trav\u00e9s de una sonrisa que de vez en cuando esboza en su rostro. Su desarrollo cerebral corresponde a una ni\u00f1a de muy pocos a\u00f1os.<\/p>\n<p style=\"text-align: justify\">Sus ojos no enfocan directamente a su interlocutor, y sus piernas est\u00e1n permanentemente juntas, as\u00ed como sus dedos.<\/p>\n<h3 class=\"c-detail__destacado\" style=\"text-align: justify\"><strong>DISCAPACIDAD<\/strong><\/h3>\n<p style=\"text-align: justify\">Su madre, a quien llamaremos Mar\u00eda (nombre ficticio), no recuerda el diagn\u00f3stico cl\u00ednico de la enfermedad de su hija, seg\u00fan su testimonio los m\u00e9dicos le dijeron que \u201cnaci\u00f3 con desgaste cerebral\u201d.<\/p>\n<p style=\"text-align: justify\">\u201cElla se sienta, y si se agarra, se sienta sola, pero no camina, no habla, siempre tiene los pies encogiditos, mira, pero no mira a los ojos, oye bien, entiende cuando le hablan, pero no responde\u201d, explica Mar\u00eda.<\/p>\n<p style=\"text-align: justify\">La ni\u00f1a naci\u00f3 de siete meses, en el Hospital Jos\u00e9 Mar\u00eda Cabral y B\u00e1ez en Santiago, su madre lo atribuye a las m\u00faltiples fiebres que tuvo durante el embarazo y que la mantuvieron interna en muchas ocasiones.<\/p>\n<p style=\"text-align: justify\">\u201cElla dur\u00f3 una semana en incubadora, naci\u00f3 una cosita chiquitita, como de cuatro libras, en ese momento s\u00f3lo me dijeron que estaban madurando los pulmones, no que ten\u00eda alg\u00fan problema\u201d, destaca.<\/p>\n<p style=\"text-align: justify\">La ni\u00f1a ten\u00eda un a\u00f1o cuando determinaron que ten\u00eda dificultades en su desarrollo neurol\u00f3gico.<\/p>\n<p style=\"text-align: justify\">\u201cCuando yo la vi que ella torc\u00eda los ojos, la llev\u00e9 a ver si ella iba a tener los ojitos volteados, la llev\u00e9 a un centro y el problema no era de los ojos. Me enviaron donde otro m\u00e9dico que le indic\u00f3 un estudio, y ah\u00ed me dijeron de ese problema, por eso la ni\u00f1a es as\u00ed\u201d.<\/p>\n<h3 class=\"c-detail__destacado\" style=\"text-align: justify\"><strong>CUIDADOS ESPECIALES<\/strong><\/h3>\n<p style=\"text-align: justify\">Mar\u00eda es una mujer de 44 a\u00f1os, que tiene cuatro hijos. En escolaridad lleg\u00f3 al octavo grado, es una mujer humilde que viene de una familia pobre. Ella no puede trabajar porque adem\u00e1s de Carina, tiene otra ni\u00f1a de 10 a\u00f1os que es falc\u00e9mica monocig\u00f3tica, la cual usa dos pa\u00f1ales desechables diarios, toma medicamentos y frecuentemente es ingresada por las bajas en los gl\u00f3bulos rojos y debe ser transfundida.<\/p>\n<p style=\"text-align: justify\">Carina, a pesar de que es una adolescente, tambi\u00e9n utiliza pa\u00f1ales desechables, al menos tres cada d\u00eda, porque no tiene control de sus esf\u00ednteres. Ella toma una medicaci\u00f3n, su madre cuenta que por tener dos hijas con necesidades especiales y no tener dinero tuvo que dejar de compr\u00e1rsela. \u201cElla solamente se pone rabiosa cuando tiene hambre o est\u00e1 sucia, que hasta se da golpes, hasta que le lleven la comida\u201d, asegura su madre.<\/p>\n<p style=\"text-align: justify\">Mar\u00eda tiene que levantarse temprano a preparle el desayuno para que no haya ninguna crisis, eso s\u00ed pudo dormir porque hay noches que se la pasan en vela. Cuenta que debe tener una rutina de alimentaci\u00f3n exacta porque Carina come mucho.<\/p>\n<p style=\"text-align: justify\">\u201cElla para en una ponchera de agua el d\u00eda completo, le gusta ba\u00f1arse mucho en una ponchera. A veces tengo que ponerla desde por la ma\u00f1ana porque se aru\u00f1a, se hala los cabellos y desde que la pongo en el agua se tranquiliza\u201d, explica.<\/p>\n<p style=\"text-align: justify\">Afirma que el agua y la m\u00fasica son sus dos grandes aliados porque son la \u00fanica forma de calmarla cuando se pone agresiva.<\/p>\n<h3 class=\"c-detail__destacado\" style=\"text-align: justify\"><strong>EL PADRE<\/strong><\/h3>\n<p style=\"text-align: justify\">Mar\u00eda cuenta que no recibe ayuda frecuente del padre. \u201c\u00c9l da algo cuando se acuerda, cada cinco meses \u00e9l da 5,000 pesos, casi ni la visita, ni viene\u201d, enfatiza.<\/p>\n<p style=\"text-align: justify\">El padre de su otra hija est\u00e1 privado de libertad desde que ella ten\u00eda un mes de nacida, \u201cese ni la conoce\u201d.<\/p>\n<h3 class=\"c-detail__destacado\" style=\"text-align: justify\"><strong>VIOLACI\u00d3N<\/strong><\/h3>\n<p style=\"text-align: justify\">Carina desarroll\u00f3 a los 12 a\u00f1os, su madre se percat\u00f3 que no le lleg\u00f3 la menstruaci\u00f3n, \u201cal primer mes yo dije eso es un retraso, vino el otro tambi\u00e9n yo lo cog\u00ed como un retraso, vino el otro y ah\u00ed me preocup\u00e9\u201d.<\/p>\n<p style=\"text-align: justify\">Su madre vio que le crec\u00edan los senos y la barriga, pero lo atribu\u00eda a un aumento de peso, nunca se imagin\u00f3 que su hija hab\u00eda sido violada.<\/p>\n<p style=\"text-align: justify\">\u201cYo nunca pens\u00e9 porque como aqu\u00ed no ven\u00eda nadie, no entra nadie, yo nunca pens\u00e9. Para m\u00ed, la ni\u00f1a estaba gorda\u201d.<\/p>\n<p style=\"text-align: justify\">Hace dos a\u00f1os, Mar\u00eda ten\u00eda una nueva pareja, un hombre que la ayud\u00f3 con la manutenci\u00f3n de sus hijas y a mejorar la casita humilde en la que viven.<\/p>\n<p style=\"text-align: justify\">\u201cMi esposo me dijo, t\u00fa no te preocupas porque la ni\u00f1a est\u00e1 sola, yo le dec\u00eda no tengo por qu\u00e9, aqu\u00ed no viene nadie y ella siempre est\u00e1 trancada ah\u00ed. \u00c9l me dijo t\u00fa sabes c\u00f3mo est\u00e1 este mundo, vamos a llevar la ni\u00f1a al m\u00e9dico\u201d, asegura.<\/p>\n<p style=\"text-align: justify\">La semana pasada mientras ba\u00f1aba a su hija se dio cuenta que ten\u00eda una bolita en el est\u00f3mago, que ella pens\u00f3 era un tumor, y al llevarla al m\u00e9dico se enter\u00f3 de la triste noticia.<\/p>\n<p style=\"text-align: justify\">\u201c\u00c9l (su pareja) mismo busc\u00f3 un carro, llam\u00f3 al hermano de \u00e9l porque \u00e9l estaba m\u00e1s interesado en saber porque la ni\u00f1a no estaba bien\u201d.<\/p>\n<p style=\"text-align: justify\">Cuando su hija de diez estaba interna era su pareja que cuidaba la de 14, porque Mar\u00eda asegura no tiene quien la ayude.<\/p>\n<p style=\"text-align: justify\">\u201cLa llevamos al m\u00e9dico y la doctora me dijo \u00bfqui\u00e9n la cuida? \u00bfQui\u00e9n est\u00e1 con ella siempre?, yo le dije, yo, aunque a veces yo estaba con la otra interna, y ella me dijo la ni\u00f1a est\u00e1 embarazada&#8230; A m\u00ed se me cay\u00f3 el mundo\u201d. A\u00fan con llanto cuenta que ella se resist\u00eda a creerlo. La doctora le dijo tranquil\u00edcese, \u201cva para cuatro meses, se ve bien y hasta se sabe que es hembra\u201d.<\/p>\n<p style=\"text-align: justify\">Ella visit\u00f3 a un ginec\u00f3logo y le dijo \u201cque la barriga est\u00e1 muy grande, ya no se puede hacer nada. Hay que hacerle una ces\u00e1rea cuando llegue el momento y hacerle un ADN para saber qui\u00e9n es el padre\u201d.<\/p>\n<h3 class=\"c-detail__destacado\" style=\"text-align: justify\"><strong>INVESTIGACI\u00d3N<\/strong><\/h3>\n<p style=\"text-align: justify\">El viernes pasado la fiscal\u00eda de Valverde inici\u00f3 un proceso de investigaci\u00f3n en torno al caso, la madre puso una denuncia contra el hombre que hasta hace dos semanas era su pareja, pero \u00e9l est\u00e1 pr\u00f3fugo. \u00c9l hace un a\u00f1o tuvo un accidente por lo que usa muletas.<\/p>\n<p style=\"text-align: justify\">\"\u00c9l vino borracho hace dos semanas y yo le dije as\u00ed t\u00fa no te puedes quedar aqu\u00ed, te me vas, y desde ese momento no he sabido nada de \u00e9l\".<\/p>\n<p style=\"text-align: justify\">Cercanos aseguran que \u00e9l hombre es consumidor de sustancias, aunque Mar\u00eda establece que en el tiempo que tienen de relaci\u00f3n ha estado tranquilo, aunque establece que \u00e9l lo hizo en el pasado.<\/p>\n<h3 class=\"c-detail__destacado\" style=\"text-align: justify\"><strong>AMENAZAS<\/strong><\/h3>\n<p style=\"text-align: justify\">Mar\u00eda actualmente vive bajo las amenazas de la familia de su expareja, quienes la acusan de ser mal agradecida y querer destruir la vida de el hombre<\/p>\n<\/div>\n<div class=\"c-detail__tags \" data-mrf-recirculation=\"Tags Relacionados\">\n<div class=\"c-detail__tags\" style=\"text-align: justify\" data-mrf-recirculation=\"Tags Relacionados\"><\/div>\n<\/div>\n","protected":false},"excerpt":{"rendered":"<p>Carina (nombre ficticio) est\u00e1 sentada en el patio de su casa, descalza. Juega con una botella pl\u00e1stica con piedras dentro, y esboza una sonrisa, no est\u00e1 consciente de que tiene cuatro meses de embarazo, ni de la violaci\u00f3n de que fue v\u00edctima. En su entorno, vecinos y alegados est\u00e1n consternados con la situaci\u00f3n, y se [&hellip;]<\/p>\n","protected":false},"author":2,"featured_media":0,"comment_status":"closed","ping_status":"open","sticky":false,"template":"","format":"standard","meta":{"footnotes":""},"categories":[8],"tags":[],"yoast_head":"<!-- This site is optimized with the Yoast SEO plugin v24.5 - https:\/\/yoast.com\/wordpress\/plugins\/seo\/ -->\n<title>Una ni\u00f1a con discapacidad fue violada y embarazada | El Nuevo Norte<\/title>\n<meta name=\"robots\" content=\"index, follow, max-snippet:-1, max-image-preview:large, max-video-preview:-1\" \/>\n<link rel=\"canonical\" href=\"https:\/\/infoelnuevonorte.com\/?p=39117\" \/>\n<meta property=\"og:locale\" content=\"es_ES\" \/>\n<meta property=\"og:type\" content=\"article\" \/>\n<meta property=\"og:title\" content=\"Una ni\u00f1a con discapacidad fue violada y embarazada | El Nuevo Norte\" \/>\n<meta property=\"og:description\" content=\"Carina (nombre ficticio) est\u00e1 sentada en el patio de su casa, descalza. Juega con una botella pl\u00e1stica con piedras dentro, y esboza una sonrisa, no est\u00e1 consciente de que tiene cuatro meses de embarazo, ni de la violaci\u00f3n de que fue v\u00edctima. En su entorno, vecinos y alegados est\u00e1n consternados con la situaci\u00f3n, y se [&hellip;]\" \/>\n<meta property=\"og:url\" content=\"https:\/\/infoelnuevonorte.com\/?p=39117\" \/>\n<meta property=\"og:site_name\" content=\"El Nuevo Norte\" \/>\n<meta property=\"article:publisher\" content=\"https:\/\/www.facebook.com\/infoenn\" \/>\n<meta property=\"article:published_time\" content=\"2024-07-29T16:23:51+00:00\" \/>\n<meta property=\"article:modified_time\" content=\"2024-07-29T16:23:52+00:00\" \/>\n<meta property=\"og:image\" content=\"https:\/\/infoelnuevonorte.com\/wp-content\/uploads\/2024\/07\/descarga-2024-07-29T121948.705.png\" \/>\n\t<meta property=\"og:image:width\" content=\"800\" \/>\n\t<meta property=\"og:image:height\" content=\"600\" \/>\n\t<meta property=\"og:image:type\" content=\"image\/png\" \/>\n<meta name=\"author\" content=\"T. R.\" \/>\n<meta name=\"twitter:card\" content=\"summary_large_image\" \/>\n<meta name=\"twitter:creator\" content=\"@Elnuevo_norte\" \/>\n<meta name=\"twitter:site\" content=\"@Elnuevo_norte\" \/>\n<meta name=\"twitter:label1\" content=\"Written by\" \/>\n\t<meta name=\"twitter:data1\" content=\"T. R.\" \/>\n\t<meta name=\"twitter:label2\" content=\"Est. reading time\" \/>\n\t<meta name=\"twitter:data2\" content=\"6 minutos\" \/>\n<script type=\"application\/ld+json\" class=\"yoast-schema-graph\">{\"@context\":\"https:\/\/schema.org\",\"@graph\":[{\"@type\":\"Article\",\"@id\":\"https:\/\/infoelnuevonorte.com\/?p=39117#article\",\"isPartOf\":{\"@id\":\"https:\/\/infoelnuevonorte.com\/?p=39117\"},\"author\":{\"name\":\"T. R.\",\"@id\":\"https:\/\/infoelnuevonorte.com\/#\/schema\/person\/3accb35eb55f55e96c492b52d085a403\"},\"headline\":\"Una ni\u00f1a con discapacidad fue violada y embarazada\",\"datePublished\":\"2024-07-29T16:23:51+00:00\",\"dateModified\":\"2024-07-29T16:23:52+00:00\",\"mainEntityOfPage\":{\"@id\":\"https:\/\/infoelnuevonorte.com\/?p=39117\"},\"wordCount\":1264,\"publisher\":{\"@id\":\"https:\/\/infoelnuevonorte.com\/#organization\"},\"articleSection\":[\"Nacionales\"],\"inLanguage\":\"es-DO\"},{\"@type\":\"WebPage\",\"@id\":\"https:\/\/infoelnuevonorte.com\/?p=39117\",\"url\":\"https:\/\/infoelnuevonorte.com\/?p=39117\",\"name\":\"Una ni\u00f1a con discapacidad fue violada y embarazada | El Nuevo Norte\",\"isPartOf\":{\"@id\":\"https:\/\/infoelnuevonorte.com\/#website\"},\"datePublished\":\"2024-07-29T16:23:51+00:00\",\"dateModified\":\"2024-07-29T16:23:52+00:00\",\"breadcrumb\":{\"@id\":\"https:\/\/infoelnuevonorte.com\/?p=39117#breadcrumb\"},\"inLanguage\":\"es-DO\",\"potentialAction\":[{\"@type\":\"ReadAction\",\"target\":[\"https:\/\/infoelnuevonorte.com\/?p=39117\"]}]},{\"@type\":\"BreadcrumbList\",\"@id\":\"https:\/\/infoelnuevonorte.com\/?p=39117#breadcrumb\",\"itemListElement\":[{\"@type\":\"ListItem\",\"position\":1,\"name\":\"Home\",\"item\":\"https:\/\/infoelnuevonorte.com\/\"},{\"@type\":\"ListItem\",\"position\":2,\"name\":\"Una ni\u00f1a con discapacidad fue violada y embarazada\"}]},{\"@type\":\"WebSite\",\"@id\":\"https:\/\/infoelnuevonorte.com\/#website\",\"url\":\"https:\/\/infoelnuevonorte.com\/\",\"name\":\"InfoEnn\",\"description\":\"Tu Voz, tu Verdad, tu Diario!!!\",\"publisher\":{\"@id\":\"https:\/\/infoelnuevonorte.com\/#organization\"},\"alternateName\":\"El Nuevo Norte\",\"potentialAction\":[{\"@type\":\"SearchAction\",\"target\":{\"@type\":\"EntryPoint\",\"urlTemplate\":\"https:\/\/infoelnuevonorte.com\/?s={search_term_string}\"},\"query-input\":{\"@type\":\"PropertyValueSpecification\",\"valueRequired\":true,\"valueName\":\"search_term_string\"}}],\"inLanguage\":\"es-DO\"},{\"@type\":\"Organization\",\"@id\":\"https:\/\/infoelnuevonorte.com\/#organization\",\"name\":\"Info El Nuevo Norte\",\"alternateName\":\"El Nuevo Norte\",\"url\":\"https:\/\/infoelnuevonorte.com\/\",\"logo\":{\"@type\":\"ImageObject\",\"inLanguage\":\"es-DO\",\"@id\":\"https:\/\/infoelnuevonorte.com\/#\/schema\/logo\/image\/\",\"url\":\"https:\/\/infoelnuevonorte.com\/wp-content\/uploads\/2026\/02\/Logo-Info-enn-3d-20ani.jpeg\",\"contentUrl\":\"https:\/\/infoelnuevonorte.com\/wp-content\/uploads\/2026\/02\/Logo-Info-enn-3d-20ani.jpeg\",\"width\":2046,\"height\":736,\"caption\":\"Info El Nuevo Norte\"},\"image\":{\"@id\":\"https:\/\/infoelnuevonorte.com\/#\/schema\/logo\/image\/\"},\"sameAs\":[\"https:\/\/www.facebook.com\/infoenn\",\"https:\/\/x.com\/Elnuevo_norte\",\"https:\/\/www.instagram.com\/infoenn\",\"https:\/\/www.facebook.com\/ENNRD\"]},{\"@type\":\"Person\",\"@id\":\"https:\/\/infoelnuevonorte.com\/#\/schema\/person\/3accb35eb55f55e96c492b52d085a403\",\"name\":\"T. R.\",\"image\":{\"@type\":\"ImageObject\",\"inLanguage\":\"es-DO\",\"@id\":\"https:\/\/infoelnuevonorte.com\/#\/schema\/person\/image\/\",\"url\":\"https:\/\/secure.gravatar.com\/avatar\/40543a038bda97abdb765b1662e9677d?s=96&d=robohash&r=g\",\"contentUrl\":\"https:\/\/secure.gravatar.com\/avatar\/40543a038bda97abdb765b1662e9677d?s=96&d=robohash&r=g\",\"caption\":\"T. R.\"},\"url\":\"https:\/\/infoelnuevonorte.com\/?author=2\"}]}<\/script>\n<!-- \/ Yoast SEO plugin. -->","yoast_head_json":{"title":"Una ni\u00f1a con discapacidad fue violada y embarazada | El Nuevo Norte","robots":{"index":"index","follow":"follow","max-snippet":"max-snippet:-1","max-image-preview":"max-image-preview:large","max-video-preview":"max-video-preview:-1"},"canonical":"https:\/\/infoelnuevonorte.com\/?p=39117","og_locale":"es_ES","og_type":"article","og_title":"Una ni\u00f1a con discapacidad fue violada y embarazada | El Nuevo Norte","og_description":"Carina (nombre ficticio) est\u00e1 sentada en el patio de su casa, descalza. Juega con una botella pl\u00e1stica con piedras dentro, y esboza una sonrisa, no est\u00e1 consciente de que tiene cuatro meses de embarazo, ni de la violaci\u00f3n de que fue v\u00edctima. En su entorno, vecinos y alegados est\u00e1n consternados con la situaci\u00f3n, y se [&hellip;]","og_url":"https:\/\/infoelnuevonorte.com\/?p=39117","og_site_name":"El Nuevo Norte","article_publisher":"https:\/\/www.facebook.com\/infoenn","article_published_time":"2024-07-29T16:23:51+00:00","article_modified_time":"2024-07-29T16:23:52+00:00","og_image":[{"width":800,"height":600,"url":"https:\/\/infoelnuevonorte.com\/wp-content\/uploads\/2024\/07\/descarga-2024-07-29T121948.705.png","type":"image\/png"}],"author":"T. R.","twitter_card":"summary_large_image","twitter_creator":"@Elnuevo_norte","twitter_site":"@Elnuevo_norte","twitter_misc":{"Written by":"T. R.","Est. reading time":"6 minutos"},"schema":{"@context":"https:\/\/schema.org","@graph":[{"@type":"Article","@id":"https:\/\/infoelnuevonorte.com\/?p=39117#article","isPartOf":{"@id":"https:\/\/infoelnuevonorte.com\/?p=39117"},"author":{"name":"T. R.","@id":"https:\/\/infoelnuevonorte.com\/#\/schema\/person\/3accb35eb55f55e96c492b52d085a403"},"headline":"Una ni\u00f1a con discapacidad fue violada y embarazada","datePublished":"2024-07-29T16:23:51+00:00","dateModified":"2024-07-29T16:23:52+00:00","mainEntityOfPage":{"@id":"https:\/\/infoelnuevonorte.com\/?p=39117"},"wordCount":1264,"publisher":{"@id":"https:\/\/infoelnuevonorte.com\/#organization"},"articleSection":["Nacionales"],"inLanguage":"es-DO"},{"@type":"WebPage","@id":"https:\/\/infoelnuevonorte.com\/?p=39117","url":"https:\/\/infoelnuevonorte.com\/?p=39117","name":"Una ni\u00f1a con discapacidad fue violada y embarazada | El Nuevo Norte","isPartOf":{"@id":"https:\/\/infoelnuevonorte.com\/#website"},"datePublished":"2024-07-29T16:23:51+00:00","dateModified":"2024-07-29T16:23:52+00:00","breadcrumb":{"@id":"https:\/\/infoelnuevonorte.com\/?p=39117#breadcrumb"},"inLanguage":"es-DO","potentialAction":[{"@type":"ReadAction","target":["https:\/\/infoelnuevonorte.com\/?p=39117"]}]},{"@type":"BreadcrumbList","@id":"https:\/\/infoelnuevonorte.com\/?p=39117#breadcrumb","itemListElement":[{"@type":"ListItem","position":1,"name":"Home","item":"https:\/\/infoelnuevonorte.com\/"},{"@type":"ListItem","position":2,"name":"Una ni\u00f1a con discapacidad fue violada y embarazada"}]},{"@type":"WebSite","@id":"https:\/\/infoelnuevonorte.com\/#website","url":"https:\/\/infoelnuevonorte.com\/","name":"InfoEnn","description":"Tu Voz, tu Verdad, tu Diario!!!","publisher":{"@id":"https:\/\/infoelnuevonorte.com\/#organization"},"alternateName":"El Nuevo Norte","potentialAction":[{"@type":"SearchAction","target":{"@type":"EntryPoint","urlTemplate":"https:\/\/infoelnuevonorte.com\/?s={search_term_string}"},"query-input":{"@type":"PropertyValueSpecification","valueRequired":true,"valueName":"search_term_string"}}],"inLanguage":"es-DO"},{"@type":"Organization","@id":"https:\/\/infoelnuevonorte.com\/#organization","name":"Info El Nuevo Norte","alternateName":"El Nuevo Norte","url":"https:\/\/infoelnuevonorte.com\/","logo":{"@type":"ImageObject","inLanguage":"es-DO","@id":"https:\/\/infoelnuevonorte.com\/#\/schema\/logo\/image\/","url":"https:\/\/infoelnuevonorte.com\/wp-content\/uploads\/2026\/02\/Logo-Info-enn-3d-20ani.jpeg","contentUrl":"https:\/\/infoelnuevonorte.com\/wp-content\/uploads\/2026\/02\/Logo-Info-enn-3d-20ani.jpeg","width":2046,"height":736,"caption":"Info El Nuevo Norte"},"image":{"@id":"https:\/\/infoelnuevonorte.com\/#\/schema\/logo\/image\/"},"sameAs":["https:\/\/www.facebook.com\/infoenn","https:\/\/x.com\/Elnuevo_norte","https:\/\/www.instagram.com\/infoenn","https:\/\/www.facebook.com\/ENNRD"]},{"@type":"Person","@id":"https:\/\/infoelnuevonorte.com\/#\/schema\/person\/3accb35eb55f55e96c492b52d085a403","name":"T. R.","image":{"@type":"ImageObject","inLanguage":"es-DO","@id":"https:\/\/infoelnuevonorte.com\/#\/schema\/person\/image\/","url":"https:\/\/secure.gravatar.com\/avatar\/40543a038bda97abdb765b1662e9677d?s=96&d=robohash&r=g","contentUrl":"https:\/\/secure.gravatar.com\/avatar\/40543a038bda97abdb765b1662e9677d?s=96&d=robohash&r=g","caption":"T. R."},"url":"https:\/\/infoelnuevonorte.com\/?author=2"}]}},"_links":{"self":[{"href":"https:\/\/infoelnuevonorte.com\/index.php?rest_route=\/wp\/v2\/posts\/39117"}],"collection":[{"href":"https:\/\/infoelnuevonorte.com\/index.php?rest_route=\/wp\/v2\/posts"}],"about":[{"href":"https:\/\/infoelnuevonorte.com\/index.php?rest_route=\/wp\/v2\/types\/post"}],"author":[{"embeddable":true,"href":"https:\/\/infoelnuevonorte.com\/index.php?rest_route=\/wp\/v2\/users\/2"}],"replies":[{"embeddable":true,"href":"https:\/\/infoelnuevonorte.com\/index.php?rest_route=%2Fwp%2Fv2%2Fcomments&post=39117"}],"version-history":[{"count":0,"href":"https:\/\/infoelnuevonorte.com\/index.php?rest_route=\/wp\/v2\/posts\/39117\/revisions"}],"wp:attachment":[{"href":"https:\/\/infoelnuevonorte.com\/index.php?rest_route=%2Fwp%2Fv2%2Fmedia&parent=39117"}],"wp:term":[{"taxonomy":"category","embeddable":true,"href":"https:\/\/infoelnuevonorte.com\/index.php?rest_route=%2Fwp%2Fv2%2Fcategories&post=39117"},{"taxonomy":"post_tag","embeddable":true,"href":"https:\/\/infoelnuevonorte.com\/index.php?rest_route=%2Fwp%2Fv2%2Ftags&post=39117"}],"curies":[{"name":"wp","href":"https:\/\/api.w.org\/{rel}","templated":true}]}}