{"id":39260,"date":"2024-07-29T23:00:08","date_gmt":"2024-07-30T03:00:08","guid":{"rendered":"https:\/\/infoelnuevonorte.com\/?p=39260"},"modified":"2024-07-29T23:00:31","modified_gmt":"2024-07-30T03:00:31","slug":"las-elecciones-podrian-unificarse-a-partir-de-2032-y-se-baraja-reducir-numero-de-diputados","status":"publish","type":"post","link":"https:\/\/infoelnuevonorte.com\/?p=39260","title":{"rendered":"Las elecciones podr\u00edan unificarse a partir de 2032 y se baraja reducir n\u00famero de diputados"},"content":{"rendered":"\n<p><a href=\"https:\/\/deultimominuto.net\/category\/nacionales\/\"><\/a><\/p>\n\n\n<!--[if lt IE 9]><script>document.createElement('audio');<\/script><![endif]-->\n<audio class=\"wp-audio-shortcode\" id=\"audio-39260-1\" preload=\"none\" style=\"width: 100%;\" controls=\"controls\"><source type=\"audio\/mpeg\" src=\"https:\/\/infoelnuevonorte.com\/wp-content\/uploads\/2024\/07\/2024-07-30-105914_120138.mp3?_=1\" \/><a href=\"https:\/\/infoelnuevonorte.com\/wp-content\/uploads\/2024\/07\/2024-07-30-105914_120138.mp3\">https:\/\/infoelnuevonorte.com\/wp-content\/uploads\/2024\/07\/2024-07-30-105914_120138.mp3<\/a><\/audio>\n<p style=\"text-align: justify\"><strong>Santo Domingo.-<\/strong>\u00a0El presidente Luis Abinader afirm\u00f3 este lunes que se\u00a0<strong>est\u00e1 estudiando la posibilidad de unificar, a partir de 2032, las elecciones municipales con las legislativas y presidenciales<\/strong>\u00a0que se vienen celebrando en dos convocatorias, as\u00ed como disminuir el n\u00famero de diputados.<\/p>\n<p style=\"text-align: justify\">La unificaci\u00f3n electoral formar\u00eda parte de la reforma fiscal como una de las iniciativas para mejorar la calidad del gasto p\u00fablico, apunt\u00f3 el mandatario, que matiz\u00f3 que este planteamiento\u00a0<strong>\u00abno est\u00e1 decidido todav\u00eda. Y la otra parte es disminuir la cantidad de diputados. Eso est\u00e1 en discusi\u00f3n\u00bb<\/strong>.<\/p>\n<p style=\"text-align: justify\">Abinader se refiri\u00f3 a esas dos sugerencias durante su rueda de prensa semanal, en la que estuvo muy presente la reacci\u00f3n del Gobierno de Venezuela de exigir la retirada de su representaci\u00f3n, a ra\u00edz de las solicitudes de transparencia sobre los resultados de los comicios presidenciales del domingo, en los que el Consejo Nacional Electoral (CNE) da la victoria a Nicol\u00e1s Maduro.<\/p>\n<p style=\"text-align: justify\">\u00abEstamos defendiendo los principios democr\u00e1ticos, pero ni siquiera en favor de nadie. Lo que estamos diciendo es que si usted gan\u00f3 (las elecciones) y hay un cuestionamiento a las actas por parte de la oposici\u00f3n, presente las actas en presencia de supervisores internacionales\u00bb, explic\u00f3 Abinader en varias ocasiones.<\/p>\n<p style=\"text-align: justify\">Eso es\u00a0<strong>\u00abpara una mayor transparencia y ayudar a la democracia de Venezuela\u00bb<\/strong>, agreg\u00f3 el mandatario, que previamente expres\u00f3 su \u00abprofunda preocupaci\u00f3n por el proceso electoral en Venezuela, pues la transparencia debe ser la base de su legitimidad\u00bb, en un mensaje publicado en la red social X.<\/p>\n<p style=\"text-align: justify\">\u00abLas reglas electorales no se pueden aplicar a discreci\u00f3n. Un recuento de las actas con verificaci\u00f3n internacional es indispensable para reconocer el resultado\u00bb, a\u00f1adi\u00f3 en el mensaje, en consonancia con lo expresado en un comunicado conjunto con Argentina, Chile, Costa Rica, Per\u00fa, Panam\u00e1 y Uruguay, a los que el Ejecutivo de Maduro tambi\u00e9n ha exigido la salida de su representaci\u00f3n de Venezuela.<\/p>","protected":false},"excerpt":{"rendered":"<p>Santo Domingo.-\u00a0El presidente Luis Abinader afirm\u00f3 este lunes que se\u00a0est\u00e1 estudiando la posibilidad de unificar, a partir de 2032, las elecciones municipales con las legislativas y presidenciales\u00a0que se vienen celebrando en dos convocatorias, as\u00ed como disminuir el n\u00famero de diputados. La unificaci\u00f3n electoral formar\u00eda parte de la reforma fiscal como una de las iniciativas para [&hellip;]<\/p>\n","protected":false},"author":2,"featured_media":0,"comment_status":"closed","ping_status":"open","sticky":false,"template":"","format":"standard","meta":{"footnotes":""},"categories":[8],"tags":[],"yoast_head":"<!-- This site is optimized with the Yoast SEO plugin v24.5 - https:\/\/yoast.com\/wordpress\/plugins\/seo\/ -->\n<title>Las elecciones podr\u00edan unificarse a partir de 2032 y se baraja reducir n\u00famero de diputados | El Nuevo Norte<\/title>\n<meta name=\"robots\" content=\"index, follow, max-snippet:-1, max-image-preview:large, max-video-preview:-1\" \/>\n<link rel=\"canonical\" href=\"https:\/\/infoelnuevonorte.com\/?p=39260\" \/>\n<meta property=\"og:locale\" content=\"es_ES\" \/>\n<meta property=\"og:type\" content=\"article\" \/>\n<meta property=\"og:title\" content=\"Las elecciones podr\u00edan unificarse a partir de 2032 y se baraja reducir n\u00famero de diputados | El Nuevo Norte\" \/>\n<meta property=\"og:description\" content=\"Santo Domingo.-\u00a0El presidente Luis Abinader afirm\u00f3 este lunes que se\u00a0est\u00e1 estudiando la posibilidad de unificar, a partir de 2032, las elecciones municipales con las legislativas y presidenciales\u00a0que se vienen celebrando en dos convocatorias, as\u00ed como disminuir el n\u00famero de diputados. La unificaci\u00f3n electoral formar\u00eda parte de la reforma fiscal como una de las iniciativas para [&hellip;]\" \/>\n<meta property=\"og:url\" content=\"https:\/\/infoelnuevonorte.com\/?p=39260\" \/>\n<meta property=\"og:site_name\" content=\"El Nuevo Norte\" \/>\n<meta property=\"article:publisher\" content=\"https:\/\/www.facebook.com\/infoenn\" \/>\n<meta property=\"article:published_time\" content=\"2024-07-30T03:00:08+00:00\" \/>\n<meta property=\"article:modified_time\" content=\"2024-07-30T03:00:31+00:00\" \/>\n<meta property=\"og:image\" content=\"https:\/\/infoelnuevonorte.com\/wp-content\/uploads\/2024\/07\/descarga-2024-07-29T225740.255.png\" \/>\n\t<meta property=\"og:image:width\" content=\"1030\" \/>\n\t<meta property=\"og:image:height\" content=\"579\" \/>\n\t<meta property=\"og:image:type\" content=\"image\/png\" \/>\n<meta name=\"author\" content=\"T. R.\" \/>\n<meta name=\"twitter:card\" content=\"summary_large_image\" \/>\n<meta name=\"twitter:creator\" content=\"@Elnuevo_norte\" \/>\n<meta name=\"twitter:site\" content=\"@Elnuevo_norte\" \/>\n<meta name=\"twitter:label1\" content=\"Written by\" \/>\n\t<meta name=\"twitter:data1\" content=\"T. R.\" \/>\n\t<meta name=\"twitter:label2\" content=\"Est. reading time\" \/>\n\t<meta name=\"twitter:data2\" content=\"2 minutos\" \/>\n<script type=\"application\/ld+json\" class=\"yoast-schema-graph\">{\"@context\":\"https:\/\/schema.org\",\"@graph\":[{\"@type\":\"Article\",\"@id\":\"https:\/\/infoelnuevonorte.com\/?p=39260#article\",\"isPartOf\":{\"@id\":\"https:\/\/infoelnuevonorte.com\/?p=39260\"},\"author\":{\"name\":\"T. R.\",\"@id\":\"https:\/\/infoelnuevonorte.com\/#\/schema\/person\/3accb35eb55f55e96c492b52d085a403\"},\"headline\":\"Las elecciones podr\u00edan unificarse a partir de 2032 y se baraja reducir n\u00famero de diputados\",\"datePublished\":\"2024-07-30T03:00:08+00:00\",\"dateModified\":\"2024-07-30T03:00:31+00:00\",\"mainEntityOfPage\":{\"@id\":\"https:\/\/infoelnuevonorte.com\/?p=39260\"},\"wordCount\":355,\"publisher\":{\"@id\":\"https:\/\/infoelnuevonorte.com\/#organization\"},\"articleSection\":[\"Nacionales\"],\"inLanguage\":\"es-DO\"},{\"@type\":\"WebPage\",\"@id\":\"https:\/\/infoelnuevonorte.com\/?p=39260\",\"url\":\"https:\/\/infoelnuevonorte.com\/?p=39260\",\"name\":\"Las elecciones podr\u00edan unificarse a partir de 2032 y se baraja reducir n\u00famero de diputados | El Nuevo Norte\",\"isPartOf\":{\"@id\":\"https:\/\/infoelnuevonorte.com\/#website\"},\"datePublished\":\"2024-07-30T03:00:08+00:00\",\"dateModified\":\"2024-07-30T03:00:31+00:00\",\"breadcrumb\":{\"@id\":\"https:\/\/infoelnuevonorte.com\/?p=39260#breadcrumb\"},\"inLanguage\":\"es-DO\",\"potentialAction\":[{\"@type\":\"ReadAction\",\"target\":[\"https:\/\/infoelnuevonorte.com\/?p=39260\"]}]},{\"@type\":\"BreadcrumbList\",\"@id\":\"https:\/\/infoelnuevonorte.com\/?p=39260#breadcrumb\",\"itemListElement\":[{\"@type\":\"ListItem\",\"position\":1,\"name\":\"Home\",\"item\":\"https:\/\/infoelnuevonorte.com\/\"},{\"@type\":\"ListItem\",\"position\":2,\"name\":\"Las elecciones podr\u00edan unificarse a partir de 2032 y se baraja reducir n\u00famero de diputados\"}]},{\"@type\":\"WebSite\",\"@id\":\"https:\/\/infoelnuevonorte.com\/#website\",\"url\":\"https:\/\/infoelnuevonorte.com\/\",\"name\":\"InfoEnn\",\"description\":\"Tu Voz, tu Verdad, tu Diario!!!\",\"publisher\":{\"@id\":\"https:\/\/infoelnuevonorte.com\/#organization\"},\"alternateName\":\"El Nuevo Norte\",\"potentialAction\":[{\"@type\":\"SearchAction\",\"target\":{\"@type\":\"EntryPoint\",\"urlTemplate\":\"https:\/\/infoelnuevonorte.com\/?s={search_term_string}\"},\"query-input\":{\"@type\":\"PropertyValueSpecification\",\"valueRequired\":true,\"valueName\":\"search_term_string\"}}],\"inLanguage\":\"es-DO\"},{\"@type\":\"Organization\",\"@id\":\"https:\/\/infoelnuevonorte.com\/#organization\",\"name\":\"Info El Nuevo Norte\",\"alternateName\":\"El Nuevo Norte\",\"url\":\"https:\/\/infoelnuevonorte.com\/\",\"logo\":{\"@type\":\"ImageObject\",\"inLanguage\":\"es-DO\",\"@id\":\"https:\/\/infoelnuevonorte.com\/#\/schema\/logo\/image\/\",\"url\":\"https:\/\/infoelnuevonorte.com\/wp-content\/uploads\/2026\/02\/Logo-Info-enn-3d-20ani.jpeg\",\"contentUrl\":\"https:\/\/infoelnuevonorte.com\/wp-content\/uploads\/2026\/02\/Logo-Info-enn-3d-20ani.jpeg\",\"width\":2046,\"height\":736,\"caption\":\"Info El Nuevo Norte\"},\"image\":{\"@id\":\"https:\/\/infoelnuevonorte.com\/#\/schema\/logo\/image\/\"},\"sameAs\":[\"https:\/\/www.facebook.com\/infoenn\",\"https:\/\/x.com\/Elnuevo_norte\",\"https:\/\/www.instagram.com\/infoenn\",\"https:\/\/www.facebook.com\/ENNRD\"]},{\"@type\":\"Person\",\"@id\":\"https:\/\/infoelnuevonorte.com\/#\/schema\/person\/3accb35eb55f55e96c492b52d085a403\",\"name\":\"T. R.\",\"image\":{\"@type\":\"ImageObject\",\"inLanguage\":\"es-DO\",\"@id\":\"https:\/\/infoelnuevonorte.com\/#\/schema\/person\/image\/\",\"url\":\"https:\/\/secure.gravatar.com\/avatar\/40543a038bda97abdb765b1662e9677d?s=96&d=robohash&r=g\",\"contentUrl\":\"https:\/\/secure.gravatar.com\/avatar\/40543a038bda97abdb765b1662e9677d?s=96&d=robohash&r=g\",\"caption\":\"T. R.\"},\"url\":\"https:\/\/infoelnuevonorte.com\/?author=2\"}]}<\/script>\n<!-- \/ Yoast SEO plugin. -->","yoast_head_json":{"title":"Las elecciones podr\u00edan unificarse a partir de 2032 y se baraja reducir n\u00famero de diputados | El Nuevo Norte","robots":{"index":"index","follow":"follow","max-snippet":"max-snippet:-1","max-image-preview":"max-image-preview:large","max-video-preview":"max-video-preview:-1"},"canonical":"https:\/\/infoelnuevonorte.com\/?p=39260","og_locale":"es_ES","og_type":"article","og_title":"Las elecciones podr\u00edan unificarse a partir de 2032 y se baraja reducir n\u00famero de diputados | El Nuevo Norte","og_description":"Santo Domingo.-\u00a0El presidente Luis Abinader afirm\u00f3 este lunes que se\u00a0est\u00e1 estudiando la posibilidad de unificar, a partir de 2032, las elecciones municipales con las legislativas y presidenciales\u00a0que se vienen celebrando en dos convocatorias, as\u00ed como disminuir el n\u00famero de diputados. La unificaci\u00f3n electoral formar\u00eda parte de la reforma fiscal como una de las iniciativas para [&hellip;]","og_url":"https:\/\/infoelnuevonorte.com\/?p=39260","og_site_name":"El Nuevo Norte","article_publisher":"https:\/\/www.facebook.com\/infoenn","article_published_time":"2024-07-30T03:00:08+00:00","article_modified_time":"2024-07-30T03:00:31+00:00","og_image":[{"width":1030,"height":579,"url":"https:\/\/infoelnuevonorte.com\/wp-content\/uploads\/2024\/07\/descarga-2024-07-29T225740.255.png","type":"image\/png"}],"author":"T. R.","twitter_card":"summary_large_image","twitter_creator":"@Elnuevo_norte","twitter_site":"@Elnuevo_norte","twitter_misc":{"Written by":"T. R.","Est. reading time":"2 minutos"},"schema":{"@context":"https:\/\/schema.org","@graph":[{"@type":"Article","@id":"https:\/\/infoelnuevonorte.com\/?p=39260#article","isPartOf":{"@id":"https:\/\/infoelnuevonorte.com\/?p=39260"},"author":{"name":"T. R.","@id":"https:\/\/infoelnuevonorte.com\/#\/schema\/person\/3accb35eb55f55e96c492b52d085a403"},"headline":"Las elecciones podr\u00edan unificarse a partir de 2032 y se baraja reducir n\u00famero de diputados","datePublished":"2024-07-30T03:00:08+00:00","dateModified":"2024-07-30T03:00:31+00:00","mainEntityOfPage":{"@id":"https:\/\/infoelnuevonorte.com\/?p=39260"},"wordCount":355,"publisher":{"@id":"https:\/\/infoelnuevonorte.com\/#organization"},"articleSection":["Nacionales"],"inLanguage":"es-DO"},{"@type":"WebPage","@id":"https:\/\/infoelnuevonorte.com\/?p=39260","url":"https:\/\/infoelnuevonorte.com\/?p=39260","name":"Las elecciones podr\u00edan unificarse a partir de 2032 y se baraja reducir n\u00famero de diputados | El Nuevo Norte","isPartOf":{"@id":"https:\/\/infoelnuevonorte.com\/#website"},"datePublished":"2024-07-30T03:00:08+00:00","dateModified":"2024-07-30T03:00:31+00:00","breadcrumb":{"@id":"https:\/\/infoelnuevonorte.com\/?p=39260#breadcrumb"},"inLanguage":"es-DO","potentialAction":[{"@type":"ReadAction","target":["https:\/\/infoelnuevonorte.com\/?p=39260"]}]},{"@type":"BreadcrumbList","@id":"https:\/\/infoelnuevonorte.com\/?p=39260#breadcrumb","itemListElement":[{"@type":"ListItem","position":1,"name":"Home","item":"https:\/\/infoelnuevonorte.com\/"},{"@type":"ListItem","position":2,"name":"Las elecciones podr\u00edan unificarse a partir de 2032 y se baraja reducir n\u00famero de diputados"}]},{"@type":"WebSite","@id":"https:\/\/infoelnuevonorte.com\/#website","url":"https:\/\/infoelnuevonorte.com\/","name":"InfoEnn","description":"Tu Voz, tu Verdad, tu Diario!!!","publisher":{"@id":"https:\/\/infoelnuevonorte.com\/#organization"},"alternateName":"El Nuevo Norte","potentialAction":[{"@type":"SearchAction","target":{"@type":"EntryPoint","urlTemplate":"https:\/\/infoelnuevonorte.com\/?s={search_term_string}"},"query-input":{"@type":"PropertyValueSpecification","valueRequired":true,"valueName":"search_term_string"}}],"inLanguage":"es-DO"},{"@type":"Organization","@id":"https:\/\/infoelnuevonorte.com\/#organization","name":"Info El Nuevo Norte","alternateName":"El Nuevo Norte","url":"https:\/\/infoelnuevonorte.com\/","logo":{"@type":"ImageObject","inLanguage":"es-DO","@id":"https:\/\/infoelnuevonorte.com\/#\/schema\/logo\/image\/","url":"https:\/\/infoelnuevonorte.com\/wp-content\/uploads\/2026\/02\/Logo-Info-enn-3d-20ani.jpeg","contentUrl":"https:\/\/infoelnuevonorte.com\/wp-content\/uploads\/2026\/02\/Logo-Info-enn-3d-20ani.jpeg","width":2046,"height":736,"caption":"Info El Nuevo Norte"},"image":{"@id":"https:\/\/infoelnuevonorte.com\/#\/schema\/logo\/image\/"},"sameAs":["https:\/\/www.facebook.com\/infoenn","https:\/\/x.com\/Elnuevo_norte","https:\/\/www.instagram.com\/infoenn","https:\/\/www.facebook.com\/ENNRD"]},{"@type":"Person","@id":"https:\/\/infoelnuevonorte.com\/#\/schema\/person\/3accb35eb55f55e96c492b52d085a403","name":"T. R.","image":{"@type":"ImageObject","inLanguage":"es-DO","@id":"https:\/\/infoelnuevonorte.com\/#\/schema\/person\/image\/","url":"https:\/\/secure.gravatar.com\/avatar\/40543a038bda97abdb765b1662e9677d?s=96&d=robohash&r=g","contentUrl":"https:\/\/secure.gravatar.com\/avatar\/40543a038bda97abdb765b1662e9677d?s=96&d=robohash&r=g","caption":"T. R."},"url":"https:\/\/infoelnuevonorte.com\/?author=2"}]}},"_links":{"self":[{"href":"https:\/\/infoelnuevonorte.com\/index.php?rest_route=\/wp\/v2\/posts\/39260"}],"collection":[{"href":"https:\/\/infoelnuevonorte.com\/index.php?rest_route=\/wp\/v2\/posts"}],"about":[{"href":"https:\/\/infoelnuevonorte.com\/index.php?rest_route=\/wp\/v2\/types\/post"}],"author":[{"embeddable":true,"href":"https:\/\/infoelnuevonorte.com\/index.php?rest_route=\/wp\/v2\/users\/2"}],"replies":[{"embeddable":true,"href":"https:\/\/infoelnuevonorte.com\/index.php?rest_route=%2Fwp%2Fv2%2Fcomments&post=39260"}],"version-history":[{"count":0,"href":"https:\/\/infoelnuevonorte.com\/index.php?rest_route=\/wp\/v2\/posts\/39260\/revisions"}],"wp:attachment":[{"href":"https:\/\/infoelnuevonorte.com\/index.php?rest_route=%2Fwp%2Fv2%2Fmedia&parent=39260"}],"wp:term":[{"taxonomy":"category","embeddable":true,"href":"https:\/\/infoelnuevonorte.com\/index.php?rest_route=%2Fwp%2Fv2%2Fcategories&post=39260"},{"taxonomy":"post_tag","embeddable":true,"href":"https:\/\/infoelnuevonorte.com\/index.php?rest_route=%2Fwp%2Fv2%2Ftags&post=39260"}],"curies":[{"name":"wp","href":"https:\/\/api.w.org\/{rel}","templated":true}]}}