{"id":39559,"date":"2024-07-30T22:41:50","date_gmt":"2024-07-31T02:41:50","guid":{"rendered":"https:\/\/infoelnuevonorte.com\/?p=39559"},"modified":"2024-07-30T22:41:51","modified_gmt":"2024-07-31T02:41:51","slug":"establecen-plazo-de-90-dias-para-proteger-botellones-de-agua-de-los-rayos-del-sol","status":"publish","type":"post","link":"https:\/\/infoelnuevonorte.com\/?p=39559","title":{"rendered":"Establecen plazo de 90 d\u00edas para proteger botellones de agua de los rayos del sol"},"content":{"rendered":"\n<p><a href=\"https:\/\/deultimominuto.net\/category\/nacionales\/\"><\/a><\/p>\n\n\n<div class=\"td_block_wrap tdb_single_content tdi_360 td-pb-border-top td_block_template_1 td-post-content tagdiv-type\" data-td-block-uid=\"tdi_360\">\n<div class=\"tdb-block-inner td-fix-index\">\n<p style=\"text-align: justify\"><strong>Santo Domingo.-\u00a0<\/strong>Empresas y asociaciones de envasadoras de agua purificada del pa\u00eds acordaron con el Instituto Nacional de Protecci\u00f3n de los Derechos del Consumidor (Pro Consumidor) establecer un plazo de 90 d\u00edas para cumplir con la medida de proteger los botellones de agua de los rayos del sol.<\/p>\n<p style=\"text-align: justify\">La disposici\u00f3n se aplicar\u00e1 en las plantas de procesamiento, durante el transporte de los botellones y en los negocios donde se vende este producto, con el fin de salvaguardar la salud de las personas, inform\u00f3 Pro Consumidor este martes en un comunicado.<\/p>\n<p style=\"text-align: justify\">Si vencido el plazo de los 90 d\u00edas los exhibidores con los botellones no son cubiertos o reubicados en lugares adecuados, se aplicar\u00e1n medidas dr\u00e1sticas contra los establecimientos que incumplan la medida, de acuerdo con lo que establece la ley de Protecci\u00f3n al Consumidor o Usuario.<\/p>\n<p style=\"text-align: justify\">El director ejecutivo de la instituci\u00f3n, Eddy Alc\u00e1ntara, se reuni\u00f3 por separado con directivos de la Asociaci\u00f3n Dominicana de Procesadoras de Agua (Adoemproagua), de la Asociaci\u00f3n de Industrias Purificadoras de Agua del Cibao (Aiparc), ejecutivos de las empresas Planeta Azul y Crystal y asociaciones de la regi\u00f3n Este, Sur y el Gran Domingo para abordar esta problem\u00e1tica.<\/p>\n<p style=\"text-align: justify\">El director ejecutivo de la entidad defensora de los derechos del consumidor se mostr\u00f3 complacido con los compromisos asumidos y record\u00f3 que, a su llegada a Pro Consumidor a principios de 2021, orden\u00f3 un amplio operativo e hizo un llamado a las empresas envasadoras de agua y a los negocios que venden el producto a no exponerlo a los rayos del sol.<\/p>\n<p style=\"text-align: justify\">En tal sentido, instruy\u00f3 a los departamentos de Buenas Pr\u00e1cticas Comerciales, Inspecci\u00f3n y Vigilancia y Educaci\u00f3n al Consumo para redoblar las jornadas de verificaci\u00f3n y as\u00ed corregir esa mala pr\u00e1ctica que puede atentar contra la salud de la poblaci\u00f3n.<\/p>\n<p style=\"text-align: justify\">La entidad velar\u00e1 por que las empresas que comercializan el producto lo hagan cumpliendo con todos los est\u00e1ndares y registros que exigen las diferentes normas.<\/p>\n<\/div>\n<\/div>\n<div class=\"td_block_wrap tdb_single_tags tdi_361 td-pb-border-top td_block_template_1\" style=\"text-align: justify\" data-td-block-uid=\"tdi_361\">\u00a0<\/div>","protected":false},"excerpt":{"rendered":"<p>Santo Domingo.-\u00a0Empresas y asociaciones de envasadoras de agua purificada del pa\u00eds acordaron con el Instituto Nacional de Protecci\u00f3n de los Derechos del Consumidor (Pro Consumidor) establecer un plazo de 90 d\u00edas para cumplir con la medida de proteger los botellones de agua de los rayos del sol. La disposici\u00f3n se aplicar\u00e1 en las plantas de [&hellip;]<\/p>\n","protected":false},"author":2,"featured_media":0,"comment_status":"closed","ping_status":"open","sticky":false,"template":"","format":"standard","meta":{"footnotes":""},"categories":[8],"tags":[],"yoast_head":"<!-- This site is optimized with the Yoast SEO plugin v24.5 - https:\/\/yoast.com\/wordpress\/plugins\/seo\/ -->\n<title>Establecen plazo de 90 d\u00edas para proteger botellones de agua de los rayos del sol | El Nuevo Norte<\/title>\n<meta name=\"robots\" content=\"index, follow, max-snippet:-1, max-image-preview:large, max-video-preview:-1\" \/>\n<link rel=\"canonical\" href=\"https:\/\/infoelnuevonorte.com\/?p=39559\" \/>\n<meta property=\"og:locale\" content=\"es_ES\" \/>\n<meta property=\"og:type\" content=\"article\" \/>\n<meta property=\"og:title\" content=\"Establecen plazo de 90 d\u00edas para proteger botellones de agua de los rayos del sol | El Nuevo Norte\" \/>\n<meta property=\"og:description\" content=\"Santo Domingo.-\u00a0Empresas y asociaciones de envasadoras de agua purificada del pa\u00eds acordaron con el Instituto Nacional de Protecci\u00f3n de los Derechos del Consumidor (Pro Consumidor) establecer un plazo de 90 d\u00edas para cumplir con la medida de proteger los botellones de agua de los rayos del sol. La disposici\u00f3n se aplicar\u00e1 en las plantas de [&hellip;]\" \/>\n<meta property=\"og:url\" content=\"https:\/\/infoelnuevonorte.com\/?p=39559\" \/>\n<meta property=\"og:site_name\" content=\"El Nuevo Norte\" \/>\n<meta property=\"article:publisher\" content=\"https:\/\/www.facebook.com\/infoenn\" \/>\n<meta property=\"article:published_time\" content=\"2024-07-31T02:41:50+00:00\" \/>\n<meta property=\"article:modified_time\" content=\"2024-07-31T02:41:51+00:00\" \/>\n<meta property=\"og:image\" content=\"https:\/\/infoelnuevonorte.com\/wp-content\/uploads\/2024\/07\/descarga-2024-07-30T224018.076.png\" \/>\n\t<meta property=\"og:image:width\" content=\"800\" \/>\n\t<meta property=\"og:image:height\" content=\"533\" \/>\n\t<meta property=\"og:image:type\" content=\"image\/png\" \/>\n<meta name=\"author\" content=\"T. R.\" \/>\n<meta name=\"twitter:card\" content=\"summary_large_image\" \/>\n<meta name=\"twitter:creator\" content=\"@Elnuevo_norte\" \/>\n<meta name=\"twitter:site\" content=\"@Elnuevo_norte\" \/>\n<meta name=\"twitter:label1\" content=\"Written by\" \/>\n\t<meta name=\"twitter:data1\" content=\"T. R.\" \/>\n\t<meta name=\"twitter:label2\" content=\"Est. reading time\" \/>\n\t<meta name=\"twitter:data2\" content=\"2 minutos\" \/>\n<script type=\"application\/ld+json\" class=\"yoast-schema-graph\">{\"@context\":\"https:\/\/schema.org\",\"@graph\":[{\"@type\":\"Article\",\"@id\":\"https:\/\/infoelnuevonorte.com\/?p=39559#article\",\"isPartOf\":{\"@id\":\"https:\/\/infoelnuevonorte.com\/?p=39559\"},\"author\":{\"name\":\"T. R.\",\"@id\":\"https:\/\/infoelnuevonorte.com\/#\/schema\/person\/3accb35eb55f55e96c492b52d085a403\"},\"headline\":\"Establecen plazo de 90 d\u00edas para proteger botellones de agua de los rayos del sol\",\"datePublished\":\"2024-07-31T02:41:50+00:00\",\"dateModified\":\"2024-07-31T02:41:51+00:00\",\"mainEntityOfPage\":{\"@id\":\"https:\/\/infoelnuevonorte.com\/?p=39559\"},\"wordCount\":353,\"publisher\":{\"@id\":\"https:\/\/infoelnuevonorte.com\/#organization\"},\"articleSection\":[\"Nacionales\"],\"inLanguage\":\"es-DO\"},{\"@type\":\"WebPage\",\"@id\":\"https:\/\/infoelnuevonorte.com\/?p=39559\",\"url\":\"https:\/\/infoelnuevonorte.com\/?p=39559\",\"name\":\"Establecen plazo de 90 d\u00edas para proteger botellones de agua de los rayos del sol | El Nuevo Norte\",\"isPartOf\":{\"@id\":\"https:\/\/infoelnuevonorte.com\/#website\"},\"datePublished\":\"2024-07-31T02:41:50+00:00\",\"dateModified\":\"2024-07-31T02:41:51+00:00\",\"breadcrumb\":{\"@id\":\"https:\/\/infoelnuevonorte.com\/?p=39559#breadcrumb\"},\"inLanguage\":\"es-DO\",\"potentialAction\":[{\"@type\":\"ReadAction\",\"target\":[\"https:\/\/infoelnuevonorte.com\/?p=39559\"]}]},{\"@type\":\"BreadcrumbList\",\"@id\":\"https:\/\/infoelnuevonorte.com\/?p=39559#breadcrumb\",\"itemListElement\":[{\"@type\":\"ListItem\",\"position\":1,\"name\":\"Home\",\"item\":\"https:\/\/infoelnuevonorte.com\/\"},{\"@type\":\"ListItem\",\"position\":2,\"name\":\"Establecen plazo de 90 d\u00edas para proteger botellones de agua de los rayos del sol\"}]},{\"@type\":\"WebSite\",\"@id\":\"https:\/\/infoelnuevonorte.com\/#website\",\"url\":\"https:\/\/infoelnuevonorte.com\/\",\"name\":\"InfoEnn\",\"description\":\"Tu Voz, tu Verdad, tu Diario!!!\",\"publisher\":{\"@id\":\"https:\/\/infoelnuevonorte.com\/#organization\"},\"alternateName\":\"El Nuevo Norte\",\"potentialAction\":[{\"@type\":\"SearchAction\",\"target\":{\"@type\":\"EntryPoint\",\"urlTemplate\":\"https:\/\/infoelnuevonorte.com\/?s={search_term_string}\"},\"query-input\":{\"@type\":\"PropertyValueSpecification\",\"valueRequired\":true,\"valueName\":\"search_term_string\"}}],\"inLanguage\":\"es-DO\"},{\"@type\":\"Organization\",\"@id\":\"https:\/\/infoelnuevonorte.com\/#organization\",\"name\":\"Info El Nuevo Norte\",\"alternateName\":\"El Nuevo Norte\",\"url\":\"https:\/\/infoelnuevonorte.com\/\",\"logo\":{\"@type\":\"ImageObject\",\"inLanguage\":\"es-DO\",\"@id\":\"https:\/\/infoelnuevonorte.com\/#\/schema\/logo\/image\/\",\"url\":\"https:\/\/infoelnuevonorte.com\/wp-content\/uploads\/2026\/02\/Logo-Info-enn-3d-20ani.jpeg\",\"contentUrl\":\"https:\/\/infoelnuevonorte.com\/wp-content\/uploads\/2026\/02\/Logo-Info-enn-3d-20ani.jpeg\",\"width\":2046,\"height\":736,\"caption\":\"Info El Nuevo Norte\"},\"image\":{\"@id\":\"https:\/\/infoelnuevonorte.com\/#\/schema\/logo\/image\/\"},\"sameAs\":[\"https:\/\/www.facebook.com\/infoenn\",\"https:\/\/x.com\/Elnuevo_norte\",\"https:\/\/www.instagram.com\/infoenn\",\"https:\/\/www.facebook.com\/ENNRD\"]},{\"@type\":\"Person\",\"@id\":\"https:\/\/infoelnuevonorte.com\/#\/schema\/person\/3accb35eb55f55e96c492b52d085a403\",\"name\":\"T. R.\",\"image\":{\"@type\":\"ImageObject\",\"inLanguage\":\"es-DO\",\"@id\":\"https:\/\/infoelnuevonorte.com\/#\/schema\/person\/image\/\",\"url\":\"https:\/\/secure.gravatar.com\/avatar\/40543a038bda97abdb765b1662e9677d?s=96&d=robohash&r=g\",\"contentUrl\":\"https:\/\/secure.gravatar.com\/avatar\/40543a038bda97abdb765b1662e9677d?s=96&d=robohash&r=g\",\"caption\":\"T. R.\"},\"url\":\"https:\/\/infoelnuevonorte.com\/?author=2\"}]}<\/script>\n<!-- \/ Yoast SEO plugin. -->","yoast_head_json":{"title":"Establecen plazo de 90 d\u00edas para proteger botellones de agua de los rayos del sol | El Nuevo Norte","robots":{"index":"index","follow":"follow","max-snippet":"max-snippet:-1","max-image-preview":"max-image-preview:large","max-video-preview":"max-video-preview:-1"},"canonical":"https:\/\/infoelnuevonorte.com\/?p=39559","og_locale":"es_ES","og_type":"article","og_title":"Establecen plazo de 90 d\u00edas para proteger botellones de agua de los rayos del sol | El Nuevo Norte","og_description":"Santo Domingo.-\u00a0Empresas y asociaciones de envasadoras de agua purificada del pa\u00eds acordaron con el Instituto Nacional de Protecci\u00f3n de los Derechos del Consumidor (Pro Consumidor) establecer un plazo de 90 d\u00edas para cumplir con la medida de proteger los botellones de agua de los rayos del sol. La disposici\u00f3n se aplicar\u00e1 en las plantas de [&hellip;]","og_url":"https:\/\/infoelnuevonorte.com\/?p=39559","og_site_name":"El Nuevo Norte","article_publisher":"https:\/\/www.facebook.com\/infoenn","article_published_time":"2024-07-31T02:41:50+00:00","article_modified_time":"2024-07-31T02:41:51+00:00","og_image":[{"width":800,"height":533,"url":"https:\/\/infoelnuevonorte.com\/wp-content\/uploads\/2024\/07\/descarga-2024-07-30T224018.076.png","type":"image\/png"}],"author":"T. R.","twitter_card":"summary_large_image","twitter_creator":"@Elnuevo_norte","twitter_site":"@Elnuevo_norte","twitter_misc":{"Written by":"T. R.","Est. reading time":"2 minutos"},"schema":{"@context":"https:\/\/schema.org","@graph":[{"@type":"Article","@id":"https:\/\/infoelnuevonorte.com\/?p=39559#article","isPartOf":{"@id":"https:\/\/infoelnuevonorte.com\/?p=39559"},"author":{"name":"T. R.","@id":"https:\/\/infoelnuevonorte.com\/#\/schema\/person\/3accb35eb55f55e96c492b52d085a403"},"headline":"Establecen plazo de 90 d\u00edas para proteger botellones de agua de los rayos del sol","datePublished":"2024-07-31T02:41:50+00:00","dateModified":"2024-07-31T02:41:51+00:00","mainEntityOfPage":{"@id":"https:\/\/infoelnuevonorte.com\/?p=39559"},"wordCount":353,"publisher":{"@id":"https:\/\/infoelnuevonorte.com\/#organization"},"articleSection":["Nacionales"],"inLanguage":"es-DO"},{"@type":"WebPage","@id":"https:\/\/infoelnuevonorte.com\/?p=39559","url":"https:\/\/infoelnuevonorte.com\/?p=39559","name":"Establecen plazo de 90 d\u00edas para proteger botellones de agua de los rayos del sol | El Nuevo Norte","isPartOf":{"@id":"https:\/\/infoelnuevonorte.com\/#website"},"datePublished":"2024-07-31T02:41:50+00:00","dateModified":"2024-07-31T02:41:51+00:00","breadcrumb":{"@id":"https:\/\/infoelnuevonorte.com\/?p=39559#breadcrumb"},"inLanguage":"es-DO","potentialAction":[{"@type":"ReadAction","target":["https:\/\/infoelnuevonorte.com\/?p=39559"]}]},{"@type":"BreadcrumbList","@id":"https:\/\/infoelnuevonorte.com\/?p=39559#breadcrumb","itemListElement":[{"@type":"ListItem","position":1,"name":"Home","item":"https:\/\/infoelnuevonorte.com\/"},{"@type":"ListItem","position":2,"name":"Establecen plazo de 90 d\u00edas para proteger botellones de agua de los rayos del sol"}]},{"@type":"WebSite","@id":"https:\/\/infoelnuevonorte.com\/#website","url":"https:\/\/infoelnuevonorte.com\/","name":"InfoEnn","description":"Tu Voz, tu Verdad, tu Diario!!!","publisher":{"@id":"https:\/\/infoelnuevonorte.com\/#organization"},"alternateName":"El Nuevo Norte","potentialAction":[{"@type":"SearchAction","target":{"@type":"EntryPoint","urlTemplate":"https:\/\/infoelnuevonorte.com\/?s={search_term_string}"},"query-input":{"@type":"PropertyValueSpecification","valueRequired":true,"valueName":"search_term_string"}}],"inLanguage":"es-DO"},{"@type":"Organization","@id":"https:\/\/infoelnuevonorte.com\/#organization","name":"Info El Nuevo Norte","alternateName":"El Nuevo Norte","url":"https:\/\/infoelnuevonorte.com\/","logo":{"@type":"ImageObject","inLanguage":"es-DO","@id":"https:\/\/infoelnuevonorte.com\/#\/schema\/logo\/image\/","url":"https:\/\/infoelnuevonorte.com\/wp-content\/uploads\/2026\/02\/Logo-Info-enn-3d-20ani.jpeg","contentUrl":"https:\/\/infoelnuevonorte.com\/wp-content\/uploads\/2026\/02\/Logo-Info-enn-3d-20ani.jpeg","width":2046,"height":736,"caption":"Info El Nuevo Norte"},"image":{"@id":"https:\/\/infoelnuevonorte.com\/#\/schema\/logo\/image\/"},"sameAs":["https:\/\/www.facebook.com\/infoenn","https:\/\/x.com\/Elnuevo_norte","https:\/\/www.instagram.com\/infoenn","https:\/\/www.facebook.com\/ENNRD"]},{"@type":"Person","@id":"https:\/\/infoelnuevonorte.com\/#\/schema\/person\/3accb35eb55f55e96c492b52d085a403","name":"T. R.","image":{"@type":"ImageObject","inLanguage":"es-DO","@id":"https:\/\/infoelnuevonorte.com\/#\/schema\/person\/image\/","url":"https:\/\/secure.gravatar.com\/avatar\/40543a038bda97abdb765b1662e9677d?s=96&d=robohash&r=g","contentUrl":"https:\/\/secure.gravatar.com\/avatar\/40543a038bda97abdb765b1662e9677d?s=96&d=robohash&r=g","caption":"T. R."},"url":"https:\/\/infoelnuevonorte.com\/?author=2"}]}},"_links":{"self":[{"href":"https:\/\/infoelnuevonorte.com\/index.php?rest_route=\/wp\/v2\/posts\/39559"}],"collection":[{"href":"https:\/\/infoelnuevonorte.com\/index.php?rest_route=\/wp\/v2\/posts"}],"about":[{"href":"https:\/\/infoelnuevonorte.com\/index.php?rest_route=\/wp\/v2\/types\/post"}],"author":[{"embeddable":true,"href":"https:\/\/infoelnuevonorte.com\/index.php?rest_route=\/wp\/v2\/users\/2"}],"replies":[{"embeddable":true,"href":"https:\/\/infoelnuevonorte.com\/index.php?rest_route=%2Fwp%2Fv2%2Fcomments&post=39559"}],"version-history":[{"count":0,"href":"https:\/\/infoelnuevonorte.com\/index.php?rest_route=\/wp\/v2\/posts\/39559\/revisions"}],"wp:attachment":[{"href":"https:\/\/infoelnuevonorte.com\/index.php?rest_route=%2Fwp%2Fv2%2Fmedia&parent=39559"}],"wp:term":[{"taxonomy":"category","embeddable":true,"href":"https:\/\/infoelnuevonorte.com\/index.php?rest_route=%2Fwp%2Fv2%2Fcategories&post=39559"},{"taxonomy":"post_tag","embeddable":true,"href":"https:\/\/infoelnuevonorte.com\/index.php?rest_route=%2Fwp%2Fv2%2Ftags&post=39559"}],"curies":[{"name":"wp","href":"https:\/\/api.w.org\/{rel}","templated":true}]}}