{"id":39562,"date":"2024-07-30T22:46:25","date_gmt":"2024-07-31T02:46:25","guid":{"rendered":"https:\/\/infoelnuevonorte.com\/?p=39562"},"modified":"2024-07-30T22:46:26","modified_gmt":"2024-07-31T02:46:26","slug":"vuelve-el-gt-challenge-de-las-americas-a-rd","status":"publish","type":"post","link":"https:\/\/infoelnuevonorte.com\/?p=39562","title":{"rendered":"Vuelve el GT Challenge de las Am\u00e9ricas a RD"},"content":{"rendered":"\n<p><a href=\"https:\/\/deultimominuto.net\/category\/deportes\/\"><\/a><\/p>\n\n\n<div class=\"td_block_wrap tdb_single_content tdi_360 td-pb-border-top td_block_template_1 td-post-content tagdiv-type\" data-td-block-uid=\"tdi_360\">\n<div class=\"tdb-block-inner td-fix-index\">\n<!--[if lt IE 9]><script>document.createElement('audio');<\/script><![endif]-->\n<audio class=\"wp-audio-shortcode\" id=\"audio-39562-1\" preload=\"none\" style=\"width: 100%;\" controls=\"controls\"><source type=\"audio\/mpeg\" src=\"https:\/\/infoelnuevonorte.com\/wp-content\/uploads\/2024\/07\/ttsmaker-vip-file-2024-7-30-22-44-17.mp3?_=1\" \/><a href=\"https:\/\/infoelnuevonorte.com\/wp-content\/uploads\/2024\/07\/ttsmaker-vip-file-2024-7-30-22-44-17.mp3\">https:\/\/infoelnuevonorte.com\/wp-content\/uploads\/2024\/07\/ttsmaker-vip-file-2024-7-30-22-44-17.mp3<\/a><\/audio>\n<p style=\"text-align: justify\"><strong><em>Santo Domingo<\/em><\/strong>.- El mejor y m\u00e1s importante campeonato de automovilismo de la regi\u00f3n, el GT Challenge de las Am\u00e9ricas, regresa al pa\u00eds los d\u00edas s\u00e1bado 7 y domingo 8 de septiembre en el escenario del Speedway Park (Aut\u00f3dromo Las Am\u00e9ricas), anunciaron sus promotores Jacinto Peynado, Pablo Pou, presidente de PAV Events, y Alfredo Nin.<\/p>\n<p style=\"text-align: justify\">Los aficionados de esta emocionante disciplina deportiva se preparan para vivir el evento de m\u00e1s alto cil\u00edndraje y para sentir la adrenalina y el vibrante sonido de las carreras.<\/p>\n<p style=\"text-align: justify\">El GT Challenge de las Am\u00e9ricas promete convertirse en el epicentro de la velocidad y la emoci\u00f3n con m\u00e1s de 30 pilotos extranjeros enfrent\u00e1ndose a los mejores talentos dominicanos: Jimmy Llibre y Efrin Castro.<\/p>\n<p style=\"text-align: justify\">Jimmy Llibre, campe\u00f3n dominicano del Porsche Sprint Challenge 2022 y Efrin Castro campe\u00f3n del Porshe Carrera Cup y Porshe GT4 CS PCA Champion, han confirmado sus participaciones en tan majestuoso e impresionante evento para enfrentarse al resto de los mejores pilotos de Am\u00e9rica.<\/p>\n<p style=\"text-align: justify\">\u201cLos presentes disfrutar\u00e1n de toda la acci\u00f3n que envuelve el excitante mundo de los autos deportivos, cuya rapidez deslumbran ante la vista de todos, en un espacio dise\u00f1ado para el evento y tomando en cuenta todas las medidas de precauci\u00f3n y seguridad requerida\u201d, explicaron los promotores del evento.<\/p>\n<p style=\"text-align: justify\">Porsche, Ferrari, Lamborghini, Audi, Mercedes GTR, Corvette, Lexus y Mustang compiten en 2.7 kil\u00f3metros, para que los fan\u00e1ticos sientan la euforia y la adrenalina de la competencia en cada vuelta.<\/p>\n<p style=\"text-align: justify\">Esta competencia est\u00e1 avalada por la Federaci\u00f3n Internacional del Autom\u00f3vil (FIA), bajo todos los lineamientos oficiales de la federaci\u00f3n.<\/p>\n<p style=\"text-align: justify\">La actividad, con una duraci\u00f3n desde las 10:00 de la ma\u00f1ana hasta las 5:00 p.m., es un evento para toda la familia y en especial, para esos peque\u00f1os que comparten la misma afici\u00f3n de sus padres.<\/p>\n<p style=\"text-align: justify\">El GT Challenge promete mucho m\u00e1s que carreras, ya que los organizadores han dise\u00f1ado alrededor de este evento una serie de atracciones y amenidades que dan mayor inter\u00e9s al espect\u00e1culo como son; experiencias interactivas, simuladores de alta velocidad, experiencias gaming, one to one con los veh\u00edculos, y mucho m\u00e1s.<\/p>\n<p style=\"text-align: justify\">Tambi\u00e9n se incluir\u00e1 un \u00e1rea de comida para crear un ambiente ameno, donde la diversi\u00f3n sea completa y llena de adrenalina.<\/p>\n<p style=\"text-align: justify\">Las boletas est\u00e1n disponibles en <strong><a href=\"https:\/\/www.tuboleta.com.do\/gtchallenge\">tuboleta.com.do.<\/a><\/strong><\/p>\n<\/div>\n<\/div>\n<div class=\"td_block_wrap tdb_single_tags tdi_361 td-pb-border-top td_block_template_1\" style=\"text-align: justify\" data-td-block-uid=\"tdi_361\">\u00a0<\/div>","protected":false},"excerpt":{"rendered":"<p>Santo Domingo.- El mejor y m\u00e1s importante campeonato de automovilismo de la regi\u00f3n, el GT Challenge de las Am\u00e9ricas, regresa al pa\u00eds los d\u00edas s\u00e1bado 7 y domingo 8 de septiembre en el escenario del Speedway Park (Aut\u00f3dromo Las Am\u00e9ricas), anunciaron sus promotores Jacinto Peynado, Pablo Pou, presidente de PAV Events, y Alfredo Nin. Los [&hellip;]<\/p>\n","protected":false},"author":2,"featured_media":0,"comment_status":"closed","ping_status":"open","sticky":false,"template":"","format":"standard","meta":{"footnotes":""},"categories":[6],"tags":[],"yoast_head":"<!-- This site is optimized with the Yoast SEO plugin v24.5 - https:\/\/yoast.com\/wordpress\/plugins\/seo\/ -->\n<title>Vuelve el GT Challenge de las Am\u00e9ricas a RD | El Nuevo Norte<\/title>\n<meta name=\"robots\" content=\"index, follow, max-snippet:-1, max-image-preview:large, max-video-preview:-1\" \/>\n<link rel=\"canonical\" href=\"https:\/\/infoelnuevonorte.com\/?p=39562\" \/>\n<meta property=\"og:locale\" content=\"es_ES\" \/>\n<meta property=\"og:type\" content=\"article\" \/>\n<meta property=\"og:title\" content=\"Vuelve el GT Challenge de las Am\u00e9ricas a RD | El Nuevo Norte\" \/>\n<meta property=\"og:description\" content=\"Santo Domingo.- El mejor y m\u00e1s importante campeonato de automovilismo de la regi\u00f3n, el GT Challenge de las Am\u00e9ricas, regresa al pa\u00eds los d\u00edas s\u00e1bado 7 y domingo 8 de septiembre en el escenario del Speedway Park (Aut\u00f3dromo Las Am\u00e9ricas), anunciaron sus promotores Jacinto Peynado, Pablo Pou, presidente de PAV Events, y Alfredo Nin. Los [&hellip;]\" \/>\n<meta property=\"og:url\" content=\"https:\/\/infoelnuevonorte.com\/?p=39562\" \/>\n<meta property=\"og:site_name\" content=\"El Nuevo Norte\" \/>\n<meta property=\"article:publisher\" content=\"https:\/\/www.facebook.com\/infoenn\" \/>\n<meta property=\"article:published_time\" content=\"2024-07-31T02:46:25+00:00\" \/>\n<meta property=\"article:modified_time\" content=\"2024-07-31T02:46:26+00:00\" \/>\n<meta property=\"og:image\" content=\"https:\/\/infoelnuevonorte.com\/wp-content\/uploads\/2024\/07\/descarga-2024-07-30T224243.392.png\" \/>\n\t<meta property=\"og:image:width\" content=\"1030\" \/>\n\t<meta property=\"og:image:height\" content=\"579\" \/>\n\t<meta property=\"og:image:type\" content=\"image\/png\" \/>\n<meta name=\"author\" content=\"T. R.\" \/>\n<meta name=\"twitter:card\" content=\"summary_large_image\" \/>\n<meta name=\"twitter:creator\" content=\"@Elnuevo_norte\" \/>\n<meta name=\"twitter:site\" content=\"@Elnuevo_norte\" \/>\n<meta name=\"twitter:label1\" content=\"Written by\" \/>\n\t<meta name=\"twitter:data1\" content=\"T. R.\" \/>\n\t<meta name=\"twitter:label2\" content=\"Est. reading time\" \/>\n\t<meta name=\"twitter:data2\" content=\"2 minutos\" \/>\n<script type=\"application\/ld+json\" class=\"yoast-schema-graph\">{\"@context\":\"https:\/\/schema.org\",\"@graph\":[{\"@type\":\"Article\",\"@id\":\"https:\/\/infoelnuevonorte.com\/?p=39562#article\",\"isPartOf\":{\"@id\":\"https:\/\/infoelnuevonorte.com\/?p=39562\"},\"author\":{\"name\":\"T. R.\",\"@id\":\"https:\/\/infoelnuevonorte.com\/#\/schema\/person\/3accb35eb55f55e96c492b52d085a403\"},\"headline\":\"Vuelve el GT Challenge de las Am\u00e9ricas a RD\",\"datePublished\":\"2024-07-31T02:46:25+00:00\",\"dateModified\":\"2024-07-31T02:46:26+00:00\",\"mainEntityOfPage\":{\"@id\":\"https:\/\/infoelnuevonorte.com\/?p=39562\"},\"wordCount\":430,\"publisher\":{\"@id\":\"https:\/\/infoelnuevonorte.com\/#organization\"},\"articleSection\":[\"Deporte\"],\"inLanguage\":\"es-DO\"},{\"@type\":\"WebPage\",\"@id\":\"https:\/\/infoelnuevonorte.com\/?p=39562\",\"url\":\"https:\/\/infoelnuevonorte.com\/?p=39562\",\"name\":\"Vuelve el GT Challenge de las Am\u00e9ricas a RD | El Nuevo Norte\",\"isPartOf\":{\"@id\":\"https:\/\/infoelnuevonorte.com\/#website\"},\"datePublished\":\"2024-07-31T02:46:25+00:00\",\"dateModified\":\"2024-07-31T02:46:26+00:00\",\"breadcrumb\":{\"@id\":\"https:\/\/infoelnuevonorte.com\/?p=39562#breadcrumb\"},\"inLanguage\":\"es-DO\",\"potentialAction\":[{\"@type\":\"ReadAction\",\"target\":[\"https:\/\/infoelnuevonorte.com\/?p=39562\"]}]},{\"@type\":\"BreadcrumbList\",\"@id\":\"https:\/\/infoelnuevonorte.com\/?p=39562#breadcrumb\",\"itemListElement\":[{\"@type\":\"ListItem\",\"position\":1,\"name\":\"Home\",\"item\":\"https:\/\/infoelnuevonorte.com\/\"},{\"@type\":\"ListItem\",\"position\":2,\"name\":\"Vuelve el GT Challenge de las Am\u00e9ricas a RD\"}]},{\"@type\":\"WebSite\",\"@id\":\"https:\/\/infoelnuevonorte.com\/#website\",\"url\":\"https:\/\/infoelnuevonorte.com\/\",\"name\":\"InfoEnn\",\"description\":\"Tu Voz, tu Verdad, tu Diario!!!\",\"publisher\":{\"@id\":\"https:\/\/infoelnuevonorte.com\/#organization\"},\"alternateName\":\"El Nuevo Norte\",\"potentialAction\":[{\"@type\":\"SearchAction\",\"target\":{\"@type\":\"EntryPoint\",\"urlTemplate\":\"https:\/\/infoelnuevonorte.com\/?s={search_term_string}\"},\"query-input\":{\"@type\":\"PropertyValueSpecification\",\"valueRequired\":true,\"valueName\":\"search_term_string\"}}],\"inLanguage\":\"es-DO\"},{\"@type\":\"Organization\",\"@id\":\"https:\/\/infoelnuevonorte.com\/#organization\",\"name\":\"Info El Nuevo Norte\",\"alternateName\":\"El Nuevo Norte\",\"url\":\"https:\/\/infoelnuevonorte.com\/\",\"logo\":{\"@type\":\"ImageObject\",\"inLanguage\":\"es-DO\",\"@id\":\"https:\/\/infoelnuevonorte.com\/#\/schema\/logo\/image\/\",\"url\":\"https:\/\/infoelnuevonorte.com\/wp-content\/uploads\/2026\/02\/Logo-Info-enn-3d-20ani.jpeg\",\"contentUrl\":\"https:\/\/infoelnuevonorte.com\/wp-content\/uploads\/2026\/02\/Logo-Info-enn-3d-20ani.jpeg\",\"width\":2046,\"height\":736,\"caption\":\"Info El Nuevo Norte\"},\"image\":{\"@id\":\"https:\/\/infoelnuevonorte.com\/#\/schema\/logo\/image\/\"},\"sameAs\":[\"https:\/\/www.facebook.com\/infoenn\",\"https:\/\/x.com\/Elnuevo_norte\",\"https:\/\/www.instagram.com\/infoenn\",\"https:\/\/www.facebook.com\/ENNRD\"]},{\"@type\":\"Person\",\"@id\":\"https:\/\/infoelnuevonorte.com\/#\/schema\/person\/3accb35eb55f55e96c492b52d085a403\",\"name\":\"T. R.\",\"image\":{\"@type\":\"ImageObject\",\"inLanguage\":\"es-DO\",\"@id\":\"https:\/\/infoelnuevonorte.com\/#\/schema\/person\/image\/\",\"url\":\"https:\/\/secure.gravatar.com\/avatar\/40543a038bda97abdb765b1662e9677d?s=96&d=robohash&r=g\",\"contentUrl\":\"https:\/\/secure.gravatar.com\/avatar\/40543a038bda97abdb765b1662e9677d?s=96&d=robohash&r=g\",\"caption\":\"T. R.\"},\"url\":\"https:\/\/infoelnuevonorte.com\/?author=2\"}]}<\/script>\n<!-- \/ Yoast SEO plugin. -->","yoast_head_json":{"title":"Vuelve el GT Challenge de las Am\u00e9ricas a RD | El Nuevo Norte","robots":{"index":"index","follow":"follow","max-snippet":"max-snippet:-1","max-image-preview":"max-image-preview:large","max-video-preview":"max-video-preview:-1"},"canonical":"https:\/\/infoelnuevonorte.com\/?p=39562","og_locale":"es_ES","og_type":"article","og_title":"Vuelve el GT Challenge de las Am\u00e9ricas a RD | El Nuevo Norte","og_description":"Santo Domingo.- El mejor y m\u00e1s importante campeonato de automovilismo de la regi\u00f3n, el GT Challenge de las Am\u00e9ricas, regresa al pa\u00eds los d\u00edas s\u00e1bado 7 y domingo 8 de septiembre en el escenario del Speedway Park (Aut\u00f3dromo Las Am\u00e9ricas), anunciaron sus promotores Jacinto Peynado, Pablo Pou, presidente de PAV Events, y Alfredo Nin. Los [&hellip;]","og_url":"https:\/\/infoelnuevonorte.com\/?p=39562","og_site_name":"El Nuevo Norte","article_publisher":"https:\/\/www.facebook.com\/infoenn","article_published_time":"2024-07-31T02:46:25+00:00","article_modified_time":"2024-07-31T02:46:26+00:00","og_image":[{"width":1030,"height":579,"url":"https:\/\/infoelnuevonorte.com\/wp-content\/uploads\/2024\/07\/descarga-2024-07-30T224243.392.png","type":"image\/png"}],"author":"T. R.","twitter_card":"summary_large_image","twitter_creator":"@Elnuevo_norte","twitter_site":"@Elnuevo_norte","twitter_misc":{"Written by":"T. R.","Est. reading time":"2 minutos"},"schema":{"@context":"https:\/\/schema.org","@graph":[{"@type":"Article","@id":"https:\/\/infoelnuevonorte.com\/?p=39562#article","isPartOf":{"@id":"https:\/\/infoelnuevonorte.com\/?p=39562"},"author":{"name":"T. R.","@id":"https:\/\/infoelnuevonorte.com\/#\/schema\/person\/3accb35eb55f55e96c492b52d085a403"},"headline":"Vuelve el GT Challenge de las Am\u00e9ricas a RD","datePublished":"2024-07-31T02:46:25+00:00","dateModified":"2024-07-31T02:46:26+00:00","mainEntityOfPage":{"@id":"https:\/\/infoelnuevonorte.com\/?p=39562"},"wordCount":430,"publisher":{"@id":"https:\/\/infoelnuevonorte.com\/#organization"},"articleSection":["Deporte"],"inLanguage":"es-DO"},{"@type":"WebPage","@id":"https:\/\/infoelnuevonorte.com\/?p=39562","url":"https:\/\/infoelnuevonorte.com\/?p=39562","name":"Vuelve el GT Challenge de las Am\u00e9ricas a RD | El Nuevo Norte","isPartOf":{"@id":"https:\/\/infoelnuevonorte.com\/#website"},"datePublished":"2024-07-31T02:46:25+00:00","dateModified":"2024-07-31T02:46:26+00:00","breadcrumb":{"@id":"https:\/\/infoelnuevonorte.com\/?p=39562#breadcrumb"},"inLanguage":"es-DO","potentialAction":[{"@type":"ReadAction","target":["https:\/\/infoelnuevonorte.com\/?p=39562"]}]},{"@type":"BreadcrumbList","@id":"https:\/\/infoelnuevonorte.com\/?p=39562#breadcrumb","itemListElement":[{"@type":"ListItem","position":1,"name":"Home","item":"https:\/\/infoelnuevonorte.com\/"},{"@type":"ListItem","position":2,"name":"Vuelve el GT Challenge de las Am\u00e9ricas a RD"}]},{"@type":"WebSite","@id":"https:\/\/infoelnuevonorte.com\/#website","url":"https:\/\/infoelnuevonorte.com\/","name":"InfoEnn","description":"Tu Voz, tu Verdad, tu Diario!!!","publisher":{"@id":"https:\/\/infoelnuevonorte.com\/#organization"},"alternateName":"El Nuevo Norte","potentialAction":[{"@type":"SearchAction","target":{"@type":"EntryPoint","urlTemplate":"https:\/\/infoelnuevonorte.com\/?s={search_term_string}"},"query-input":{"@type":"PropertyValueSpecification","valueRequired":true,"valueName":"search_term_string"}}],"inLanguage":"es-DO"},{"@type":"Organization","@id":"https:\/\/infoelnuevonorte.com\/#organization","name":"Info El Nuevo Norte","alternateName":"El Nuevo Norte","url":"https:\/\/infoelnuevonorte.com\/","logo":{"@type":"ImageObject","inLanguage":"es-DO","@id":"https:\/\/infoelnuevonorte.com\/#\/schema\/logo\/image\/","url":"https:\/\/infoelnuevonorte.com\/wp-content\/uploads\/2026\/02\/Logo-Info-enn-3d-20ani.jpeg","contentUrl":"https:\/\/infoelnuevonorte.com\/wp-content\/uploads\/2026\/02\/Logo-Info-enn-3d-20ani.jpeg","width":2046,"height":736,"caption":"Info El Nuevo Norte"},"image":{"@id":"https:\/\/infoelnuevonorte.com\/#\/schema\/logo\/image\/"},"sameAs":["https:\/\/www.facebook.com\/infoenn","https:\/\/x.com\/Elnuevo_norte","https:\/\/www.instagram.com\/infoenn","https:\/\/www.facebook.com\/ENNRD"]},{"@type":"Person","@id":"https:\/\/infoelnuevonorte.com\/#\/schema\/person\/3accb35eb55f55e96c492b52d085a403","name":"T. R.","image":{"@type":"ImageObject","inLanguage":"es-DO","@id":"https:\/\/infoelnuevonorte.com\/#\/schema\/person\/image\/","url":"https:\/\/secure.gravatar.com\/avatar\/40543a038bda97abdb765b1662e9677d?s=96&d=robohash&r=g","contentUrl":"https:\/\/secure.gravatar.com\/avatar\/40543a038bda97abdb765b1662e9677d?s=96&d=robohash&r=g","caption":"T. R."},"url":"https:\/\/infoelnuevonorte.com\/?author=2"}]}},"_links":{"self":[{"href":"https:\/\/infoelnuevonorte.com\/index.php?rest_route=\/wp\/v2\/posts\/39562"}],"collection":[{"href":"https:\/\/infoelnuevonorte.com\/index.php?rest_route=\/wp\/v2\/posts"}],"about":[{"href":"https:\/\/infoelnuevonorte.com\/index.php?rest_route=\/wp\/v2\/types\/post"}],"author":[{"embeddable":true,"href":"https:\/\/infoelnuevonorte.com\/index.php?rest_route=\/wp\/v2\/users\/2"}],"replies":[{"embeddable":true,"href":"https:\/\/infoelnuevonorte.com\/index.php?rest_route=%2Fwp%2Fv2%2Fcomments&post=39562"}],"version-history":[{"count":0,"href":"https:\/\/infoelnuevonorte.com\/index.php?rest_route=\/wp\/v2\/posts\/39562\/revisions"}],"wp:attachment":[{"href":"https:\/\/infoelnuevonorte.com\/index.php?rest_route=%2Fwp%2Fv2%2Fmedia&parent=39562"}],"wp:term":[{"taxonomy":"category","embeddable":true,"href":"https:\/\/infoelnuevonorte.com\/index.php?rest_route=%2Fwp%2Fv2%2Fcategories&post=39562"},{"taxonomy":"post_tag","embeddable":true,"href":"https:\/\/infoelnuevonorte.com\/index.php?rest_route=%2Fwp%2Fv2%2Ftags&post=39562"}],"curies":[{"name":"wp","href":"https:\/\/api.w.org\/{rel}","templated":true}]}}