{"id":39570,"date":"2024-07-30T22:53:35","date_gmt":"2024-07-31T02:53:35","guid":{"rendered":"https:\/\/infoelnuevonorte.com\/?p=39570"},"modified":"2024-07-30T22:53:39","modified_gmt":"2024-07-31T02:53:39","slug":"rodrigo-films-emy-luziano-y-kreizy-k-representan-la-musica-dominicana-en-premios-monitor-latino-en-colombia","status":"publish","type":"post","link":"https:\/\/infoelnuevonorte.com\/?p=39570","title":{"rendered":"Rodrigo Films, Emy Luziano y Kreizy\u00a0K representan la m\u00fasica dominicana en premios Monitor Latino en Colombia"},"content":{"rendered":"\n<p><a href=\"https:\/\/deultimominuto.net\/category\/entretenimiento\/\"><\/a><\/p>\n\n\n<!--[if lt IE 9]><script>document.createElement('audio');<\/script><![endif]-->\n<audio class=\"wp-audio-shortcode\" id=\"audio-39570-1\" preload=\"none\" style=\"width: 100%;\" controls=\"controls\"><source type=\"audio\/mpeg\" src=\"https:\/\/infoelnuevonorte.com\/wp-content\/uploads\/2024\/07\/ttsmaker-vip-file-2024-7-30-22-52-54.mp3?_=1\" \/><a href=\"https:\/\/infoelnuevonorte.com\/wp-content\/uploads\/2024\/07\/ttsmaker-vip-file-2024-7-30-22-52-54.mp3\">https:\/\/infoelnuevonorte.com\/wp-content\/uploads\/2024\/07\/ttsmaker-vip-file-2024-7-30-22-52-54.mp3<\/a><\/audio>\n<p style=\"text-align: justify\"><strong>Colombia.-<\/strong>\u00a0Medellin, Colombia acoge este 31 de julio<strong>\u00a0la celebraci\u00f3n de la quinta edici\u00f3n de los premios Monitor Latino Awards 2024,<\/strong>\u00a0evento oficial de apertura de la Feria de Flores en esta ciudad.<\/p>\n<p style=\"text-align: justify\">La\u00a0<strong>presencia de dominicanos<\/strong>\u00a0en este certamen no ha brillado por su ausencia. Rodrigo Films,\u00a0<strong>Emy Luziano y Kreizy\u00a0K, son las estrellas que representan la Rep\u00fablica Dominicana<\/strong>\u00a0en esta premiaci\u00f3n que re\u00fanen artistas, productores y personalidades de la industria musical de Latinoam\u00e9rica.<\/p>\n<p style=\"text-align: justify\">En la ante sala de los premios Monitor Latino acogi\u00f3 este martes grandes figuras, quienes a trav\u00e9s de conferencias ilustraron a los j\u00f3venes talentos sobre la industria.<\/p>\n<p style=\"text-align: justify\"><img loading=\"lazy\" decoding=\"async\" class=\"aligncenter size-full wp-image-39571\" src=\"https:\/\/infoelnuevonorte.com\/wp-content\/uploads\/2024\/07\/descarga-2024-07-30T225144.746.png\" alt=\"\" width=\"664\" height=\"500\" \/><\/p>\n<p style=\"text-align: justify\">En el marco de esta premiaci\u00f3n Rodrigo Films y Emy Luciano fungieron como panelistas en una de las m\u00e1s de 10 conferencias que se ofrecieron esta tarde. Mientras que el cantante Kreizy K particip\u00f3 en varias entrevista y se prepara para entregar una de las categor\u00edas en los Monitor Latino.<\/p>\n<p style=\"text-align: justify\">Los organizadores de la gala confirmaron que se espera la participaci\u00f3n del afamado DJ colombiano residente de la\u00a0<strong>Mega New York Alex Sensation,<\/strong>\u00a0<strong>el Productor DJ y Rapero estadounidense Flo Rida<\/strong>,\u00a0<strong>Jessi Uribe, J \u00c1lvarez, Ana del Castillo<\/strong>,<strong>\u00a0Diego Daza<\/strong>,\u00a0<strong>Los inquietos, Jey One<\/strong>,\u00a0<strong>Arelys Henao<\/strong>,\u00a0<strong>Luis Alfonso,<\/strong>\u00a0<strong>Hern\u00e1n G\u00f3mez, Maelo, Willy Garc\u00eda, Los 50 de Joselito, Pepe Guerrero<\/strong>,\u00a0<strong>Pablo Montero<\/strong>,\u00a0<strong>Noelia,<\/strong>\u00a0Sebasti\u00e1n Campos, Juan V\u00e9lez, Farah, Kelly C\u00e1rdenas, Am\u00e9rico de Chile son solo algunos nombres de los talentos que ya confirmaron su asistencia.<\/p>\n<p style=\"text-align: justify\">La gala tendr\u00e1 lugar la noche del 31 de julio en Plaza Mayor y promete un despliegue tecnol\u00f3gico de luces, escenario y sonido a la altura de los grandes eventos del mundo, all\u00ed asistir\u00e1n, medios de comunicaci\u00f3n, agentes de la m\u00fasica y personalidades de la ciudad.<\/p>","protected":false},"excerpt":{"rendered":"<p>Colombia.-\u00a0Medellin, Colombia acoge este 31 de julio\u00a0la celebraci\u00f3n de la quinta edici\u00f3n de los premios Monitor Latino Awards 2024,\u00a0evento oficial de apertura de la Feria de Flores en esta ciudad. La\u00a0presencia de dominicanos\u00a0en este certamen no ha brillado por su ausencia. Rodrigo Films,\u00a0Emy Luziano y Kreizy\u00a0K, son las estrellas que representan la Rep\u00fablica Dominicana\u00a0en esta [&hellip;]<\/p>\n","protected":false},"author":2,"featured_media":0,"comment_status":"closed","ping_status":"open","sticky":false,"template":"","format":"standard","meta":{"footnotes":""},"categories":[11,12],"tags":[],"yoast_head":"<!-- This site is optimized with the Yoast SEO plugin v24.5 - https:\/\/yoast.com\/wordpress\/plugins\/seo\/ -->\n<title>Rodrigo Films, Emy Luziano y Kreizy\u00a0K representan la m\u00fasica dominicana en premios Monitor Latino en Colombia | El Nuevo Norte<\/title>\n<meta name=\"robots\" content=\"index, follow, max-snippet:-1, max-image-preview:large, max-video-preview:-1\" \/>\n<link rel=\"canonical\" href=\"https:\/\/infoelnuevonorte.com\/?p=39570\" \/>\n<meta property=\"og:locale\" content=\"es_ES\" \/>\n<meta property=\"og:type\" content=\"article\" \/>\n<meta property=\"og:title\" content=\"Rodrigo Films, Emy Luziano y Kreizy\u00a0K representan la m\u00fasica dominicana en premios Monitor Latino en Colombia | El Nuevo Norte\" \/>\n<meta property=\"og:description\" content=\"Colombia.-\u00a0Medellin, Colombia acoge este 31 de julio\u00a0la celebraci\u00f3n de la quinta edici\u00f3n de los premios Monitor Latino Awards 2024,\u00a0evento oficial de apertura de la Feria de Flores en esta ciudad. La\u00a0presencia de dominicanos\u00a0en este certamen no ha brillado por su ausencia. Rodrigo Films,\u00a0Emy Luziano y Kreizy\u00a0K, son las estrellas que representan la Rep\u00fablica Dominicana\u00a0en esta [&hellip;]\" \/>\n<meta property=\"og:url\" content=\"https:\/\/infoelnuevonorte.com\/?p=39570\" \/>\n<meta property=\"og:site_name\" content=\"El Nuevo Norte\" \/>\n<meta property=\"article:publisher\" content=\"https:\/\/www.facebook.com\/infoenn\" \/>\n<meta property=\"article:published_time\" content=\"2024-07-31T02:53:35+00:00\" \/>\n<meta property=\"article:modified_time\" content=\"2024-07-31T02:53:39+00:00\" \/>\n<meta property=\"og:image\" content=\"https:\/\/infoelnuevonorte.com\/wp-content\/uploads\/2024\/07\/descarga-2024-07-30T225014.512.png\" \/>\n\t<meta property=\"og:image:width\" content=\"904\" \/>\n\t<meta property=\"og:image:height\" content=\"500\" \/>\n\t<meta property=\"og:image:type\" content=\"image\/png\" \/>\n<meta name=\"author\" content=\"T. R.\" \/>\n<meta name=\"twitter:card\" content=\"summary_large_image\" \/>\n<meta name=\"twitter:creator\" content=\"@Elnuevo_norte\" \/>\n<meta name=\"twitter:site\" content=\"@Elnuevo_norte\" \/>\n<meta name=\"twitter:label1\" content=\"Written by\" \/>\n\t<meta name=\"twitter:data1\" content=\"T. R.\" \/>\n\t<meta name=\"twitter:label2\" content=\"Est. reading time\" \/>\n\t<meta name=\"twitter:data2\" content=\"2 minutos\" \/>\n<script type=\"application\/ld+json\" class=\"yoast-schema-graph\">{\"@context\":\"https:\/\/schema.org\",\"@graph\":[{\"@type\":\"Article\",\"@id\":\"https:\/\/infoelnuevonorte.com\/?p=39570#article\",\"isPartOf\":{\"@id\":\"https:\/\/infoelnuevonorte.com\/?p=39570\"},\"author\":{\"name\":\"T. R.\",\"@id\":\"https:\/\/infoelnuevonorte.com\/#\/schema\/person\/3accb35eb55f55e96c492b52d085a403\"},\"headline\":\"Rodrigo Films, Emy Luziano y Kreizy\u00a0K representan la m\u00fasica dominicana en premios Monitor Latino en Colombia\",\"datePublished\":\"2024-07-31T02:53:35+00:00\",\"dateModified\":\"2024-07-31T02:53:39+00:00\",\"mainEntityOfPage\":{\"@id\":\"https:\/\/infoelnuevonorte.com\/?p=39570\"},\"wordCount\":335,\"publisher\":{\"@id\":\"https:\/\/infoelnuevonorte.com\/#organization\"},\"image\":{\"@id\":\"https:\/\/infoelnuevonorte.com\/?p=39570#primaryimage\"},\"thumbnailUrl\":\"https:\/\/infoelnuevonorte.com\/wp-content\/uploads\/2024\/07\/descarga-2024-07-30T225144.746.png\",\"articleSection\":[\"Entretenimiento\",\"Musica &amp; Far\u00e1ndula\"],\"inLanguage\":\"es-DO\"},{\"@type\":\"WebPage\",\"@id\":\"https:\/\/infoelnuevonorte.com\/?p=39570\",\"url\":\"https:\/\/infoelnuevonorte.com\/?p=39570\",\"name\":\"Rodrigo Films, Emy Luziano y Kreizy\u00a0K representan la m\u00fasica dominicana en premios Monitor Latino en Colombia | El Nuevo Norte\",\"isPartOf\":{\"@id\":\"https:\/\/infoelnuevonorte.com\/#website\"},\"primaryImageOfPage\":{\"@id\":\"https:\/\/infoelnuevonorte.com\/?p=39570#primaryimage\"},\"image\":{\"@id\":\"https:\/\/infoelnuevonorte.com\/?p=39570#primaryimage\"},\"thumbnailUrl\":\"https:\/\/infoelnuevonorte.com\/wp-content\/uploads\/2024\/07\/descarga-2024-07-30T225144.746.png\",\"datePublished\":\"2024-07-31T02:53:35+00:00\",\"dateModified\":\"2024-07-31T02:53:39+00:00\",\"breadcrumb\":{\"@id\":\"https:\/\/infoelnuevonorte.com\/?p=39570#breadcrumb\"},\"inLanguage\":\"es-DO\",\"potentialAction\":[{\"@type\":\"ReadAction\",\"target\":[\"https:\/\/infoelnuevonorte.com\/?p=39570\"]}]},{\"@type\":\"ImageObject\",\"inLanguage\":\"es-DO\",\"@id\":\"https:\/\/infoelnuevonorte.com\/?p=39570#primaryimage\",\"url\":\"\",\"contentUrl\":\"\"},{\"@type\":\"BreadcrumbList\",\"@id\":\"https:\/\/infoelnuevonorte.com\/?p=39570#breadcrumb\",\"itemListElement\":[{\"@type\":\"ListItem\",\"position\":1,\"name\":\"Home\",\"item\":\"https:\/\/infoelnuevonorte.com\/\"},{\"@type\":\"ListItem\",\"position\":2,\"name\":\"Rodrigo Films, Emy Luziano y Kreizy\u00a0K representan la m\u00fasica dominicana en premios Monitor Latino en Colombia\"}]},{\"@type\":\"WebSite\",\"@id\":\"https:\/\/infoelnuevonorte.com\/#website\",\"url\":\"https:\/\/infoelnuevonorte.com\/\",\"name\":\"InfoEnn\",\"description\":\"Tu Voz, tu Verdad, tu Diario!!!\",\"publisher\":{\"@id\":\"https:\/\/infoelnuevonorte.com\/#organization\"},\"alternateName\":\"El Nuevo Norte\",\"potentialAction\":[{\"@type\":\"SearchAction\",\"target\":{\"@type\":\"EntryPoint\",\"urlTemplate\":\"https:\/\/infoelnuevonorte.com\/?s={search_term_string}\"},\"query-input\":{\"@type\":\"PropertyValueSpecification\",\"valueRequired\":true,\"valueName\":\"search_term_string\"}}],\"inLanguage\":\"es-DO\"},{\"@type\":\"Organization\",\"@id\":\"https:\/\/infoelnuevonorte.com\/#organization\",\"name\":\"Info El Nuevo Norte\",\"alternateName\":\"El Nuevo Norte\",\"url\":\"https:\/\/infoelnuevonorte.com\/\",\"logo\":{\"@type\":\"ImageObject\",\"inLanguage\":\"es-DO\",\"@id\":\"https:\/\/infoelnuevonorte.com\/#\/schema\/logo\/image\/\",\"url\":\"https:\/\/infoelnuevonorte.com\/wp-content\/uploads\/2026\/02\/Logo-Info-enn-3d-20ani.jpeg\",\"contentUrl\":\"https:\/\/infoelnuevonorte.com\/wp-content\/uploads\/2026\/02\/Logo-Info-enn-3d-20ani.jpeg\",\"width\":2046,\"height\":736,\"caption\":\"Info El Nuevo Norte\"},\"image\":{\"@id\":\"https:\/\/infoelnuevonorte.com\/#\/schema\/logo\/image\/\"},\"sameAs\":[\"https:\/\/www.facebook.com\/infoenn\",\"https:\/\/x.com\/Elnuevo_norte\",\"https:\/\/www.instagram.com\/infoenn\",\"https:\/\/www.facebook.com\/ENNRD\"]},{\"@type\":\"Person\",\"@id\":\"https:\/\/infoelnuevonorte.com\/#\/schema\/person\/3accb35eb55f55e96c492b52d085a403\",\"name\":\"T. R.\",\"image\":{\"@type\":\"ImageObject\",\"inLanguage\":\"es-DO\",\"@id\":\"https:\/\/infoelnuevonorte.com\/#\/schema\/person\/image\/\",\"url\":\"https:\/\/secure.gravatar.com\/avatar\/40543a038bda97abdb765b1662e9677d?s=96&d=robohash&r=g\",\"contentUrl\":\"https:\/\/secure.gravatar.com\/avatar\/40543a038bda97abdb765b1662e9677d?s=96&d=robohash&r=g\",\"caption\":\"T. R.\"},\"url\":\"https:\/\/infoelnuevonorte.com\/?author=2\"}]}<\/script>\n<!-- \/ Yoast SEO plugin. -->","yoast_head_json":{"title":"Rodrigo Films, Emy Luziano y Kreizy\u00a0K representan la m\u00fasica dominicana en premios Monitor Latino en Colombia | El Nuevo Norte","robots":{"index":"index","follow":"follow","max-snippet":"max-snippet:-1","max-image-preview":"max-image-preview:large","max-video-preview":"max-video-preview:-1"},"canonical":"https:\/\/infoelnuevonorte.com\/?p=39570","og_locale":"es_ES","og_type":"article","og_title":"Rodrigo Films, Emy Luziano y Kreizy\u00a0K representan la m\u00fasica dominicana en premios Monitor Latino en Colombia | El Nuevo Norte","og_description":"Colombia.-\u00a0Medellin, Colombia acoge este 31 de julio\u00a0la celebraci\u00f3n de la quinta edici\u00f3n de los premios Monitor Latino Awards 2024,\u00a0evento oficial de apertura de la Feria de Flores en esta ciudad. La\u00a0presencia de dominicanos\u00a0en este certamen no ha brillado por su ausencia. Rodrigo Films,\u00a0Emy Luziano y Kreizy\u00a0K, son las estrellas que representan la Rep\u00fablica Dominicana\u00a0en esta [&hellip;]","og_url":"https:\/\/infoelnuevonorte.com\/?p=39570","og_site_name":"El Nuevo Norte","article_publisher":"https:\/\/www.facebook.com\/infoenn","article_published_time":"2024-07-31T02:53:35+00:00","article_modified_time":"2024-07-31T02:53:39+00:00","og_image":[{"width":904,"height":500,"url":"https:\/\/infoelnuevonorte.com\/wp-content\/uploads\/2024\/07\/descarga-2024-07-30T225014.512.png","type":"image\/png"}],"author":"T. R.","twitter_card":"summary_large_image","twitter_creator":"@Elnuevo_norte","twitter_site":"@Elnuevo_norte","twitter_misc":{"Written by":"T. R.","Est. reading time":"2 minutos"},"schema":{"@context":"https:\/\/schema.org","@graph":[{"@type":"Article","@id":"https:\/\/infoelnuevonorte.com\/?p=39570#article","isPartOf":{"@id":"https:\/\/infoelnuevonorte.com\/?p=39570"},"author":{"name":"T. R.","@id":"https:\/\/infoelnuevonorte.com\/#\/schema\/person\/3accb35eb55f55e96c492b52d085a403"},"headline":"Rodrigo Films, Emy Luziano y Kreizy\u00a0K representan la m\u00fasica dominicana en premios Monitor Latino en Colombia","datePublished":"2024-07-31T02:53:35+00:00","dateModified":"2024-07-31T02:53:39+00:00","mainEntityOfPage":{"@id":"https:\/\/infoelnuevonorte.com\/?p=39570"},"wordCount":335,"publisher":{"@id":"https:\/\/infoelnuevonorte.com\/#organization"},"image":{"@id":"https:\/\/infoelnuevonorte.com\/?p=39570#primaryimage"},"thumbnailUrl":"https:\/\/infoelnuevonorte.com\/wp-content\/uploads\/2024\/07\/descarga-2024-07-30T225144.746.png","articleSection":["Entretenimiento","Musica &amp; Far\u00e1ndula"],"inLanguage":"es-DO"},{"@type":"WebPage","@id":"https:\/\/infoelnuevonorte.com\/?p=39570","url":"https:\/\/infoelnuevonorte.com\/?p=39570","name":"Rodrigo Films, Emy Luziano y Kreizy\u00a0K representan la m\u00fasica dominicana en premios Monitor Latino en Colombia | El Nuevo Norte","isPartOf":{"@id":"https:\/\/infoelnuevonorte.com\/#website"},"primaryImageOfPage":{"@id":"https:\/\/infoelnuevonorte.com\/?p=39570#primaryimage"},"image":{"@id":"https:\/\/infoelnuevonorte.com\/?p=39570#primaryimage"},"thumbnailUrl":"https:\/\/infoelnuevonorte.com\/wp-content\/uploads\/2024\/07\/descarga-2024-07-30T225144.746.png","datePublished":"2024-07-31T02:53:35+00:00","dateModified":"2024-07-31T02:53:39+00:00","breadcrumb":{"@id":"https:\/\/infoelnuevonorte.com\/?p=39570#breadcrumb"},"inLanguage":"es-DO","potentialAction":[{"@type":"ReadAction","target":["https:\/\/infoelnuevonorte.com\/?p=39570"]}]},{"@type":"ImageObject","inLanguage":"es-DO","@id":"https:\/\/infoelnuevonorte.com\/?p=39570#primaryimage","url":"","contentUrl":""},{"@type":"BreadcrumbList","@id":"https:\/\/infoelnuevonorte.com\/?p=39570#breadcrumb","itemListElement":[{"@type":"ListItem","position":1,"name":"Home","item":"https:\/\/infoelnuevonorte.com\/"},{"@type":"ListItem","position":2,"name":"Rodrigo Films, Emy Luziano y Kreizy\u00a0K representan la m\u00fasica dominicana en premios Monitor Latino en Colombia"}]},{"@type":"WebSite","@id":"https:\/\/infoelnuevonorte.com\/#website","url":"https:\/\/infoelnuevonorte.com\/","name":"InfoEnn","description":"Tu Voz, tu Verdad, tu Diario!!!","publisher":{"@id":"https:\/\/infoelnuevonorte.com\/#organization"},"alternateName":"El Nuevo Norte","potentialAction":[{"@type":"SearchAction","target":{"@type":"EntryPoint","urlTemplate":"https:\/\/infoelnuevonorte.com\/?s={search_term_string}"},"query-input":{"@type":"PropertyValueSpecification","valueRequired":true,"valueName":"search_term_string"}}],"inLanguage":"es-DO"},{"@type":"Organization","@id":"https:\/\/infoelnuevonorte.com\/#organization","name":"Info El Nuevo Norte","alternateName":"El Nuevo Norte","url":"https:\/\/infoelnuevonorte.com\/","logo":{"@type":"ImageObject","inLanguage":"es-DO","@id":"https:\/\/infoelnuevonorte.com\/#\/schema\/logo\/image\/","url":"https:\/\/infoelnuevonorte.com\/wp-content\/uploads\/2026\/02\/Logo-Info-enn-3d-20ani.jpeg","contentUrl":"https:\/\/infoelnuevonorte.com\/wp-content\/uploads\/2026\/02\/Logo-Info-enn-3d-20ani.jpeg","width":2046,"height":736,"caption":"Info El Nuevo Norte"},"image":{"@id":"https:\/\/infoelnuevonorte.com\/#\/schema\/logo\/image\/"},"sameAs":["https:\/\/www.facebook.com\/infoenn","https:\/\/x.com\/Elnuevo_norte","https:\/\/www.instagram.com\/infoenn","https:\/\/www.facebook.com\/ENNRD"]},{"@type":"Person","@id":"https:\/\/infoelnuevonorte.com\/#\/schema\/person\/3accb35eb55f55e96c492b52d085a403","name":"T. R.","image":{"@type":"ImageObject","inLanguage":"es-DO","@id":"https:\/\/infoelnuevonorte.com\/#\/schema\/person\/image\/","url":"https:\/\/secure.gravatar.com\/avatar\/40543a038bda97abdb765b1662e9677d?s=96&d=robohash&r=g","contentUrl":"https:\/\/secure.gravatar.com\/avatar\/40543a038bda97abdb765b1662e9677d?s=96&d=robohash&r=g","caption":"T. R."},"url":"https:\/\/infoelnuevonorte.com\/?author=2"}]}},"_links":{"self":[{"href":"https:\/\/infoelnuevonorte.com\/index.php?rest_route=\/wp\/v2\/posts\/39570"}],"collection":[{"href":"https:\/\/infoelnuevonorte.com\/index.php?rest_route=\/wp\/v2\/posts"}],"about":[{"href":"https:\/\/infoelnuevonorte.com\/index.php?rest_route=\/wp\/v2\/types\/post"}],"author":[{"embeddable":true,"href":"https:\/\/infoelnuevonorte.com\/index.php?rest_route=\/wp\/v2\/users\/2"}],"replies":[{"embeddable":true,"href":"https:\/\/infoelnuevonorte.com\/index.php?rest_route=%2Fwp%2Fv2%2Fcomments&post=39570"}],"version-history":[{"count":0,"href":"https:\/\/infoelnuevonorte.com\/index.php?rest_route=\/wp\/v2\/posts\/39570\/revisions"}],"wp:attachment":[{"href":"https:\/\/infoelnuevonorte.com\/index.php?rest_route=%2Fwp%2Fv2%2Fmedia&parent=39570"}],"wp:term":[{"taxonomy":"category","embeddable":true,"href":"https:\/\/infoelnuevonorte.com\/index.php?rest_route=%2Fwp%2Fv2%2Fcategories&post=39570"},{"taxonomy":"post_tag","embeddable":true,"href":"https:\/\/infoelnuevonorte.com\/index.php?rest_route=%2Fwp%2Fv2%2Ftags&post=39570"}],"curies":[{"name":"wp","href":"https:\/\/api.w.org\/{rel}","templated":true}]}}