{"id":40226,"date":"2024-08-02T09:38:29","date_gmt":"2024-08-02T13:38:29","guid":{"rendered":"https:\/\/infoelnuevonorte.com\/?p=40226"},"modified":"2024-08-02T09:38:30","modified_gmt":"2024-08-02T13:38:30","slug":"gobierno-dominicano-premia-a-once-destacados-investigadores","status":"publish","type":"post","link":"https:\/\/infoelnuevonorte.com\/?p=40226","title":{"rendered":"Gobierno dominicano premia a once destacados investigadores"},"content":{"rendered":"<!--[if lt IE 9]><script>document.createElement('audio');<\/script><![endif]-->\n<audio class=\"wp-audio-shortcode\" id=\"audio-40226-1\" preload=\"none\" style=\"width: 100%;\" controls=\"controls\"><source type=\"audio\/mpeg\" src=\"https:\/\/infoelnuevonorte.com\/wp-content\/uploads\/2024\/08\/ttsmaker-vip-file-2024-8-2-9-38-0.mp3?_=1\" \/><a href=\"https:\/\/infoelnuevonorte.com\/wp-content\/uploads\/2024\/08\/ttsmaker-vip-file-2024-8-2-9-38-0.mp3\">https:\/\/infoelnuevonorte.com\/wp-content\/uploads\/2024\/08\/ttsmaker-vip-file-2024-8-2-9-38-0.mp3<\/a><\/audio>\n<p style=\"text-align: justify\"><strong>SANTO DOMINGO.-<\/strong>\u00a0El doctor\u00a0Francisco de Moya Pons fue reconocido por el gobierno dominicano como Investigador de la Naci\u00f3n durante la entrega del Premio Nacional de Ciencia 2024.<\/p>\n<p style=\"text-align: justify\">Moya recibi\u00f3 el galard\u00f3n durante una ceremonia encabezada por la vicepresidenta, Raquel Pe\u00f1a, en correspondencia con sus m\u00e9ritos como investigador, historiador, escritor y acad\u00e9mico.<\/p>\n<p style=\"text-align: justify\">Tambi\u00e9n recibieron el Premio Nacional de Ciencia otros 11 investigadores de destacada trayectoria en diversas \u00e1reas, indic\u00f3 el Ministerio de Educaci\u00f3n Superior, Ciencia y Tecnolog\u00eda (MESCyT).<\/p>\n<p style=\"text-align: justify\"><strong>HOMENAJE P\u00d3STUMO<\/strong><\/p>\n<p style=\"text-align: justify\">Asimismo, el gobierno nacional rindi\u00f3 homenaje p\u00f3stumo a Monse\u00f1or Agripino N\u00fa\u00f1ez Collado, Pr\u00edamo A. Rodr\u00edguez Castillo y Jos\u00e9 Rafael Abinader Wasaf, por sus aportes en el campo acad\u00e9mico.<\/p>\n<p style=\"text-align: justify\">En el Auditorio Prof. Juan Bosch de la Biblioteca Nacional Pedro Henr\u00edquez Ure\u00f1a,\u00a0la vicepresidenta Pe\u00f1a ponder\u00f3 estos galardones a figuras que representan, expres\u00f3, un puente entre varias generaciones de cient\u00edficos.<\/p>\n<p style=\"text-align: justify\">\u201cEstos tres grandes hombres, dijo, dejaron su huella en la historia de nuestras instituciones educativas e inspiraron a\u00a0\u00a0nuevos acad\u00e9micos a seguir el camino de la ciencia, el conocimiento y la innovaci\u00f3n.<\/p>\n<p style=\"text-align: justify\">Refiri\u00f3 tambi\u00e9n que \u00a8Hoy sus nombres se inscriben con letras doradas en la memoria de nuestra naci\u00f3n\u201d.<\/p>\n<p style=\"text-align: justify\"><strong><a href=\"https:\/\/almomento.net\/wp-content\/uploads\/2024\/08\/WhatsApp-Image-2024-08-01-at-2.19.14-PM.jpeg\"><img loading=\"lazy\" decoding=\"async\" src=\"https:\/\/almomento.net\/wp-content\/uploads\/2024\/08\/WhatsApp-Image-2024-08-01-at-2.19.14-PM.jpeg\" alt=\"\" width=\"350\" height=\"233\" \/><\/a><\/strong><\/p>\n<p style=\"text-align: justify\"><strong>APOYO CIENT\u00cdFICO A ACTUALES DESAF\u00cdOS<\/strong><\/p>\n<p style=\"text-align: justify\">La vicemandataria llam\u00f3 a la sociedad a apoyarse en los cient\u00edficos para enfrentar los desaf\u00edos de un mundo cada vez m\u00e1s complejo.<\/p>\n<p style=\"text-align: justify\">Mientras, el titular del MESCyT, Franklin Garc\u00eda Ferm\u00edn anunci\u00f3 que\u00a0este a\u00f1o deber\u00e1n invertirse m\u00e1s de 550 millones de pesos (mn) en 70 nuevos proyectos.<\/p>\n<p style=\"text-align: justify\">Estos planes corresponden a la convocatoria 2024 del Fondo Nacional de Innovaci\u00f3n y Desarrollo Cient\u00edfico y Tecnol\u00f3gico.<\/p>\n","protected":false},"excerpt":{"rendered":"<p>SANTO DOMINGO.-\u00a0El doctor\u00a0Francisco de Moya Pons fue reconocido por el gobierno dominicano como Investigador de la Naci\u00f3n durante la entrega del Premio Nacional de Ciencia 2024. Moya recibi\u00f3 el galard\u00f3n durante una ceremonia encabezada por la vicepresidenta, Raquel Pe\u00f1a, en correspondencia con sus m\u00e9ritos como investigador, historiador, escritor y acad\u00e9mico. Tambi\u00e9n recibieron el Premio Nacional [&hellip;]<\/p>\n","protected":false},"author":7,"featured_media":0,"comment_status":"closed","ping_status":"open","sticky":false,"template":"","format":"standard","meta":{"footnotes":""},"categories":[8],"tags":[],"yoast_head":"<!-- This site is optimized with the Yoast SEO plugin v24.5 - https:\/\/yoast.com\/wordpress\/plugins\/seo\/ -->\n<title>Gobierno dominicano premia a once destacados investigadores | El Nuevo Norte<\/title>\n<meta name=\"robots\" content=\"index, follow, max-snippet:-1, max-image-preview:large, max-video-preview:-1\" \/>\n<link rel=\"canonical\" href=\"https:\/\/infoelnuevonorte.com\/?p=40226\" \/>\n<meta property=\"og:locale\" content=\"es_ES\" \/>\n<meta property=\"og:type\" content=\"article\" \/>\n<meta property=\"og:title\" content=\"Gobierno dominicano premia a once destacados investigadores | El Nuevo Norte\" \/>\n<meta property=\"og:description\" content=\"SANTO DOMINGO.-\u00a0El doctor\u00a0Francisco de Moya Pons fue reconocido por el gobierno dominicano como Investigador de la Naci\u00f3n durante la entrega del Premio Nacional de Ciencia 2024. Moya recibi\u00f3 el galard\u00f3n durante una ceremonia encabezada por la vicepresidenta, Raquel Pe\u00f1a, en correspondencia con sus m\u00e9ritos como investigador, historiador, escritor y acad\u00e9mico. Tambi\u00e9n recibieron el Premio Nacional [&hellip;]\" \/>\n<meta property=\"og:url\" content=\"https:\/\/infoelnuevonorte.com\/?p=40226\" \/>\n<meta property=\"og:site_name\" content=\"El Nuevo Norte\" \/>\n<meta property=\"article:publisher\" content=\"https:\/\/www.facebook.com\/infoenn\" \/>\n<meta property=\"article:published_time\" content=\"2024-08-02T13:38:29+00:00\" \/>\n<meta property=\"article:modified_time\" content=\"2024-08-02T13:38:30+00:00\" \/>\n<meta property=\"og:image\" content=\"https:\/\/infoelnuevonorte.com\/wp-content\/uploads\/2024\/08\/WhatsApp-Image-2024-08-01-at-2.19.11-PM-1-jpeg.webp\" \/>\n\t<meta property=\"og:image:width\" content=\"1600\" \/>\n\t<meta property=\"og:image:height\" content=\"1134\" \/>\n\t<meta property=\"og:image:type\" content=\"image\/jpeg\" \/>\n<meta name=\"author\" content=\"A.P.\" \/>\n<meta name=\"twitter:card\" content=\"summary_large_image\" \/>\n<meta name=\"twitter:creator\" content=\"@Elnuevo_norte\" \/>\n<meta name=\"twitter:site\" content=\"@Elnuevo_norte\" \/>\n<meta name=\"twitter:label1\" content=\"Written by\" \/>\n\t<meta name=\"twitter:data1\" content=\"A.P.\" \/>\n\t<meta name=\"twitter:label2\" content=\"Est. reading time\" \/>\n\t<meta name=\"twitter:data2\" content=\"2 minutos\" \/>\n<script type=\"application\/ld+json\" class=\"yoast-schema-graph\">{\"@context\":\"https:\/\/schema.org\",\"@graph\":[{\"@type\":\"Article\",\"@id\":\"https:\/\/infoelnuevonorte.com\/?p=40226#article\",\"isPartOf\":{\"@id\":\"https:\/\/infoelnuevonorte.com\/?p=40226\"},\"author\":{\"name\":\"A.P.\",\"@id\":\"https:\/\/infoelnuevonorte.com\/#\/schema\/person\/92d4a526d666630102a5094d7c57b2f3\"},\"headline\":\"Gobierno dominicano premia a once destacados investigadores\",\"datePublished\":\"2024-08-02T13:38:29+00:00\",\"dateModified\":\"2024-08-02T13:38:30+00:00\",\"mainEntityOfPage\":{\"@id\":\"https:\/\/infoelnuevonorte.com\/?p=40226\"},\"wordCount\":311,\"publisher\":{\"@id\":\"https:\/\/infoelnuevonorte.com\/#organization\"},\"image\":{\"@id\":\"https:\/\/infoelnuevonorte.com\/?p=40226#primaryimage\"},\"thumbnailUrl\":\"https:\/\/almomento.net\/wp-content\/uploads\/2024\/08\/WhatsApp-Image-2024-08-01-at-2.19.14-PM.jpeg\",\"articleSection\":[\"Nacionales\"],\"inLanguage\":\"es-DO\"},{\"@type\":\"WebPage\",\"@id\":\"https:\/\/infoelnuevonorte.com\/?p=40226\",\"url\":\"https:\/\/infoelnuevonorte.com\/?p=40226\",\"name\":\"Gobierno dominicano premia a once destacados investigadores | El Nuevo Norte\",\"isPartOf\":{\"@id\":\"https:\/\/infoelnuevonorte.com\/#website\"},\"primaryImageOfPage\":{\"@id\":\"https:\/\/infoelnuevonorte.com\/?p=40226#primaryimage\"},\"image\":{\"@id\":\"https:\/\/infoelnuevonorte.com\/?p=40226#primaryimage\"},\"thumbnailUrl\":\"https:\/\/almomento.net\/wp-content\/uploads\/2024\/08\/WhatsApp-Image-2024-08-01-at-2.19.14-PM.jpeg\",\"datePublished\":\"2024-08-02T13:38:29+00:00\",\"dateModified\":\"2024-08-02T13:38:30+00:00\",\"breadcrumb\":{\"@id\":\"https:\/\/infoelnuevonorte.com\/?p=40226#breadcrumb\"},\"inLanguage\":\"es-DO\",\"potentialAction\":[{\"@type\":\"ReadAction\",\"target\":[\"https:\/\/infoelnuevonorte.com\/?p=40226\"]}]},{\"@type\":\"ImageObject\",\"inLanguage\":\"es-DO\",\"@id\":\"https:\/\/infoelnuevonorte.com\/?p=40226#primaryimage\",\"url\":\"https:\/\/almomento.net\/wp-content\/uploads\/2024\/08\/WhatsApp-Image-2024-08-01-at-2.19.14-PM.jpeg\",\"contentUrl\":\"https:\/\/almomento.net\/wp-content\/uploads\/2024\/08\/WhatsApp-Image-2024-08-01-at-2.19.14-PM.jpeg\"},{\"@type\":\"BreadcrumbList\",\"@id\":\"https:\/\/infoelnuevonorte.com\/?p=40226#breadcrumb\",\"itemListElement\":[{\"@type\":\"ListItem\",\"position\":1,\"name\":\"Home\",\"item\":\"https:\/\/infoelnuevonorte.com\/\"},{\"@type\":\"ListItem\",\"position\":2,\"name\":\"Gobierno dominicano premia a once destacados investigadores\"}]},{\"@type\":\"WebSite\",\"@id\":\"https:\/\/infoelnuevonorte.com\/#website\",\"url\":\"https:\/\/infoelnuevonorte.com\/\",\"name\":\"InfoEnn\",\"description\":\"Tu Voz, tu Verdad, tu Diario!!!\",\"publisher\":{\"@id\":\"https:\/\/infoelnuevonorte.com\/#organization\"},\"alternateName\":\"El Nuevo Norte\",\"potentialAction\":[{\"@type\":\"SearchAction\",\"target\":{\"@type\":\"EntryPoint\",\"urlTemplate\":\"https:\/\/infoelnuevonorte.com\/?s={search_term_string}\"},\"query-input\":{\"@type\":\"PropertyValueSpecification\",\"valueRequired\":true,\"valueName\":\"search_term_string\"}}],\"inLanguage\":\"es-DO\"},{\"@type\":\"Organization\",\"@id\":\"https:\/\/infoelnuevonorte.com\/#organization\",\"name\":\"Info El Nuevo Norte\",\"alternateName\":\"El Nuevo Norte\",\"url\":\"https:\/\/infoelnuevonorte.com\/\",\"logo\":{\"@type\":\"ImageObject\",\"inLanguage\":\"es-DO\",\"@id\":\"https:\/\/infoelnuevonorte.com\/#\/schema\/logo\/image\/\",\"url\":\"https:\/\/infoelnuevonorte.com\/wp-content\/uploads\/2026\/02\/Logo-Info-enn-3d-20ani.jpeg\",\"contentUrl\":\"https:\/\/infoelnuevonorte.com\/wp-content\/uploads\/2026\/02\/Logo-Info-enn-3d-20ani.jpeg\",\"width\":2046,\"height\":736,\"caption\":\"Info El Nuevo Norte\"},\"image\":{\"@id\":\"https:\/\/infoelnuevonorte.com\/#\/schema\/logo\/image\/\"},\"sameAs\":[\"https:\/\/www.facebook.com\/infoenn\",\"https:\/\/x.com\/Elnuevo_norte\",\"https:\/\/www.instagram.com\/infoenn\",\"https:\/\/www.facebook.com\/ENNRD\"]},{\"@type\":\"Person\",\"@id\":\"https:\/\/infoelnuevonorte.com\/#\/schema\/person\/92d4a526d666630102a5094d7c57b2f3\",\"name\":\"A.P.\",\"image\":{\"@type\":\"ImageObject\",\"inLanguage\":\"es-DO\",\"@id\":\"https:\/\/infoelnuevonorte.com\/#\/schema\/person\/image\/\",\"url\":\"https:\/\/secure.gravatar.com\/avatar\/21b59994a05c5ed2c199adcbaa65531c?s=96&d=robohash&r=g\",\"contentUrl\":\"https:\/\/secure.gravatar.com\/avatar\/21b59994a05c5ed2c199adcbaa65531c?s=96&d=robohash&r=g\",\"caption\":\"A.P.\"},\"url\":\"https:\/\/infoelnuevonorte.com\/?author=7\"}]}<\/script>\n<!-- \/ Yoast SEO plugin. -->","yoast_head_json":{"title":"Gobierno dominicano premia a once destacados investigadores | El Nuevo Norte","robots":{"index":"index","follow":"follow","max-snippet":"max-snippet:-1","max-image-preview":"max-image-preview:large","max-video-preview":"max-video-preview:-1"},"canonical":"https:\/\/infoelnuevonorte.com\/?p=40226","og_locale":"es_ES","og_type":"article","og_title":"Gobierno dominicano premia a once destacados investigadores | El Nuevo Norte","og_description":"SANTO DOMINGO.-\u00a0El doctor\u00a0Francisco de Moya Pons fue reconocido por el gobierno dominicano como Investigador de la Naci\u00f3n durante la entrega del Premio Nacional de Ciencia 2024. Moya recibi\u00f3 el galard\u00f3n durante una ceremonia encabezada por la vicepresidenta, Raquel Pe\u00f1a, en correspondencia con sus m\u00e9ritos como investigador, historiador, escritor y acad\u00e9mico. Tambi\u00e9n recibieron el Premio Nacional [&hellip;]","og_url":"https:\/\/infoelnuevonorte.com\/?p=40226","og_site_name":"El Nuevo Norte","article_publisher":"https:\/\/www.facebook.com\/infoenn","article_published_time":"2024-08-02T13:38:29+00:00","article_modified_time":"2024-08-02T13:38:30+00:00","og_image":[{"width":1600,"height":1134,"url":"https:\/\/infoelnuevonorte.com\/wp-content\/uploads\/2024\/08\/WhatsApp-Image-2024-08-01-at-2.19.11-PM-1-jpeg.webp","type":"image\/jpeg"}],"author":"A.P.","twitter_card":"summary_large_image","twitter_creator":"@Elnuevo_norte","twitter_site":"@Elnuevo_norte","twitter_misc":{"Written by":"A.P.","Est. reading time":"2 minutos"},"schema":{"@context":"https:\/\/schema.org","@graph":[{"@type":"Article","@id":"https:\/\/infoelnuevonorte.com\/?p=40226#article","isPartOf":{"@id":"https:\/\/infoelnuevonorte.com\/?p=40226"},"author":{"name":"A.P.","@id":"https:\/\/infoelnuevonorte.com\/#\/schema\/person\/92d4a526d666630102a5094d7c57b2f3"},"headline":"Gobierno dominicano premia a once destacados investigadores","datePublished":"2024-08-02T13:38:29+00:00","dateModified":"2024-08-02T13:38:30+00:00","mainEntityOfPage":{"@id":"https:\/\/infoelnuevonorte.com\/?p=40226"},"wordCount":311,"publisher":{"@id":"https:\/\/infoelnuevonorte.com\/#organization"},"image":{"@id":"https:\/\/infoelnuevonorte.com\/?p=40226#primaryimage"},"thumbnailUrl":"https:\/\/almomento.net\/wp-content\/uploads\/2024\/08\/WhatsApp-Image-2024-08-01-at-2.19.14-PM.jpeg","articleSection":["Nacionales"],"inLanguage":"es-DO"},{"@type":"WebPage","@id":"https:\/\/infoelnuevonorte.com\/?p=40226","url":"https:\/\/infoelnuevonorte.com\/?p=40226","name":"Gobierno dominicano premia a once destacados investigadores | El Nuevo Norte","isPartOf":{"@id":"https:\/\/infoelnuevonorte.com\/#website"},"primaryImageOfPage":{"@id":"https:\/\/infoelnuevonorte.com\/?p=40226#primaryimage"},"image":{"@id":"https:\/\/infoelnuevonorte.com\/?p=40226#primaryimage"},"thumbnailUrl":"https:\/\/almomento.net\/wp-content\/uploads\/2024\/08\/WhatsApp-Image-2024-08-01-at-2.19.14-PM.jpeg","datePublished":"2024-08-02T13:38:29+00:00","dateModified":"2024-08-02T13:38:30+00:00","breadcrumb":{"@id":"https:\/\/infoelnuevonorte.com\/?p=40226#breadcrumb"},"inLanguage":"es-DO","potentialAction":[{"@type":"ReadAction","target":["https:\/\/infoelnuevonorte.com\/?p=40226"]}]},{"@type":"ImageObject","inLanguage":"es-DO","@id":"https:\/\/infoelnuevonorte.com\/?p=40226#primaryimage","url":"https:\/\/almomento.net\/wp-content\/uploads\/2024\/08\/WhatsApp-Image-2024-08-01-at-2.19.14-PM.jpeg","contentUrl":"https:\/\/almomento.net\/wp-content\/uploads\/2024\/08\/WhatsApp-Image-2024-08-01-at-2.19.14-PM.jpeg"},{"@type":"BreadcrumbList","@id":"https:\/\/infoelnuevonorte.com\/?p=40226#breadcrumb","itemListElement":[{"@type":"ListItem","position":1,"name":"Home","item":"https:\/\/infoelnuevonorte.com\/"},{"@type":"ListItem","position":2,"name":"Gobierno dominicano premia a once destacados investigadores"}]},{"@type":"WebSite","@id":"https:\/\/infoelnuevonorte.com\/#website","url":"https:\/\/infoelnuevonorte.com\/","name":"InfoEnn","description":"Tu Voz, tu Verdad, tu Diario!!!","publisher":{"@id":"https:\/\/infoelnuevonorte.com\/#organization"},"alternateName":"El Nuevo Norte","potentialAction":[{"@type":"SearchAction","target":{"@type":"EntryPoint","urlTemplate":"https:\/\/infoelnuevonorte.com\/?s={search_term_string}"},"query-input":{"@type":"PropertyValueSpecification","valueRequired":true,"valueName":"search_term_string"}}],"inLanguage":"es-DO"},{"@type":"Organization","@id":"https:\/\/infoelnuevonorte.com\/#organization","name":"Info El Nuevo Norte","alternateName":"El Nuevo Norte","url":"https:\/\/infoelnuevonorte.com\/","logo":{"@type":"ImageObject","inLanguage":"es-DO","@id":"https:\/\/infoelnuevonorte.com\/#\/schema\/logo\/image\/","url":"https:\/\/infoelnuevonorte.com\/wp-content\/uploads\/2026\/02\/Logo-Info-enn-3d-20ani.jpeg","contentUrl":"https:\/\/infoelnuevonorte.com\/wp-content\/uploads\/2026\/02\/Logo-Info-enn-3d-20ani.jpeg","width":2046,"height":736,"caption":"Info El Nuevo Norte"},"image":{"@id":"https:\/\/infoelnuevonorte.com\/#\/schema\/logo\/image\/"},"sameAs":["https:\/\/www.facebook.com\/infoenn","https:\/\/x.com\/Elnuevo_norte","https:\/\/www.instagram.com\/infoenn","https:\/\/www.facebook.com\/ENNRD"]},{"@type":"Person","@id":"https:\/\/infoelnuevonorte.com\/#\/schema\/person\/92d4a526d666630102a5094d7c57b2f3","name":"A.P.","image":{"@type":"ImageObject","inLanguage":"es-DO","@id":"https:\/\/infoelnuevonorte.com\/#\/schema\/person\/image\/","url":"https:\/\/secure.gravatar.com\/avatar\/21b59994a05c5ed2c199adcbaa65531c?s=96&d=robohash&r=g","contentUrl":"https:\/\/secure.gravatar.com\/avatar\/21b59994a05c5ed2c199adcbaa65531c?s=96&d=robohash&r=g","caption":"A.P."},"url":"https:\/\/infoelnuevonorte.com\/?author=7"}]}},"_links":{"self":[{"href":"https:\/\/infoelnuevonorte.com\/index.php?rest_route=\/wp\/v2\/posts\/40226"}],"collection":[{"href":"https:\/\/infoelnuevonorte.com\/index.php?rest_route=\/wp\/v2\/posts"}],"about":[{"href":"https:\/\/infoelnuevonorte.com\/index.php?rest_route=\/wp\/v2\/types\/post"}],"author":[{"embeddable":true,"href":"https:\/\/infoelnuevonorte.com\/index.php?rest_route=\/wp\/v2\/users\/7"}],"replies":[{"embeddable":true,"href":"https:\/\/infoelnuevonorte.com\/index.php?rest_route=%2Fwp%2Fv2%2Fcomments&post=40226"}],"version-history":[{"count":0,"href":"https:\/\/infoelnuevonorte.com\/index.php?rest_route=\/wp\/v2\/posts\/40226\/revisions"}],"wp:attachment":[{"href":"https:\/\/infoelnuevonorte.com\/index.php?rest_route=%2Fwp%2Fv2%2Fmedia&parent=40226"}],"wp:term":[{"taxonomy":"category","embeddable":true,"href":"https:\/\/infoelnuevonorte.com\/index.php?rest_route=%2Fwp%2Fv2%2Fcategories&post=40226"},{"taxonomy":"post_tag","embeddable":true,"href":"https:\/\/infoelnuevonorte.com\/index.php?rest_route=%2Fwp%2Fv2%2Ftags&post=40226"}],"curies":[{"name":"wp","href":"https:\/\/api.w.org\/{rel}","templated":true}]}}