{"id":40605,"date":"2024-08-03T10:43:52","date_gmt":"2024-08-03T14:43:52","guid":{"rendered":"https:\/\/infoelnuevonorte.com\/?p=40605"},"modified":"2024-08-03T14:02:21","modified_gmt":"2024-08-03T18:02:21","slug":"la-republica-dominicana-se-consolida-como-lider-regional-en-la-produccion-de-dispositivos-medicos","status":"publish","type":"post","link":"https:\/\/infoelnuevonorte.com\/?p=40605","title":{"rendered":"La Rep\u00fablica Dominicana se consolida como l\u00edder regional en la producci\u00f3n de dispositivos m\u00e9dicos"},"content":{"rendered":"<!--[if lt IE 9]><script>document.createElement('audio');<\/script><![endif]-->\n<audio class=\"wp-audio-shortcode\" id=\"audio-40605-1\" preload=\"none\" style=\"width: 100%;\" controls=\"controls\"><source type=\"audio\/mpeg\" src=\"https:\/\/infoelnuevonorte.com\/wp-content\/uploads\/2024\/08\/ttsmaker-vip-file-2024-8-3-14-1-13.mp3?_=1\" \/><a href=\"https:\/\/infoelnuevonorte.com\/wp-content\/uploads\/2024\/08\/ttsmaker-vip-file-2024-8-3-14-1-13.mp3\">https:\/\/infoelnuevonorte.com\/wp-content\/uploads\/2024\/08\/ttsmaker-vip-file-2024-8-3-14-1-13.mp3<\/a><\/audio>\n<p style=\"text-align: justify;\">Las exportaciones de\u00a0<strong>dispositivos m\u00e9dicos<\/strong>\u00a0desde las\u00a0<strong>Zonas Francas<\/strong>\u00a0en Rep\u00fablica Dominicana alcanzaron los 2,490 millones de d\u00f3lares en el a\u00f1o 2023, representando m\u00e1s del 31 % del valor total de embarques de estas zonas.<\/p>\n<p style=\"text-align: justify;\">Adem\u00e1s, en t\u00e9rminos de empleo, las 40 empresas dedicadas a la manufactura de\u00a0<strong>dispositivos m\u00e9dicos<\/strong>\u00a0generaron 32,358 empleos, con un notable 67.6 % de estos puestos ocupados por mujeres.<\/p>\n<p style=\"text-align: justify;\">Los datos fueron ofrecidos a\u00a0<em><strong>Diario Libre\u00a0<\/strong><\/em>por\u00a0Luis Jos\u00e9 Bonilla Bojos, presidente de la\u00a0<strong>Asociaci\u00f3n Dominicana de Zonas Francas<\/strong>\u00a0(<strong>Adozona<\/strong>), quien destac\u00f3 el papel crucial que juega la fabricaci\u00f3n de\u00a0<strong>dispositivos m\u00e9dicos<\/strong>\u00a0en el sector de zonas francas del pa\u00eds, subrayando su importancia como el principal rengl\u00f3n de exportaci\u00f3n de Rep\u00fablica Dominicana.<\/p>\n<p style=\"text-align: justify;\">Dijo que siete de las 20 principales\u00a0<strong>empresas multinacionales<\/strong>\u00a0de\u00a0<strong>dispositivos m\u00e9dicos<\/strong>\u00a0del mundo ya tienen operaciones en Rep\u00fablica Dominicana y pr\u00e1cticamente todas ellas se encuentran inmersas en procesos continuos de expansi\u00f3n e incorporando procesos de producci\u00f3n cada vez m\u00e1s favorables.<\/p>\n<h2 style=\"text-align: justify;\"><strong>Estudio del Segmento del Hub<\/strong><\/h2>\n<p style=\"text-align: justify;\">La Direcci\u00f3n General de Aduanas (DGA), en colaboraci\u00f3n con la C\u00e1mara Americana de Comercio de la Rep\u00fablica Dominicana (Amchamdr), ha presentado una investigaci\u00f3n titulada: \"<strong>Estudio del Segmento del Hub<\/strong>\", que revela avances significativos en el\u00a0<strong>sector log\u00edstico<\/strong>\u00a0y de manufactura del pa\u00eds.<\/p>\n<p style=\"text-align: justify;\">El informe destaca que, a lo largo de los a\u00f1os,\u00a0<strong>Rep\u00fablica Dominicana<\/strong>\u00a0ha perfeccionado sus habilidades en diversas actividades de fabricaci\u00f3n, logrando una posici\u00f3n de liderazgo en la producci\u00f3n de\u00a0<strong>dispositivos m\u00e9dicos<\/strong>\u00a0en Centroam\u00e9rica y el Caribe.<\/p>\n<p style=\"text-align: justify;\">Esa especializaci\u00f3n ha generado una amplia disponibilidad de mano de obra capacitada y una capacidad destacada para desarrollar tareas complejas de ensamblaje con\u00a0<strong>costos competitivos<\/strong>.<\/p>\n<h2 style=\"text-align: justify;\"><strong>Revestimientos m\u00e9dicos<\/strong><\/h2>\n<p style=\"text-align: justify;\">Entre los productos de\u00a0<strong>dispositivos m\u00e9dicos<\/strong>\u00a0que se fabrican en nuestras Zonas Francas se encuentran:<\/p>\n<ul class=\"list-text\" style=\"text-align: justify;\">\n<li>Los cuidados de la ostom\u00eda<\/li>\n<li>Equipos de transfusi\u00f3n y terapia celular.<\/li>\n<li>Esterilizaci\u00f3n<\/li>\n<li>Dispositivos de neurolog\u00eda especializada<\/li>\n<li>Cat\u00e9teres<\/li>\n<li>Instrumentos de acceso cardiovascular, entre otros.<\/li>\n<\/ul>\n<h2 style=\"text-align: justify;\"><strong>Demanda de\u00a0equipos laborales\u00a0y oportunidades de formaci\u00f3n<\/strong><\/h2>\n<p style=\"text-align: justify;\">Seg\u00fan el estudio,\u00a0<strong>las industrias<\/strong>\u00a0con mayor demanda de equipos laborales en sus actividades log\u00edsticas incluyen la farmac\u00e9utica, alta tecnolog\u00eda, telecomunicaciones, indumentaria, calzado y electrodom\u00e9sticos.<\/p>\n<p style=\"text-align: justify;\">Sin embargo, tambi\u00e9n se se\u00f1ala una carencia de recursos calificados en el \u00e1mbito operativo. Es fundamental que tanto el\u00a0<strong>sector p\u00fablico<\/strong>\u00a0como el privado prioricen la formaci\u00f3n de mano de obra cualificada.<\/p>\n<p style=\"text-align: justify;\">En particular, se identifica una oportunidad significativa en la\u00a0<strong>inclusi\u00f3n de mujeres<\/strong>\u00a0en roles como el control de ingresos y egresos, la preparaci\u00f3n de pedidos y el manejo de equipos de movimiento, gr\u00faas, montacargas y veh\u00edculos de transporte.<\/p>\n<h2 style=\"text-align: justify;\"><strong>Rep\u00fablica Dominicana: l\u00edder en comercio de\u00a0dispositivos m\u00e9dicos<\/strong><\/h2>\n<p style=\"text-align: justify;\">Daniel Pe\u00f1a, subdirector de\u00a0<strong>Tecnolog\u00eda de la DGA<\/strong>\u00a0, coment\u00f3 que el pa\u00eds se ha posicionado como uno de los principales comercializadores de\u00a0<strong>dispositivos m\u00e9dicos<\/strong>\u00a0en el continente y el primero en Am\u00e9rica Latina.<\/p>\n<p style=\"text-align: justify;\">\"La Rep\u00fablica Dominicana comercializa el 70 % de las toneladas de\u00a0<strong>dispositivos m\u00e9dicos<\/strong>\u00a0intercambiados en la regi\u00f3n de Centroam\u00e9rica y Colombia. Esta informaci\u00f3n es crucial para nuestro enfoque en la industria de\u00a0<strong>dispositivos m\u00e9dicos<\/strong>\u00a0y destaca nuestra mano de obra eficiente, lo que nos permite ofrecer soluciones de fabricaci\u00f3n liviana a la industria farmac\u00e9utica, aumentando nuestra competitividad\", afirm\u00f3 Pe\u00f1a.<\/p>\n<h2 style=\"text-align: justify;\"><strong>Mejoras en infraestructura y\u00a0oportunidades regionales<\/strong><\/h2>\n<p style=\"text-align: justify;\">El estudio tambi\u00e9n resalta c\u00f3mo las instalaciones de primer nivel en el pa\u00eds han mejorado la eficiencia y la capacidad de los puertos y aeropuertos, consolidando a la\u00a0<strong>Rep\u00fablica Dominicana<\/strong>\u00a0como un nodo log\u00edstico clave en la regi\u00f3n.<\/p>\n<p style=\"text-align: justify;\">Pe\u00f1a agreg\u00f3 que la conexi\u00f3n con Europa representa una gran oportunidad para establecer al pa\u00eds como un centro de cross-dock o multimodal, facilitando la conexi\u00f3n entre dicho continente y Centroam\u00e9rica, Am\u00e9rica del Norte y\u00a0<strong>Am\u00e9rica del Sur<\/strong>.<\/p>\n","protected":false},"excerpt":{"rendered":"<p>Las exportaciones de\u00a0dispositivos m\u00e9dicos\u00a0desde las\u00a0Zonas Francas\u00a0en Rep\u00fablica Dominicana alcanzaron los 2,490 millones de d\u00f3lares en el a\u00f1o 2023, representando m\u00e1s del 31 % del valor total de embarques de estas zonas. Adem\u00e1s, en t\u00e9rminos de empleo, las 40 empresas dedicadas a la manufactura de\u00a0dispositivos m\u00e9dicos\u00a0generaron 32,358 empleos, con un notable 67.6 % de estos puestos [&hellip;]<\/p>\n","protected":false},"author":2,"featured_media":0,"comment_status":"closed","ping_status":"open","sticky":false,"template":"","format":"standard","meta":{"footnotes":""},"categories":[8],"tags":[],"yoast_head":"<!-- This site is optimized with the Yoast SEO plugin v24.5 - https:\/\/yoast.com\/wordpress\/plugins\/seo\/ -->\n<title>La Rep\u00fablica Dominicana se consolida como l\u00edder regional en la producci\u00f3n de dispositivos m\u00e9dicos | El Nuevo Norte<\/title>\n<meta name=\"robots\" content=\"index, follow, max-snippet:-1, max-image-preview:large, max-video-preview:-1\" \/>\n<link rel=\"canonical\" href=\"https:\/\/infoelnuevonorte.com\/?p=40605\" \/>\n<meta property=\"og:locale\" content=\"es_ES\" \/>\n<meta property=\"og:type\" content=\"article\" \/>\n<meta property=\"og:title\" content=\"La Rep\u00fablica Dominicana se consolida como l\u00edder regional en la producci\u00f3n de dispositivos m\u00e9dicos | El Nuevo Norte\" \/>\n<meta property=\"og:description\" content=\"Las exportaciones de\u00a0dispositivos m\u00e9dicos\u00a0desde las\u00a0Zonas Francas\u00a0en Rep\u00fablica Dominicana alcanzaron los 2,490 millones de d\u00f3lares en el a\u00f1o 2023, representando m\u00e1s del 31 % del valor total de embarques de estas zonas. Adem\u00e1s, en t\u00e9rminos de empleo, las 40 empresas dedicadas a la manufactura de\u00a0dispositivos m\u00e9dicos\u00a0generaron 32,358 empleos, con un notable 67.6 % de estos puestos [&hellip;]\" \/>\n<meta property=\"og:url\" content=\"https:\/\/infoelnuevonorte.com\/?p=40605\" \/>\n<meta property=\"og:site_name\" content=\"El Nuevo Norte\" \/>\n<meta property=\"article:publisher\" content=\"https:\/\/www.facebook.com\/infoenn\" \/>\n<meta property=\"article:published_time\" content=\"2024-08-03T14:43:52+00:00\" \/>\n<meta property=\"article:modified_time\" content=\"2024-08-03T18:02:21+00:00\" \/>\n<meta property=\"og:image\" content=\"https:\/\/infoelnuevonorte.com\/wp-content\/uploads\/2024\/08\/descarga-2024-08-03T104318.572-e1722708125175.png\" \/>\n\t<meta property=\"og:image:width\" content=\"645\" \/>\n\t<meta property=\"og:image:height\" content=\"361\" \/>\n\t<meta property=\"og:image:type\" content=\"image\/png\" \/>\n<meta name=\"author\" content=\"T. R.\" \/>\n<meta name=\"twitter:card\" content=\"summary_large_image\" \/>\n<meta name=\"twitter:creator\" content=\"@Elnuevo_norte\" \/>\n<meta name=\"twitter:site\" content=\"@Elnuevo_norte\" \/>\n<meta name=\"twitter:label1\" content=\"Written by\" \/>\n\t<meta name=\"twitter:data1\" content=\"T. R.\" \/>\n\t<meta name=\"twitter:label2\" content=\"Est. reading time\" \/>\n\t<meta name=\"twitter:data2\" content=\"3 minutos\" \/>\n<script type=\"application\/ld+json\" class=\"yoast-schema-graph\">{\"@context\":\"https:\/\/schema.org\",\"@graph\":[{\"@type\":\"Article\",\"@id\":\"https:\/\/infoelnuevonorte.com\/?p=40605#article\",\"isPartOf\":{\"@id\":\"https:\/\/infoelnuevonorte.com\/?p=40605\"},\"author\":{\"name\":\"T. R.\",\"@id\":\"https:\/\/infoelnuevonorte.com\/#\/schema\/person\/3accb35eb55f55e96c492b52d085a403\"},\"headline\":\"La Rep\u00fablica Dominicana se consolida como l\u00edder regional en la producci\u00f3n de dispositivos m\u00e9dicos\",\"datePublished\":\"2024-08-03T14:43:52+00:00\",\"dateModified\":\"2024-08-03T18:02:21+00:00\",\"mainEntityOfPage\":{\"@id\":\"https:\/\/infoelnuevonorte.com\/?p=40605\"},\"wordCount\":700,\"publisher\":{\"@id\":\"https:\/\/infoelnuevonorte.com\/#organization\"},\"articleSection\":[\"Nacionales\"],\"inLanguage\":\"es-DO\"},{\"@type\":\"WebPage\",\"@id\":\"https:\/\/infoelnuevonorte.com\/?p=40605\",\"url\":\"https:\/\/infoelnuevonorte.com\/?p=40605\",\"name\":\"La Rep\u00fablica Dominicana se consolida como l\u00edder regional en la producci\u00f3n de dispositivos m\u00e9dicos | El Nuevo Norte\",\"isPartOf\":{\"@id\":\"https:\/\/infoelnuevonorte.com\/#website\"},\"datePublished\":\"2024-08-03T14:43:52+00:00\",\"dateModified\":\"2024-08-03T18:02:21+00:00\",\"breadcrumb\":{\"@id\":\"https:\/\/infoelnuevonorte.com\/?p=40605#breadcrumb\"},\"inLanguage\":\"es-DO\",\"potentialAction\":[{\"@type\":\"ReadAction\",\"target\":[\"https:\/\/infoelnuevonorte.com\/?p=40605\"]}]},{\"@type\":\"BreadcrumbList\",\"@id\":\"https:\/\/infoelnuevonorte.com\/?p=40605#breadcrumb\",\"itemListElement\":[{\"@type\":\"ListItem\",\"position\":1,\"name\":\"Home\",\"item\":\"https:\/\/infoelnuevonorte.com\/\"},{\"@type\":\"ListItem\",\"position\":2,\"name\":\"La Rep\u00fablica Dominicana se consolida como l\u00edder regional en la producci\u00f3n de dispositivos m\u00e9dicos\"}]},{\"@type\":\"WebSite\",\"@id\":\"https:\/\/infoelnuevonorte.com\/#website\",\"url\":\"https:\/\/infoelnuevonorte.com\/\",\"name\":\"InfoEnn\",\"description\":\"Tu Voz, tu Verdad, tu Diario!!!\",\"publisher\":{\"@id\":\"https:\/\/infoelnuevonorte.com\/#organization\"},\"alternateName\":\"El Nuevo Norte\",\"potentialAction\":[{\"@type\":\"SearchAction\",\"target\":{\"@type\":\"EntryPoint\",\"urlTemplate\":\"https:\/\/infoelnuevonorte.com\/?s={search_term_string}\"},\"query-input\":{\"@type\":\"PropertyValueSpecification\",\"valueRequired\":true,\"valueName\":\"search_term_string\"}}],\"inLanguage\":\"es-DO\"},{\"@type\":\"Organization\",\"@id\":\"https:\/\/infoelnuevonorte.com\/#organization\",\"name\":\"Info El Nuevo Norte\",\"alternateName\":\"El Nuevo Norte\",\"url\":\"https:\/\/infoelnuevonorte.com\/\",\"logo\":{\"@type\":\"ImageObject\",\"inLanguage\":\"es-DO\",\"@id\":\"https:\/\/infoelnuevonorte.com\/#\/schema\/logo\/image\/\",\"url\":\"https:\/\/infoelnuevonorte.com\/wp-content\/uploads\/2026\/02\/Logo-Info-enn-3d-20ani.jpeg\",\"contentUrl\":\"https:\/\/infoelnuevonorte.com\/wp-content\/uploads\/2026\/02\/Logo-Info-enn-3d-20ani.jpeg\",\"width\":2046,\"height\":736,\"caption\":\"Info El Nuevo Norte\"},\"image\":{\"@id\":\"https:\/\/infoelnuevonorte.com\/#\/schema\/logo\/image\/\"},\"sameAs\":[\"https:\/\/www.facebook.com\/infoenn\",\"https:\/\/x.com\/Elnuevo_norte\",\"https:\/\/www.instagram.com\/infoenn\",\"https:\/\/www.facebook.com\/ENNRD\"]},{\"@type\":\"Person\",\"@id\":\"https:\/\/infoelnuevonorte.com\/#\/schema\/person\/3accb35eb55f55e96c492b52d085a403\",\"name\":\"T. R.\",\"image\":{\"@type\":\"ImageObject\",\"inLanguage\":\"es-DO\",\"@id\":\"https:\/\/infoelnuevonorte.com\/#\/schema\/person\/image\/\",\"url\":\"https:\/\/secure.gravatar.com\/avatar\/40543a038bda97abdb765b1662e9677d?s=96&d=robohash&r=g\",\"contentUrl\":\"https:\/\/secure.gravatar.com\/avatar\/40543a038bda97abdb765b1662e9677d?s=96&d=robohash&r=g\",\"caption\":\"T. R.\"},\"url\":\"https:\/\/infoelnuevonorte.com\/?author=2\"}]}<\/script>\n<!-- \/ Yoast SEO plugin. -->","yoast_head_json":{"title":"La Rep\u00fablica Dominicana se consolida como l\u00edder regional en la producci\u00f3n de dispositivos m\u00e9dicos | El Nuevo Norte","robots":{"index":"index","follow":"follow","max-snippet":"max-snippet:-1","max-image-preview":"max-image-preview:large","max-video-preview":"max-video-preview:-1"},"canonical":"https:\/\/infoelnuevonorte.com\/?p=40605","og_locale":"es_ES","og_type":"article","og_title":"La Rep\u00fablica Dominicana se consolida como l\u00edder regional en la producci\u00f3n de dispositivos m\u00e9dicos | El Nuevo Norte","og_description":"Las exportaciones de\u00a0dispositivos m\u00e9dicos\u00a0desde las\u00a0Zonas Francas\u00a0en Rep\u00fablica Dominicana alcanzaron los 2,490 millones de d\u00f3lares en el a\u00f1o 2023, representando m\u00e1s del 31 % del valor total de embarques de estas zonas. Adem\u00e1s, en t\u00e9rminos de empleo, las 40 empresas dedicadas a la manufactura de\u00a0dispositivos m\u00e9dicos\u00a0generaron 32,358 empleos, con un notable 67.6 % de estos puestos [&hellip;]","og_url":"https:\/\/infoelnuevonorte.com\/?p=40605","og_site_name":"El Nuevo Norte","article_publisher":"https:\/\/www.facebook.com\/infoenn","article_published_time":"2024-08-03T14:43:52+00:00","article_modified_time":"2024-08-03T18:02:21+00:00","og_image":[{"width":645,"height":361,"url":"https:\/\/infoelnuevonorte.com\/wp-content\/uploads\/2024\/08\/descarga-2024-08-03T104318.572-e1722708125175.png","type":"image\/png"}],"author":"T. R.","twitter_card":"summary_large_image","twitter_creator":"@Elnuevo_norte","twitter_site":"@Elnuevo_norte","twitter_misc":{"Written by":"T. R.","Est. reading time":"3 minutos"},"schema":{"@context":"https:\/\/schema.org","@graph":[{"@type":"Article","@id":"https:\/\/infoelnuevonorte.com\/?p=40605#article","isPartOf":{"@id":"https:\/\/infoelnuevonorte.com\/?p=40605"},"author":{"name":"T. R.","@id":"https:\/\/infoelnuevonorte.com\/#\/schema\/person\/3accb35eb55f55e96c492b52d085a403"},"headline":"La Rep\u00fablica Dominicana se consolida como l\u00edder regional en la producci\u00f3n de dispositivos m\u00e9dicos","datePublished":"2024-08-03T14:43:52+00:00","dateModified":"2024-08-03T18:02:21+00:00","mainEntityOfPage":{"@id":"https:\/\/infoelnuevonorte.com\/?p=40605"},"wordCount":700,"publisher":{"@id":"https:\/\/infoelnuevonorte.com\/#organization"},"articleSection":["Nacionales"],"inLanguage":"es-DO"},{"@type":"WebPage","@id":"https:\/\/infoelnuevonorte.com\/?p=40605","url":"https:\/\/infoelnuevonorte.com\/?p=40605","name":"La Rep\u00fablica Dominicana se consolida como l\u00edder regional en la producci\u00f3n de dispositivos m\u00e9dicos | El Nuevo Norte","isPartOf":{"@id":"https:\/\/infoelnuevonorte.com\/#website"},"datePublished":"2024-08-03T14:43:52+00:00","dateModified":"2024-08-03T18:02:21+00:00","breadcrumb":{"@id":"https:\/\/infoelnuevonorte.com\/?p=40605#breadcrumb"},"inLanguage":"es-DO","potentialAction":[{"@type":"ReadAction","target":["https:\/\/infoelnuevonorte.com\/?p=40605"]}]},{"@type":"BreadcrumbList","@id":"https:\/\/infoelnuevonorte.com\/?p=40605#breadcrumb","itemListElement":[{"@type":"ListItem","position":1,"name":"Home","item":"https:\/\/infoelnuevonorte.com\/"},{"@type":"ListItem","position":2,"name":"La Rep\u00fablica Dominicana se consolida como l\u00edder regional en la producci\u00f3n de dispositivos m\u00e9dicos"}]},{"@type":"WebSite","@id":"https:\/\/infoelnuevonorte.com\/#website","url":"https:\/\/infoelnuevonorte.com\/","name":"InfoEnn","description":"Tu Voz, tu Verdad, tu Diario!!!","publisher":{"@id":"https:\/\/infoelnuevonorte.com\/#organization"},"alternateName":"El Nuevo Norte","potentialAction":[{"@type":"SearchAction","target":{"@type":"EntryPoint","urlTemplate":"https:\/\/infoelnuevonorte.com\/?s={search_term_string}"},"query-input":{"@type":"PropertyValueSpecification","valueRequired":true,"valueName":"search_term_string"}}],"inLanguage":"es-DO"},{"@type":"Organization","@id":"https:\/\/infoelnuevonorte.com\/#organization","name":"Info El Nuevo Norte","alternateName":"El Nuevo Norte","url":"https:\/\/infoelnuevonorte.com\/","logo":{"@type":"ImageObject","inLanguage":"es-DO","@id":"https:\/\/infoelnuevonorte.com\/#\/schema\/logo\/image\/","url":"https:\/\/infoelnuevonorte.com\/wp-content\/uploads\/2026\/02\/Logo-Info-enn-3d-20ani.jpeg","contentUrl":"https:\/\/infoelnuevonorte.com\/wp-content\/uploads\/2026\/02\/Logo-Info-enn-3d-20ani.jpeg","width":2046,"height":736,"caption":"Info El Nuevo Norte"},"image":{"@id":"https:\/\/infoelnuevonorte.com\/#\/schema\/logo\/image\/"},"sameAs":["https:\/\/www.facebook.com\/infoenn","https:\/\/x.com\/Elnuevo_norte","https:\/\/www.instagram.com\/infoenn","https:\/\/www.facebook.com\/ENNRD"]},{"@type":"Person","@id":"https:\/\/infoelnuevonorte.com\/#\/schema\/person\/3accb35eb55f55e96c492b52d085a403","name":"T. R.","image":{"@type":"ImageObject","inLanguage":"es-DO","@id":"https:\/\/infoelnuevonorte.com\/#\/schema\/person\/image\/","url":"https:\/\/secure.gravatar.com\/avatar\/40543a038bda97abdb765b1662e9677d?s=96&d=robohash&r=g","contentUrl":"https:\/\/secure.gravatar.com\/avatar\/40543a038bda97abdb765b1662e9677d?s=96&d=robohash&r=g","caption":"T. R."},"url":"https:\/\/infoelnuevonorte.com\/?author=2"}]}},"_links":{"self":[{"href":"https:\/\/infoelnuevonorte.com\/index.php?rest_route=\/wp\/v2\/posts\/40605"}],"collection":[{"href":"https:\/\/infoelnuevonorte.com\/index.php?rest_route=\/wp\/v2\/posts"}],"about":[{"href":"https:\/\/infoelnuevonorte.com\/index.php?rest_route=\/wp\/v2\/types\/post"}],"author":[{"embeddable":true,"href":"https:\/\/infoelnuevonorte.com\/index.php?rest_route=\/wp\/v2\/users\/2"}],"replies":[{"embeddable":true,"href":"https:\/\/infoelnuevonorte.com\/index.php?rest_route=%2Fwp%2Fv2%2Fcomments&post=40605"}],"version-history":[{"count":0,"href":"https:\/\/infoelnuevonorte.com\/index.php?rest_route=\/wp\/v2\/posts\/40605\/revisions"}],"wp:attachment":[{"href":"https:\/\/infoelnuevonorte.com\/index.php?rest_route=%2Fwp%2Fv2%2Fmedia&parent=40605"}],"wp:term":[{"taxonomy":"category","embeddable":true,"href":"https:\/\/infoelnuevonorte.com\/index.php?rest_route=%2Fwp%2Fv2%2Fcategories&post=40605"},{"taxonomy":"post_tag","embeddable":true,"href":"https:\/\/infoelnuevonorte.com\/index.php?rest_route=%2Fwp%2Fv2%2Ftags&post=40605"}],"curies":[{"name":"wp","href":"https:\/\/api.w.org\/{rel}","templated":true}]}}