{"id":43022,"date":"2024-08-12T12:10:33","date_gmt":"2024-08-12T16:10:33","guid":{"rendered":"https:\/\/infoelnuevonorte.com\/?p=43022"},"modified":"2024-08-12T12:10:35","modified_gmt":"2024-08-12T16:10:35","slug":"jose-francisco-perez-colon-el-violinista-dominicano-que-impresiono-a-adele-con-su-talento","status":"publish","type":"post","link":"https:\/\/infoelnuevonorte.com\/?p=43022","title":{"rendered":"Jos\u00e9 Francisco P\u00e9rez Col\u00f3n: el violinista dominicano que impresion\u00f3 a Adele con su talento"},"content":{"rendered":"<!--[if lt IE 9]><script>document.createElement('audio');<\/script><![endif]-->\n<audio class=\"wp-audio-shortcode\" id=\"audio-43022-1\" preload=\"none\" style=\"width: 100%;\" controls=\"controls\"><source type=\"audio\/mpeg\" src=\"https:\/\/infoelnuevonorte.com\/wp-content\/uploads\/2024\/08\/ttsmaker-vip-file-2024-8-12-12-9-9.mp3?_=1\" \/><a href=\"https:\/\/infoelnuevonorte.com\/wp-content\/uploads\/2024\/08\/ttsmaker-vip-file-2024-8-12-12-9-9.mp3\">https:\/\/infoelnuevonorte.com\/wp-content\/uploads\/2024\/08\/ttsmaker-vip-file-2024-8-12-12-9-9.mp3<\/a><\/audio>\n<p style=\"text-align: justify\">Con una maleta llena de sue\u00f1os y una firme convicci\u00f3n de que alcanzar\u00eda sus metas en la m\u00fasica,\u00a0<a href=\"https:\/\/www.instagram.com\/p\/C-NonrXICUA\/?utm_source=ig_web_copy_link\"><strong>Jos\u00e9 Francisco P\u00e9rez Col\u00f3n<\/strong><\/a>, un talentoso\u00a0<strong>violinista<\/strong>\u00a0dominicano, puso rumbo hacia\u00a0<strong>Alemania<\/strong>, pa\u00eds en el que ha comenzado a vivir lo que hace tres a\u00f1os ve\u00eda<strong>\u00a0<\/strong>como una utop\u00eda.<\/p>\n<p style=\"text-align: justify\">El nativo de San Crist\u00f3bal se visualiz\u00f3 en grandes escenarios y, con mucho trabajo y formaci\u00f3n, lo est\u00e1 consiguiendo. Su\u00a0<strong>talento<\/strong>\u00a0no ha pasado desapercibido, logr\u00f3 impresionar incluso a la estrella de la\u00a0<strong>m\u00fasica<\/strong>\u00a0brit\u00e1nica\u00a0<strong>Adele<\/strong>, quien lo invit\u00f3 a tocar en diez de los\u00a0<strong>conciertos<\/strong>\u00a0que actualmente realiza en\u00a0<strong>Alemania<\/strong>, en el marco de su m\u00e1s reciente gira. Jos\u00e9 Francisco llam\u00f3 la atenci\u00f3n del\u00a0<strong>equipo<\/strong>\u00a0de la artista gracias a una trayectoria destacada en ese pa\u00eds.<\/p>\n<p style=\"text-align: justify\">\"Soy egresado de la universidad\u00a0<strong>Hochschule<\/strong>\u00a0f\u00fcr Musik und Theater de Hamburgo,\u00a0<strong>Alemania<\/strong>\u00a0y, a trav\u00e9s de mi trayectoria aqu\u00ed como\u00a0<strong>m\u00fasico<\/strong>, me he dado a conocer en muchos lugares, eso me ayud\u00f3 much\u00edsimo a que me contactaran\", asegur\u00f3 a Diario Libre sobre la forma en que lleg\u00f3 a tocar con una de las artistas m\u00e1s importantes a nivel mundial.<\/p>\n<p style=\"text-align: justify\">Y es que no hay mejor forma de darse a conocer que a trav\u00e9s de un trabajo bien hecho, que tu\u00a0<strong>talento<\/strong>\u00a0sea tu mejor carta de\u00a0<strong>presentaci\u00f3n<\/strong>.<\/p>\n<h2 style=\"text-align: justify\"><strong>\u00bfC\u00f3mo es\u00a0Adele?<\/strong><\/h2>\n<p style=\"text-align: justify\">\u00c9l asegura que, lejos de la gran estrella que es la artista brit\u00e1nica, su trato personal con su\u00a0<strong>equipo<\/strong>, incluyendo los m\u00fasicos es de mucha afabilidad, tambi\u00e9n destaca su sentido del humor. \"<strong>En los ensayos<\/strong>\u00a0se la pasa haciendo chistes\", dice. Y agrega que al principio no se cre\u00eda que estar\u00eda cerca de una artista de su nivel.<\/p>\n<p style=\"text-align: justify\">\"Ellos me contactaron, me hablaron del proyecto<strong>\u00a0y aqu\u00ed\u00a0<\/strong>estoy yo\", dice, haci\u00e9ndolo ver f\u00e1cil, pero no ha sido tanto as\u00ed.<\/p>\n<p style=\"text-align: justify\">Ahora durante los 10\u00a0<strong>conciertos<\/strong>\u00a0que\u00a0<a href=\"https:\/\/www.instagram.com\/reel\/C-c7-GNooIP\/?utm_source=ig_web_copy_link\"><strong>Adele<\/strong><\/a>\u00a0realizar\u00e1 en\u00a0<strong>Alemania<\/strong>, Jos\u00e9 Francisco estar\u00e1 a su lado en el escenario cada noche, interpretando un solo de\u00a0<strong>viol\u00edn<\/strong>\u00a0para despu\u00e9s incorporarse a la orquesta que acompa\u00f1a a la cantante.<\/p>\n<h2 style=\"text-align: justify\"><strong>Un camino dif\u00edcil<\/strong><\/h2>\n<p style=\"text-align: justify\">Para llegar a este momento tuvo que pasar muchas\u00a0<strong>vicisitudes<\/strong>, salir del calor hogare\u00f1o y la calidez tropical para enfrentarse al fr\u00edo y hostil ambiente\u00a0<strong>alem\u00e1n<\/strong>, sobre todo para un so\u00f1ador caribe\u00f1o, que no sab\u00eda el\u00a0<strong>idioma<\/strong>\u00a0ni luc\u00eda como ellos.<\/p>\n<p style=\"text-align: justify\">Su estad\u00eda en la naci\u00f3n europea se dio gracias a un programa de\u00a0<strong>intercambio<\/strong>\u00a0de\u00a0<strong>estudio<\/strong>\u00a0musical de la Universidad Pedro Henr\u00edquez Ure\u00f1a con el centro de\u00a0<strong>estudios<\/strong>\u00a0de\u00a0<strong>Alemania<\/strong>. Audicion\u00f3 y fue seleccionado.<\/p>\n<p style=\"text-align: justify\">\"Realmente el reto m\u00e1s grande al venir a\u00a0<strong>Alemania<\/strong>\u00a0fue en los inicios, comenzar a estudiar ac\u00e1 y tener que buscar\u00a0<strong>recursos<\/strong>\u00a0para poder sustentar mis\u00a0<strong>estudios<\/strong>\", dice, y \u00bfc\u00f3mo no? \u00c9l toc\u00f3 puertas en Rep\u00fablica Dominicana para poder costear los gastos de sus\u00a0<strong>estudios<\/strong>\u00a0internacionales, pero ninguna se le abri\u00f3, se\u00f1ala.<\/p>\n<p style=\"text-align: justify\">Aprender el\u00a0<strong>idioma<\/strong>\u00a0tampoco le hizo el proceso m\u00e1s f\u00e1cil, todo lo contrario, sin embargo, todas esas\u00a0<strong>limitaciones<\/strong>, le hicieron exigirse m\u00e1s.<\/p>\n<p style=\"text-align: justify\">\"Vengo de una\u00a0<strong>familia<\/strong>\u00a0humilde de San Crist\u00f3bal,\u00a0<strong>donde<\/strong>\u00a0viv\u00eda con mi mam\u00e1, mi pap\u00e1 y mis tres hermanos\". Esos or\u00edgenes humildes y su formaci\u00f3n cristiana le recordaban sus objetivos.<\/p>\n<p style=\"text-align: justify\">En Rep\u00fablica Dominicana fue donde comenz\u00f3 su amor por el\u00a0<a href=\"https:\/\/www.instagram.com\/p\/C6q18ZOIPfY\/?utm_source=ig_web_copy_link\"><strong>viol\u00edn<\/strong><\/a>, se form\u00f3 en el Conservatorio Nacional de M\u00fasica. \"Comenc\u00e9 en el\u00a0<strong>viol\u00edn<\/strong>\u00a0a los 17 a\u00f1os\", dice. A partir de ah\u00ed se ha convertido en su estilo de vida y su raz\u00f3n de existir y subsistir.<\/p>\n<p style=\"text-align: justify\">\"Intent\u00e9 fabricar mis propios violines porque no\u00a0<strong>ten\u00eda recursos<\/strong>\u00a0para comprarlos, ni mis padres pod\u00edan permit\u00edrselo. Hubo un momento en que me sent\u00ed abandonado por mi pa\u00eds porque apliqu\u00e9 por ayuda en much\u00edsimos lugares, pero sent\u00ed que no interesaba, cuando lo que buscaba era representar de la mejor forma al pa\u00eds que me vio nacer\".<\/p>\n<p style=\"text-align: justify\">Luego de terminar el programa con la\u00a0<strong>Unphu<\/strong>, audicion\u00f3 para la\u00a0<strong>maestr\u00eda<\/strong>\u00a0y fui seleccionado, hasta que la termin\u00f3. Ahora, se dedica a dar\u00a0<strong>clases<\/strong>\u00a0de\u00a0<strong>m\u00fasica<\/strong>\u00a0a ni\u00f1os y j\u00f3venes m\u00fasicos de ese pa\u00eds\".<\/p>\n<p style=\"text-align: justify\">A pesar de que, poco a poco ha hecho su vida en\u00a0<strong>Alemania<\/strong>, su meta es regresar a la isla y aportar con sus conocimientos al desarrollo de la\u00a0<strong>m\u00fasica<\/strong>\u00a0nacional.<\/p>\n<p style=\"text-align: justify\">\"Soy m\u00e1s\u00a0<strong>dominicano<\/strong>\u00a0que nadie y quiero regresar al pa\u00eds a aportar desde mis aprendizajes y ayudar a que otros j\u00f3venes puedan recibir la oportunidad que yo tuve. Quiero demostrar que en mi pa\u00eds hay personas que de verdad aportan a la\u00a0<strong>cultura<\/strong>\".<\/p>\n<h2 style=\"text-align: justify\"><strong>Viol\u00edn: su compa\u00f1ero<\/strong><\/h2>\n<p style=\"text-align: justify\">La\u00a0<strong>m\u00fasica<\/strong>\u00a0y m\u00e1s concretamente, su\u00a0<strong>viol\u00edn<\/strong>\u00a0y capacidad de\u00a0<strong>componer<\/strong>\u00a0fueron sus grandes acompa\u00f1antes en los momentos m\u00e1s complicados.<\/p>\n<p style=\"text-align: justify\">\"Llegu\u00e9 a\u00a0<strong>Alemania<\/strong>\u00a0sin nada, s\u00f3lo con un\u00a0<strong>viol\u00edn<\/strong>\u00a0y mi ropa, no depend\u00eda de nadie. Imag\u00ednense en esos inviernos fr\u00edos y oscuros, sin ninguna compa\u00f1\u00eda. Si yo estoy de pie todav\u00eda y alcanzando esos \u00e9xitos es porque la\u00a0<strong>m\u00fasica<\/strong>\u00a0ha sido su amiga siempre\".<\/p>\n<p style=\"text-align: justify\">Jos\u00e9 Francisco se ha presentado en escenarios de Israel, Espa\u00f1a, Francia, Inglaterra y <strong>Alemania<\/strong>, sin embargo, asegura que no est\u00e1 interesado en la fama, sino en inspirar. \"Quiero ser ejemplo de otros\", cuenta el\u00a0<strong>m\u00fasico<\/strong>\u00a0con ilusi\u00f3n.<\/p>\n<h2 style=\"text-align: justify\"><strong>M\u00fasica sinf\u00f3nica y otros ritmos<\/strong><\/h2>\n<p style=\"text-align: justify\">Para Jos\u00e9 Francisco la\u00a0<strong>m\u00fasica<\/strong>\u00a0es m\u00e1s que un g\u00e9nero, de ah\u00ed que considere tan relevante la tendencia actual en la que artistas populares y m\u00fasicos sinf\u00f3nicos unen sus estilos. \"Es una estrategia muy buena para enriquecer la\u00a0<strong>m\u00fasica<\/strong>\u00a0que tenemos. Yo mismo he hecho mezcla, que es lo que m\u00e1s disfruto. Utilizo bachatas o dembow y enriquezco esos g\u00e9neros con el\u00a0<strong>viol\u00edn<\/strong>\u00a0y sonidos m\u00e1s depurados, lo que aporta y potencializa mucho m\u00e1s esos sonidos. Mezclar un estilo\u00a0<strong>sinf\u00f3nico<\/strong>\u00a0con otro popular llevar\u00eda nuestra\u00a0<strong>m\u00fasica<\/strong>\u00a0a otra dimensi\u00f3n y mercados\".<\/p>\n","protected":false},"excerpt":{"rendered":"<p>Con una maleta llena de sue\u00f1os y una firme convicci\u00f3n de que alcanzar\u00eda sus metas en la m\u00fasica,\u00a0Jos\u00e9 Francisco P\u00e9rez Col\u00f3n, un talentoso\u00a0violinista\u00a0dominicano, puso rumbo hacia\u00a0Alemania, pa\u00eds en el que ha comenzado a vivir lo que hace tres a\u00f1os ve\u00eda\u00a0como una utop\u00eda. El nativo de San Crist\u00f3bal se visualiz\u00f3 en grandes escenarios y, con mucho [&hellip;]<\/p>\n","protected":false},"author":2,"featured_media":0,"comment_status":"closed","ping_status":"open","sticky":false,"template":"","format":"standard","meta":{"footnotes":""},"categories":[11,12],"tags":[],"yoast_head":"<!-- This site is optimized with the Yoast SEO plugin v24.5 - https:\/\/yoast.com\/wordpress\/plugins\/seo\/ -->\n<title>Jos\u00e9 Francisco P\u00e9rez Col\u00f3n: el violinista dominicano que impresion\u00f3 a Adele con su talento | El Nuevo Norte<\/title>\n<meta name=\"robots\" content=\"index, follow, max-snippet:-1, max-image-preview:large, max-video-preview:-1\" \/>\n<link rel=\"canonical\" href=\"https:\/\/infoelnuevonorte.com\/?p=43022\" \/>\n<meta property=\"og:locale\" content=\"es_ES\" \/>\n<meta property=\"og:type\" content=\"article\" \/>\n<meta property=\"og:title\" content=\"Jos\u00e9 Francisco P\u00e9rez Col\u00f3n: el violinista dominicano que impresion\u00f3 a Adele con su talento | El Nuevo Norte\" \/>\n<meta property=\"og:description\" content=\"Con una maleta llena de sue\u00f1os y una firme convicci\u00f3n de que alcanzar\u00eda sus metas en la m\u00fasica,\u00a0Jos\u00e9 Francisco P\u00e9rez Col\u00f3n, un talentoso\u00a0violinista\u00a0dominicano, puso rumbo hacia\u00a0Alemania, pa\u00eds en el que ha comenzado a vivir lo que hace tres a\u00f1os ve\u00eda\u00a0como una utop\u00eda. El nativo de San Crist\u00f3bal se visualiz\u00f3 en grandes escenarios y, con mucho [&hellip;]\" \/>\n<meta property=\"og:url\" content=\"https:\/\/infoelnuevonorte.com\/?p=43022\" \/>\n<meta property=\"og:site_name\" content=\"El Nuevo Norte\" \/>\n<meta property=\"article:publisher\" content=\"https:\/\/www.facebook.com\/infoenn\" \/>\n<meta property=\"article:published_time\" content=\"2024-08-12T16:10:33+00:00\" \/>\n<meta property=\"article:modified_time\" content=\"2024-08-12T16:10:35+00:00\" \/>\n<meta property=\"og:image\" content=\"https:\/\/infoelnuevonorte.com\/wp-content\/uploads\/2024\/08\/descarga-2024-08-12T120939.832.png\" \/>\n\t<meta property=\"og:image:width\" content=\"896\" \/>\n\t<meta property=\"og:image:height\" content=\"504\" \/>\n\t<meta property=\"og:image:type\" content=\"image\/png\" \/>\n<meta name=\"author\" content=\"T. R.\" \/>\n<meta name=\"twitter:card\" content=\"summary_large_image\" \/>\n<meta name=\"twitter:creator\" content=\"@Elnuevo_norte\" \/>\n<meta name=\"twitter:site\" content=\"@Elnuevo_norte\" \/>\n<meta name=\"twitter:label1\" content=\"Written by\" \/>\n\t<meta name=\"twitter:data1\" content=\"T. R.\" \/>\n\t<meta name=\"twitter:label2\" content=\"Est. reading time\" \/>\n\t<meta name=\"twitter:data2\" content=\"5 minutos\" \/>\n<script type=\"application\/ld+json\" class=\"yoast-schema-graph\">{\"@context\":\"https:\/\/schema.org\",\"@graph\":[{\"@type\":\"Article\",\"@id\":\"https:\/\/infoelnuevonorte.com\/?p=43022#article\",\"isPartOf\":{\"@id\":\"https:\/\/infoelnuevonorte.com\/?p=43022\"},\"author\":{\"name\":\"T. R.\",\"@id\":\"https:\/\/infoelnuevonorte.com\/#\/schema\/person\/3accb35eb55f55e96c492b52d085a403\"},\"headline\":\"Jos\u00e9 Francisco P\u00e9rez Col\u00f3n: el violinista dominicano que impresion\u00f3 a Adele con su talento\",\"datePublished\":\"2024-08-12T16:10:33+00:00\",\"dateModified\":\"2024-08-12T16:10:35+00:00\",\"mainEntityOfPage\":{\"@id\":\"https:\/\/infoelnuevonorte.com\/?p=43022\"},\"wordCount\":1070,\"publisher\":{\"@id\":\"https:\/\/infoelnuevonorte.com\/#organization\"},\"articleSection\":[\"Entretenimiento\",\"Musica &amp; Far\u00e1ndula\"],\"inLanguage\":\"es-DO\"},{\"@type\":\"WebPage\",\"@id\":\"https:\/\/infoelnuevonorte.com\/?p=43022\",\"url\":\"https:\/\/infoelnuevonorte.com\/?p=43022\",\"name\":\"Jos\u00e9 Francisco P\u00e9rez Col\u00f3n: el violinista dominicano que impresion\u00f3 a Adele con su talento | El Nuevo Norte\",\"isPartOf\":{\"@id\":\"https:\/\/infoelnuevonorte.com\/#website\"},\"datePublished\":\"2024-08-12T16:10:33+00:00\",\"dateModified\":\"2024-08-12T16:10:35+00:00\",\"breadcrumb\":{\"@id\":\"https:\/\/infoelnuevonorte.com\/?p=43022#breadcrumb\"},\"inLanguage\":\"es-DO\",\"potentialAction\":[{\"@type\":\"ReadAction\",\"target\":[\"https:\/\/infoelnuevonorte.com\/?p=43022\"]}]},{\"@type\":\"BreadcrumbList\",\"@id\":\"https:\/\/infoelnuevonorte.com\/?p=43022#breadcrumb\",\"itemListElement\":[{\"@type\":\"ListItem\",\"position\":1,\"name\":\"Home\",\"item\":\"https:\/\/infoelnuevonorte.com\/\"},{\"@type\":\"ListItem\",\"position\":2,\"name\":\"Jos\u00e9 Francisco P\u00e9rez Col\u00f3n: el violinista dominicano que impresion\u00f3 a Adele con su talento\"}]},{\"@type\":\"WebSite\",\"@id\":\"https:\/\/infoelnuevonorte.com\/#website\",\"url\":\"https:\/\/infoelnuevonorte.com\/\",\"name\":\"InfoEnn\",\"description\":\"Tu Voz, tu Verdad, tu Diario!!!\",\"publisher\":{\"@id\":\"https:\/\/infoelnuevonorte.com\/#organization\"},\"alternateName\":\"El Nuevo Norte\",\"potentialAction\":[{\"@type\":\"SearchAction\",\"target\":{\"@type\":\"EntryPoint\",\"urlTemplate\":\"https:\/\/infoelnuevonorte.com\/?s={search_term_string}\"},\"query-input\":{\"@type\":\"PropertyValueSpecification\",\"valueRequired\":true,\"valueName\":\"search_term_string\"}}],\"inLanguage\":\"es-DO\"},{\"@type\":\"Organization\",\"@id\":\"https:\/\/infoelnuevonorte.com\/#organization\",\"name\":\"Info El Nuevo Norte\",\"alternateName\":\"El Nuevo Norte\",\"url\":\"https:\/\/infoelnuevonorte.com\/\",\"logo\":{\"@type\":\"ImageObject\",\"inLanguage\":\"es-DO\",\"@id\":\"https:\/\/infoelnuevonorte.com\/#\/schema\/logo\/image\/\",\"url\":\"https:\/\/infoelnuevonorte.com\/wp-content\/uploads\/2026\/02\/Logo-Info-enn-3d-20ani.jpeg\",\"contentUrl\":\"https:\/\/infoelnuevonorte.com\/wp-content\/uploads\/2026\/02\/Logo-Info-enn-3d-20ani.jpeg\",\"width\":2046,\"height\":736,\"caption\":\"Info El Nuevo Norte\"},\"image\":{\"@id\":\"https:\/\/infoelnuevonorte.com\/#\/schema\/logo\/image\/\"},\"sameAs\":[\"https:\/\/www.facebook.com\/infoenn\",\"https:\/\/x.com\/Elnuevo_norte\",\"https:\/\/www.instagram.com\/infoenn\",\"https:\/\/www.facebook.com\/ENNRD\"]},{\"@type\":\"Person\",\"@id\":\"https:\/\/infoelnuevonorte.com\/#\/schema\/person\/3accb35eb55f55e96c492b52d085a403\",\"name\":\"T. R.\",\"image\":{\"@type\":\"ImageObject\",\"inLanguage\":\"es-DO\",\"@id\":\"https:\/\/infoelnuevonorte.com\/#\/schema\/person\/image\/\",\"url\":\"https:\/\/secure.gravatar.com\/avatar\/40543a038bda97abdb765b1662e9677d?s=96&d=robohash&r=g\",\"contentUrl\":\"https:\/\/secure.gravatar.com\/avatar\/40543a038bda97abdb765b1662e9677d?s=96&d=robohash&r=g\",\"caption\":\"T. R.\"},\"url\":\"https:\/\/infoelnuevonorte.com\/?author=2\"}]}<\/script>\n<!-- \/ Yoast SEO plugin. -->","yoast_head_json":{"title":"Jos\u00e9 Francisco P\u00e9rez Col\u00f3n: el violinista dominicano que impresion\u00f3 a Adele con su talento | El Nuevo Norte","robots":{"index":"index","follow":"follow","max-snippet":"max-snippet:-1","max-image-preview":"max-image-preview:large","max-video-preview":"max-video-preview:-1"},"canonical":"https:\/\/infoelnuevonorte.com\/?p=43022","og_locale":"es_ES","og_type":"article","og_title":"Jos\u00e9 Francisco P\u00e9rez Col\u00f3n: el violinista dominicano que impresion\u00f3 a Adele con su talento | El Nuevo Norte","og_description":"Con una maleta llena de sue\u00f1os y una firme convicci\u00f3n de que alcanzar\u00eda sus metas en la m\u00fasica,\u00a0Jos\u00e9 Francisco P\u00e9rez Col\u00f3n, un talentoso\u00a0violinista\u00a0dominicano, puso rumbo hacia\u00a0Alemania, pa\u00eds en el que ha comenzado a vivir lo que hace tres a\u00f1os ve\u00eda\u00a0como una utop\u00eda. El nativo de San Crist\u00f3bal se visualiz\u00f3 en grandes escenarios y, con mucho [&hellip;]","og_url":"https:\/\/infoelnuevonorte.com\/?p=43022","og_site_name":"El Nuevo Norte","article_publisher":"https:\/\/www.facebook.com\/infoenn","article_published_time":"2024-08-12T16:10:33+00:00","article_modified_time":"2024-08-12T16:10:35+00:00","og_image":[{"width":896,"height":504,"url":"https:\/\/infoelnuevonorte.com\/wp-content\/uploads\/2024\/08\/descarga-2024-08-12T120939.832.png","type":"image\/png"}],"author":"T. R.","twitter_card":"summary_large_image","twitter_creator":"@Elnuevo_norte","twitter_site":"@Elnuevo_norte","twitter_misc":{"Written by":"T. R.","Est. reading time":"5 minutos"},"schema":{"@context":"https:\/\/schema.org","@graph":[{"@type":"Article","@id":"https:\/\/infoelnuevonorte.com\/?p=43022#article","isPartOf":{"@id":"https:\/\/infoelnuevonorte.com\/?p=43022"},"author":{"name":"T. R.","@id":"https:\/\/infoelnuevonorte.com\/#\/schema\/person\/3accb35eb55f55e96c492b52d085a403"},"headline":"Jos\u00e9 Francisco P\u00e9rez Col\u00f3n: el violinista dominicano que impresion\u00f3 a Adele con su talento","datePublished":"2024-08-12T16:10:33+00:00","dateModified":"2024-08-12T16:10:35+00:00","mainEntityOfPage":{"@id":"https:\/\/infoelnuevonorte.com\/?p=43022"},"wordCount":1070,"publisher":{"@id":"https:\/\/infoelnuevonorte.com\/#organization"},"articleSection":["Entretenimiento","Musica &amp; Far\u00e1ndula"],"inLanguage":"es-DO"},{"@type":"WebPage","@id":"https:\/\/infoelnuevonorte.com\/?p=43022","url":"https:\/\/infoelnuevonorte.com\/?p=43022","name":"Jos\u00e9 Francisco P\u00e9rez Col\u00f3n: el violinista dominicano que impresion\u00f3 a Adele con su talento | El Nuevo Norte","isPartOf":{"@id":"https:\/\/infoelnuevonorte.com\/#website"},"datePublished":"2024-08-12T16:10:33+00:00","dateModified":"2024-08-12T16:10:35+00:00","breadcrumb":{"@id":"https:\/\/infoelnuevonorte.com\/?p=43022#breadcrumb"},"inLanguage":"es-DO","potentialAction":[{"@type":"ReadAction","target":["https:\/\/infoelnuevonorte.com\/?p=43022"]}]},{"@type":"BreadcrumbList","@id":"https:\/\/infoelnuevonorte.com\/?p=43022#breadcrumb","itemListElement":[{"@type":"ListItem","position":1,"name":"Home","item":"https:\/\/infoelnuevonorte.com\/"},{"@type":"ListItem","position":2,"name":"Jos\u00e9 Francisco P\u00e9rez Col\u00f3n: el violinista dominicano que impresion\u00f3 a Adele con su talento"}]},{"@type":"WebSite","@id":"https:\/\/infoelnuevonorte.com\/#website","url":"https:\/\/infoelnuevonorte.com\/","name":"InfoEnn","description":"Tu Voz, tu Verdad, tu Diario!!!","publisher":{"@id":"https:\/\/infoelnuevonorte.com\/#organization"},"alternateName":"El Nuevo Norte","potentialAction":[{"@type":"SearchAction","target":{"@type":"EntryPoint","urlTemplate":"https:\/\/infoelnuevonorte.com\/?s={search_term_string}"},"query-input":{"@type":"PropertyValueSpecification","valueRequired":true,"valueName":"search_term_string"}}],"inLanguage":"es-DO"},{"@type":"Organization","@id":"https:\/\/infoelnuevonorte.com\/#organization","name":"Info El Nuevo Norte","alternateName":"El Nuevo Norte","url":"https:\/\/infoelnuevonorte.com\/","logo":{"@type":"ImageObject","inLanguage":"es-DO","@id":"https:\/\/infoelnuevonorte.com\/#\/schema\/logo\/image\/","url":"https:\/\/infoelnuevonorte.com\/wp-content\/uploads\/2026\/02\/Logo-Info-enn-3d-20ani.jpeg","contentUrl":"https:\/\/infoelnuevonorte.com\/wp-content\/uploads\/2026\/02\/Logo-Info-enn-3d-20ani.jpeg","width":2046,"height":736,"caption":"Info El Nuevo Norte"},"image":{"@id":"https:\/\/infoelnuevonorte.com\/#\/schema\/logo\/image\/"},"sameAs":["https:\/\/www.facebook.com\/infoenn","https:\/\/x.com\/Elnuevo_norte","https:\/\/www.instagram.com\/infoenn","https:\/\/www.facebook.com\/ENNRD"]},{"@type":"Person","@id":"https:\/\/infoelnuevonorte.com\/#\/schema\/person\/3accb35eb55f55e96c492b52d085a403","name":"T. R.","image":{"@type":"ImageObject","inLanguage":"es-DO","@id":"https:\/\/infoelnuevonorte.com\/#\/schema\/person\/image\/","url":"https:\/\/secure.gravatar.com\/avatar\/40543a038bda97abdb765b1662e9677d?s=96&d=robohash&r=g","contentUrl":"https:\/\/secure.gravatar.com\/avatar\/40543a038bda97abdb765b1662e9677d?s=96&d=robohash&r=g","caption":"T. R."},"url":"https:\/\/infoelnuevonorte.com\/?author=2"}]}},"_links":{"self":[{"href":"https:\/\/infoelnuevonorte.com\/index.php?rest_route=\/wp\/v2\/posts\/43022"}],"collection":[{"href":"https:\/\/infoelnuevonorte.com\/index.php?rest_route=\/wp\/v2\/posts"}],"about":[{"href":"https:\/\/infoelnuevonorte.com\/index.php?rest_route=\/wp\/v2\/types\/post"}],"author":[{"embeddable":true,"href":"https:\/\/infoelnuevonorte.com\/index.php?rest_route=\/wp\/v2\/users\/2"}],"replies":[{"embeddable":true,"href":"https:\/\/infoelnuevonorte.com\/index.php?rest_route=%2Fwp%2Fv2%2Fcomments&post=43022"}],"version-history":[{"count":0,"href":"https:\/\/infoelnuevonorte.com\/index.php?rest_route=\/wp\/v2\/posts\/43022\/revisions"}],"wp:attachment":[{"href":"https:\/\/infoelnuevonorte.com\/index.php?rest_route=%2Fwp%2Fv2%2Fmedia&parent=43022"}],"wp:term":[{"taxonomy":"category","embeddable":true,"href":"https:\/\/infoelnuevonorte.com\/index.php?rest_route=%2Fwp%2Fv2%2Fcategories&post=43022"},{"taxonomy":"post_tag","embeddable":true,"href":"https:\/\/infoelnuevonorte.com\/index.php?rest_route=%2Fwp%2Fv2%2Ftags&post=43022"}],"curies":[{"name":"wp","href":"https:\/\/api.w.org\/{rel}","templated":true}]}}