{"id":43310,"date":"2024-08-13T12:07:36","date_gmt":"2024-08-13T16:07:36","guid":{"rendered":"https:\/\/infoelnuevonorte.com\/?p=43310"},"modified":"2024-08-13T12:07:37","modified_gmt":"2024-08-13T16:07:37","slug":"camilla-cabello-y-rauw-alejandro-se-presentaran-en-los-premios-mtv-2024","status":"publish","type":"post","link":"https:\/\/infoelnuevonorte.com\/?p=43310","title":{"rendered":"Camilla Cabello y Rauw Alejandro se presentar\u00e1n en los Premios MTV 2024"},"content":{"rendered":"\n<p><a href=\"https:\/\/deultimominuto.net\/category\/entretenimiento\/\"><\/a><\/p>\n\n\n<div class=\"td_block_wrap tdb_single_content tdi_358 td-pb-border-top td_block_template_1 td-post-content tagdiv-type\" data-td-block-uid=\"tdi_358\">\n<div class=\"tdb-block-inner td-fix-index\">\n<!--[if lt IE 9]><script>document.createElement('audio');<\/script><![endif]-->\n<audio class=\"wp-audio-shortcode\" id=\"audio-43310-1\" preload=\"none\" style=\"width: 100%;\" controls=\"controls\"><source type=\"audio\/mpeg\" src=\"https:\/\/infoelnuevonorte.com\/wp-content\/uploads\/2024\/08\/ttsmaker-vip-file-2024-8-13-12-6-57.mp3?_=1\" \/><a href=\"https:\/\/infoelnuevonorte.com\/wp-content\/uploads\/2024\/08\/ttsmaker-vip-file-2024-8-13-12-6-57.mp3\">https:\/\/infoelnuevonorte.com\/wp-content\/uploads\/2024\/08\/ttsmaker-vip-file-2024-8-13-12-6-57.mp3<\/a><\/audio>\n<p style=\"text-align: justify\"><strong>Redacci\u00f3n<\/strong>.- Camilla Cabello, Chappell Roan, GloRilla,\u00a0Rauw Alejandro y Sabrina Carpenter\u00a0son algunos de los artistas que actuar\u00e1n en la gala de los\u00a0<strong>premios MTV<\/strong>\u00a0a los V\u00eddeos Musicales 2024 que se celebrar\u00e1 en el UBS Arena de Nueva York el pr\u00f3ximo\u00a0<strong>11 de septiembre.<\/strong><\/p>\n<p style=\"text-align: justify\">Una cita que se emitir\u00e1 en directo en m\u00e1s de\u00a0<strong>150 pa\u00edses<\/strong>\u00a0para celebrar los mejores v\u00eddeos musicales del a\u00f1o y que podr\u00e1 verse en Espa\u00f1a en la madrugada del mi\u00e9rcoles 11 al 12 de septiembre, seg\u00fan ha informado la organizaci\u00f3n en un comunicado.<\/p>\n<p style=\"text-align: justify\">Las nominaciones de este a\u00f1o est\u00e1n lideradas por\u00a0<strong>Taylor Swift (10)<\/strong>, Post Malone (9); Ariana Grande, Eminem y Sabrina Carpenter (6);\u00a0Megan Thee Stallion\u00a0y SZA (5) y LISA,\u00a0Olivia Rodrigo\u00a0y Teddy Swims (4).<\/p>\n<p style=\"text-align: justify\">Camilla Cabello, ganadora de cuatro premios en anteriores ediciones y este a\u00f1o nominada a Mejor Artista Pop, actuar\u00e1 por tercera vez en esta cita que tambi\u00e9n contar\u00e1 con la cantante de rap GloRilla, que acude con tres nominaciones, entre ellas a Mejor Video Hip-Hop y Mejor Colaboraci\u00f3n.<\/p>\n<p style=\"text-align: justify\">Rauw Alejandro, ganador de un Latin GRAMMY, actuar\u00e1 por primera vez en estos premios en los que tiene tres nominaciones, entre ellas la de Mejor v\u00eddeo latino, al igual que Chapell Roan, que opta a los galardones en dos categor\u00edas, incluida la de Mejor Artista Revelaci\u00f3n.<\/p>\n<p style=\"text-align: justify\">Tambi\u00e9n actuar\u00e1 la actriz, cantante y compositora Sabrina Carpenter, nominada por primera vez en seis categor\u00edas incluyendo la de Artista del a\u00f1o y Canci\u00f3n del a\u00f1o.<\/p>\n<p style=\"text-align: justify\">MTV ha confirmado que en recuerdo a las v\u00edctimas del 11-S, los premios apoyar\u00e1n a las organizaciones sin \u00e1nimo de lucro 9\/11-Day y Tuesday\u2019s Children.\u00a0<\/p>\n<\/div>\n<\/div>\n<div class=\"td_block_wrap tdb_single_tags tdi_359 td-pb-border-top td_block_template_1\" style=\"text-align: justify\" data-td-block-uid=\"tdi_359\">\u00a0<\/div>","protected":false},"excerpt":{"rendered":"<p>Redacci\u00f3n.- Camilla Cabello, Chappell Roan, GloRilla,\u00a0Rauw Alejandro y Sabrina Carpenter\u00a0son algunos de los artistas que actuar\u00e1n en la gala de los\u00a0premios MTV\u00a0a los V\u00eddeos Musicales 2024 que se celebrar\u00e1 en el UBS Arena de Nueva York el pr\u00f3ximo\u00a011 de septiembre. Una cita que se emitir\u00e1 en directo en m\u00e1s de\u00a0150 pa\u00edses\u00a0para celebrar los mejores v\u00eddeos [&hellip;]<\/p>\n","protected":false},"author":2,"featured_media":0,"comment_status":"closed","ping_status":"open","sticky":false,"template":"","format":"standard","meta":{"footnotes":""},"categories":[11,12],"tags":[],"yoast_head":"<!-- This site is optimized with the Yoast SEO plugin v24.5 - https:\/\/yoast.com\/wordpress\/plugins\/seo\/ -->\n<title>Camilla Cabello y Rauw Alejandro se presentar\u00e1n en los Premios MTV 2024 | El Nuevo Norte<\/title>\n<meta name=\"robots\" content=\"index, follow, max-snippet:-1, max-image-preview:large, max-video-preview:-1\" \/>\n<link rel=\"canonical\" href=\"https:\/\/infoelnuevonorte.com\/?p=43310\" \/>\n<meta property=\"og:locale\" content=\"es_ES\" \/>\n<meta property=\"og:type\" content=\"article\" \/>\n<meta property=\"og:title\" content=\"Camilla Cabello y Rauw Alejandro se presentar\u00e1n en los Premios MTV 2024 | El Nuevo Norte\" \/>\n<meta property=\"og:description\" content=\"Redacci\u00f3n.- Camilla Cabello, Chappell Roan, GloRilla,\u00a0Rauw Alejandro y Sabrina Carpenter\u00a0son algunos de los artistas que actuar\u00e1n en la gala de los\u00a0premios MTV\u00a0a los V\u00eddeos Musicales 2024 que se celebrar\u00e1 en el UBS Arena de Nueva York el pr\u00f3ximo\u00a011 de septiembre. Una cita que se emitir\u00e1 en directo en m\u00e1s de\u00a0150 pa\u00edses\u00a0para celebrar los mejores v\u00eddeos [&hellip;]\" \/>\n<meta property=\"og:url\" content=\"https:\/\/infoelnuevonorte.com\/?p=43310\" \/>\n<meta property=\"og:site_name\" content=\"El Nuevo Norte\" \/>\n<meta property=\"article:publisher\" content=\"https:\/\/www.facebook.com\/infoenn\" \/>\n<meta property=\"article:published_time\" content=\"2024-08-13T16:07:36+00:00\" \/>\n<meta property=\"article:modified_time\" content=\"2024-08-13T16:07:37+00:00\" \/>\n<meta property=\"og:image\" content=\"https:\/\/infoelnuevonorte.com\/wp-content\/uploads\/2024\/08\/descarga-2024-08-13T120516.834.png\" \/>\n\t<meta property=\"og:image:width\" content=\"1030\" \/>\n\t<meta property=\"og:image:height\" content=\"687\" \/>\n\t<meta property=\"og:image:type\" content=\"image\/png\" \/>\n<meta name=\"author\" content=\"T. R.\" \/>\n<meta name=\"twitter:card\" content=\"summary_large_image\" \/>\n<meta name=\"twitter:creator\" content=\"@Elnuevo_norte\" \/>\n<meta name=\"twitter:site\" content=\"@Elnuevo_norte\" \/>\n<meta name=\"twitter:label1\" content=\"Written by\" \/>\n\t<meta name=\"twitter:data1\" content=\"T. R.\" \/>\n\t<meta name=\"twitter:label2\" content=\"Est. reading time\" \/>\n\t<meta name=\"twitter:data2\" content=\"2 minutos\" \/>\n<script type=\"application\/ld+json\" class=\"yoast-schema-graph\">{\"@context\":\"https:\/\/schema.org\",\"@graph\":[{\"@type\":\"Article\",\"@id\":\"https:\/\/infoelnuevonorte.com\/?p=43310#article\",\"isPartOf\":{\"@id\":\"https:\/\/infoelnuevonorte.com\/?p=43310\"},\"author\":{\"name\":\"T. R.\",\"@id\":\"https:\/\/infoelnuevonorte.com\/#\/schema\/person\/3accb35eb55f55e96c492b52d085a403\"},\"headline\":\"Camilla Cabello y Rauw Alejandro se presentar\u00e1n en los Premios MTV 2024\",\"datePublished\":\"2024-08-13T16:07:36+00:00\",\"dateModified\":\"2024-08-13T16:07:37+00:00\",\"mainEntityOfPage\":{\"@id\":\"https:\/\/infoelnuevonorte.com\/?p=43310\"},\"wordCount\":314,\"publisher\":{\"@id\":\"https:\/\/infoelnuevonorte.com\/#organization\"},\"articleSection\":[\"Entretenimiento\",\"Musica &amp; Far\u00e1ndula\"],\"inLanguage\":\"es-DO\"},{\"@type\":\"WebPage\",\"@id\":\"https:\/\/infoelnuevonorte.com\/?p=43310\",\"url\":\"https:\/\/infoelnuevonorte.com\/?p=43310\",\"name\":\"Camilla Cabello y Rauw Alejandro se presentar\u00e1n en los Premios MTV 2024 | El Nuevo Norte\",\"isPartOf\":{\"@id\":\"https:\/\/infoelnuevonorte.com\/#website\"},\"datePublished\":\"2024-08-13T16:07:36+00:00\",\"dateModified\":\"2024-08-13T16:07:37+00:00\",\"breadcrumb\":{\"@id\":\"https:\/\/infoelnuevonorte.com\/?p=43310#breadcrumb\"},\"inLanguage\":\"es-DO\",\"potentialAction\":[{\"@type\":\"ReadAction\",\"target\":[\"https:\/\/infoelnuevonorte.com\/?p=43310\"]}]},{\"@type\":\"BreadcrumbList\",\"@id\":\"https:\/\/infoelnuevonorte.com\/?p=43310#breadcrumb\",\"itemListElement\":[{\"@type\":\"ListItem\",\"position\":1,\"name\":\"Home\",\"item\":\"https:\/\/infoelnuevonorte.com\/\"},{\"@type\":\"ListItem\",\"position\":2,\"name\":\"Camilla Cabello y Rauw Alejandro se presentar\u00e1n en los Premios MTV 2024\"}]},{\"@type\":\"WebSite\",\"@id\":\"https:\/\/infoelnuevonorte.com\/#website\",\"url\":\"https:\/\/infoelnuevonorte.com\/\",\"name\":\"InfoEnn\",\"description\":\"Tu Voz, tu Verdad, tu Diario!!!\",\"publisher\":{\"@id\":\"https:\/\/infoelnuevonorte.com\/#organization\"},\"alternateName\":\"El Nuevo Norte\",\"potentialAction\":[{\"@type\":\"SearchAction\",\"target\":{\"@type\":\"EntryPoint\",\"urlTemplate\":\"https:\/\/infoelnuevonorte.com\/?s={search_term_string}\"},\"query-input\":{\"@type\":\"PropertyValueSpecification\",\"valueRequired\":true,\"valueName\":\"search_term_string\"}}],\"inLanguage\":\"es-DO\"},{\"@type\":\"Organization\",\"@id\":\"https:\/\/infoelnuevonorte.com\/#organization\",\"name\":\"Info El Nuevo Norte\",\"alternateName\":\"El Nuevo Norte\",\"url\":\"https:\/\/infoelnuevonorte.com\/\",\"logo\":{\"@type\":\"ImageObject\",\"inLanguage\":\"es-DO\",\"@id\":\"https:\/\/infoelnuevonorte.com\/#\/schema\/logo\/image\/\",\"url\":\"https:\/\/infoelnuevonorte.com\/wp-content\/uploads\/2026\/02\/Logo-Info-enn-3d-20ani.jpeg\",\"contentUrl\":\"https:\/\/infoelnuevonorte.com\/wp-content\/uploads\/2026\/02\/Logo-Info-enn-3d-20ani.jpeg\",\"width\":2046,\"height\":736,\"caption\":\"Info El Nuevo Norte\"},\"image\":{\"@id\":\"https:\/\/infoelnuevonorte.com\/#\/schema\/logo\/image\/\"},\"sameAs\":[\"https:\/\/www.facebook.com\/infoenn\",\"https:\/\/x.com\/Elnuevo_norte\",\"https:\/\/www.instagram.com\/infoenn\",\"https:\/\/www.facebook.com\/ENNRD\"]},{\"@type\":\"Person\",\"@id\":\"https:\/\/infoelnuevonorte.com\/#\/schema\/person\/3accb35eb55f55e96c492b52d085a403\",\"name\":\"T. R.\",\"image\":{\"@type\":\"ImageObject\",\"inLanguage\":\"es-DO\",\"@id\":\"https:\/\/infoelnuevonorte.com\/#\/schema\/person\/image\/\",\"url\":\"https:\/\/secure.gravatar.com\/avatar\/40543a038bda97abdb765b1662e9677d?s=96&d=robohash&r=g\",\"contentUrl\":\"https:\/\/secure.gravatar.com\/avatar\/40543a038bda97abdb765b1662e9677d?s=96&d=robohash&r=g\",\"caption\":\"T. R.\"},\"url\":\"https:\/\/infoelnuevonorte.com\/?author=2\"}]}<\/script>\n<!-- \/ Yoast SEO plugin. -->","yoast_head_json":{"title":"Camilla Cabello y Rauw Alejandro se presentar\u00e1n en los Premios MTV 2024 | El Nuevo Norte","robots":{"index":"index","follow":"follow","max-snippet":"max-snippet:-1","max-image-preview":"max-image-preview:large","max-video-preview":"max-video-preview:-1"},"canonical":"https:\/\/infoelnuevonorte.com\/?p=43310","og_locale":"es_ES","og_type":"article","og_title":"Camilla Cabello y Rauw Alejandro se presentar\u00e1n en los Premios MTV 2024 | El Nuevo Norte","og_description":"Redacci\u00f3n.- Camilla Cabello, Chappell Roan, GloRilla,\u00a0Rauw Alejandro y Sabrina Carpenter\u00a0son algunos de los artistas que actuar\u00e1n en la gala de los\u00a0premios MTV\u00a0a los V\u00eddeos Musicales 2024 que se celebrar\u00e1 en el UBS Arena de Nueva York el pr\u00f3ximo\u00a011 de septiembre. Una cita que se emitir\u00e1 en directo en m\u00e1s de\u00a0150 pa\u00edses\u00a0para celebrar los mejores v\u00eddeos [&hellip;]","og_url":"https:\/\/infoelnuevonorte.com\/?p=43310","og_site_name":"El Nuevo Norte","article_publisher":"https:\/\/www.facebook.com\/infoenn","article_published_time":"2024-08-13T16:07:36+00:00","article_modified_time":"2024-08-13T16:07:37+00:00","og_image":[{"width":1030,"height":687,"url":"https:\/\/infoelnuevonorte.com\/wp-content\/uploads\/2024\/08\/descarga-2024-08-13T120516.834.png","type":"image\/png"}],"author":"T. R.","twitter_card":"summary_large_image","twitter_creator":"@Elnuevo_norte","twitter_site":"@Elnuevo_norte","twitter_misc":{"Written by":"T. R.","Est. reading time":"2 minutos"},"schema":{"@context":"https:\/\/schema.org","@graph":[{"@type":"Article","@id":"https:\/\/infoelnuevonorte.com\/?p=43310#article","isPartOf":{"@id":"https:\/\/infoelnuevonorte.com\/?p=43310"},"author":{"name":"T. R.","@id":"https:\/\/infoelnuevonorte.com\/#\/schema\/person\/3accb35eb55f55e96c492b52d085a403"},"headline":"Camilla Cabello y Rauw Alejandro se presentar\u00e1n en los Premios MTV 2024","datePublished":"2024-08-13T16:07:36+00:00","dateModified":"2024-08-13T16:07:37+00:00","mainEntityOfPage":{"@id":"https:\/\/infoelnuevonorte.com\/?p=43310"},"wordCount":314,"publisher":{"@id":"https:\/\/infoelnuevonorte.com\/#organization"},"articleSection":["Entretenimiento","Musica &amp; Far\u00e1ndula"],"inLanguage":"es-DO"},{"@type":"WebPage","@id":"https:\/\/infoelnuevonorte.com\/?p=43310","url":"https:\/\/infoelnuevonorte.com\/?p=43310","name":"Camilla Cabello y Rauw Alejandro se presentar\u00e1n en los Premios MTV 2024 | El Nuevo Norte","isPartOf":{"@id":"https:\/\/infoelnuevonorte.com\/#website"},"datePublished":"2024-08-13T16:07:36+00:00","dateModified":"2024-08-13T16:07:37+00:00","breadcrumb":{"@id":"https:\/\/infoelnuevonorte.com\/?p=43310#breadcrumb"},"inLanguage":"es-DO","potentialAction":[{"@type":"ReadAction","target":["https:\/\/infoelnuevonorte.com\/?p=43310"]}]},{"@type":"BreadcrumbList","@id":"https:\/\/infoelnuevonorte.com\/?p=43310#breadcrumb","itemListElement":[{"@type":"ListItem","position":1,"name":"Home","item":"https:\/\/infoelnuevonorte.com\/"},{"@type":"ListItem","position":2,"name":"Camilla Cabello y Rauw Alejandro se presentar\u00e1n en los Premios MTV 2024"}]},{"@type":"WebSite","@id":"https:\/\/infoelnuevonorte.com\/#website","url":"https:\/\/infoelnuevonorte.com\/","name":"InfoEnn","description":"Tu Voz, tu Verdad, tu Diario!!!","publisher":{"@id":"https:\/\/infoelnuevonorte.com\/#organization"},"alternateName":"El Nuevo Norte","potentialAction":[{"@type":"SearchAction","target":{"@type":"EntryPoint","urlTemplate":"https:\/\/infoelnuevonorte.com\/?s={search_term_string}"},"query-input":{"@type":"PropertyValueSpecification","valueRequired":true,"valueName":"search_term_string"}}],"inLanguage":"es-DO"},{"@type":"Organization","@id":"https:\/\/infoelnuevonorte.com\/#organization","name":"Info El Nuevo Norte","alternateName":"El Nuevo Norte","url":"https:\/\/infoelnuevonorte.com\/","logo":{"@type":"ImageObject","inLanguage":"es-DO","@id":"https:\/\/infoelnuevonorte.com\/#\/schema\/logo\/image\/","url":"https:\/\/infoelnuevonorte.com\/wp-content\/uploads\/2026\/02\/Logo-Info-enn-3d-20ani.jpeg","contentUrl":"https:\/\/infoelnuevonorte.com\/wp-content\/uploads\/2026\/02\/Logo-Info-enn-3d-20ani.jpeg","width":2046,"height":736,"caption":"Info El Nuevo Norte"},"image":{"@id":"https:\/\/infoelnuevonorte.com\/#\/schema\/logo\/image\/"},"sameAs":["https:\/\/www.facebook.com\/infoenn","https:\/\/x.com\/Elnuevo_norte","https:\/\/www.instagram.com\/infoenn","https:\/\/www.facebook.com\/ENNRD"]},{"@type":"Person","@id":"https:\/\/infoelnuevonorte.com\/#\/schema\/person\/3accb35eb55f55e96c492b52d085a403","name":"T. R.","image":{"@type":"ImageObject","inLanguage":"es-DO","@id":"https:\/\/infoelnuevonorte.com\/#\/schema\/person\/image\/","url":"https:\/\/secure.gravatar.com\/avatar\/40543a038bda97abdb765b1662e9677d?s=96&d=robohash&r=g","contentUrl":"https:\/\/secure.gravatar.com\/avatar\/40543a038bda97abdb765b1662e9677d?s=96&d=robohash&r=g","caption":"T. R."},"url":"https:\/\/infoelnuevonorte.com\/?author=2"}]}},"_links":{"self":[{"href":"https:\/\/infoelnuevonorte.com\/index.php?rest_route=\/wp\/v2\/posts\/43310"}],"collection":[{"href":"https:\/\/infoelnuevonorte.com\/index.php?rest_route=\/wp\/v2\/posts"}],"about":[{"href":"https:\/\/infoelnuevonorte.com\/index.php?rest_route=\/wp\/v2\/types\/post"}],"author":[{"embeddable":true,"href":"https:\/\/infoelnuevonorte.com\/index.php?rest_route=\/wp\/v2\/users\/2"}],"replies":[{"embeddable":true,"href":"https:\/\/infoelnuevonorte.com\/index.php?rest_route=%2Fwp%2Fv2%2Fcomments&post=43310"}],"version-history":[{"count":0,"href":"https:\/\/infoelnuevonorte.com\/index.php?rest_route=\/wp\/v2\/posts\/43310\/revisions"}],"wp:attachment":[{"href":"https:\/\/infoelnuevonorte.com\/index.php?rest_route=%2Fwp%2Fv2%2Fmedia&parent=43310"}],"wp:term":[{"taxonomy":"category","embeddable":true,"href":"https:\/\/infoelnuevonorte.com\/index.php?rest_route=%2Fwp%2Fv2%2Fcategories&post=43310"},{"taxonomy":"post_tag","embeddable":true,"href":"https:\/\/infoelnuevonorte.com\/index.php?rest_route=%2Fwp%2Fv2%2Ftags&post=43310"}],"curies":[{"name":"wp","href":"https:\/\/api.w.org\/{rel}","templated":true}]}}