{"id":44287,"date":"2024-08-16T23:55:03","date_gmt":"2024-08-17T03:55:03","guid":{"rendered":"https:\/\/infoelnuevonorte.com\/?p=44287"},"modified":"2024-08-16T23:55:05","modified_gmt":"2024-08-17T03:55:05","slug":"sociologo-asegura-abinader-gobernara-estos-cuatro-anos-pensando-en-porvenir-y-legado-historico","status":"publish","type":"post","link":"https:\/\/infoelnuevonorte.com\/?p=44287","title":{"rendered":"Soci\u00f3logo asegura Abinader gobernar\u00e1 estos cuatro a\u00f1os pensando en porvenir y legado hist\u00f3rico"},"content":{"rendered":"\n<p><a href=\"https:\/\/deultimominuto.net\/category\/nacionales\/\"><\/a><\/p>\n\n\n<div class=\"td_block_wrap tdb_single_content tdi_358 td-pb-border-top td_block_template_1 td-post-content tagdiv-type\" data-td-block-uid=\"tdi_358\">\n<div class=\"tdb-block-inner td-fix-index\">\n<!--[if lt IE 9]><script>document.createElement('audio');<\/script><![endif]-->\n<audio class=\"wp-audio-shortcode\" id=\"audio-44287-1\" preload=\"none\" style=\"width: 100%;\" controls=\"controls\"><source type=\"audio\/mpeg\" src=\"https:\/\/infoelnuevonorte.com\/wp-content\/uploads\/2024\/08\/ttsmaker-vip-file-2024-8-16-23-53-47.mp3?_=1\" \/><a href=\"https:\/\/infoelnuevonorte.com\/wp-content\/uploads\/2024\/08\/ttsmaker-vip-file-2024-8-16-23-53-47.mp3\">https:\/\/infoelnuevonorte.com\/wp-content\/uploads\/2024\/08\/ttsmaker-vip-file-2024-8-16-23-53-47.mp3<\/a><\/audio>\n<p style=\"text-align: justify\"><strong>Santo Domingo .-<\/strong>\u00a0El soci\u00f3logo\u00a0<strong>Alejandro Abreu<\/strong>\u00a0consider\u00f3 que ahora Luis Abinader gobernar\u00e1 pensando en el porvenir y en su legado hist\u00f3rico, no en las pr\u00f3ximas elecciones a la manera de la visi\u00f3n y la misi\u00f3n de un estadista.<\/p>\n<p style=\"text-align: justify\">El coordinador general de la Plataforma\u00a0<strong>\u201cMayor\u00eda Constructiva\u201d,<\/strong>\u00a0destac\u00f3 que el jefe del estado dominicano en su discurso de inicio de la nueva gesti\u00f3n, ratific\u00f3 su compromiso con la consolidaci\u00f3n del Plan de Desarrollo RD 20\/36 que \u201calumbrar\u00e1 el desarrollo, en cada provincia y municipio\u201d.<\/p>\n<p style=\"text-align: justify\">Mediante un comunicado de prensa, agreg\u00f3 que \u00abponiendo la gran mayor\u00eda pol\u00edtica e institucional que \u00e9l lidera, al servicio del pa\u00eds y la democracia, la administraci\u00f3n \u00e9tica de los recursos p\u00fablicos, el crecimiento de las inversiones y empleos, el turismo las zonas francas los centros log\u00edsticos en puertos, aeropuertos y las conexiones territoriales\u00bb.<\/p>\n<h4 class=\"wp-block-heading has-text-align-center\" style=\"text-align: justify\"><strong>Puedes leer: <a href=\"https:\/\/infoelnuevonorte.com\/?p=44252\">Mar\u00eda Corina agradece a Luis Abinader por apoyo a Venezuela en discurso de juramentaci\u00f3n<\/a><\/strong><\/h4>\n<p style=\"text-align: justify\">Abreu resalt\u00f3 la intenci\u00f3n del presidente de continuar ampliando las ayudas y la protecci\u00f3n social, el servicio de agua potable, las viviendas, la modernizaci\u00f3n y los avances tecnol\u00f3gicos, al mismo tiempo que la educaci\u00f3n y la salud p\u00fablica alcanza un nuevo nivel de calidad, para \u201csanar el alma nacional, consolidar la confianza en nuestro destino, la cultura de paz y la seguridad ciudadana\u201d.<\/p>\n<p style=\"text-align: justify\">El experimentado acad\u00e9mico indic\u00f3 que el presidente insisti\u00f3 en \u201cla necesidad de una reforma tributaria que reduzca la deuda p\u00fablica,\u00a0<strong>mejore el gasto p\u00fablico<\/strong>, ampl\u00ede la descentralizaci\u00f3n de la inversi\u00f3n, conjuntamente con la limitaci\u00f3n del poder y la cultura presidencialista fortaleciendo la independencia de la procurar\u00eda fiscal y blindando la constituci\u00f3n de la Rep\u00fablica, para evitar el continuismo\u201d.<\/p>\n<p style=\"text-align: justify\">Finalmente puntualiz\u00f3, que para el presidente dominicano el mejor modelo de gobierno es el que \u201ccombina el fortalecimiento institucional democr\u00e1tico, la \u00e9tica en la administraci\u00f3n p\u00fablica y las pol\u00edticas sociales regenerativas con el desarrollo empresarial y el empleo, por medio del foment\u00f3 del di\u00e1logo y acuerdos\u201d.<\/p>\n<\/div>\n<\/div>\n<div class=\"td_block_wrap tdb_single_tags tdi_359 td-pb-border-top td_block_template_1\" style=\"text-align: justify\" data-td-block-uid=\"tdi_359\">\u00a0<\/div>","protected":false},"excerpt":{"rendered":"<p>Santo Domingo .-\u00a0El soci\u00f3logo\u00a0Alejandro Abreu\u00a0consider\u00f3 que ahora Luis Abinader gobernar\u00e1 pensando en el porvenir y en su legado hist\u00f3rico, no en las pr\u00f3ximas elecciones a la manera de la visi\u00f3n y la misi\u00f3n de un estadista. El coordinador general de la Plataforma\u00a0\u201cMayor\u00eda Constructiva\u201d,\u00a0destac\u00f3 que el jefe del estado dominicano en su discurso de inicio de [&hellip;]<\/p>\n","protected":false},"author":2,"featured_media":0,"comment_status":"closed","ping_status":"open","sticky":false,"template":"","format":"standard","meta":{"footnotes":""},"categories":[8],"tags":[],"yoast_head":"<!-- This site is optimized with the Yoast SEO plugin v24.5 - https:\/\/yoast.com\/wordpress\/plugins\/seo\/ -->\n<title>Soci\u00f3logo asegura Abinader gobernar\u00e1 estos cuatro a\u00f1os pensando en porvenir y legado hist\u00f3rico | El Nuevo Norte<\/title>\n<meta name=\"robots\" content=\"index, follow, max-snippet:-1, max-image-preview:large, max-video-preview:-1\" \/>\n<link rel=\"canonical\" href=\"https:\/\/infoelnuevonorte.com\/?p=44287\" \/>\n<meta property=\"og:locale\" content=\"es_ES\" \/>\n<meta property=\"og:type\" content=\"article\" \/>\n<meta property=\"og:title\" content=\"Soci\u00f3logo asegura Abinader gobernar\u00e1 estos cuatro a\u00f1os pensando en porvenir y legado hist\u00f3rico | El Nuevo Norte\" \/>\n<meta property=\"og:description\" content=\"Santo Domingo .-\u00a0El soci\u00f3logo\u00a0Alejandro Abreu\u00a0consider\u00f3 que ahora Luis Abinader gobernar\u00e1 pensando en el porvenir y en su legado hist\u00f3rico, no en las pr\u00f3ximas elecciones a la manera de la visi\u00f3n y la misi\u00f3n de un estadista. El coordinador general de la Plataforma\u00a0\u201cMayor\u00eda Constructiva\u201d,\u00a0destac\u00f3 que el jefe del estado dominicano en su discurso de inicio de [&hellip;]\" \/>\n<meta property=\"og:url\" content=\"https:\/\/infoelnuevonorte.com\/?p=44287\" \/>\n<meta property=\"og:site_name\" content=\"El Nuevo Norte\" \/>\n<meta property=\"article:publisher\" content=\"https:\/\/www.facebook.com\/infoenn\" \/>\n<meta property=\"article:published_time\" content=\"2024-08-17T03:55:03+00:00\" \/>\n<meta property=\"article:modified_time\" content=\"2024-08-17T03:55:05+00:00\" \/>\n<meta property=\"og:image\" content=\"https:\/\/infoelnuevonorte.com\/wp-content\/uploads\/2024\/08\/descarga-2024-08-16T235254.002.png\" \/>\n\t<meta property=\"og:image:width\" content=\"1025\" \/>\n\t<meta property=\"og:image:height\" content=\"577\" \/>\n\t<meta property=\"og:image:type\" content=\"image\/png\" \/>\n<meta name=\"author\" content=\"T. R.\" \/>\n<meta name=\"twitter:card\" content=\"summary_large_image\" \/>\n<meta name=\"twitter:creator\" content=\"@Elnuevo_norte\" \/>\n<meta name=\"twitter:site\" content=\"@Elnuevo_norte\" \/>\n<meta name=\"twitter:label1\" content=\"Written by\" \/>\n\t<meta name=\"twitter:data1\" content=\"T. R.\" \/>\n\t<meta name=\"twitter:label2\" content=\"Est. reading time\" \/>\n\t<meta name=\"twitter:data2\" content=\"2 minutos\" \/>\n<script type=\"application\/ld+json\" class=\"yoast-schema-graph\">{\"@context\":\"https:\/\/schema.org\",\"@graph\":[{\"@type\":\"Article\",\"@id\":\"https:\/\/infoelnuevonorte.com\/?p=44287#article\",\"isPartOf\":{\"@id\":\"https:\/\/infoelnuevonorte.com\/?p=44287\"},\"author\":{\"name\":\"T. R.\",\"@id\":\"https:\/\/infoelnuevonorte.com\/#\/schema\/person\/3accb35eb55f55e96c492b52d085a403\"},\"headline\":\"Soci\u00f3logo asegura Abinader gobernar\u00e1 estos cuatro a\u00f1os pensando en porvenir y legado hist\u00f3rico\",\"datePublished\":\"2024-08-17T03:55:03+00:00\",\"dateModified\":\"2024-08-17T03:55:05+00:00\",\"mainEntityOfPage\":{\"@id\":\"https:\/\/infoelnuevonorte.com\/?p=44287\"},\"wordCount\":387,\"publisher\":{\"@id\":\"https:\/\/infoelnuevonorte.com\/#organization\"},\"articleSection\":[\"Nacionales\"],\"inLanguage\":\"es-DO\"},{\"@type\":\"WebPage\",\"@id\":\"https:\/\/infoelnuevonorte.com\/?p=44287\",\"url\":\"https:\/\/infoelnuevonorte.com\/?p=44287\",\"name\":\"Soci\u00f3logo asegura Abinader gobernar\u00e1 estos cuatro a\u00f1os pensando en porvenir y legado hist\u00f3rico | El Nuevo Norte\",\"isPartOf\":{\"@id\":\"https:\/\/infoelnuevonorte.com\/#website\"},\"datePublished\":\"2024-08-17T03:55:03+00:00\",\"dateModified\":\"2024-08-17T03:55:05+00:00\",\"breadcrumb\":{\"@id\":\"https:\/\/infoelnuevonorte.com\/?p=44287#breadcrumb\"},\"inLanguage\":\"es-DO\",\"potentialAction\":[{\"@type\":\"ReadAction\",\"target\":[\"https:\/\/infoelnuevonorte.com\/?p=44287\"]}]},{\"@type\":\"BreadcrumbList\",\"@id\":\"https:\/\/infoelnuevonorte.com\/?p=44287#breadcrumb\",\"itemListElement\":[{\"@type\":\"ListItem\",\"position\":1,\"name\":\"Home\",\"item\":\"https:\/\/infoelnuevonorte.com\/\"},{\"@type\":\"ListItem\",\"position\":2,\"name\":\"Soci\u00f3logo asegura Abinader gobernar\u00e1 estos cuatro a\u00f1os pensando en porvenir y legado hist\u00f3rico\"}]},{\"@type\":\"WebSite\",\"@id\":\"https:\/\/infoelnuevonorte.com\/#website\",\"url\":\"https:\/\/infoelnuevonorte.com\/\",\"name\":\"InfoEnn\",\"description\":\"Tu Voz, tu Verdad, tu Diario!!!\",\"publisher\":{\"@id\":\"https:\/\/infoelnuevonorte.com\/#organization\"},\"alternateName\":\"El Nuevo Norte\",\"potentialAction\":[{\"@type\":\"SearchAction\",\"target\":{\"@type\":\"EntryPoint\",\"urlTemplate\":\"https:\/\/infoelnuevonorte.com\/?s={search_term_string}\"},\"query-input\":{\"@type\":\"PropertyValueSpecification\",\"valueRequired\":true,\"valueName\":\"search_term_string\"}}],\"inLanguage\":\"es-DO\"},{\"@type\":\"Organization\",\"@id\":\"https:\/\/infoelnuevonorte.com\/#organization\",\"name\":\"Info El Nuevo Norte\",\"alternateName\":\"El Nuevo Norte\",\"url\":\"https:\/\/infoelnuevonorte.com\/\",\"logo\":{\"@type\":\"ImageObject\",\"inLanguage\":\"es-DO\",\"@id\":\"https:\/\/infoelnuevonorte.com\/#\/schema\/logo\/image\/\",\"url\":\"https:\/\/infoelnuevonorte.com\/wp-content\/uploads\/2026\/02\/Logo-Info-enn-3d-20ani.jpeg\",\"contentUrl\":\"https:\/\/infoelnuevonorte.com\/wp-content\/uploads\/2026\/02\/Logo-Info-enn-3d-20ani.jpeg\",\"width\":2046,\"height\":736,\"caption\":\"Info El Nuevo Norte\"},\"image\":{\"@id\":\"https:\/\/infoelnuevonorte.com\/#\/schema\/logo\/image\/\"},\"sameAs\":[\"https:\/\/www.facebook.com\/infoenn\",\"https:\/\/x.com\/Elnuevo_norte\",\"https:\/\/www.instagram.com\/infoenn\",\"https:\/\/www.facebook.com\/ENNRD\"]},{\"@type\":\"Person\",\"@id\":\"https:\/\/infoelnuevonorte.com\/#\/schema\/person\/3accb35eb55f55e96c492b52d085a403\",\"name\":\"T. R.\",\"image\":{\"@type\":\"ImageObject\",\"inLanguage\":\"es-DO\",\"@id\":\"https:\/\/infoelnuevonorte.com\/#\/schema\/person\/image\/\",\"url\":\"https:\/\/secure.gravatar.com\/avatar\/40543a038bda97abdb765b1662e9677d?s=96&d=robohash&r=g\",\"contentUrl\":\"https:\/\/secure.gravatar.com\/avatar\/40543a038bda97abdb765b1662e9677d?s=96&d=robohash&r=g\",\"caption\":\"T. R.\"},\"url\":\"https:\/\/infoelnuevonorte.com\/?author=2\"}]}<\/script>\n<!-- \/ Yoast SEO plugin. -->","yoast_head_json":{"title":"Soci\u00f3logo asegura Abinader gobernar\u00e1 estos cuatro a\u00f1os pensando en porvenir y legado hist\u00f3rico | El Nuevo Norte","robots":{"index":"index","follow":"follow","max-snippet":"max-snippet:-1","max-image-preview":"max-image-preview:large","max-video-preview":"max-video-preview:-1"},"canonical":"https:\/\/infoelnuevonorte.com\/?p=44287","og_locale":"es_ES","og_type":"article","og_title":"Soci\u00f3logo asegura Abinader gobernar\u00e1 estos cuatro a\u00f1os pensando en porvenir y legado hist\u00f3rico | El Nuevo Norte","og_description":"Santo Domingo .-\u00a0El soci\u00f3logo\u00a0Alejandro Abreu\u00a0consider\u00f3 que ahora Luis Abinader gobernar\u00e1 pensando en el porvenir y en su legado hist\u00f3rico, no en las pr\u00f3ximas elecciones a la manera de la visi\u00f3n y la misi\u00f3n de un estadista. El coordinador general de la Plataforma\u00a0\u201cMayor\u00eda Constructiva\u201d,\u00a0destac\u00f3 que el jefe del estado dominicano en su discurso de inicio de [&hellip;]","og_url":"https:\/\/infoelnuevonorte.com\/?p=44287","og_site_name":"El Nuevo Norte","article_publisher":"https:\/\/www.facebook.com\/infoenn","article_published_time":"2024-08-17T03:55:03+00:00","article_modified_time":"2024-08-17T03:55:05+00:00","og_image":[{"width":1025,"height":577,"url":"https:\/\/infoelnuevonorte.com\/wp-content\/uploads\/2024\/08\/descarga-2024-08-16T235254.002.png","type":"image\/png"}],"author":"T. R.","twitter_card":"summary_large_image","twitter_creator":"@Elnuevo_norte","twitter_site":"@Elnuevo_norte","twitter_misc":{"Written by":"T. R.","Est. reading time":"2 minutos"},"schema":{"@context":"https:\/\/schema.org","@graph":[{"@type":"Article","@id":"https:\/\/infoelnuevonorte.com\/?p=44287#article","isPartOf":{"@id":"https:\/\/infoelnuevonorte.com\/?p=44287"},"author":{"name":"T. R.","@id":"https:\/\/infoelnuevonorte.com\/#\/schema\/person\/3accb35eb55f55e96c492b52d085a403"},"headline":"Soci\u00f3logo asegura Abinader gobernar\u00e1 estos cuatro a\u00f1os pensando en porvenir y legado hist\u00f3rico","datePublished":"2024-08-17T03:55:03+00:00","dateModified":"2024-08-17T03:55:05+00:00","mainEntityOfPage":{"@id":"https:\/\/infoelnuevonorte.com\/?p=44287"},"wordCount":387,"publisher":{"@id":"https:\/\/infoelnuevonorte.com\/#organization"},"articleSection":["Nacionales"],"inLanguage":"es-DO"},{"@type":"WebPage","@id":"https:\/\/infoelnuevonorte.com\/?p=44287","url":"https:\/\/infoelnuevonorte.com\/?p=44287","name":"Soci\u00f3logo asegura Abinader gobernar\u00e1 estos cuatro a\u00f1os pensando en porvenir y legado hist\u00f3rico | El Nuevo Norte","isPartOf":{"@id":"https:\/\/infoelnuevonorte.com\/#website"},"datePublished":"2024-08-17T03:55:03+00:00","dateModified":"2024-08-17T03:55:05+00:00","breadcrumb":{"@id":"https:\/\/infoelnuevonorte.com\/?p=44287#breadcrumb"},"inLanguage":"es-DO","potentialAction":[{"@type":"ReadAction","target":["https:\/\/infoelnuevonorte.com\/?p=44287"]}]},{"@type":"BreadcrumbList","@id":"https:\/\/infoelnuevonorte.com\/?p=44287#breadcrumb","itemListElement":[{"@type":"ListItem","position":1,"name":"Home","item":"https:\/\/infoelnuevonorte.com\/"},{"@type":"ListItem","position":2,"name":"Soci\u00f3logo asegura Abinader gobernar\u00e1 estos cuatro a\u00f1os pensando en porvenir y legado hist\u00f3rico"}]},{"@type":"WebSite","@id":"https:\/\/infoelnuevonorte.com\/#website","url":"https:\/\/infoelnuevonorte.com\/","name":"InfoEnn","description":"Tu Voz, tu Verdad, tu Diario!!!","publisher":{"@id":"https:\/\/infoelnuevonorte.com\/#organization"},"alternateName":"El Nuevo Norte","potentialAction":[{"@type":"SearchAction","target":{"@type":"EntryPoint","urlTemplate":"https:\/\/infoelnuevonorte.com\/?s={search_term_string}"},"query-input":{"@type":"PropertyValueSpecification","valueRequired":true,"valueName":"search_term_string"}}],"inLanguage":"es-DO"},{"@type":"Organization","@id":"https:\/\/infoelnuevonorte.com\/#organization","name":"Info El Nuevo Norte","alternateName":"El Nuevo Norte","url":"https:\/\/infoelnuevonorte.com\/","logo":{"@type":"ImageObject","inLanguage":"es-DO","@id":"https:\/\/infoelnuevonorte.com\/#\/schema\/logo\/image\/","url":"https:\/\/infoelnuevonorte.com\/wp-content\/uploads\/2026\/02\/Logo-Info-enn-3d-20ani.jpeg","contentUrl":"https:\/\/infoelnuevonorte.com\/wp-content\/uploads\/2026\/02\/Logo-Info-enn-3d-20ani.jpeg","width":2046,"height":736,"caption":"Info El Nuevo Norte"},"image":{"@id":"https:\/\/infoelnuevonorte.com\/#\/schema\/logo\/image\/"},"sameAs":["https:\/\/www.facebook.com\/infoenn","https:\/\/x.com\/Elnuevo_norte","https:\/\/www.instagram.com\/infoenn","https:\/\/www.facebook.com\/ENNRD"]},{"@type":"Person","@id":"https:\/\/infoelnuevonorte.com\/#\/schema\/person\/3accb35eb55f55e96c492b52d085a403","name":"T. R.","image":{"@type":"ImageObject","inLanguage":"es-DO","@id":"https:\/\/infoelnuevonorte.com\/#\/schema\/person\/image\/","url":"https:\/\/secure.gravatar.com\/avatar\/40543a038bda97abdb765b1662e9677d?s=96&d=robohash&r=g","contentUrl":"https:\/\/secure.gravatar.com\/avatar\/40543a038bda97abdb765b1662e9677d?s=96&d=robohash&r=g","caption":"T. R."},"url":"https:\/\/infoelnuevonorte.com\/?author=2"}]}},"_links":{"self":[{"href":"https:\/\/infoelnuevonorte.com\/index.php?rest_route=\/wp\/v2\/posts\/44287"}],"collection":[{"href":"https:\/\/infoelnuevonorte.com\/index.php?rest_route=\/wp\/v2\/posts"}],"about":[{"href":"https:\/\/infoelnuevonorte.com\/index.php?rest_route=\/wp\/v2\/types\/post"}],"author":[{"embeddable":true,"href":"https:\/\/infoelnuevonorte.com\/index.php?rest_route=\/wp\/v2\/users\/2"}],"replies":[{"embeddable":true,"href":"https:\/\/infoelnuevonorte.com\/index.php?rest_route=%2Fwp%2Fv2%2Fcomments&post=44287"}],"version-history":[{"count":0,"href":"https:\/\/infoelnuevonorte.com\/index.php?rest_route=\/wp\/v2\/posts\/44287\/revisions"}],"wp:attachment":[{"href":"https:\/\/infoelnuevonorte.com\/index.php?rest_route=%2Fwp%2Fv2%2Fmedia&parent=44287"}],"wp:term":[{"taxonomy":"category","embeddable":true,"href":"https:\/\/infoelnuevonorte.com\/index.php?rest_route=%2Fwp%2Fv2%2Fcategories&post=44287"},{"taxonomy":"post_tag","embeddable":true,"href":"https:\/\/infoelnuevonorte.com\/index.php?rest_route=%2Fwp%2Fv2%2Ftags&post=44287"}],"curies":[{"name":"wp","href":"https:\/\/api.w.org\/{rel}","templated":true}]}}