{"id":44366,"date":"2024-08-17T06:43:32","date_gmt":"2024-08-17T10:43:32","guid":{"rendered":"https:\/\/infoelnuevonorte.com\/?p=44366"},"modified":"2024-08-17T06:43:33","modified_gmt":"2024-08-17T10:43:33","slug":"prision-preventiva-a-militares-involucrados-en-muerte-de-menor-de-14-anos","status":"publish","type":"post","link":"https:\/\/infoelnuevonorte.com\/?p=44366","title":{"rendered":"Prisi\u00f3n preventiva a militares involucrados en muerte de menor de 14 a\u00f1os"},"content":{"rendered":"<!--[if lt IE 9]><script>document.createElement('audio');<\/script><![endif]-->\n<audio class=\"wp-audio-shortcode\" id=\"audio-44366-1\" preload=\"none\" style=\"width: 100%;\" controls=\"controls\"><source type=\"audio\/mpeg\" src=\"https:\/\/infoelnuevonorte.com\/wp-content\/uploads\/2024\/08\/ttsmaker-vip-file-2024-8-17-6-43-4.mp3?_=1\" \/><a href=\"https:\/\/infoelnuevonorte.com\/wp-content\/uploads\/2024\/08\/ttsmaker-vip-file-2024-8-17-6-43-4.mp3\">https:\/\/infoelnuevonorte.com\/wp-content\/uploads\/2024\/08\/ttsmaker-vip-file-2024-8-17-6-43-4.mp3<\/a><\/audio>\n<p style=\"text-align: justify;\"><strong>SAN CRIST\u00d3BAL.-<\/strong> Este viernes le fueron dictados tres meses de <strong>prisi\u00f3n preventiva<\/strong> como <strong>medida de coerci\u00f3<\/strong>n\u00a0 contra dos miembros de la<strong> Armada de Rep\u00fablica Dominicana<\/strong> acusados de quitarle la vida a un adolescente, <strong>durante una discusi\u00f3n.<\/strong><\/p>\n<p style=\"text-align: justify;\">La solicitud fue realizada por la fiscal\u00eda de la provincia <strong>San Crist\u00f3bal, en tanto e<\/strong>l <strong>Ministerio P\u00fablico<\/strong> de la demarcaci\u00f3n deposit\u00f3 una instancia por ante la Oficina Judicial de Servicios de Atenci\u00f3n Permanente luego de que ejecutara la orden judicial de arresto No. 01541 \u20132024-AJOR -01745 contra los imputados<strong> Isaac Junior Sep\u00falveda Herrera (a) Junior Guerrero, de 26 a\u00f1os de edad, y \u00c1ngel Luis<\/strong> Guerrero (a) el<strong> Guardia, de 24 a\u00f1os.\u00a0<\/strong><\/p>\n<p style=\"text-align: justify;\"><strong>El \u00f3rgano\u00a0 investigador precis\u00f3 que el hecho ocurri\u00f3 el pasado 29 de julio del presente a\u00f1o, mientras Edwin Montero Pimentel y el hoy occiso de 14 a\u00f1os de edad, se encontraban compartiendo en las afueras de la casa de una prima, nombrada la Chula, ubicada en el sector Rinc\u00f3n Alto del Quilombo del sector Quita Sue\u00f1o del municipio de Haina, San Crist\u00f3bal.<\/strong><\/p>\n<p style=\"text-align: justify;\">De acuerdo con la instancia, <strong>los imputados se encontraban cerca de la vivienda, momento que fue aprovechado por Montero Pimentel\u00a0 para cobrar un dinero a un hermano del imputado \u00c1ngel Luis Guerrero, quien respondi\u00f3 sacando un arma de fuego con la que le golpe\u00f3 en la cabeza.<\/strong><\/p>\n<p style=\"text-align: justify;\"><strong>Ante la situaci\u00f3n, el hoy occiso intervino en la discusi\u00f3n donde fue alcanzado por un proyectil de arma de fuego en la cabeza con entrada y salida, acci\u00f3n que le seg\u00f3 la vida al instante.<\/strong><\/p>\n","protected":false},"excerpt":{"rendered":"<p>SAN CRIST\u00d3BAL.- Este viernes le fueron dictados tres meses de prisi\u00f3n preventiva como medida de coerci\u00f3n\u00a0 contra dos miembros de la Armada de Rep\u00fablica Dominicana acusados de quitarle la vida a un adolescente, durante una discusi\u00f3n. La solicitud fue realizada por la fiscal\u00eda de la provincia San Crist\u00f3bal, en tanto el Ministerio P\u00fablico de la [&hellip;]<\/p>\n","protected":false},"author":1,"featured_media":0,"comment_status":"closed","ping_status":"open","sticky":false,"template":"","format":"standard","meta":{"footnotes":""},"categories":[8],"tags":[],"yoast_head":"<!-- This site is optimized with the Yoast SEO plugin v24.5 - https:\/\/yoast.com\/wordpress\/plugins\/seo\/ -->\n<title>Prisi\u00f3n preventiva a militares involucrados en muerte de menor de 14 a\u00f1os | El Nuevo Norte<\/title>\n<meta name=\"robots\" content=\"index, follow, max-snippet:-1, max-image-preview:large, max-video-preview:-1\" \/>\n<link rel=\"canonical\" href=\"https:\/\/infoelnuevonorte.com\/?p=44366\" \/>\n<meta property=\"og:locale\" content=\"es_ES\" \/>\n<meta property=\"og:type\" content=\"article\" \/>\n<meta property=\"og:title\" content=\"Prisi\u00f3n preventiva a militares involucrados en muerte de menor de 14 a\u00f1os | El Nuevo Norte\" \/>\n<meta property=\"og:description\" content=\"SAN CRIST\u00d3BAL.- Este viernes le fueron dictados tres meses de prisi\u00f3n preventiva como medida de coerci\u00f3n\u00a0 contra dos miembros de la Armada de Rep\u00fablica Dominicana acusados de quitarle la vida a un adolescente, durante una discusi\u00f3n. La solicitud fue realizada por la fiscal\u00eda de la provincia San Crist\u00f3bal, en tanto el Ministerio P\u00fablico de la [&hellip;]\" \/>\n<meta property=\"og:url\" content=\"https:\/\/infoelnuevonorte.com\/?p=44366\" \/>\n<meta property=\"og:site_name\" content=\"El Nuevo Norte\" \/>\n<meta property=\"article:publisher\" content=\"https:\/\/www.facebook.com\/infoenn\" \/>\n<meta property=\"article:published_time\" content=\"2024-08-17T10:43:32+00:00\" \/>\n<meta property=\"article:modified_time\" content=\"2024-08-17T10:43:33+00:00\" \/>\n<meta property=\"og:image\" content=\"https:\/\/infoelnuevonorte.com\/wp-content\/uploads\/2024\/08\/image15.png\" \/>\n\t<meta property=\"og:image:width\" content=\"504\" \/>\n\t<meta property=\"og:image:height\" content=\"375\" \/>\n\t<meta property=\"og:image:type\" content=\"image\/png\" \/>\n<meta name=\"author\" content=\"InfoEnn\" \/>\n<meta name=\"twitter:card\" content=\"summary_large_image\" \/>\n<meta name=\"twitter:creator\" content=\"@Elnuevo_norte\" \/>\n<meta name=\"twitter:site\" content=\"@Elnuevo_norte\" \/>\n<meta name=\"twitter:label1\" content=\"Written by\" \/>\n\t<meta name=\"twitter:data1\" content=\"InfoEnn\" \/>\n\t<meta name=\"twitter:label2\" content=\"Est. reading time\" \/>\n\t<meta name=\"twitter:data2\" content=\"2 minutos\" \/>\n<script type=\"application\/ld+json\" class=\"yoast-schema-graph\">{\"@context\":\"https:\/\/schema.org\",\"@graph\":[{\"@type\":\"Article\",\"@id\":\"https:\/\/infoelnuevonorte.com\/?p=44366#article\",\"isPartOf\":{\"@id\":\"https:\/\/infoelnuevonorte.com\/?p=44366\"},\"author\":{\"name\":\"InfoEnn\",\"@id\":\"https:\/\/infoelnuevonorte.com\/#\/schema\/person\/fd4f6d90afe41260818b4ea94ad8ab84\"},\"headline\":\"Prisi\u00f3n preventiva a militares involucrados en muerte de menor de 14 a\u00f1os\",\"datePublished\":\"2024-08-17T10:43:32+00:00\",\"dateModified\":\"2024-08-17T10:43:33+00:00\",\"mainEntityOfPage\":{\"@id\":\"https:\/\/infoelnuevonorte.com\/?p=44366\"},\"wordCount\":296,\"publisher\":{\"@id\":\"https:\/\/infoelnuevonorte.com\/#organization\"},\"articleSection\":[\"Nacionales\"],\"inLanguage\":\"es-DO\"},{\"@type\":\"WebPage\",\"@id\":\"https:\/\/infoelnuevonorte.com\/?p=44366\",\"url\":\"https:\/\/infoelnuevonorte.com\/?p=44366\",\"name\":\"Prisi\u00f3n preventiva a militares involucrados en muerte de menor de 14 a\u00f1os | El Nuevo Norte\",\"isPartOf\":{\"@id\":\"https:\/\/infoelnuevonorte.com\/#website\"},\"datePublished\":\"2024-08-17T10:43:32+00:00\",\"dateModified\":\"2024-08-17T10:43:33+00:00\",\"breadcrumb\":{\"@id\":\"https:\/\/infoelnuevonorte.com\/?p=44366#breadcrumb\"},\"inLanguage\":\"es-DO\",\"potentialAction\":[{\"@type\":\"ReadAction\",\"target\":[\"https:\/\/infoelnuevonorte.com\/?p=44366\"]}]},{\"@type\":\"BreadcrumbList\",\"@id\":\"https:\/\/infoelnuevonorte.com\/?p=44366#breadcrumb\",\"itemListElement\":[{\"@type\":\"ListItem\",\"position\":1,\"name\":\"Home\",\"item\":\"https:\/\/infoelnuevonorte.com\/\"},{\"@type\":\"ListItem\",\"position\":2,\"name\":\"Prisi\u00f3n preventiva a militares involucrados en muerte de menor de 14 a\u00f1os\"}]},{\"@type\":\"WebSite\",\"@id\":\"https:\/\/infoelnuevonorte.com\/#website\",\"url\":\"https:\/\/infoelnuevonorte.com\/\",\"name\":\"InfoEnn\",\"description\":\"Tu Voz, tu Verdad, tu Diario!!!\",\"publisher\":{\"@id\":\"https:\/\/infoelnuevonorte.com\/#organization\"},\"alternateName\":\"El Nuevo Norte\",\"potentialAction\":[{\"@type\":\"SearchAction\",\"target\":{\"@type\":\"EntryPoint\",\"urlTemplate\":\"https:\/\/infoelnuevonorte.com\/?s={search_term_string}\"},\"query-input\":{\"@type\":\"PropertyValueSpecification\",\"valueRequired\":true,\"valueName\":\"search_term_string\"}}],\"inLanguage\":\"es-DO\"},{\"@type\":\"Organization\",\"@id\":\"https:\/\/infoelnuevonorte.com\/#organization\",\"name\":\"Info El Nuevo Norte\",\"alternateName\":\"El Nuevo Norte\",\"url\":\"https:\/\/infoelnuevonorte.com\/\",\"logo\":{\"@type\":\"ImageObject\",\"inLanguage\":\"es-DO\",\"@id\":\"https:\/\/infoelnuevonorte.com\/#\/schema\/logo\/image\/\",\"url\":\"https:\/\/infoelnuevonorte.com\/wp-content\/uploads\/2026\/02\/Logo-Info-enn-3d-20ani.jpeg\",\"contentUrl\":\"https:\/\/infoelnuevonorte.com\/wp-content\/uploads\/2026\/02\/Logo-Info-enn-3d-20ani.jpeg\",\"width\":2046,\"height\":736,\"caption\":\"Info El Nuevo Norte\"},\"image\":{\"@id\":\"https:\/\/infoelnuevonorte.com\/#\/schema\/logo\/image\/\"},\"sameAs\":[\"https:\/\/www.facebook.com\/infoenn\",\"https:\/\/x.com\/Elnuevo_norte\",\"https:\/\/www.instagram.com\/infoenn\",\"https:\/\/www.facebook.com\/ENNRD\"]},{\"@type\":\"Person\",\"@id\":\"https:\/\/infoelnuevonorte.com\/#\/schema\/person\/fd4f6d90afe41260818b4ea94ad8ab84\",\"name\":\"InfoEnn\",\"image\":{\"@type\":\"ImageObject\",\"inLanguage\":\"es-DO\",\"@id\":\"https:\/\/infoelnuevonorte.com\/#\/schema\/person\/image\/\",\"url\":\"https:\/\/secure.gravatar.com\/avatar\/d4d760a41a48ba9db0a82bfb63bb0783?s=96&d=robohash&r=g\",\"contentUrl\":\"https:\/\/secure.gravatar.com\/avatar\/d4d760a41a48ba9db0a82bfb63bb0783?s=96&d=robohash&r=g\",\"caption\":\"InfoEnn\"},\"sameAs\":[\"https:\/\/infoelnuevonorte.com\"],\"url\":\"https:\/\/infoelnuevonorte.com\/?author=1\"}]}<\/script>\n<!-- \/ Yoast SEO plugin. -->","yoast_head_json":{"title":"Prisi\u00f3n preventiva a militares involucrados en muerte de menor de 14 a\u00f1os | El Nuevo Norte","robots":{"index":"index","follow":"follow","max-snippet":"max-snippet:-1","max-image-preview":"max-image-preview:large","max-video-preview":"max-video-preview:-1"},"canonical":"https:\/\/infoelnuevonorte.com\/?p=44366","og_locale":"es_ES","og_type":"article","og_title":"Prisi\u00f3n preventiva a militares involucrados en muerte de menor de 14 a\u00f1os | El Nuevo Norte","og_description":"SAN CRIST\u00d3BAL.- Este viernes le fueron dictados tres meses de prisi\u00f3n preventiva como medida de coerci\u00f3n\u00a0 contra dos miembros de la Armada de Rep\u00fablica Dominicana acusados de quitarle la vida a un adolescente, durante una discusi\u00f3n. La solicitud fue realizada por la fiscal\u00eda de la provincia San Crist\u00f3bal, en tanto el Ministerio P\u00fablico de la [&hellip;]","og_url":"https:\/\/infoelnuevonorte.com\/?p=44366","og_site_name":"El Nuevo Norte","article_publisher":"https:\/\/www.facebook.com\/infoenn","article_published_time":"2024-08-17T10:43:32+00:00","article_modified_time":"2024-08-17T10:43:33+00:00","og_image":[{"width":504,"height":375,"url":"https:\/\/infoelnuevonorte.com\/wp-content\/uploads\/2024\/08\/image15.png","type":"image\/png"}],"author":"InfoEnn","twitter_card":"summary_large_image","twitter_creator":"@Elnuevo_norte","twitter_site":"@Elnuevo_norte","twitter_misc":{"Written by":"InfoEnn","Est. reading time":"2 minutos"},"schema":{"@context":"https:\/\/schema.org","@graph":[{"@type":"Article","@id":"https:\/\/infoelnuevonorte.com\/?p=44366#article","isPartOf":{"@id":"https:\/\/infoelnuevonorte.com\/?p=44366"},"author":{"name":"InfoEnn","@id":"https:\/\/infoelnuevonorte.com\/#\/schema\/person\/fd4f6d90afe41260818b4ea94ad8ab84"},"headline":"Prisi\u00f3n preventiva a militares involucrados en muerte de menor de 14 a\u00f1os","datePublished":"2024-08-17T10:43:32+00:00","dateModified":"2024-08-17T10:43:33+00:00","mainEntityOfPage":{"@id":"https:\/\/infoelnuevonorte.com\/?p=44366"},"wordCount":296,"publisher":{"@id":"https:\/\/infoelnuevonorte.com\/#organization"},"articleSection":["Nacionales"],"inLanguage":"es-DO"},{"@type":"WebPage","@id":"https:\/\/infoelnuevonorte.com\/?p=44366","url":"https:\/\/infoelnuevonorte.com\/?p=44366","name":"Prisi\u00f3n preventiva a militares involucrados en muerte de menor de 14 a\u00f1os | El Nuevo Norte","isPartOf":{"@id":"https:\/\/infoelnuevonorte.com\/#website"},"datePublished":"2024-08-17T10:43:32+00:00","dateModified":"2024-08-17T10:43:33+00:00","breadcrumb":{"@id":"https:\/\/infoelnuevonorte.com\/?p=44366#breadcrumb"},"inLanguage":"es-DO","potentialAction":[{"@type":"ReadAction","target":["https:\/\/infoelnuevonorte.com\/?p=44366"]}]},{"@type":"BreadcrumbList","@id":"https:\/\/infoelnuevonorte.com\/?p=44366#breadcrumb","itemListElement":[{"@type":"ListItem","position":1,"name":"Home","item":"https:\/\/infoelnuevonorte.com\/"},{"@type":"ListItem","position":2,"name":"Prisi\u00f3n preventiva a militares involucrados en muerte de menor de 14 a\u00f1os"}]},{"@type":"WebSite","@id":"https:\/\/infoelnuevonorte.com\/#website","url":"https:\/\/infoelnuevonorte.com\/","name":"InfoEnn","description":"Tu Voz, tu Verdad, tu Diario!!!","publisher":{"@id":"https:\/\/infoelnuevonorte.com\/#organization"},"alternateName":"El Nuevo Norte","potentialAction":[{"@type":"SearchAction","target":{"@type":"EntryPoint","urlTemplate":"https:\/\/infoelnuevonorte.com\/?s={search_term_string}"},"query-input":{"@type":"PropertyValueSpecification","valueRequired":true,"valueName":"search_term_string"}}],"inLanguage":"es-DO"},{"@type":"Organization","@id":"https:\/\/infoelnuevonorte.com\/#organization","name":"Info El Nuevo Norte","alternateName":"El Nuevo Norte","url":"https:\/\/infoelnuevonorte.com\/","logo":{"@type":"ImageObject","inLanguage":"es-DO","@id":"https:\/\/infoelnuevonorte.com\/#\/schema\/logo\/image\/","url":"https:\/\/infoelnuevonorte.com\/wp-content\/uploads\/2026\/02\/Logo-Info-enn-3d-20ani.jpeg","contentUrl":"https:\/\/infoelnuevonorte.com\/wp-content\/uploads\/2026\/02\/Logo-Info-enn-3d-20ani.jpeg","width":2046,"height":736,"caption":"Info El Nuevo Norte"},"image":{"@id":"https:\/\/infoelnuevonorte.com\/#\/schema\/logo\/image\/"},"sameAs":["https:\/\/www.facebook.com\/infoenn","https:\/\/x.com\/Elnuevo_norte","https:\/\/www.instagram.com\/infoenn","https:\/\/www.facebook.com\/ENNRD"]},{"@type":"Person","@id":"https:\/\/infoelnuevonorte.com\/#\/schema\/person\/fd4f6d90afe41260818b4ea94ad8ab84","name":"InfoEnn","image":{"@type":"ImageObject","inLanguage":"es-DO","@id":"https:\/\/infoelnuevonorte.com\/#\/schema\/person\/image\/","url":"https:\/\/secure.gravatar.com\/avatar\/d4d760a41a48ba9db0a82bfb63bb0783?s=96&d=robohash&r=g","contentUrl":"https:\/\/secure.gravatar.com\/avatar\/d4d760a41a48ba9db0a82bfb63bb0783?s=96&d=robohash&r=g","caption":"InfoEnn"},"sameAs":["https:\/\/infoelnuevonorte.com"],"url":"https:\/\/infoelnuevonorte.com\/?author=1"}]}},"_links":{"self":[{"href":"https:\/\/infoelnuevonorte.com\/index.php?rest_route=\/wp\/v2\/posts\/44366"}],"collection":[{"href":"https:\/\/infoelnuevonorte.com\/index.php?rest_route=\/wp\/v2\/posts"}],"about":[{"href":"https:\/\/infoelnuevonorte.com\/index.php?rest_route=\/wp\/v2\/types\/post"}],"author":[{"embeddable":true,"href":"https:\/\/infoelnuevonorte.com\/index.php?rest_route=\/wp\/v2\/users\/1"}],"replies":[{"embeddable":true,"href":"https:\/\/infoelnuevonorte.com\/index.php?rest_route=%2Fwp%2Fv2%2Fcomments&post=44366"}],"version-history":[{"count":0,"href":"https:\/\/infoelnuevonorte.com\/index.php?rest_route=\/wp\/v2\/posts\/44366\/revisions"}],"wp:attachment":[{"href":"https:\/\/infoelnuevonorte.com\/index.php?rest_route=%2Fwp%2Fv2%2Fmedia&parent=44366"}],"wp:term":[{"taxonomy":"category","embeddable":true,"href":"https:\/\/infoelnuevonorte.com\/index.php?rest_route=%2Fwp%2Fv2%2Fcategories&post=44366"},{"taxonomy":"post_tag","embeddable":true,"href":"https:\/\/infoelnuevonorte.com\/index.php?rest_route=%2Fwp%2Fv2%2Ftags&post=44366"}],"curies":[{"name":"wp","href":"https:\/\/api.w.org\/{rel}","templated":true}]}}