{"id":45142,"date":"2024-08-20T12:51:23","date_gmt":"2024-08-20T16:51:23","guid":{"rendered":"https:\/\/infoelnuevonorte.com\/?p=45142"},"modified":"2024-08-20T12:51:25","modified_gmt":"2024-08-20T16:51:25","slug":"corte-de-trabajo-revoca-sentencia-de-indemnizacion-interpuesta-por-musico-contra-fernando-villalona","status":"publish","type":"post","link":"https:\/\/infoelnuevonorte.com\/?p=45142","title":{"rendered":"Corte de Trabajo revoca sentencia de indemnizaci\u00f3n interpuesta por m\u00fasico contra Fernando Villalona"},"content":{"rendered":"<!--[if lt IE 9]><script>document.createElement('audio');<\/script><![endif]-->\n<audio class=\"wp-audio-shortcode\" id=\"audio-45142-1\" preload=\"none\" style=\"width: 100%;\" controls=\"controls\"><source type=\"audio\/mpeg\" src=\"https:\/\/infoelnuevonorte.com\/wp-content\/uploads\/2024\/08\/ttsmaker-vip-file-2024-8-20-12-51-5.mp3?_=1\" \/><a href=\"https:\/\/infoelnuevonorte.com\/wp-content\/uploads\/2024\/08\/ttsmaker-vip-file-2024-8-20-12-51-5.mp3\">https:\/\/infoelnuevonorte.com\/wp-content\/uploads\/2024\/08\/ttsmaker-vip-file-2024-8-20-12-51-5.mp3<\/a><\/audio>\n<p style=\"text-align: justify\">La Segunda Sala de la\u00a0<strong>Corte<\/strong>\u00a0de\u00a0<strong>Trabajo<\/strong>\u00a0del Distrito Nacional revoc\u00f3 la sentencia de demanda de cobro de prestaciones e indemnizaciones laborales interpuesta por el baterista\u00a0<strong>Norberto Pimentel<\/strong>\u00a0en contra del merenguero\u00a0<strong>Fernando Villalona<\/strong>.<\/p>\n<p style=\"text-align: justify\">Seg\u00fan una nota de prensa enviada a\u00a0<em>Diario Libre<\/em>, el equipo de abogados del merenguero inform\u00f3 que la corte acogi\u00f3 el recurso de apelaci\u00f3n y revoc\u00f3 la sentencia laboral No. 053-2023-SSEN-00315, de fecha 28\/08\/2023, que ordenaba el pago de\u00a0<strong>prestaciones a Pimentel<\/strong>.<\/p>\n<div class=\"my-12 component gallery relative\" style=\"text-align: justify\">\n<div class=\"slider slider-gallery slick-initialized slick-slider\">\n<div class=\"slick-list draggable\">\n<div class=\"slick-track\">\n<div class=\"slider slider-gallery slick-slide slick-current slick-active slick-initialized slick-slider\" data-slick-index=\"0\" aria-hidden=\"false\">\n<div class=\"slick-list draggable\">\n<div class=\"slick-track\">\n<figure class=\"item slick-slide\" style=\"text-align: justify\" data-slick-index=\"0\" aria-hidden=\"true\">\n<div class=\"expand-img-placeholder\"><img loading=\"lazy\" decoding=\"async\" src=\"https:\/\/resources.diariolibre.com\/images\/expand.svg\" alt=\"Expandir imagen\" width=\"20\" height=\"20\" \/><\/div>\n<p><img loading=\"lazy\" decoding=\"async\" class=\"w-full object-cover\" src=\"https:\/\/resources.diariolibre.com\/images\/2024\/08\/20\/sentencia-definitiva-029-2024-ssen-001821-11701489--signed-page-0023.jpg\" alt=\"Infograf\u00eda\" width=\"422\" height=\"546\" \/><img loading=\"lazy\" decoding=\"async\" class=\"w-full object-cover\" src=\"https:\/\/resources.diariolibre.com\/images\/2024\/08\/20\/sentencia-definitiva-029-2024-ssen-001821-11701489--signed-page-002211.jpg\" alt=\"Infograf\u00eda\" width=\"409\" height=\"529\" \/><figcaption><\/figcaption><\/figure>\n<figure class=\"item slick-slide slick-current slick-active\" style=\"text-align: justify\" data-slick-index=\"1\" aria-hidden=\"false\">\n<div class=\"expand-img-placeholder\"><img loading=\"lazy\" decoding=\"async\" src=\"https:\/\/resources.diariolibre.com\/images\/expand.svg\" alt=\"Expandir imagen\" width=\"20\" height=\"20\" \/><\/div><figcaption><\/figcaption><\/figure>\n<figure class=\"item slick-slide\" data-slick-index=\"2\" aria-hidden=\"true\">\n<div class=\"expand-img-placeholder\"><img loading=\"lazy\" decoding=\"async\" src=\"https:\/\/resources.diariolibre.com\/images\/expand.svg\" alt=\"Expandir imagen\" width=\"20\" height=\"20\" \/><\/div>\n<p><img loading=\"lazy\" decoding=\"async\" class=\"w-full object-cover\" src=\"https:\/\/resources.diariolibre.com\/images\/2024\/08\/20\/sentencia-definitiva-029-2024-ssen-001821-11701489--signed-page-0021666.jpg\" alt=\"Infograf\u00eda\" width=\"496\" height=\"642\" \/><\/figure>\n<\/div>\n<\/div>\n<\/div>\n<\/div>\n<\/div>\n<\/div>\n<\/div>\n<p style=\"text-align: justify\">Se se\u00f1al\u00f3 que el m\u00fasico hab\u00eda abandonado voluntariamente y sin previo aviso su posici\u00f3n\u00a0<strong>de baterista<\/strong>\u00a0de la orquesta del int\u00e9rprete de \"Dominicano Soy\".<\/p>\n<p style=\"text-align: justify\">Tras varios meses de audiencias e interrogatorios, se determin\u00f3 que Villalona y su empresa no desahuciaron al m\u00fasico y que \u00e9l mismo inform\u00f3 a trav\u00e9s de una\u00a0<strong>tercera persona<\/strong>, en una nota de voz, que abandonar\u00eda su trabajo y desde ese momento no regres\u00f3 a sus labores.<\/p>\n<h2 style=\"text-align: justify\">M\u00e1s<\/h2>\n<ul class=\"list-text\">\n<li style=\"text-align: justify\">El abogado Douglas M. Escotto explic\u00f3 en un comunicado de prensa que las evidencias y testimonios en este caso hicieron posible que los\u00a0<strong>jueces conocieran<\/strong>\u00a0la verdad, y que se revocara la sentencia que ordenaba a su cliente el pago de cientos de miles de pesos bajo alegatos falsos por parte del demandante.<\/li>\n<li style=\"text-align: justify\">De igual modo, el abogado Escotto inform\u00f3 que otros procesos que cursaban en los tribunales laborales otorgaron ganancia de causa a Villalona y\u00a0<strong>su empresa<\/strong>.<\/li>\n<\/ul>\n","protected":false},"excerpt":{"rendered":"<p>La Segunda Sala de la\u00a0Corte\u00a0de\u00a0Trabajo\u00a0del Distrito Nacional revoc\u00f3 la sentencia de demanda de cobro de prestaciones e indemnizaciones laborales interpuesta por el baterista\u00a0Norberto Pimentel\u00a0en contra del merenguero\u00a0Fernando Villalona. Seg\u00fan una nota de prensa enviada a\u00a0Diario Libre, el equipo de abogados del merenguero inform\u00f3 que la corte acogi\u00f3 el recurso de apelaci\u00f3n y revoc\u00f3 la sentencia [&hellip;]<\/p>\n","protected":false},"author":2,"featured_media":0,"comment_status":"closed","ping_status":"open","sticky":false,"template":"","format":"standard","meta":{"footnotes":""},"categories":[11,12],"tags":[],"yoast_head":"<!-- This site is optimized with the Yoast SEO plugin v24.5 - https:\/\/yoast.com\/wordpress\/plugins\/seo\/ -->\n<title>Corte de Trabajo revoca sentencia de indemnizaci\u00f3n interpuesta por m\u00fasico contra Fernando Villalona | El Nuevo Norte<\/title>\n<meta name=\"robots\" content=\"index, follow, max-snippet:-1, max-image-preview:large, max-video-preview:-1\" \/>\n<link rel=\"canonical\" href=\"https:\/\/infoelnuevonorte.com\/?p=45142\" \/>\n<meta property=\"og:locale\" content=\"es_ES\" \/>\n<meta property=\"og:type\" content=\"article\" \/>\n<meta property=\"og:title\" content=\"Corte de Trabajo revoca sentencia de indemnizaci\u00f3n interpuesta por m\u00fasico contra Fernando Villalona | El Nuevo Norte\" \/>\n<meta property=\"og:description\" content=\"La Segunda Sala de la\u00a0Corte\u00a0de\u00a0Trabajo\u00a0del Distrito Nacional revoc\u00f3 la sentencia de demanda de cobro de prestaciones e indemnizaciones laborales interpuesta por el baterista\u00a0Norberto Pimentel\u00a0en contra del merenguero\u00a0Fernando Villalona. Seg\u00fan una nota de prensa enviada a\u00a0Diario Libre, el equipo de abogados del merenguero inform\u00f3 que la corte acogi\u00f3 el recurso de apelaci\u00f3n y revoc\u00f3 la sentencia [&hellip;]\" \/>\n<meta property=\"og:url\" content=\"https:\/\/infoelnuevonorte.com\/?p=45142\" \/>\n<meta property=\"og:site_name\" content=\"El Nuevo Norte\" \/>\n<meta property=\"article:publisher\" content=\"https:\/\/www.facebook.com\/infoenn\" \/>\n<meta property=\"article:published_time\" content=\"2024-08-20T16:51:23+00:00\" \/>\n<meta property=\"article:modified_time\" content=\"2024-08-20T16:51:25+00:00\" \/>\n<meta property=\"og:image\" content=\"https:\/\/infoelnuevonorte.com\/wp-content\/uploads\/2024\/08\/descarga-2024-08-20T124345.712.png\" \/>\n\t<meta property=\"og:image:width\" content=\"896\" \/>\n\t<meta property=\"og:image:height\" content=\"504\" \/>\n\t<meta property=\"og:image:type\" content=\"image\/png\" \/>\n<meta name=\"author\" content=\"T. R.\" \/>\n<meta name=\"twitter:card\" content=\"summary_large_image\" \/>\n<meta name=\"twitter:creator\" content=\"@Elnuevo_norte\" \/>\n<meta name=\"twitter:site\" content=\"@Elnuevo_norte\" \/>\n<meta name=\"twitter:label1\" content=\"Written by\" \/>\n\t<meta name=\"twitter:data1\" content=\"T. R.\" \/>\n\t<meta name=\"twitter:label2\" content=\"Est. reading time\" \/>\n\t<meta name=\"twitter:data2\" content=\"3 minutos\" \/>\n<script type=\"application\/ld+json\" class=\"yoast-schema-graph\">{\"@context\":\"https:\/\/schema.org\",\"@graph\":[{\"@type\":\"Article\",\"@id\":\"https:\/\/infoelnuevonorte.com\/?p=45142#article\",\"isPartOf\":{\"@id\":\"https:\/\/infoelnuevonorte.com\/?p=45142\"},\"author\":{\"name\":\"T. R.\",\"@id\":\"https:\/\/infoelnuevonorte.com\/#\/schema\/person\/3accb35eb55f55e96c492b52d085a403\"},\"headline\":\"Corte de Trabajo revoca sentencia de indemnizaci\u00f3n interpuesta por m\u00fasico contra Fernando Villalona\",\"datePublished\":\"2024-08-20T16:51:23+00:00\",\"dateModified\":\"2024-08-20T16:51:25+00:00\",\"mainEntityOfPage\":{\"@id\":\"https:\/\/infoelnuevonorte.com\/?p=45142\"},\"wordCount\":268,\"publisher\":{\"@id\":\"https:\/\/infoelnuevonorte.com\/#organization\"},\"image\":{\"@id\":\"https:\/\/infoelnuevonorte.com\/?p=45142#primaryimage\"},\"thumbnailUrl\":\"https:\/\/resources.diariolibre.com\/images\/expand.svg\",\"articleSection\":[\"Entretenimiento\",\"Musica &amp; Far\u00e1ndula\"],\"inLanguage\":\"es-DO\"},{\"@type\":\"WebPage\",\"@id\":\"https:\/\/infoelnuevonorte.com\/?p=45142\",\"url\":\"https:\/\/infoelnuevonorte.com\/?p=45142\",\"name\":\"Corte de Trabajo revoca sentencia de indemnizaci\u00f3n interpuesta por m\u00fasico contra Fernando Villalona | El Nuevo Norte\",\"isPartOf\":{\"@id\":\"https:\/\/infoelnuevonorte.com\/#website\"},\"primaryImageOfPage\":{\"@id\":\"https:\/\/infoelnuevonorte.com\/?p=45142#primaryimage\"},\"image\":{\"@id\":\"https:\/\/infoelnuevonorte.com\/?p=45142#primaryimage\"},\"thumbnailUrl\":\"https:\/\/resources.diariolibre.com\/images\/expand.svg\",\"datePublished\":\"2024-08-20T16:51:23+00:00\",\"dateModified\":\"2024-08-20T16:51:25+00:00\",\"breadcrumb\":{\"@id\":\"https:\/\/infoelnuevonorte.com\/?p=45142#breadcrumb\"},\"inLanguage\":\"es-DO\",\"potentialAction\":[{\"@type\":\"ReadAction\",\"target\":[\"https:\/\/infoelnuevonorte.com\/?p=45142\"]}]},{\"@type\":\"ImageObject\",\"inLanguage\":\"es-DO\",\"@id\":\"https:\/\/infoelnuevonorte.com\/?p=45142#primaryimage\",\"url\":\"https:\/\/resources.diariolibre.com\/images\/expand.svg\",\"contentUrl\":\"https:\/\/resources.diariolibre.com\/images\/expand.svg\"},{\"@type\":\"BreadcrumbList\",\"@id\":\"https:\/\/infoelnuevonorte.com\/?p=45142#breadcrumb\",\"itemListElement\":[{\"@type\":\"ListItem\",\"position\":1,\"name\":\"Home\",\"item\":\"https:\/\/infoelnuevonorte.com\/\"},{\"@type\":\"ListItem\",\"position\":2,\"name\":\"Corte de Trabajo revoca sentencia de indemnizaci\u00f3n interpuesta por m\u00fasico contra Fernando Villalona\"}]},{\"@type\":\"WebSite\",\"@id\":\"https:\/\/infoelnuevonorte.com\/#website\",\"url\":\"https:\/\/infoelnuevonorte.com\/\",\"name\":\"InfoEnn\",\"description\":\"Tu Voz, tu Verdad, tu Diario!!!\",\"publisher\":{\"@id\":\"https:\/\/infoelnuevonorte.com\/#organization\"},\"alternateName\":\"El Nuevo Norte\",\"potentialAction\":[{\"@type\":\"SearchAction\",\"target\":{\"@type\":\"EntryPoint\",\"urlTemplate\":\"https:\/\/infoelnuevonorte.com\/?s={search_term_string}\"},\"query-input\":{\"@type\":\"PropertyValueSpecification\",\"valueRequired\":true,\"valueName\":\"search_term_string\"}}],\"inLanguage\":\"es-DO\"},{\"@type\":\"Organization\",\"@id\":\"https:\/\/infoelnuevonorte.com\/#organization\",\"name\":\"Info El Nuevo Norte\",\"alternateName\":\"El Nuevo Norte\",\"url\":\"https:\/\/infoelnuevonorte.com\/\",\"logo\":{\"@type\":\"ImageObject\",\"inLanguage\":\"es-DO\",\"@id\":\"https:\/\/infoelnuevonorte.com\/#\/schema\/logo\/image\/\",\"url\":\"https:\/\/infoelnuevonorte.com\/wp-content\/uploads\/2026\/02\/Logo-Info-enn-3d-20ani.jpeg\",\"contentUrl\":\"https:\/\/infoelnuevonorte.com\/wp-content\/uploads\/2026\/02\/Logo-Info-enn-3d-20ani.jpeg\",\"width\":2046,\"height\":736,\"caption\":\"Info El Nuevo Norte\"},\"image\":{\"@id\":\"https:\/\/infoelnuevonorte.com\/#\/schema\/logo\/image\/\"},\"sameAs\":[\"https:\/\/www.facebook.com\/infoenn\",\"https:\/\/x.com\/Elnuevo_norte\",\"https:\/\/www.instagram.com\/infoenn\",\"https:\/\/www.facebook.com\/ENNRD\"]},{\"@type\":\"Person\",\"@id\":\"https:\/\/infoelnuevonorte.com\/#\/schema\/person\/3accb35eb55f55e96c492b52d085a403\",\"name\":\"T. R.\",\"image\":{\"@type\":\"ImageObject\",\"inLanguage\":\"es-DO\",\"@id\":\"https:\/\/infoelnuevonorte.com\/#\/schema\/person\/image\/\",\"url\":\"https:\/\/secure.gravatar.com\/avatar\/40543a038bda97abdb765b1662e9677d?s=96&d=robohash&r=g\",\"contentUrl\":\"https:\/\/secure.gravatar.com\/avatar\/40543a038bda97abdb765b1662e9677d?s=96&d=robohash&r=g\",\"caption\":\"T. R.\"},\"url\":\"https:\/\/infoelnuevonorte.com\/?author=2\"}]}<\/script>\n<!-- \/ Yoast SEO plugin. -->","yoast_head_json":{"title":"Corte de Trabajo revoca sentencia de indemnizaci\u00f3n interpuesta por m\u00fasico contra Fernando Villalona | El Nuevo Norte","robots":{"index":"index","follow":"follow","max-snippet":"max-snippet:-1","max-image-preview":"max-image-preview:large","max-video-preview":"max-video-preview:-1"},"canonical":"https:\/\/infoelnuevonorte.com\/?p=45142","og_locale":"es_ES","og_type":"article","og_title":"Corte de Trabajo revoca sentencia de indemnizaci\u00f3n interpuesta por m\u00fasico contra Fernando Villalona | El Nuevo Norte","og_description":"La Segunda Sala de la\u00a0Corte\u00a0de\u00a0Trabajo\u00a0del Distrito Nacional revoc\u00f3 la sentencia de demanda de cobro de prestaciones e indemnizaciones laborales interpuesta por el baterista\u00a0Norberto Pimentel\u00a0en contra del merenguero\u00a0Fernando Villalona. Seg\u00fan una nota de prensa enviada a\u00a0Diario Libre, el equipo de abogados del merenguero inform\u00f3 que la corte acogi\u00f3 el recurso de apelaci\u00f3n y revoc\u00f3 la sentencia [&hellip;]","og_url":"https:\/\/infoelnuevonorte.com\/?p=45142","og_site_name":"El Nuevo Norte","article_publisher":"https:\/\/www.facebook.com\/infoenn","article_published_time":"2024-08-20T16:51:23+00:00","article_modified_time":"2024-08-20T16:51:25+00:00","og_image":[{"width":896,"height":504,"url":"https:\/\/infoelnuevonorte.com\/wp-content\/uploads\/2024\/08\/descarga-2024-08-20T124345.712.png","type":"image\/png"}],"author":"T. R.","twitter_card":"summary_large_image","twitter_creator":"@Elnuevo_norte","twitter_site":"@Elnuevo_norte","twitter_misc":{"Written by":"T. R.","Est. reading time":"3 minutos"},"schema":{"@context":"https:\/\/schema.org","@graph":[{"@type":"Article","@id":"https:\/\/infoelnuevonorte.com\/?p=45142#article","isPartOf":{"@id":"https:\/\/infoelnuevonorte.com\/?p=45142"},"author":{"name":"T. R.","@id":"https:\/\/infoelnuevonorte.com\/#\/schema\/person\/3accb35eb55f55e96c492b52d085a403"},"headline":"Corte de Trabajo revoca sentencia de indemnizaci\u00f3n interpuesta por m\u00fasico contra Fernando Villalona","datePublished":"2024-08-20T16:51:23+00:00","dateModified":"2024-08-20T16:51:25+00:00","mainEntityOfPage":{"@id":"https:\/\/infoelnuevonorte.com\/?p=45142"},"wordCount":268,"publisher":{"@id":"https:\/\/infoelnuevonorte.com\/#organization"},"image":{"@id":"https:\/\/infoelnuevonorte.com\/?p=45142#primaryimage"},"thumbnailUrl":"https:\/\/resources.diariolibre.com\/images\/expand.svg","articleSection":["Entretenimiento","Musica &amp; Far\u00e1ndula"],"inLanguage":"es-DO"},{"@type":"WebPage","@id":"https:\/\/infoelnuevonorte.com\/?p=45142","url":"https:\/\/infoelnuevonorte.com\/?p=45142","name":"Corte de Trabajo revoca sentencia de indemnizaci\u00f3n interpuesta por m\u00fasico contra Fernando Villalona | El Nuevo Norte","isPartOf":{"@id":"https:\/\/infoelnuevonorte.com\/#website"},"primaryImageOfPage":{"@id":"https:\/\/infoelnuevonorte.com\/?p=45142#primaryimage"},"image":{"@id":"https:\/\/infoelnuevonorte.com\/?p=45142#primaryimage"},"thumbnailUrl":"https:\/\/resources.diariolibre.com\/images\/expand.svg","datePublished":"2024-08-20T16:51:23+00:00","dateModified":"2024-08-20T16:51:25+00:00","breadcrumb":{"@id":"https:\/\/infoelnuevonorte.com\/?p=45142#breadcrumb"},"inLanguage":"es-DO","potentialAction":[{"@type":"ReadAction","target":["https:\/\/infoelnuevonorte.com\/?p=45142"]}]},{"@type":"ImageObject","inLanguage":"es-DO","@id":"https:\/\/infoelnuevonorte.com\/?p=45142#primaryimage","url":"https:\/\/resources.diariolibre.com\/images\/expand.svg","contentUrl":"https:\/\/resources.diariolibre.com\/images\/expand.svg"},{"@type":"BreadcrumbList","@id":"https:\/\/infoelnuevonorte.com\/?p=45142#breadcrumb","itemListElement":[{"@type":"ListItem","position":1,"name":"Home","item":"https:\/\/infoelnuevonorte.com\/"},{"@type":"ListItem","position":2,"name":"Corte de Trabajo revoca sentencia de indemnizaci\u00f3n interpuesta por m\u00fasico contra Fernando Villalona"}]},{"@type":"WebSite","@id":"https:\/\/infoelnuevonorte.com\/#website","url":"https:\/\/infoelnuevonorte.com\/","name":"InfoEnn","description":"Tu Voz, tu Verdad, tu Diario!!!","publisher":{"@id":"https:\/\/infoelnuevonorte.com\/#organization"},"alternateName":"El Nuevo Norte","potentialAction":[{"@type":"SearchAction","target":{"@type":"EntryPoint","urlTemplate":"https:\/\/infoelnuevonorte.com\/?s={search_term_string}"},"query-input":{"@type":"PropertyValueSpecification","valueRequired":true,"valueName":"search_term_string"}}],"inLanguage":"es-DO"},{"@type":"Organization","@id":"https:\/\/infoelnuevonorte.com\/#organization","name":"Info El Nuevo Norte","alternateName":"El Nuevo Norte","url":"https:\/\/infoelnuevonorte.com\/","logo":{"@type":"ImageObject","inLanguage":"es-DO","@id":"https:\/\/infoelnuevonorte.com\/#\/schema\/logo\/image\/","url":"https:\/\/infoelnuevonorte.com\/wp-content\/uploads\/2026\/02\/Logo-Info-enn-3d-20ani.jpeg","contentUrl":"https:\/\/infoelnuevonorte.com\/wp-content\/uploads\/2026\/02\/Logo-Info-enn-3d-20ani.jpeg","width":2046,"height":736,"caption":"Info El Nuevo Norte"},"image":{"@id":"https:\/\/infoelnuevonorte.com\/#\/schema\/logo\/image\/"},"sameAs":["https:\/\/www.facebook.com\/infoenn","https:\/\/x.com\/Elnuevo_norte","https:\/\/www.instagram.com\/infoenn","https:\/\/www.facebook.com\/ENNRD"]},{"@type":"Person","@id":"https:\/\/infoelnuevonorte.com\/#\/schema\/person\/3accb35eb55f55e96c492b52d085a403","name":"T. R.","image":{"@type":"ImageObject","inLanguage":"es-DO","@id":"https:\/\/infoelnuevonorte.com\/#\/schema\/person\/image\/","url":"https:\/\/secure.gravatar.com\/avatar\/40543a038bda97abdb765b1662e9677d?s=96&d=robohash&r=g","contentUrl":"https:\/\/secure.gravatar.com\/avatar\/40543a038bda97abdb765b1662e9677d?s=96&d=robohash&r=g","caption":"T. R."},"url":"https:\/\/infoelnuevonorte.com\/?author=2"}]}},"_links":{"self":[{"href":"https:\/\/infoelnuevonorte.com\/index.php?rest_route=\/wp\/v2\/posts\/45142"}],"collection":[{"href":"https:\/\/infoelnuevonorte.com\/index.php?rest_route=\/wp\/v2\/posts"}],"about":[{"href":"https:\/\/infoelnuevonorte.com\/index.php?rest_route=\/wp\/v2\/types\/post"}],"author":[{"embeddable":true,"href":"https:\/\/infoelnuevonorte.com\/index.php?rest_route=\/wp\/v2\/users\/2"}],"replies":[{"embeddable":true,"href":"https:\/\/infoelnuevonorte.com\/index.php?rest_route=%2Fwp%2Fv2%2Fcomments&post=45142"}],"version-history":[{"count":0,"href":"https:\/\/infoelnuevonorte.com\/index.php?rest_route=\/wp\/v2\/posts\/45142\/revisions"}],"wp:attachment":[{"href":"https:\/\/infoelnuevonorte.com\/index.php?rest_route=%2Fwp%2Fv2%2Fmedia&parent=45142"}],"wp:term":[{"taxonomy":"category","embeddable":true,"href":"https:\/\/infoelnuevonorte.com\/index.php?rest_route=%2Fwp%2Fv2%2Fcategories&post=45142"},{"taxonomy":"post_tag","embeddable":true,"href":"https:\/\/infoelnuevonorte.com\/index.php?rest_route=%2Fwp%2Fv2%2Ftags&post=45142"}],"curies":[{"name":"wp","href":"https:\/\/api.w.org\/{rel}","templated":true}]}}