{"id":4520,"date":"2023-11-12T13:06:40","date_gmt":"2023-11-12T17:06:40","guid":{"rendered":"https:\/\/infoelnuevonorte.com\/?p=4520"},"modified":"2023-11-12T13:06:41","modified_gmt":"2023-11-12T17:06:41","slug":"unidades-especiales-reforzaran-en-los-proximos-dias-la-zona-fronteriza-rd-haiti","status":"publish","type":"post","link":"https:\/\/infoelnuevonorte.com\/?p=4520","title":{"rendered":"Unidades especiales reforzar\u00e1n en los pr\u00f3ximos d\u00edas la zona fronteriza RD-Hait\u00ed"},"content":{"rendered":"<p style=\"text-align: justify;\"><strong>Dajab\u00f3n,-\u00a0<\/strong>El comandante general del\u00a0<strong>Ej\u00e9rcito<\/strong>\u00a0(ERD), mayor general Carlos Antonio Fern\u00e1ndez Onofre, inform\u00f3 que en los pr\u00f3ximos d\u00edas llegar\u00e1n m\u00e1s personal de refuerzo a la frontera entre<strong>\u00a0Rep\u00fablica Dominicana y Hait\u00ed.<\/strong><\/p>\n<p style=\"text-align: justify;\">\u00a8Tenemos unas\u00a0<strong>unidades especiales<\/strong>\u00a0que est\u00e1n entrenando para venir a darle cumplimiento a su trabajo (\u2026) la poblaci\u00f3n dominicana puede estar tranquila\u00a8, indic\u00f3.<\/p>\n<p style=\"text-align: justify;\">En cuanto a la frontera, dijo que todo est\u00e1 normalidad, esto, luego del incidente entre\u00a0<strong>grupos haitianos<\/strong>\u00a0y miembros del Ejercito Dominicano el pasado 7 de noviembre del presente a\u00f1o.<\/p>\n<p style=\"text-align: justify;\">Fern\u00e1ndez Onofre tambi\u00e9n anunci\u00f3 que pronto ser\u00e1n inauguradas nuevas instalaciones\u00a0donde ser\u00e1n alojadas las tropas, con probabilidad de que se aumente a otro batall\u00f3n adicional.<\/p>\n<p style=\"text-align: justify;\">Expres\u00f3 que la zona desde<strong>\u00a0Dajab\u00f3n hasta El\u00edas Pi\u00f1a<\/strong>\u00a0se encuentra en permanente labores de supervisi\u00f3n de las acciones y para que se cumplan la medida de seguridad dispuesta por el presidente<strong>\u00a0Luis Abinader.<\/strong><\/p>\n<p style=\"text-align: justify;\">Fern\u00e1ndez Onofre visit\u00f3 la zona en <strong>conflicto entre Hait\u00ed y Rep\u00fablica Dominica<\/strong>na por la construcci\u00f3n del canal, para supervisar la labor que realizan los soldados que se encuentran vigilando la zona.<\/p>\n<p style=\"text-align: justify;\">En su visita, el Mayor general del ERD destac\u00f3 la labor desplegada por el Comandante del d\u00e9cimo Batall\u00f3n de Infanter\u00eda en la frontera Norte,\u00a0 coronel Wilson Pe\u00f1a Cruz y sus soldados, por el accionar ejecutado durante los conflictos escenificados entre soldados haitianos y dominicanos recientemente.<\/p>\n<p style=\"text-align: justify;\">El mayor general ERD., Fern\u00e1ndez Onofre destac\u00f3, adem\u00e1s, la experiencia \u00a0mostrada por el Comandante Sosa y los soldados bajo su mando durante la confrontaci\u00f3n que pudo haber llegado a situaciones inmanejables.<\/p>\n<p style=\"text-align: justify;\"><strong>Conflicto RD y Hait\u00ed\u00a0<\/strong><\/p>\n<p style=\"text-align: justify;\"><strong>El Gobierno dominicano\u00a0\u00a0<\/strong>consider\u00f3\u00a0 como una provocaci\u00f3n el incidente registrado en la frontera en las proximidades de la Pir\u00e1mide 13, ubicada en la l\u00ednea lim\u00edtrofe que divide a la<strong>\u00a0Rep\u00fablica Dominicana y la Rep\u00fablica de Hait\u00ed.<\/strong><\/p>\n<p style=\"text-align: justify;\">En un comunicado, el vocero de la Presidencia, Homero Figueroa, explic\u00f3 la acci\u00f3n de los haitianos fue realizada con el objetivo de generar un conflicto de consecuencias imprevisibles que solo conseguir\u00e1 agravar las relaciones entre ambos pa\u00edses<\/p>\n<p style=\"text-align: justify;\">Sostuvo que un grupo de nacionales haitianos penetraron a territorio dominicano para obstaculizar el patrullaje vehicular llevado a cabo por el Ej\u00e9rcito de la Rep\u00fablica Dominicana en la carretera del lado oeste de la verja perimetral inteligente en esa zona fronteriza.<\/p>\n<p style=\"text-align: justify;\">Consider\u00f3 que la acci\u00f3n parece deberse a una aparente malinterpretaci\u00f3n por parte de los ciudadanos haitianos con respecto a los l\u00edmites fronterizos que separan a ambos pa\u00edses.<\/p>\n<div class=\"code-block code-block-2 code-block-block-2 ai-track\" style=\"text-align: justify;\" data-ai=\"WzIsMCwiQmxvY2sgMiIsIiJd\"><a href=\"https:\/\/juntos.do\/\"><img loading=\"lazy\" decoding=\"async\" class=\"wp-image-136069 size-full\" src=\"https:\/\/n.com.do\/wp-content\/uploads\/2023\/10\/728x90.png%22\" alt=\"\" width=\"728\" height=\"90\" \/><\/a><\/div>\n","protected":false},"excerpt":{"rendered":"<p>Dajab\u00f3n,-\u00a0El comandante general del\u00a0Ej\u00e9rcito\u00a0(ERD), mayor general Carlos Antonio Fern\u00e1ndez Onofre, inform\u00f3 que en los pr\u00f3ximos d\u00edas llegar\u00e1n m\u00e1s personal de refuerzo a la frontera entre\u00a0Rep\u00fablica Dominicana y Hait\u00ed. \u00a8Tenemos unas\u00a0unidades especiales\u00a0que est\u00e1n entrenando para venir a darle cumplimiento a su trabajo (\u2026) la poblaci\u00f3n dominicana puede estar tranquila\u00a8, indic\u00f3. En cuanto a la frontera, dijo [&hellip;]<\/p>\n","protected":false},"author":1,"featured_media":0,"comment_status":"closed","ping_status":"open","sticky":false,"template":"","format":"standard","meta":{"footnotes":""},"categories":[2,8],"tags":[],"yoast_head":"<!-- This site is optimized with the Yoast SEO plugin v24.5 - https:\/\/yoast.com\/wordpress\/plugins\/seo\/ -->\n<title>Unidades especiales reforzar\u00e1n en los pr\u00f3ximos d\u00edas la zona fronteriza RD-Hait\u00ed | El Nuevo Norte<\/title>\n<meta name=\"robots\" content=\"index, follow, max-snippet:-1, max-image-preview:large, max-video-preview:-1\" \/>\n<link rel=\"canonical\" href=\"https:\/\/infoelnuevonorte.com\/?p=4520\" \/>\n<meta property=\"og:locale\" content=\"es_ES\" \/>\n<meta property=\"og:type\" content=\"article\" \/>\n<meta property=\"og:title\" content=\"Unidades especiales reforzar\u00e1n en los pr\u00f3ximos d\u00edas la zona fronteriza RD-Hait\u00ed | El Nuevo Norte\" \/>\n<meta property=\"og:description\" content=\"Dajab\u00f3n,-\u00a0El comandante general del\u00a0Ej\u00e9rcito\u00a0(ERD), mayor general Carlos Antonio Fern\u00e1ndez Onofre, inform\u00f3 que en los pr\u00f3ximos d\u00edas llegar\u00e1n m\u00e1s personal de refuerzo a la frontera entre\u00a0Rep\u00fablica Dominicana y Hait\u00ed. \u00a8Tenemos unas\u00a0unidades especiales\u00a0que est\u00e1n entrenando para venir a darle cumplimiento a su trabajo (\u2026) la poblaci\u00f3n dominicana puede estar tranquila\u00a8, indic\u00f3. En cuanto a la frontera, dijo [&hellip;]\" \/>\n<meta property=\"og:url\" content=\"https:\/\/infoelnuevonorte.com\/?p=4520\" \/>\n<meta property=\"og:site_name\" content=\"El Nuevo Norte\" \/>\n<meta property=\"article:publisher\" content=\"https:\/\/www.facebook.com\/infoenn\" \/>\n<meta property=\"article:published_time\" content=\"2023-11-12T17:06:40+00:00\" \/>\n<meta property=\"article:modified_time\" content=\"2023-11-12T17:06:41+00:00\" \/>\n<meta property=\"og:image\" content=\"https:\/\/infoelnuevonorte.com\/wp-content\/uploads\/2023\/11\/Ejercito-RD-01.png\" \/>\n\t<meta property=\"og:image:width\" content=\"733\" \/>\n\t<meta property=\"og:image:height\" content=\"424\" \/>\n\t<meta property=\"og:image:type\" content=\"image\/png\" \/>\n<meta name=\"author\" content=\"InfoEnn\" \/>\n<meta name=\"twitter:card\" content=\"summary_large_image\" \/>\n<meta name=\"twitter:creator\" content=\"@Elnuevo_norte\" \/>\n<meta name=\"twitter:site\" content=\"@Elnuevo_norte\" \/>\n<meta name=\"twitter:label1\" content=\"Written by\" \/>\n\t<meta name=\"twitter:data1\" content=\"InfoEnn\" \/>\n\t<meta name=\"twitter:label2\" content=\"Est. reading time\" \/>\n\t<meta name=\"twitter:data2\" content=\"3 minutos\" \/>\n<script type=\"application\/ld+json\" class=\"yoast-schema-graph\">{\"@context\":\"https:\/\/schema.org\",\"@graph\":[{\"@type\":\"Article\",\"@id\":\"https:\/\/infoelnuevonorte.com\/?p=4520#article\",\"isPartOf\":{\"@id\":\"https:\/\/infoelnuevonorte.com\/?p=4520\"},\"author\":{\"name\":\"InfoEnn\",\"@id\":\"https:\/\/infoelnuevonorte.com\/#\/schema\/person\/fd4f6d90afe41260818b4ea94ad8ab84\"},\"headline\":\"Unidades especiales reforzar\u00e1n en los pr\u00f3ximos d\u00edas la zona fronteriza RD-Hait\u00ed\",\"datePublished\":\"2023-11-12T17:06:40+00:00\",\"dateModified\":\"2023-11-12T17:06:41+00:00\",\"mainEntityOfPage\":{\"@id\":\"https:\/\/infoelnuevonorte.com\/?p=4520\"},\"wordCount\":452,\"publisher\":{\"@id\":\"https:\/\/infoelnuevonorte.com\/#organization\"},\"image\":{\"@id\":\"https:\/\/infoelnuevonorte.com\/?p=4520#primaryimage\"},\"thumbnailUrl\":\"https:\/\/n.com.do\/wp-content\/uploads\/2023\/10\/728x90.png%22\",\"articleSection\":[\"Actualidad |\",\"Nacionales\"],\"inLanguage\":\"es-DO\"},{\"@type\":\"WebPage\",\"@id\":\"https:\/\/infoelnuevonorte.com\/?p=4520\",\"url\":\"https:\/\/infoelnuevonorte.com\/?p=4520\",\"name\":\"Unidades especiales reforzar\u00e1n en los pr\u00f3ximos d\u00edas la zona fronteriza RD-Hait\u00ed | El Nuevo Norte\",\"isPartOf\":{\"@id\":\"https:\/\/infoelnuevonorte.com\/#website\"},\"primaryImageOfPage\":{\"@id\":\"https:\/\/infoelnuevonorte.com\/?p=4520#primaryimage\"},\"image\":{\"@id\":\"https:\/\/infoelnuevonorte.com\/?p=4520#primaryimage\"},\"thumbnailUrl\":\"https:\/\/n.com.do\/wp-content\/uploads\/2023\/10\/728x90.png%22\",\"datePublished\":\"2023-11-12T17:06:40+00:00\",\"dateModified\":\"2023-11-12T17:06:41+00:00\",\"breadcrumb\":{\"@id\":\"https:\/\/infoelnuevonorte.com\/?p=4520#breadcrumb\"},\"inLanguage\":\"es-DO\",\"potentialAction\":[{\"@type\":\"ReadAction\",\"target\":[\"https:\/\/infoelnuevonorte.com\/?p=4520\"]}]},{\"@type\":\"ImageObject\",\"inLanguage\":\"es-DO\",\"@id\":\"https:\/\/infoelnuevonorte.com\/?p=4520#primaryimage\",\"url\":\"https:\/\/n.com.do\/wp-content\/uploads\/2023\/10\/728x90.png%22\",\"contentUrl\":\"https:\/\/n.com.do\/wp-content\/uploads\/2023\/10\/728x90.png%22\"},{\"@type\":\"BreadcrumbList\",\"@id\":\"https:\/\/infoelnuevonorte.com\/?p=4520#breadcrumb\",\"itemListElement\":[{\"@type\":\"ListItem\",\"position\":1,\"name\":\"Home\",\"item\":\"https:\/\/infoelnuevonorte.com\/\"},{\"@type\":\"ListItem\",\"position\":2,\"name\":\"Unidades especiales reforzar\u00e1n en los pr\u00f3ximos d\u00edas la zona fronteriza RD-Hait\u00ed\"}]},{\"@type\":\"WebSite\",\"@id\":\"https:\/\/infoelnuevonorte.com\/#website\",\"url\":\"https:\/\/infoelnuevonorte.com\/\",\"name\":\"InfoEnn\",\"description\":\"Tu Voz, tu Verdad, tu Diario!!!\",\"publisher\":{\"@id\":\"https:\/\/infoelnuevonorte.com\/#organization\"},\"alternateName\":\"El Nuevo Norte\",\"potentialAction\":[{\"@type\":\"SearchAction\",\"target\":{\"@type\":\"EntryPoint\",\"urlTemplate\":\"https:\/\/infoelnuevonorte.com\/?s={search_term_string}\"},\"query-input\":{\"@type\":\"PropertyValueSpecification\",\"valueRequired\":true,\"valueName\":\"search_term_string\"}}],\"inLanguage\":\"es-DO\"},{\"@type\":\"Organization\",\"@id\":\"https:\/\/infoelnuevonorte.com\/#organization\",\"name\":\"Info El Nuevo Norte\",\"alternateName\":\"El Nuevo Norte\",\"url\":\"https:\/\/infoelnuevonorte.com\/\",\"logo\":{\"@type\":\"ImageObject\",\"inLanguage\":\"es-DO\",\"@id\":\"https:\/\/infoelnuevonorte.com\/#\/schema\/logo\/image\/\",\"url\":\"https:\/\/infoelnuevonorte.com\/wp-content\/uploads\/2026\/02\/Logo-Info-enn-3d-20ani.jpeg\",\"contentUrl\":\"https:\/\/infoelnuevonorte.com\/wp-content\/uploads\/2026\/02\/Logo-Info-enn-3d-20ani.jpeg\",\"width\":2046,\"height\":736,\"caption\":\"Info El Nuevo Norte\"},\"image\":{\"@id\":\"https:\/\/infoelnuevonorte.com\/#\/schema\/logo\/image\/\"},\"sameAs\":[\"https:\/\/www.facebook.com\/infoenn\",\"https:\/\/x.com\/Elnuevo_norte\",\"https:\/\/www.instagram.com\/infoenn\",\"https:\/\/www.facebook.com\/ENNRD\"]},{\"@type\":\"Person\",\"@id\":\"https:\/\/infoelnuevonorte.com\/#\/schema\/person\/fd4f6d90afe41260818b4ea94ad8ab84\",\"name\":\"InfoEnn\",\"image\":{\"@type\":\"ImageObject\",\"inLanguage\":\"es-DO\",\"@id\":\"https:\/\/infoelnuevonorte.com\/#\/schema\/person\/image\/\",\"url\":\"https:\/\/secure.gravatar.com\/avatar\/d4d760a41a48ba9db0a82bfb63bb0783?s=96&d=robohash&r=g\",\"contentUrl\":\"https:\/\/secure.gravatar.com\/avatar\/d4d760a41a48ba9db0a82bfb63bb0783?s=96&d=robohash&r=g\",\"caption\":\"InfoEnn\"},\"sameAs\":[\"https:\/\/infoelnuevonorte.com\"],\"url\":\"https:\/\/infoelnuevonorte.com\/?author=1\"}]}<\/script>\n<!-- \/ Yoast SEO plugin. -->","yoast_head_json":{"title":"Unidades especiales reforzar\u00e1n en los pr\u00f3ximos d\u00edas la zona fronteriza RD-Hait\u00ed | El Nuevo Norte","robots":{"index":"index","follow":"follow","max-snippet":"max-snippet:-1","max-image-preview":"max-image-preview:large","max-video-preview":"max-video-preview:-1"},"canonical":"https:\/\/infoelnuevonorte.com\/?p=4520","og_locale":"es_ES","og_type":"article","og_title":"Unidades especiales reforzar\u00e1n en los pr\u00f3ximos d\u00edas la zona fronteriza RD-Hait\u00ed | El Nuevo Norte","og_description":"Dajab\u00f3n,-\u00a0El comandante general del\u00a0Ej\u00e9rcito\u00a0(ERD), mayor general Carlos Antonio Fern\u00e1ndez Onofre, inform\u00f3 que en los pr\u00f3ximos d\u00edas llegar\u00e1n m\u00e1s personal de refuerzo a la frontera entre\u00a0Rep\u00fablica Dominicana y Hait\u00ed. \u00a8Tenemos unas\u00a0unidades especiales\u00a0que est\u00e1n entrenando para venir a darle cumplimiento a su trabajo (\u2026) la poblaci\u00f3n dominicana puede estar tranquila\u00a8, indic\u00f3. En cuanto a la frontera, dijo [&hellip;]","og_url":"https:\/\/infoelnuevonorte.com\/?p=4520","og_site_name":"El Nuevo Norte","article_publisher":"https:\/\/www.facebook.com\/infoenn","article_published_time":"2023-11-12T17:06:40+00:00","article_modified_time":"2023-11-12T17:06:41+00:00","og_image":[{"width":733,"height":424,"url":"https:\/\/infoelnuevonorte.com\/wp-content\/uploads\/2023\/11\/Ejercito-RD-01.png","type":"image\/png"}],"author":"InfoEnn","twitter_card":"summary_large_image","twitter_creator":"@Elnuevo_norte","twitter_site":"@Elnuevo_norte","twitter_misc":{"Written by":"InfoEnn","Est. reading time":"3 minutos"},"schema":{"@context":"https:\/\/schema.org","@graph":[{"@type":"Article","@id":"https:\/\/infoelnuevonorte.com\/?p=4520#article","isPartOf":{"@id":"https:\/\/infoelnuevonorte.com\/?p=4520"},"author":{"name":"InfoEnn","@id":"https:\/\/infoelnuevonorte.com\/#\/schema\/person\/fd4f6d90afe41260818b4ea94ad8ab84"},"headline":"Unidades especiales reforzar\u00e1n en los pr\u00f3ximos d\u00edas la zona fronteriza RD-Hait\u00ed","datePublished":"2023-11-12T17:06:40+00:00","dateModified":"2023-11-12T17:06:41+00:00","mainEntityOfPage":{"@id":"https:\/\/infoelnuevonorte.com\/?p=4520"},"wordCount":452,"publisher":{"@id":"https:\/\/infoelnuevonorte.com\/#organization"},"image":{"@id":"https:\/\/infoelnuevonorte.com\/?p=4520#primaryimage"},"thumbnailUrl":"https:\/\/n.com.do\/wp-content\/uploads\/2023\/10\/728x90.png%22","articleSection":["Actualidad |","Nacionales"],"inLanguage":"es-DO"},{"@type":"WebPage","@id":"https:\/\/infoelnuevonorte.com\/?p=4520","url":"https:\/\/infoelnuevonorte.com\/?p=4520","name":"Unidades especiales reforzar\u00e1n en los pr\u00f3ximos d\u00edas la zona fronteriza RD-Hait\u00ed | El Nuevo Norte","isPartOf":{"@id":"https:\/\/infoelnuevonorte.com\/#website"},"primaryImageOfPage":{"@id":"https:\/\/infoelnuevonorte.com\/?p=4520#primaryimage"},"image":{"@id":"https:\/\/infoelnuevonorte.com\/?p=4520#primaryimage"},"thumbnailUrl":"https:\/\/n.com.do\/wp-content\/uploads\/2023\/10\/728x90.png%22","datePublished":"2023-11-12T17:06:40+00:00","dateModified":"2023-11-12T17:06:41+00:00","breadcrumb":{"@id":"https:\/\/infoelnuevonorte.com\/?p=4520#breadcrumb"},"inLanguage":"es-DO","potentialAction":[{"@type":"ReadAction","target":["https:\/\/infoelnuevonorte.com\/?p=4520"]}]},{"@type":"ImageObject","inLanguage":"es-DO","@id":"https:\/\/infoelnuevonorte.com\/?p=4520#primaryimage","url":"https:\/\/n.com.do\/wp-content\/uploads\/2023\/10\/728x90.png%22","contentUrl":"https:\/\/n.com.do\/wp-content\/uploads\/2023\/10\/728x90.png%22"},{"@type":"BreadcrumbList","@id":"https:\/\/infoelnuevonorte.com\/?p=4520#breadcrumb","itemListElement":[{"@type":"ListItem","position":1,"name":"Home","item":"https:\/\/infoelnuevonorte.com\/"},{"@type":"ListItem","position":2,"name":"Unidades especiales reforzar\u00e1n en los pr\u00f3ximos d\u00edas la zona fronteriza RD-Hait\u00ed"}]},{"@type":"WebSite","@id":"https:\/\/infoelnuevonorte.com\/#website","url":"https:\/\/infoelnuevonorte.com\/","name":"InfoEnn","description":"Tu Voz, tu Verdad, tu Diario!!!","publisher":{"@id":"https:\/\/infoelnuevonorte.com\/#organization"},"alternateName":"El Nuevo Norte","potentialAction":[{"@type":"SearchAction","target":{"@type":"EntryPoint","urlTemplate":"https:\/\/infoelnuevonorte.com\/?s={search_term_string}"},"query-input":{"@type":"PropertyValueSpecification","valueRequired":true,"valueName":"search_term_string"}}],"inLanguage":"es-DO"},{"@type":"Organization","@id":"https:\/\/infoelnuevonorte.com\/#organization","name":"Info El Nuevo Norte","alternateName":"El Nuevo Norte","url":"https:\/\/infoelnuevonorte.com\/","logo":{"@type":"ImageObject","inLanguage":"es-DO","@id":"https:\/\/infoelnuevonorte.com\/#\/schema\/logo\/image\/","url":"https:\/\/infoelnuevonorte.com\/wp-content\/uploads\/2026\/02\/Logo-Info-enn-3d-20ani.jpeg","contentUrl":"https:\/\/infoelnuevonorte.com\/wp-content\/uploads\/2026\/02\/Logo-Info-enn-3d-20ani.jpeg","width":2046,"height":736,"caption":"Info El Nuevo Norte"},"image":{"@id":"https:\/\/infoelnuevonorte.com\/#\/schema\/logo\/image\/"},"sameAs":["https:\/\/www.facebook.com\/infoenn","https:\/\/x.com\/Elnuevo_norte","https:\/\/www.instagram.com\/infoenn","https:\/\/www.facebook.com\/ENNRD"]},{"@type":"Person","@id":"https:\/\/infoelnuevonorte.com\/#\/schema\/person\/fd4f6d90afe41260818b4ea94ad8ab84","name":"InfoEnn","image":{"@type":"ImageObject","inLanguage":"es-DO","@id":"https:\/\/infoelnuevonorte.com\/#\/schema\/person\/image\/","url":"https:\/\/secure.gravatar.com\/avatar\/d4d760a41a48ba9db0a82bfb63bb0783?s=96&d=robohash&r=g","contentUrl":"https:\/\/secure.gravatar.com\/avatar\/d4d760a41a48ba9db0a82bfb63bb0783?s=96&d=robohash&r=g","caption":"InfoEnn"},"sameAs":["https:\/\/infoelnuevonorte.com"],"url":"https:\/\/infoelnuevonorte.com\/?author=1"}]}},"_links":{"self":[{"href":"https:\/\/infoelnuevonorte.com\/index.php?rest_route=\/wp\/v2\/posts\/4520"}],"collection":[{"href":"https:\/\/infoelnuevonorte.com\/index.php?rest_route=\/wp\/v2\/posts"}],"about":[{"href":"https:\/\/infoelnuevonorte.com\/index.php?rest_route=\/wp\/v2\/types\/post"}],"author":[{"embeddable":true,"href":"https:\/\/infoelnuevonorte.com\/index.php?rest_route=\/wp\/v2\/users\/1"}],"replies":[{"embeddable":true,"href":"https:\/\/infoelnuevonorte.com\/index.php?rest_route=%2Fwp%2Fv2%2Fcomments&post=4520"}],"version-history":[{"count":0,"href":"https:\/\/infoelnuevonorte.com\/index.php?rest_route=\/wp\/v2\/posts\/4520\/revisions"}],"wp:attachment":[{"href":"https:\/\/infoelnuevonorte.com\/index.php?rest_route=%2Fwp%2Fv2%2Fmedia&parent=4520"}],"wp:term":[{"taxonomy":"category","embeddable":true,"href":"https:\/\/infoelnuevonorte.com\/index.php?rest_route=%2Fwp%2Fv2%2Fcategories&post=4520"},{"taxonomy":"post_tag","embeddable":true,"href":"https:\/\/infoelnuevonorte.com\/index.php?rest_route=%2Fwp%2Fv2%2Ftags&post=4520"}],"curies":[{"name":"wp","href":"https:\/\/api.w.org\/{rel}","templated":true}]}}