{"id":46050,"date":"2024-08-23T12:30:43","date_gmt":"2024-08-23T16:30:43","guid":{"rendered":"https:\/\/infoelnuevonorte.com\/?p=46050"},"modified":"2024-08-23T12:30:45","modified_gmt":"2024-08-23T16:30:45","slug":"la-chancleta-la-nueva-colaboracion-musical-de-chimbala-carin-leon-y-carlos-vives","status":"publish","type":"post","link":"https:\/\/infoelnuevonorte.com\/?p=46050","title":{"rendered":"\"La chancleta\": la nueva colaboraci\u00f3n musical de Chimbala, Car\u00edn Le\u00f3n y Carlos Vives"},"content":{"rendered":"<!--[if lt IE 9]><script>document.createElement('audio');<\/script><![endif]-->\n<audio class=\"wp-audio-shortcode\" id=\"audio-46050-1\" preload=\"none\" style=\"width: 100%;\" controls=\"controls\"><source type=\"audio\/mpeg\" src=\"https:\/\/infoelnuevonorte.com\/wp-content\/uploads\/2024\/08\/ttsmaker-vip-file-2024-8-23-12-27-47.mp3?_=1\" \/><a href=\"https:\/\/infoelnuevonorte.com\/wp-content\/uploads\/2024\/08\/ttsmaker-vip-file-2024-8-23-12-27-47.mp3\">https:\/\/infoelnuevonorte.com\/wp-content\/uploads\/2024\/08\/ttsmaker-vip-file-2024-8-23-12-27-47.mp3<\/a><\/audio>\n<p style=\"text-align: justify\">El exponente urbano dominicano\u00a0<strong>Chimbala<\/strong>\u00a0ha unido su voz a la del cantante mexicano\u00a0<strong>Car\u00edn Le\u00f3n<\/strong>\u00a0y a la del cantautor colombiano\u00a0<strong>Carlos Vives<\/strong>, con quienes grab\u00f3 la\u00a0<strong>canci\u00f3n<\/strong>\u00a0\"<strong>La chancleta<\/strong>\".<\/p>\n<p style=\"text-align: justify\">En este tema, los artistas se sumergen en la\u00a0<strong>tropicalidad<\/strong>\u00a0caribe\u00f1a, dando como resultado una propuesta que reafirma su gran versatilidad para\u00a0<strong>colaborar<\/strong>\u00a0musicalmente con artistas de otros g\u00e9neros.<\/p>\n<p style=\"text-align: justify\">De acuerdo al exponente criollo, para \u00e9l ha sido m\u00e1s que un\u00a0<strong>honor<\/strong>, un gran\u00a0<strong>privilegio<\/strong>, poder participar en un proyecto con dos figuras respetadas de la industria. \"Para m\u00ed ha sido un grato\u00a0<strong>honor<\/strong>\u00a0participar en esta\u00a0<strong>canci\u00f3n<\/strong>\u00a0con dos figuras de gran renombre a nivel internacional, es un sue\u00f1o del que no quiero despertar. Estoy emocionado y feliz\", subray\u00f3 Leury Jos\u00e9 Tejeda Brito, nombre de pila de \"<strong>Chimbala<\/strong>\".<\/p>\n<p style=\"text-align: justify\">El tema fue compuesto por los int\u00e9rpretes junto a Santiago de Jes\u00fas, Geraldy Reyez Volquez y Bryan Peguero (B-One), quien tambi\u00e9n estuvo en la\u00a0<strong>producci\u00f3n<\/strong>\u00a0junto\u00a0<strong>a\u00a0<\/strong>Andr\u00e9s Leal.<\/p>\n<p style=\"text-align: justify\">En el sencillo, la\u00a0<strong>chancla<\/strong>\u00a0o chancleta \u2013un s\u00edmbolo cultural latino\u2013 se convierte en el hilo conductor de esta historia de superaci\u00f3n de una\u00a0<strong>ruptura amorosa<\/strong>, en donde no hay tiempo para el despecho sino para el disfrute de la vida y de las amistades.<\/p>\n<p style=\"text-align: justify\">A la\u00a0<strong>canci\u00f3n<\/strong>\u00a0que se lanz\u00f3 mundialmente este mi\u00e9rcoles, se le hizo un atractivo\u00a0<strong>video-clip<\/strong>\u00a0como apoyo visual y con una calidad inigualable. Est\u00e1 disponible en todas las\u00a0<strong>plataformas digitales<\/strong>.<\/p>\n<p style=\"text-align: justify\">Se trata de una poderosa colaboraci\u00f3n de\u00a0<strong>Car\u00edn Le\u00f3n<\/strong>, marcada por ritmos tropicales y sabores de la costa de Colombia, representada por\u00a0<strong>Carlos Vives<\/strong>, y el dembow dominicano de\u00a0<strong>Chimbala<\/strong>, resultando as\u00ed en una uni\u00f3n latina de ensue\u00f1o.<\/p>\n\n\n<figure class=\"wp-block-embed is-type-video is-provider-youtube wp-block-embed-youtube wp-embed-aspect-16-9 wp-has-aspect-ratio\"><div class=\"wp-block-embed__wrapper\">\n<iframe loading=\"lazy\" hcb-fetch-image-from=\"https:\/\/youtu.be\/bcuJ6xmjHac\" title=\"Carin Le\u00f3n, Carlos Vives, Chimbala - La Chancleta [Official Video]\" width=\"696\" height=\"392\" src=\"https:\/\/www.youtube.com\/embed\/bcuJ6xmjHac?feature=oembed\" frameborder=\"0\" allow=\"accelerometer; autoplay; clipboard-write; encrypted-media; gyroscope; picture-in-picture; web-share\" referrerpolicy=\"strict-origin-when-cross-origin\" allowfullscreen><\/iframe>\n<\/div><\/figure>\n\n\n<p style=\"text-align: justify\"><strong>Chimbala<\/strong>\u00a0cuenta con m\u00e1s de 9 millones de oyentes en\u00a0<strong>Spotify<\/strong>\u00a0y 3.5 millones de suscriptores en\u00a0<strong>YouTube<\/strong>\u00a0donde ha acumulado m\u00e1s de mil millones de visitas en su canal.<\/p>\n<h2 style=\"text-align: justify\"><strong>M\u00e1s<\/strong><\/h2>\n<ul style=\"text-align: justify\">\n<li>Ha colocado en el gusto popular varias canciones como \"Feliz\", \"Esta s\u00ed\", \"Se me nota\", \"Loco\" y \"Waoo BB\", entre otros.<\/li>\n<\/ul>\n<p style=\"text-align: justify\">\u00a0<\/p>\n<ul style=\"text-align: justify\">\n<li>A sus logros se suman distinciones en reconocidas premiaciones nacionales e internacionales.<\/li>\n<\/ul>\n<p style=\"text-align: justify\">\u00a0<\/p>\n<ul style=\"text-align: justify\">\n<li>Tiene colaboraciones con Wisin, Arc\u00e1ngel, Luis R Conriquez, Juan Mag\u00e1n, Guaynaa, Farruko, Jay Wheeler, Juhn All Star, Lenny Tav\u00e1rez, Zion, Lennox, J Quiles, Omega, Natty Natasha, El Alfa, entre otros.<\/li>\n<\/ul>\n<p style=\"text-align: justify\">\u00a0<\/p>\n<ul style=\"text-align: justify\">\n<li>Se ha convertido en un l\u00edder del g\u00e9nero urbano dominicano.<\/li>\n<\/ul>\n<div class=\"w-full pt-2 float-left inside-related\" style=\"text-align: justify\">\u00a0<\/div>","protected":false},"excerpt":{"rendered":"<p>El exponente urbano dominicano\u00a0Chimbala\u00a0ha unido su voz a la del cantante mexicano\u00a0Car\u00edn Le\u00f3n\u00a0y a la del cantautor colombiano\u00a0Carlos Vives, con quienes grab\u00f3 la\u00a0canci\u00f3n\u00a0\"La chancleta\". En este tema, los artistas se sumergen en la\u00a0tropicalidad\u00a0caribe\u00f1a, dando como resultado una propuesta que reafirma su gran versatilidad para\u00a0colaborar\u00a0musicalmente con artistas de otros g\u00e9neros. De acuerdo al exponente criollo, para [&hellip;]<\/p>\n","protected":false},"author":2,"featured_media":0,"comment_status":"closed","ping_status":"open","sticky":false,"template":"","format":"standard","meta":{"footnotes":""},"categories":[11,12],"tags":[],"yoast_head":"<!-- This site is optimized with the Yoast SEO plugin v24.5 - https:\/\/yoast.com\/wordpress\/plugins\/seo\/ -->\n<title>&quot;La chancleta&quot;: la nueva colaboraci\u00f3n musical de Chimbala, Car\u00edn Le\u00f3n y Carlos Vives | El Nuevo Norte<\/title>\n<meta name=\"robots\" content=\"index, follow, max-snippet:-1, max-image-preview:large, max-video-preview:-1\" \/>\n<link rel=\"canonical\" href=\"https:\/\/infoelnuevonorte.com\/?p=46050\" \/>\n<meta property=\"og:locale\" content=\"es_ES\" \/>\n<meta property=\"og:type\" content=\"article\" \/>\n<meta property=\"og:title\" content=\"&quot;La chancleta&quot;: la nueva colaboraci\u00f3n musical de Chimbala, Car\u00edn Le\u00f3n y Carlos Vives | El Nuevo Norte\" \/>\n<meta property=\"og:description\" content=\"El exponente urbano dominicano\u00a0Chimbala\u00a0ha unido su voz a la del cantante mexicano\u00a0Car\u00edn Le\u00f3n\u00a0y a la del cantautor colombiano\u00a0Carlos Vives, con quienes grab\u00f3 la\u00a0canci\u00f3n\u00a0&quot;La chancleta&quot;. En este tema, los artistas se sumergen en la\u00a0tropicalidad\u00a0caribe\u00f1a, dando como resultado una propuesta que reafirma su gran versatilidad para\u00a0colaborar\u00a0musicalmente con artistas de otros g\u00e9neros. De acuerdo al exponente criollo, para [&hellip;]\" \/>\n<meta property=\"og:url\" content=\"https:\/\/infoelnuevonorte.com\/?p=46050\" \/>\n<meta property=\"og:site_name\" content=\"El Nuevo Norte\" \/>\n<meta property=\"article:publisher\" content=\"https:\/\/www.facebook.com\/infoenn\" \/>\n<meta property=\"article:published_time\" content=\"2024-08-23T16:30:43+00:00\" \/>\n<meta property=\"article:modified_time\" content=\"2024-08-23T16:30:45+00:00\" \/>\n<meta property=\"og:image\" content=\"https:\/\/infoelnuevonorte.com\/wp-content\/uploads\/2024\/08\/descarga-2024-08-23T123025.469.png\" \/>\n\t<meta property=\"og:image:width\" content=\"896\" \/>\n\t<meta property=\"og:image:height\" content=\"504\" \/>\n\t<meta property=\"og:image:type\" content=\"image\/png\" \/>\n<meta name=\"author\" content=\"T. R.\" \/>\n<meta name=\"twitter:card\" content=\"summary_large_image\" \/>\n<meta name=\"twitter:creator\" content=\"@Elnuevo_norte\" \/>\n<meta name=\"twitter:site\" content=\"@Elnuevo_norte\" \/>\n<meta name=\"twitter:label1\" content=\"Written by\" \/>\n\t<meta name=\"twitter:data1\" content=\"T. R.\" \/>\n\t<meta name=\"twitter:label2\" content=\"Est. reading time\" \/>\n\t<meta name=\"twitter:data2\" content=\"2 minutos\" \/>\n<script type=\"application\/ld+json\" class=\"yoast-schema-graph\">{\"@context\":\"https:\/\/schema.org\",\"@graph\":[{\"@type\":\"Article\",\"@id\":\"https:\/\/infoelnuevonorte.com\/?p=46050#article\",\"isPartOf\":{\"@id\":\"https:\/\/infoelnuevonorte.com\/?p=46050\"},\"author\":{\"name\":\"T. R.\",\"@id\":\"https:\/\/infoelnuevonorte.com\/#\/schema\/person\/3accb35eb55f55e96c492b52d085a403\"},\"headline\":\"\\\"La chancleta\\\": la nueva colaboraci\u00f3n musical de Chimbala, Car\u00edn Le\u00f3n y Carlos Vives\",\"datePublished\":\"2024-08-23T16:30:43+00:00\",\"dateModified\":\"2024-08-23T16:30:45+00:00\",\"mainEntityOfPage\":{\"@id\":\"https:\/\/infoelnuevonorte.com\/?p=46050\"},\"wordCount\":440,\"publisher\":{\"@id\":\"https:\/\/infoelnuevonorte.com\/#organization\"},\"articleSection\":[\"Entretenimiento\",\"Musica &amp; Far\u00e1ndula\"],\"inLanguage\":\"es-DO\"},{\"@type\":\"WebPage\",\"@id\":\"https:\/\/infoelnuevonorte.com\/?p=46050\",\"url\":\"https:\/\/infoelnuevonorte.com\/?p=46050\",\"name\":\"\\\"La chancleta\\\": la nueva colaboraci\u00f3n musical de Chimbala, Car\u00edn Le\u00f3n y Carlos Vives | El Nuevo Norte\",\"isPartOf\":{\"@id\":\"https:\/\/infoelnuevonorte.com\/#website\"},\"datePublished\":\"2024-08-23T16:30:43+00:00\",\"dateModified\":\"2024-08-23T16:30:45+00:00\",\"breadcrumb\":{\"@id\":\"https:\/\/infoelnuevonorte.com\/?p=46050#breadcrumb\"},\"inLanguage\":\"es-DO\",\"potentialAction\":[{\"@type\":\"ReadAction\",\"target\":[\"https:\/\/infoelnuevonorte.com\/?p=46050\"]}]},{\"@type\":\"BreadcrumbList\",\"@id\":\"https:\/\/infoelnuevonorte.com\/?p=46050#breadcrumb\",\"itemListElement\":[{\"@type\":\"ListItem\",\"position\":1,\"name\":\"Home\",\"item\":\"https:\/\/infoelnuevonorte.com\/\"},{\"@type\":\"ListItem\",\"position\":2,\"name\":\"&#8220;La chancleta&#8221;: la nueva colaboraci\u00f3n musical de Chimbala, Car\u00edn Le\u00f3n y Carlos Vives\"}]},{\"@type\":\"WebSite\",\"@id\":\"https:\/\/infoelnuevonorte.com\/#website\",\"url\":\"https:\/\/infoelnuevonorte.com\/\",\"name\":\"InfoEnn\",\"description\":\"Tu Voz, tu Verdad, tu Diario!!!\",\"publisher\":{\"@id\":\"https:\/\/infoelnuevonorte.com\/#organization\"},\"alternateName\":\"El Nuevo Norte\",\"potentialAction\":[{\"@type\":\"SearchAction\",\"target\":{\"@type\":\"EntryPoint\",\"urlTemplate\":\"https:\/\/infoelnuevonorte.com\/?s={search_term_string}\"},\"query-input\":{\"@type\":\"PropertyValueSpecification\",\"valueRequired\":true,\"valueName\":\"search_term_string\"}}],\"inLanguage\":\"es-DO\"},{\"@type\":\"Organization\",\"@id\":\"https:\/\/infoelnuevonorte.com\/#organization\",\"name\":\"Info El Nuevo Norte\",\"alternateName\":\"El Nuevo Norte\",\"url\":\"https:\/\/infoelnuevonorte.com\/\",\"logo\":{\"@type\":\"ImageObject\",\"inLanguage\":\"es-DO\",\"@id\":\"https:\/\/infoelnuevonorte.com\/#\/schema\/logo\/image\/\",\"url\":\"https:\/\/infoelnuevonorte.com\/wp-content\/uploads\/2026\/02\/Logo-Info-enn-3d-20ani.jpeg\",\"contentUrl\":\"https:\/\/infoelnuevonorte.com\/wp-content\/uploads\/2026\/02\/Logo-Info-enn-3d-20ani.jpeg\",\"width\":2046,\"height\":736,\"caption\":\"Info El Nuevo Norte\"},\"image\":{\"@id\":\"https:\/\/infoelnuevonorte.com\/#\/schema\/logo\/image\/\"},\"sameAs\":[\"https:\/\/www.facebook.com\/infoenn\",\"https:\/\/x.com\/Elnuevo_norte\",\"https:\/\/www.instagram.com\/infoenn\",\"https:\/\/www.facebook.com\/ENNRD\"]},{\"@type\":\"Person\",\"@id\":\"https:\/\/infoelnuevonorte.com\/#\/schema\/person\/3accb35eb55f55e96c492b52d085a403\",\"name\":\"T. R.\",\"image\":{\"@type\":\"ImageObject\",\"inLanguage\":\"es-DO\",\"@id\":\"https:\/\/infoelnuevonorte.com\/#\/schema\/person\/image\/\",\"url\":\"https:\/\/secure.gravatar.com\/avatar\/40543a038bda97abdb765b1662e9677d?s=96&d=robohash&r=g\",\"contentUrl\":\"https:\/\/secure.gravatar.com\/avatar\/40543a038bda97abdb765b1662e9677d?s=96&d=robohash&r=g\",\"caption\":\"T. R.\"},\"url\":\"https:\/\/infoelnuevonorte.com\/?author=2\"}]}<\/script>\n<!-- \/ Yoast SEO plugin. -->","yoast_head_json":{"title":"\"La chancleta\": la nueva colaboraci\u00f3n musical de Chimbala, Car\u00edn Le\u00f3n y Carlos Vives | El Nuevo Norte","robots":{"index":"index","follow":"follow","max-snippet":"max-snippet:-1","max-image-preview":"max-image-preview:large","max-video-preview":"max-video-preview:-1"},"canonical":"https:\/\/infoelnuevonorte.com\/?p=46050","og_locale":"es_ES","og_type":"article","og_title":"\"La chancleta\": la nueva colaboraci\u00f3n musical de Chimbala, Car\u00edn Le\u00f3n y Carlos Vives | El Nuevo Norte","og_description":"El exponente urbano dominicano\u00a0Chimbala\u00a0ha unido su voz a la del cantante mexicano\u00a0Car\u00edn Le\u00f3n\u00a0y a la del cantautor colombiano\u00a0Carlos Vives, con quienes grab\u00f3 la\u00a0canci\u00f3n\u00a0\"La chancleta\". En este tema, los artistas se sumergen en la\u00a0tropicalidad\u00a0caribe\u00f1a, dando como resultado una propuesta que reafirma su gran versatilidad para\u00a0colaborar\u00a0musicalmente con artistas de otros g\u00e9neros. De acuerdo al exponente criollo, para [&hellip;]","og_url":"https:\/\/infoelnuevonorte.com\/?p=46050","og_site_name":"El Nuevo Norte","article_publisher":"https:\/\/www.facebook.com\/infoenn","article_published_time":"2024-08-23T16:30:43+00:00","article_modified_time":"2024-08-23T16:30:45+00:00","og_image":[{"width":896,"height":504,"url":"https:\/\/infoelnuevonorte.com\/wp-content\/uploads\/2024\/08\/descarga-2024-08-23T123025.469.png","type":"image\/png"}],"author":"T. R.","twitter_card":"summary_large_image","twitter_creator":"@Elnuevo_norte","twitter_site":"@Elnuevo_norte","twitter_misc":{"Written by":"T. R.","Est. reading time":"2 minutos"},"schema":{"@context":"https:\/\/schema.org","@graph":[{"@type":"Article","@id":"https:\/\/infoelnuevonorte.com\/?p=46050#article","isPartOf":{"@id":"https:\/\/infoelnuevonorte.com\/?p=46050"},"author":{"name":"T. R.","@id":"https:\/\/infoelnuevonorte.com\/#\/schema\/person\/3accb35eb55f55e96c492b52d085a403"},"headline":"\"La chancleta\": la nueva colaboraci\u00f3n musical de Chimbala, Car\u00edn Le\u00f3n y Carlos Vives","datePublished":"2024-08-23T16:30:43+00:00","dateModified":"2024-08-23T16:30:45+00:00","mainEntityOfPage":{"@id":"https:\/\/infoelnuevonorte.com\/?p=46050"},"wordCount":440,"publisher":{"@id":"https:\/\/infoelnuevonorte.com\/#organization"},"articleSection":["Entretenimiento","Musica &amp; Far\u00e1ndula"],"inLanguage":"es-DO"},{"@type":"WebPage","@id":"https:\/\/infoelnuevonorte.com\/?p=46050","url":"https:\/\/infoelnuevonorte.com\/?p=46050","name":"\"La chancleta\": la nueva colaboraci\u00f3n musical de Chimbala, Car\u00edn Le\u00f3n y Carlos Vives | El Nuevo Norte","isPartOf":{"@id":"https:\/\/infoelnuevonorte.com\/#website"},"datePublished":"2024-08-23T16:30:43+00:00","dateModified":"2024-08-23T16:30:45+00:00","breadcrumb":{"@id":"https:\/\/infoelnuevonorte.com\/?p=46050#breadcrumb"},"inLanguage":"es-DO","potentialAction":[{"@type":"ReadAction","target":["https:\/\/infoelnuevonorte.com\/?p=46050"]}]},{"@type":"BreadcrumbList","@id":"https:\/\/infoelnuevonorte.com\/?p=46050#breadcrumb","itemListElement":[{"@type":"ListItem","position":1,"name":"Home","item":"https:\/\/infoelnuevonorte.com\/"},{"@type":"ListItem","position":2,"name":"&#8220;La chancleta&#8221;: la nueva colaboraci\u00f3n musical de Chimbala, Car\u00edn Le\u00f3n y Carlos Vives"}]},{"@type":"WebSite","@id":"https:\/\/infoelnuevonorte.com\/#website","url":"https:\/\/infoelnuevonorte.com\/","name":"InfoEnn","description":"Tu Voz, tu Verdad, tu Diario!!!","publisher":{"@id":"https:\/\/infoelnuevonorte.com\/#organization"},"alternateName":"El Nuevo Norte","potentialAction":[{"@type":"SearchAction","target":{"@type":"EntryPoint","urlTemplate":"https:\/\/infoelnuevonorte.com\/?s={search_term_string}"},"query-input":{"@type":"PropertyValueSpecification","valueRequired":true,"valueName":"search_term_string"}}],"inLanguage":"es-DO"},{"@type":"Organization","@id":"https:\/\/infoelnuevonorte.com\/#organization","name":"Info El Nuevo Norte","alternateName":"El Nuevo Norte","url":"https:\/\/infoelnuevonorte.com\/","logo":{"@type":"ImageObject","inLanguage":"es-DO","@id":"https:\/\/infoelnuevonorte.com\/#\/schema\/logo\/image\/","url":"https:\/\/infoelnuevonorte.com\/wp-content\/uploads\/2026\/02\/Logo-Info-enn-3d-20ani.jpeg","contentUrl":"https:\/\/infoelnuevonorte.com\/wp-content\/uploads\/2026\/02\/Logo-Info-enn-3d-20ani.jpeg","width":2046,"height":736,"caption":"Info El Nuevo Norte"},"image":{"@id":"https:\/\/infoelnuevonorte.com\/#\/schema\/logo\/image\/"},"sameAs":["https:\/\/www.facebook.com\/infoenn","https:\/\/x.com\/Elnuevo_norte","https:\/\/www.instagram.com\/infoenn","https:\/\/www.facebook.com\/ENNRD"]},{"@type":"Person","@id":"https:\/\/infoelnuevonorte.com\/#\/schema\/person\/3accb35eb55f55e96c492b52d085a403","name":"T. R.","image":{"@type":"ImageObject","inLanguage":"es-DO","@id":"https:\/\/infoelnuevonorte.com\/#\/schema\/person\/image\/","url":"https:\/\/secure.gravatar.com\/avatar\/40543a038bda97abdb765b1662e9677d?s=96&d=robohash&r=g","contentUrl":"https:\/\/secure.gravatar.com\/avatar\/40543a038bda97abdb765b1662e9677d?s=96&d=robohash&r=g","caption":"T. R."},"url":"https:\/\/infoelnuevonorte.com\/?author=2"}]}},"_links":{"self":[{"href":"https:\/\/infoelnuevonorte.com\/index.php?rest_route=\/wp\/v2\/posts\/46050"}],"collection":[{"href":"https:\/\/infoelnuevonorte.com\/index.php?rest_route=\/wp\/v2\/posts"}],"about":[{"href":"https:\/\/infoelnuevonorte.com\/index.php?rest_route=\/wp\/v2\/types\/post"}],"author":[{"embeddable":true,"href":"https:\/\/infoelnuevonorte.com\/index.php?rest_route=\/wp\/v2\/users\/2"}],"replies":[{"embeddable":true,"href":"https:\/\/infoelnuevonorte.com\/index.php?rest_route=%2Fwp%2Fv2%2Fcomments&post=46050"}],"version-history":[{"count":0,"href":"https:\/\/infoelnuevonorte.com\/index.php?rest_route=\/wp\/v2\/posts\/46050\/revisions"}],"wp:attachment":[{"href":"https:\/\/infoelnuevonorte.com\/index.php?rest_route=%2Fwp%2Fv2%2Fmedia&parent=46050"}],"wp:term":[{"taxonomy":"category","embeddable":true,"href":"https:\/\/infoelnuevonorte.com\/index.php?rest_route=%2Fwp%2Fv2%2Fcategories&post=46050"},{"taxonomy":"post_tag","embeddable":true,"href":"https:\/\/infoelnuevonorte.com\/index.php?rest_route=%2Fwp%2Fv2%2Ftags&post=46050"}],"curies":[{"name":"wp","href":"https:\/\/api.w.org\/{rel}","templated":true}]}}