{"id":46462,"date":"2024-08-24T23:16:38","date_gmt":"2024-08-25T03:16:38","guid":{"rendered":"https:\/\/infoelnuevonorte.com\/?p=46462"},"modified":"2024-08-24T23:16:41","modified_gmt":"2024-08-25T03:16:41","slug":"ola-de-incendios-en-sao-paulo-causa-dos-muertos-y-pone-en-alerta-maxima-a-34-ciudades","status":"publish","type":"post","link":"https:\/\/infoelnuevonorte.com\/?p=46462","title":{"rendered":"Ola de incendios en S\u00e3o Paulo causa dos muertos y pone en alerta m\u00e1xima a 34 ciudades"},"content":{"rendered":"\n<p><a href=\"https:\/\/deultimominuto.net\/category\/internacionales\/\"><\/a><\/p>\n\n\n<div class=\"td_block_wrap tdb_single_content tdi_362 td-pb-border-top td_block_template_1 td-post-content tagdiv-type\" data-td-block-uid=\"tdi_362\">\n<div class=\"tdb-block-inner td-fix-index\">\n<!--[if lt IE 9]><script>document.createElement('audio');<\/script><![endif]-->\n<audio class=\"wp-audio-shortcode\" id=\"audio-46462-1\" preload=\"none\" style=\"width: 100%;\" controls=\"controls\"><source type=\"audio\/mpeg\" src=\"https:\/\/infoelnuevonorte.com\/wp-content\/uploads\/2024\/08\/ttsmaker-vip-file-2024-8-24-23-14-35.mp3?_=1\" \/><a href=\"https:\/\/infoelnuevonorte.com\/wp-content\/uploads\/2024\/08\/ttsmaker-vip-file-2024-8-24-23-14-35.mp3\">https:\/\/infoelnuevonorte.com\/wp-content\/uploads\/2024\/08\/ttsmaker-vip-file-2024-8-24-23-14-35.mp3<\/a><\/audio>\n<p style=\"text-align: justify\">S\u00e3o Paulo, (EFE).- Una ola de incendios forestales en el estado brasile\u00f1o de\u00a0<strong>S\u00e3o Paulo<\/strong>\u00a0ha puesto en \u00abalerta m\u00e1xima\u00bb a 34 ciudades y causado hasta el momento dos muertos, seg\u00fan la\u00a0<strong>Defensa Civil<\/strong>, que este s\u00e1bado pidi\u00f3 la colaboraci\u00f3n ciudadana para evitar la aparici\u00f3n de nuevos focos.<\/p>\n<p style=\"text-align: justify\">El\u00a0<strong>Gobierno de S\u00e3o Paulo<\/strong>\u00a0ha creado una gabinete de crisis para coordinar las acciones entre los distintos \u00f3rganos p\u00fablicos con el objetivo de extinguir los \u00abintensos\u00bb incendios, que el viernes cubrieron de humo el cielo de la capital paulista.<\/p>\n<p style=\"text-align: justify\">De acuerdo con la\u00a0<strong>Defensa Civil<\/strong>, \u00ab34 ciudades est\u00e1n en alerta m\u00e1xima\u00bb y 24 de estas \u00abenfrentan focos activos de incendio\u00bb, los cuales han obligado a cortar de forma total o parcial varias carreteras de la regi\u00f3n.<\/p>\n<p style=\"text-align: justify\">Dos trabajadores de una factor\u00eda del municipio de Urup\u00eas murieron el viernes mientras combat\u00edan las llamas, seg\u00fan inform\u00f3 el Gobierno de S\u00e3o Paulo.<\/p>\n<h3 class=\"wp-block-heading\" style=\"text-align: justify\"><strong>VER TAMBIEN: <a href=\"https:\/\/infoelnuevonorte.com\/?p=46341\">Al menos seis fallecidos en el incendio de una tienda en China<\/a><\/strong><\/h3>\n<p style=\"text-align: justify\">Ambos se trasladaban en un cami\u00f3n, pero en una zona de pasto perdieron el control del mismo y murieron incinerados por causa de una fuga de combustible que envolvi\u00f3 en llamas el veh\u00edculo.<\/p>\n<p style=\"text-align: justify\">La baja humedad y las altas temperaturas de los \u00faltimos d\u00edas en S\u00e3o Paulo, el estado m\u00e1s rico y poblado de Brasil, con unos 45 millones de habitantes, han agravado la situaci\u00f3n, seg\u00fan el portavoz de la Defensa Civil regional, Maxwell Souza.<\/p>\n<p style=\"text-align: justify\">Unos 7.300 profesionales y voluntarios participan en las labores de extinci\u00f3n, en una amplia operaci\u00f3n que cuenta con el apoyo de las Fuerzas Armadas.<\/p>\n<p style=\"text-align: justify\">\u00abNecesitamos el m\u00e1ximo de cautela. El esfuerzo tiene que ser conjunto para evitar la propagaci\u00f3n de las llamas\u00bb, pidi\u00f3 el gobernador de S\u00e3o Paulo, Tarc\u00edsio de Freitas, que este s\u00e1bado sobrevol\u00f3 las zonas m\u00e1s afectadas.<\/p>\n<\/div>\n<\/div>\n<div class=\"td_block_wrap tdb_single_tags tdi_363 td-pb-border-top td_block_template_1\" style=\"text-align: justify\" data-td-block-uid=\"tdi_363\">\u00a0<\/div>","protected":false},"excerpt":{"rendered":"<p>S\u00e3o Paulo, (EFE).- Una ola de incendios forestales en el estado brasile\u00f1o de\u00a0S\u00e3o Paulo\u00a0ha puesto en \u00abalerta m\u00e1xima\u00bb a 34 ciudades y causado hasta el momento dos muertos, seg\u00fan la\u00a0Defensa Civil, que este s\u00e1bado pidi\u00f3 la colaboraci\u00f3n ciudadana para evitar la aparici\u00f3n de nuevos focos. El\u00a0Gobierno de S\u00e3o Paulo\u00a0ha creado una gabinete de crisis para [&hellip;]<\/p>\n","protected":false},"author":2,"featured_media":0,"comment_status":"closed","ping_status":"open","sticky":false,"template":"","format":"standard","meta":{"footnotes":""},"categories":[9],"tags":[],"yoast_head":"<!-- This site is optimized with the Yoast SEO plugin v24.5 - https:\/\/yoast.com\/wordpress\/plugins\/seo\/ -->\n<title>Ola de incendios en S\u00e3o Paulo causa dos muertos y pone en alerta m\u00e1xima a 34 ciudades | El Nuevo Norte<\/title>\n<meta name=\"robots\" content=\"index, follow, max-snippet:-1, max-image-preview:large, max-video-preview:-1\" \/>\n<link rel=\"canonical\" href=\"https:\/\/infoelnuevonorte.com\/?p=46462\" \/>\n<meta property=\"og:locale\" content=\"es_ES\" \/>\n<meta property=\"og:type\" content=\"article\" \/>\n<meta property=\"og:title\" content=\"Ola de incendios en S\u00e3o Paulo causa dos muertos y pone en alerta m\u00e1xima a 34 ciudades | El Nuevo Norte\" \/>\n<meta property=\"og:description\" content=\"S\u00e3o Paulo, (EFE).- Una ola de incendios forestales en el estado brasile\u00f1o de\u00a0S\u00e3o Paulo\u00a0ha puesto en \u00abalerta m\u00e1xima\u00bb a 34 ciudades y causado hasta el momento dos muertos, seg\u00fan la\u00a0Defensa Civil, que este s\u00e1bado pidi\u00f3 la colaboraci\u00f3n ciudadana para evitar la aparici\u00f3n de nuevos focos. El\u00a0Gobierno de S\u00e3o Paulo\u00a0ha creado una gabinete de crisis para [&hellip;]\" \/>\n<meta property=\"og:url\" content=\"https:\/\/infoelnuevonorte.com\/?p=46462\" \/>\n<meta property=\"og:site_name\" content=\"El Nuevo Norte\" \/>\n<meta property=\"article:publisher\" content=\"https:\/\/www.facebook.com\/infoenn\" \/>\n<meta property=\"article:published_time\" content=\"2024-08-25T03:16:38+00:00\" \/>\n<meta property=\"article:modified_time\" content=\"2024-08-25T03:16:41+00:00\" \/>\n<meta property=\"og:image\" content=\"https:\/\/infoelnuevonorte.com\/wp-content\/uploads\/2024\/08\/descarga-2024-08-24T231353.686.png\" \/>\n\t<meta property=\"og:image:width\" content=\"660\" \/>\n\t<meta property=\"og:image:height\" content=\"380\" \/>\n\t<meta property=\"og:image:type\" content=\"image\/png\" \/>\n<meta name=\"author\" content=\"T. R.\" \/>\n<meta name=\"twitter:card\" content=\"summary_large_image\" \/>\n<meta name=\"twitter:creator\" content=\"@Elnuevo_norte\" \/>\n<meta name=\"twitter:site\" content=\"@Elnuevo_norte\" \/>\n<meta name=\"twitter:label1\" content=\"Written by\" \/>\n\t<meta name=\"twitter:data1\" content=\"T. R.\" \/>\n\t<meta name=\"twitter:label2\" content=\"Est. reading time\" \/>\n\t<meta name=\"twitter:data2\" content=\"2 minutos\" \/>\n<script type=\"application\/ld+json\" class=\"yoast-schema-graph\">{\"@context\":\"https:\/\/schema.org\",\"@graph\":[{\"@type\":\"Article\",\"@id\":\"https:\/\/infoelnuevonorte.com\/?p=46462#article\",\"isPartOf\":{\"@id\":\"https:\/\/infoelnuevonorte.com\/?p=46462\"},\"author\":{\"name\":\"T. R.\",\"@id\":\"https:\/\/infoelnuevonorte.com\/#\/schema\/person\/3accb35eb55f55e96c492b52d085a403\"},\"headline\":\"Ola de incendios en S\u00e3o Paulo causa dos muertos y pone en alerta m\u00e1xima a 34 ciudades\",\"datePublished\":\"2024-08-25T03:16:38+00:00\",\"dateModified\":\"2024-08-25T03:16:41+00:00\",\"mainEntityOfPage\":{\"@id\":\"https:\/\/infoelnuevonorte.com\/?p=46462\"},\"wordCount\":358,\"publisher\":{\"@id\":\"https:\/\/infoelnuevonorte.com\/#organization\"},\"articleSection\":[\"Mundiales\"],\"inLanguage\":\"es-DO\"},{\"@type\":\"WebPage\",\"@id\":\"https:\/\/infoelnuevonorte.com\/?p=46462\",\"url\":\"https:\/\/infoelnuevonorte.com\/?p=46462\",\"name\":\"Ola de incendios en S\u00e3o Paulo causa dos muertos y pone en alerta m\u00e1xima a 34 ciudades | El Nuevo Norte\",\"isPartOf\":{\"@id\":\"https:\/\/infoelnuevonorte.com\/#website\"},\"datePublished\":\"2024-08-25T03:16:38+00:00\",\"dateModified\":\"2024-08-25T03:16:41+00:00\",\"breadcrumb\":{\"@id\":\"https:\/\/infoelnuevonorte.com\/?p=46462#breadcrumb\"},\"inLanguage\":\"es-DO\",\"potentialAction\":[{\"@type\":\"ReadAction\",\"target\":[\"https:\/\/infoelnuevonorte.com\/?p=46462\"]}]},{\"@type\":\"BreadcrumbList\",\"@id\":\"https:\/\/infoelnuevonorte.com\/?p=46462#breadcrumb\",\"itemListElement\":[{\"@type\":\"ListItem\",\"position\":1,\"name\":\"Home\",\"item\":\"https:\/\/infoelnuevonorte.com\/\"},{\"@type\":\"ListItem\",\"position\":2,\"name\":\"Ola de incendios en S\u00e3o Paulo causa dos muertos y pone en alerta m\u00e1xima a 34 ciudades\"}]},{\"@type\":\"WebSite\",\"@id\":\"https:\/\/infoelnuevonorte.com\/#website\",\"url\":\"https:\/\/infoelnuevonorte.com\/\",\"name\":\"InfoEnn\",\"description\":\"Tu Voz, tu Verdad, tu Diario!!!\",\"publisher\":{\"@id\":\"https:\/\/infoelnuevonorte.com\/#organization\"},\"alternateName\":\"El Nuevo Norte\",\"potentialAction\":[{\"@type\":\"SearchAction\",\"target\":{\"@type\":\"EntryPoint\",\"urlTemplate\":\"https:\/\/infoelnuevonorte.com\/?s={search_term_string}\"},\"query-input\":{\"@type\":\"PropertyValueSpecification\",\"valueRequired\":true,\"valueName\":\"search_term_string\"}}],\"inLanguage\":\"es-DO\"},{\"@type\":\"Organization\",\"@id\":\"https:\/\/infoelnuevonorte.com\/#organization\",\"name\":\"Info El Nuevo Norte\",\"alternateName\":\"El Nuevo Norte\",\"url\":\"https:\/\/infoelnuevonorte.com\/\",\"logo\":{\"@type\":\"ImageObject\",\"inLanguage\":\"es-DO\",\"@id\":\"https:\/\/infoelnuevonorte.com\/#\/schema\/logo\/image\/\",\"url\":\"https:\/\/infoelnuevonorte.com\/wp-content\/uploads\/2026\/02\/Logo-Info-enn-3d-20ani.jpeg\",\"contentUrl\":\"https:\/\/infoelnuevonorte.com\/wp-content\/uploads\/2026\/02\/Logo-Info-enn-3d-20ani.jpeg\",\"width\":2046,\"height\":736,\"caption\":\"Info El Nuevo Norte\"},\"image\":{\"@id\":\"https:\/\/infoelnuevonorte.com\/#\/schema\/logo\/image\/\"},\"sameAs\":[\"https:\/\/www.facebook.com\/infoenn\",\"https:\/\/x.com\/Elnuevo_norte\",\"https:\/\/www.instagram.com\/infoenn\",\"https:\/\/www.facebook.com\/ENNRD\"]},{\"@type\":\"Person\",\"@id\":\"https:\/\/infoelnuevonorte.com\/#\/schema\/person\/3accb35eb55f55e96c492b52d085a403\",\"name\":\"T. R.\",\"image\":{\"@type\":\"ImageObject\",\"inLanguage\":\"es-DO\",\"@id\":\"https:\/\/infoelnuevonorte.com\/#\/schema\/person\/image\/\",\"url\":\"https:\/\/secure.gravatar.com\/avatar\/40543a038bda97abdb765b1662e9677d?s=96&d=robohash&r=g\",\"contentUrl\":\"https:\/\/secure.gravatar.com\/avatar\/40543a038bda97abdb765b1662e9677d?s=96&d=robohash&r=g\",\"caption\":\"T. R.\"},\"url\":\"https:\/\/infoelnuevonorte.com\/?author=2\"}]}<\/script>\n<!-- \/ Yoast SEO plugin. -->","yoast_head_json":{"title":"Ola de incendios en S\u00e3o Paulo causa dos muertos y pone en alerta m\u00e1xima a 34 ciudades | El Nuevo Norte","robots":{"index":"index","follow":"follow","max-snippet":"max-snippet:-1","max-image-preview":"max-image-preview:large","max-video-preview":"max-video-preview:-1"},"canonical":"https:\/\/infoelnuevonorte.com\/?p=46462","og_locale":"es_ES","og_type":"article","og_title":"Ola de incendios en S\u00e3o Paulo causa dos muertos y pone en alerta m\u00e1xima a 34 ciudades | El Nuevo Norte","og_description":"S\u00e3o Paulo, (EFE).- Una ola de incendios forestales en el estado brasile\u00f1o de\u00a0S\u00e3o Paulo\u00a0ha puesto en \u00abalerta m\u00e1xima\u00bb a 34 ciudades y causado hasta el momento dos muertos, seg\u00fan la\u00a0Defensa Civil, que este s\u00e1bado pidi\u00f3 la colaboraci\u00f3n ciudadana para evitar la aparici\u00f3n de nuevos focos. El\u00a0Gobierno de S\u00e3o Paulo\u00a0ha creado una gabinete de crisis para [&hellip;]","og_url":"https:\/\/infoelnuevonorte.com\/?p=46462","og_site_name":"El Nuevo Norte","article_publisher":"https:\/\/www.facebook.com\/infoenn","article_published_time":"2024-08-25T03:16:38+00:00","article_modified_time":"2024-08-25T03:16:41+00:00","og_image":[{"width":660,"height":380,"url":"https:\/\/infoelnuevonorte.com\/wp-content\/uploads\/2024\/08\/descarga-2024-08-24T231353.686.png","type":"image\/png"}],"author":"T. R.","twitter_card":"summary_large_image","twitter_creator":"@Elnuevo_norte","twitter_site":"@Elnuevo_norte","twitter_misc":{"Written by":"T. R.","Est. reading time":"2 minutos"},"schema":{"@context":"https:\/\/schema.org","@graph":[{"@type":"Article","@id":"https:\/\/infoelnuevonorte.com\/?p=46462#article","isPartOf":{"@id":"https:\/\/infoelnuevonorte.com\/?p=46462"},"author":{"name":"T. R.","@id":"https:\/\/infoelnuevonorte.com\/#\/schema\/person\/3accb35eb55f55e96c492b52d085a403"},"headline":"Ola de incendios en S\u00e3o Paulo causa dos muertos y pone en alerta m\u00e1xima a 34 ciudades","datePublished":"2024-08-25T03:16:38+00:00","dateModified":"2024-08-25T03:16:41+00:00","mainEntityOfPage":{"@id":"https:\/\/infoelnuevonorte.com\/?p=46462"},"wordCount":358,"publisher":{"@id":"https:\/\/infoelnuevonorte.com\/#organization"},"articleSection":["Mundiales"],"inLanguage":"es-DO"},{"@type":"WebPage","@id":"https:\/\/infoelnuevonorte.com\/?p=46462","url":"https:\/\/infoelnuevonorte.com\/?p=46462","name":"Ola de incendios en S\u00e3o Paulo causa dos muertos y pone en alerta m\u00e1xima a 34 ciudades | El Nuevo Norte","isPartOf":{"@id":"https:\/\/infoelnuevonorte.com\/#website"},"datePublished":"2024-08-25T03:16:38+00:00","dateModified":"2024-08-25T03:16:41+00:00","breadcrumb":{"@id":"https:\/\/infoelnuevonorte.com\/?p=46462#breadcrumb"},"inLanguage":"es-DO","potentialAction":[{"@type":"ReadAction","target":["https:\/\/infoelnuevonorte.com\/?p=46462"]}]},{"@type":"BreadcrumbList","@id":"https:\/\/infoelnuevonorte.com\/?p=46462#breadcrumb","itemListElement":[{"@type":"ListItem","position":1,"name":"Home","item":"https:\/\/infoelnuevonorte.com\/"},{"@type":"ListItem","position":2,"name":"Ola de incendios en S\u00e3o Paulo causa dos muertos y pone en alerta m\u00e1xima a 34 ciudades"}]},{"@type":"WebSite","@id":"https:\/\/infoelnuevonorte.com\/#website","url":"https:\/\/infoelnuevonorte.com\/","name":"InfoEnn","description":"Tu Voz, tu Verdad, tu Diario!!!","publisher":{"@id":"https:\/\/infoelnuevonorte.com\/#organization"},"alternateName":"El Nuevo Norte","potentialAction":[{"@type":"SearchAction","target":{"@type":"EntryPoint","urlTemplate":"https:\/\/infoelnuevonorte.com\/?s={search_term_string}"},"query-input":{"@type":"PropertyValueSpecification","valueRequired":true,"valueName":"search_term_string"}}],"inLanguage":"es-DO"},{"@type":"Organization","@id":"https:\/\/infoelnuevonorte.com\/#organization","name":"Info El Nuevo Norte","alternateName":"El Nuevo Norte","url":"https:\/\/infoelnuevonorte.com\/","logo":{"@type":"ImageObject","inLanguage":"es-DO","@id":"https:\/\/infoelnuevonorte.com\/#\/schema\/logo\/image\/","url":"https:\/\/infoelnuevonorte.com\/wp-content\/uploads\/2026\/02\/Logo-Info-enn-3d-20ani.jpeg","contentUrl":"https:\/\/infoelnuevonorte.com\/wp-content\/uploads\/2026\/02\/Logo-Info-enn-3d-20ani.jpeg","width":2046,"height":736,"caption":"Info El Nuevo Norte"},"image":{"@id":"https:\/\/infoelnuevonorte.com\/#\/schema\/logo\/image\/"},"sameAs":["https:\/\/www.facebook.com\/infoenn","https:\/\/x.com\/Elnuevo_norte","https:\/\/www.instagram.com\/infoenn","https:\/\/www.facebook.com\/ENNRD"]},{"@type":"Person","@id":"https:\/\/infoelnuevonorte.com\/#\/schema\/person\/3accb35eb55f55e96c492b52d085a403","name":"T. R.","image":{"@type":"ImageObject","inLanguage":"es-DO","@id":"https:\/\/infoelnuevonorte.com\/#\/schema\/person\/image\/","url":"https:\/\/secure.gravatar.com\/avatar\/40543a038bda97abdb765b1662e9677d?s=96&d=robohash&r=g","contentUrl":"https:\/\/secure.gravatar.com\/avatar\/40543a038bda97abdb765b1662e9677d?s=96&d=robohash&r=g","caption":"T. R."},"url":"https:\/\/infoelnuevonorte.com\/?author=2"}]}},"_links":{"self":[{"href":"https:\/\/infoelnuevonorte.com\/index.php?rest_route=\/wp\/v2\/posts\/46462"}],"collection":[{"href":"https:\/\/infoelnuevonorte.com\/index.php?rest_route=\/wp\/v2\/posts"}],"about":[{"href":"https:\/\/infoelnuevonorte.com\/index.php?rest_route=\/wp\/v2\/types\/post"}],"author":[{"embeddable":true,"href":"https:\/\/infoelnuevonorte.com\/index.php?rest_route=\/wp\/v2\/users\/2"}],"replies":[{"embeddable":true,"href":"https:\/\/infoelnuevonorte.com\/index.php?rest_route=%2Fwp%2Fv2%2Fcomments&post=46462"}],"version-history":[{"count":0,"href":"https:\/\/infoelnuevonorte.com\/index.php?rest_route=\/wp\/v2\/posts\/46462\/revisions"}],"wp:attachment":[{"href":"https:\/\/infoelnuevonorte.com\/index.php?rest_route=%2Fwp%2Fv2%2Fmedia&parent=46462"}],"wp:term":[{"taxonomy":"category","embeddable":true,"href":"https:\/\/infoelnuevonorte.com\/index.php?rest_route=%2Fwp%2Fv2%2Fcategories&post=46462"},{"taxonomy":"post_tag","embeddable":true,"href":"https:\/\/infoelnuevonorte.com\/index.php?rest_route=%2Fwp%2Fv2%2Ftags&post=46462"}],"curies":[{"name":"wp","href":"https:\/\/api.w.org\/{rel}","templated":true}]}}