{"id":47055,"date":"2024-08-27T14:39:14","date_gmt":"2024-08-27T18:39:14","guid":{"rendered":"https:\/\/infoelnuevonorte.com\/?p=47055"},"modified":"2024-08-27T14:39:16","modified_gmt":"2024-08-27T18:39:16","slug":"miles-de-trabajadores-del-poder-judicial-protestan-en-mexico-contra-reforma-aprobada","status":"publish","type":"post","link":"https:\/\/infoelnuevonorte.com\/?p=47055","title":{"rendered":"Miles de trabajadores del Poder Judicial protestan en M\u00e9xico contra reforma aprobada"},"content":{"rendered":"\n<p><a href=\"https:\/\/deultimominuto.net\/category\/internacionales\/\"><\/a><\/p>\n\n\n<!--[if lt IE 9]><script>document.createElement('audio');<\/script><![endif]-->\n<audio class=\"wp-audio-shortcode\" id=\"audio-47055-1\" preload=\"none\" style=\"width: 100%;\" controls=\"controls\"><source type=\"audio\/mpeg\" src=\"https:\/\/infoelnuevonorte.com\/wp-content\/uploads\/2024\/08\/ttsmaker-vip-file-2024-8-27-14-38-39.mp3?_=1\" \/><a href=\"https:\/\/infoelnuevonorte.com\/wp-content\/uploads\/2024\/08\/ttsmaker-vip-file-2024-8-27-14-38-39.mp3\">https:\/\/infoelnuevonorte.com\/wp-content\/uploads\/2024\/08\/ttsmaker-vip-file-2024-8-27-14-38-39.mp3<\/a><\/audio>\n<p style=\"text-align: justify\"><strong>Ciudad de M\u00e9xico.-<\/strong>\u00a0Unos 2.000 manifestantes, entre trabajadores, jueces y magistrados del Poder Judicial de la Federaci\u00f3n (PJF) de M\u00e9xico, en paro de labores, protestaron este lunes contra la reforma del presidente mexicano, Andr\u00e9s Manuel L\u00f3pez Obrador, que propone la elecci\u00f3n de jueces por voto popular, en una movilizaci\u00f3n en el \u00c1ngel de la Independencia, en Ciudad de M\u00e9xico.<\/p>\n<p style=\"text-align: justify\">La manifestaci\u00f3n ocurri\u00f3 por la tarde-noche de este lunes luego de que dicha reforma fue aprobada en lo general y en lo particular en la Comisi\u00f3n de Puntos Constitucionales de la C\u00e1mara de Diputados.<\/p>\n<p style=\"text-align: justify\">\u00ab\u00a1Justicia independiente, derecho de la gente!\u00bb, gritaban los trabajadores judiciales de todo el pa\u00eds que manifestaron su rechazo a la pol\u00e9mica reforma de la que los congresistas mexicanas discutir\u00e1n 330 reservas al dictamen aprobado.<\/p>\n<p style=\"text-align: justify\">\u00ab\u00a1Defendemos la divisi\u00f3n de poderes y la independencia del Poder Judicial, decimos NO a la reforma y a la elecci\u00f3n de jueces por voto popular!\u00bb, apuntaron en pancartas.<\/p>\n<p style=\"text-align: justify\">Este lunes, la reforma del presidente L\u00f3pez Obrador dio el primer paso tras ser aprobada en lo general y en lo particular por la mayor\u00eda oficialista en la Comisi\u00f3n de Puntos Constitucionales de la C\u00e1mara de Diputados.<\/p>\n<p style=\"text-align: justify\">Con 22 votos a favor del gobernante Movimiento Regeneraci\u00f3n Nacional (Morena) y sus aliados, los Partidos del Trabajo (PT) y Verde Ecologista (PVEM), y 17 en contra de la oposici\u00f3n, la pol\u00e9mica reforma perfila comicios judiciales y una nueva integraci\u00f3n de la Suprema Corte de Justicia de la Naci\u00f3n (SCJN).<\/p>\n<p style=\"text-align: justify\">El dictamen, que incluye 100 modificaciones propuestas por Morena, plantea dos elecciones para renovar los cargos del Poder Judicial, la primera de ellas extraordinaria, en junio de 2025.<\/p>\n<p style=\"text-align: justify\">La iniciativa, propuesta en un paquete de reformas en febrero pasado por L\u00f3pez Obrador, busca, entre otras cosas, reducir de 11 a 9 los ministros de la SCJN y que su encargo pase de los 15 a los 12 a\u00f1os.<\/p>\n<p style=\"text-align: justify\">Tambi\u00e9n contempla la eliminaci\u00f3n de la pensi\u00f3n vitalicia para actuales y futuros ministros de la Corte, y un ajuste a sus remuneraciones al tope m\u00e1ximo establecido para el presidente de M\u00e9xico.<\/p>\n<p style=\"text-align: justify\">Adem\u00e1s de sustituir el Consejo de la Judicatura Federal por dos instituciones, incluyendo un Tribunal de Disciplina Judicial, y la eliminaci\u00f3n de las dos salas con las que cuenta actualmente la Suprema Corte.<\/p>\n<p style=\"text-align: justify\">El oficialismo prev\u00e9 votar la reforma en el pleno en septiembre, cuando tendr\u00e1 los dos tercios del Congreso, necesarios para modificar la Constituci\u00f3n, tras las elecciones del 2 de junio.<\/p>\n<p style=\"text-align: justify\">La pol\u00e9mica reforma al Poder Judicial en M\u00e9xico ha derivado en preocupaciones de diversos organismos e instituciones por los efectos que tendr\u00e1 la misma en aspectos pol\u00edticos, econ\u00f3micos y sociales del pa\u00eds.<\/p>\n<p style=\"text-align: justify\">Apenas este lunes, la relatora especial de la ONU para la independencia de jueces y abogados, Margaret Satterthwaite, insisti\u00f3 en la preocupaci\u00f3n por las \u201camplias\u201d implicaciones para la independencia judicial en todo M\u00e9xico.<\/p>\n<p style=\"text-align: justify\">Asimismo, Estados Unidos y Canad\u00e1 han advertido de las preocupaciones de los inversionistas por esta y otras reformas del Gobierno, como la eliminaci\u00f3n de \u00f3rganos reguladores aut\u00f3nomos.<\/p>\n<p style=\"text-align: justify\">Adem\u00e1s, calificadoras como Fitch y entidades como CitiBanamex o Morgan Stanley han alertado tambi\u00e9n sobre el riesgo de aprobar las reformas propuestas por el presidente, en particular la del Poder Judicial.<\/p>","protected":false},"excerpt":{"rendered":"<p>Ciudad de M\u00e9xico.-\u00a0Unos 2.000 manifestantes, entre trabajadores, jueces y magistrados del Poder Judicial de la Federaci\u00f3n (PJF) de M\u00e9xico, en paro de labores, protestaron este lunes contra la reforma del presidente mexicano, Andr\u00e9s Manuel L\u00f3pez Obrador, que propone la elecci\u00f3n de jueces por voto popular, en una movilizaci\u00f3n en el \u00c1ngel de la Independencia, en [&hellip;]<\/p>\n","protected":false},"author":2,"featured_media":0,"comment_status":"closed","ping_status":"open","sticky":false,"template":"","format":"standard","meta":{"footnotes":""},"categories":[9],"tags":[],"yoast_head":"<!-- This site is optimized with the Yoast SEO plugin v24.5 - https:\/\/yoast.com\/wordpress\/plugins\/seo\/ -->\n<title>Miles de trabajadores del Poder Judicial protestan en M\u00e9xico contra reforma aprobada | El Nuevo Norte<\/title>\n<meta name=\"robots\" content=\"index, follow, max-snippet:-1, max-image-preview:large, max-video-preview:-1\" \/>\n<link rel=\"canonical\" href=\"https:\/\/infoelnuevonorte.com\/?p=47055\" \/>\n<meta property=\"og:locale\" content=\"es_ES\" \/>\n<meta property=\"og:type\" content=\"article\" \/>\n<meta property=\"og:title\" content=\"Miles de trabajadores del Poder Judicial protestan en M\u00e9xico contra reforma aprobada | El Nuevo Norte\" \/>\n<meta property=\"og:description\" content=\"Ciudad de M\u00e9xico.-\u00a0Unos 2.000 manifestantes, entre trabajadores, jueces y magistrados del Poder Judicial de la Federaci\u00f3n (PJF) de M\u00e9xico, en paro de labores, protestaron este lunes contra la reforma del presidente mexicano, Andr\u00e9s Manuel L\u00f3pez Obrador, que propone la elecci\u00f3n de jueces por voto popular, en una movilizaci\u00f3n en el \u00c1ngel de la Independencia, en [&hellip;]\" \/>\n<meta property=\"og:url\" content=\"https:\/\/infoelnuevonorte.com\/?p=47055\" \/>\n<meta property=\"og:site_name\" content=\"El Nuevo Norte\" \/>\n<meta property=\"article:publisher\" content=\"https:\/\/www.facebook.com\/infoenn\" \/>\n<meta property=\"article:published_time\" content=\"2024-08-27T18:39:14+00:00\" \/>\n<meta property=\"article:modified_time\" content=\"2024-08-27T18:39:16+00:00\" \/>\n<meta property=\"og:image\" content=\"https:\/\/infoelnuevonorte.com\/wp-content\/uploads\/2024\/08\/descarga-2024-08-27T143717.957.png\" \/>\n\t<meta property=\"og:image:width\" content=\"900\" \/>\n\t<meta property=\"og:image:height\" content=\"600\" \/>\n\t<meta property=\"og:image:type\" content=\"image\/png\" \/>\n<meta name=\"author\" content=\"T. R.\" \/>\n<meta name=\"twitter:card\" content=\"summary_large_image\" \/>\n<meta name=\"twitter:creator\" content=\"@Elnuevo_norte\" \/>\n<meta name=\"twitter:site\" content=\"@Elnuevo_norte\" \/>\n<meta name=\"twitter:label1\" content=\"Written by\" \/>\n\t<meta name=\"twitter:data1\" content=\"T. R.\" \/>\n\t<meta name=\"twitter:label2\" content=\"Est. reading time\" \/>\n\t<meta name=\"twitter:data2\" content=\"3 minutos\" \/>\n<script type=\"application\/ld+json\" class=\"yoast-schema-graph\">{\"@context\":\"https:\/\/schema.org\",\"@graph\":[{\"@type\":\"Article\",\"@id\":\"https:\/\/infoelnuevonorte.com\/?p=47055#article\",\"isPartOf\":{\"@id\":\"https:\/\/infoelnuevonorte.com\/?p=47055\"},\"author\":{\"name\":\"T. R.\",\"@id\":\"https:\/\/infoelnuevonorte.com\/#\/schema\/person\/3accb35eb55f55e96c492b52d085a403\"},\"headline\":\"Miles de trabajadores del Poder Judicial protestan en M\u00e9xico contra reforma aprobada\",\"datePublished\":\"2024-08-27T18:39:14+00:00\",\"dateModified\":\"2024-08-27T18:39:16+00:00\",\"mainEntityOfPage\":{\"@id\":\"https:\/\/infoelnuevonorte.com\/?p=47055\"},\"wordCount\":591,\"publisher\":{\"@id\":\"https:\/\/infoelnuevonorte.com\/#organization\"},\"articleSection\":[\"Mundiales\"],\"inLanguage\":\"es-DO\"},{\"@type\":\"WebPage\",\"@id\":\"https:\/\/infoelnuevonorte.com\/?p=47055\",\"url\":\"https:\/\/infoelnuevonorte.com\/?p=47055\",\"name\":\"Miles de trabajadores del Poder Judicial protestan en M\u00e9xico contra reforma aprobada | El Nuevo Norte\",\"isPartOf\":{\"@id\":\"https:\/\/infoelnuevonorte.com\/#website\"},\"datePublished\":\"2024-08-27T18:39:14+00:00\",\"dateModified\":\"2024-08-27T18:39:16+00:00\",\"breadcrumb\":{\"@id\":\"https:\/\/infoelnuevonorte.com\/?p=47055#breadcrumb\"},\"inLanguage\":\"es-DO\",\"potentialAction\":[{\"@type\":\"ReadAction\",\"target\":[\"https:\/\/infoelnuevonorte.com\/?p=47055\"]}]},{\"@type\":\"BreadcrumbList\",\"@id\":\"https:\/\/infoelnuevonorte.com\/?p=47055#breadcrumb\",\"itemListElement\":[{\"@type\":\"ListItem\",\"position\":1,\"name\":\"Home\",\"item\":\"https:\/\/infoelnuevonorte.com\/\"},{\"@type\":\"ListItem\",\"position\":2,\"name\":\"Miles de trabajadores del Poder Judicial protestan en M\u00e9xico contra reforma aprobada\"}]},{\"@type\":\"WebSite\",\"@id\":\"https:\/\/infoelnuevonorte.com\/#website\",\"url\":\"https:\/\/infoelnuevonorte.com\/\",\"name\":\"InfoEnn\",\"description\":\"Tu Voz, tu Verdad, tu Diario!!!\",\"publisher\":{\"@id\":\"https:\/\/infoelnuevonorte.com\/#organization\"},\"alternateName\":\"El Nuevo Norte\",\"potentialAction\":[{\"@type\":\"SearchAction\",\"target\":{\"@type\":\"EntryPoint\",\"urlTemplate\":\"https:\/\/infoelnuevonorte.com\/?s={search_term_string}\"},\"query-input\":{\"@type\":\"PropertyValueSpecification\",\"valueRequired\":true,\"valueName\":\"search_term_string\"}}],\"inLanguage\":\"es-DO\"},{\"@type\":\"Organization\",\"@id\":\"https:\/\/infoelnuevonorte.com\/#organization\",\"name\":\"Info El Nuevo Norte\",\"alternateName\":\"El Nuevo Norte\",\"url\":\"https:\/\/infoelnuevonorte.com\/\",\"logo\":{\"@type\":\"ImageObject\",\"inLanguage\":\"es-DO\",\"@id\":\"https:\/\/infoelnuevonorte.com\/#\/schema\/logo\/image\/\",\"url\":\"https:\/\/infoelnuevonorte.com\/wp-content\/uploads\/2026\/02\/Logo-Info-enn-3d-20ani.jpeg\",\"contentUrl\":\"https:\/\/infoelnuevonorte.com\/wp-content\/uploads\/2026\/02\/Logo-Info-enn-3d-20ani.jpeg\",\"width\":2046,\"height\":736,\"caption\":\"Info El Nuevo Norte\"},\"image\":{\"@id\":\"https:\/\/infoelnuevonorte.com\/#\/schema\/logo\/image\/\"},\"sameAs\":[\"https:\/\/www.facebook.com\/infoenn\",\"https:\/\/x.com\/Elnuevo_norte\",\"https:\/\/www.instagram.com\/infoenn\",\"https:\/\/www.facebook.com\/ENNRD\"]},{\"@type\":\"Person\",\"@id\":\"https:\/\/infoelnuevonorte.com\/#\/schema\/person\/3accb35eb55f55e96c492b52d085a403\",\"name\":\"T. R.\",\"image\":{\"@type\":\"ImageObject\",\"inLanguage\":\"es-DO\",\"@id\":\"https:\/\/infoelnuevonorte.com\/#\/schema\/person\/image\/\",\"url\":\"https:\/\/secure.gravatar.com\/avatar\/40543a038bda97abdb765b1662e9677d?s=96&d=robohash&r=g\",\"contentUrl\":\"https:\/\/secure.gravatar.com\/avatar\/40543a038bda97abdb765b1662e9677d?s=96&d=robohash&r=g\",\"caption\":\"T. R.\"},\"url\":\"https:\/\/infoelnuevonorte.com\/?author=2\"}]}<\/script>\n<!-- \/ Yoast SEO plugin. -->","yoast_head_json":{"title":"Miles de trabajadores del Poder Judicial protestan en M\u00e9xico contra reforma aprobada | El Nuevo Norte","robots":{"index":"index","follow":"follow","max-snippet":"max-snippet:-1","max-image-preview":"max-image-preview:large","max-video-preview":"max-video-preview:-1"},"canonical":"https:\/\/infoelnuevonorte.com\/?p=47055","og_locale":"es_ES","og_type":"article","og_title":"Miles de trabajadores del Poder Judicial protestan en M\u00e9xico contra reforma aprobada | El Nuevo Norte","og_description":"Ciudad de M\u00e9xico.-\u00a0Unos 2.000 manifestantes, entre trabajadores, jueces y magistrados del Poder Judicial de la Federaci\u00f3n (PJF) de M\u00e9xico, en paro de labores, protestaron este lunes contra la reforma del presidente mexicano, Andr\u00e9s Manuel L\u00f3pez Obrador, que propone la elecci\u00f3n de jueces por voto popular, en una movilizaci\u00f3n en el \u00c1ngel de la Independencia, en [&hellip;]","og_url":"https:\/\/infoelnuevonorte.com\/?p=47055","og_site_name":"El Nuevo Norte","article_publisher":"https:\/\/www.facebook.com\/infoenn","article_published_time":"2024-08-27T18:39:14+00:00","article_modified_time":"2024-08-27T18:39:16+00:00","og_image":[{"width":900,"height":600,"url":"https:\/\/infoelnuevonorte.com\/wp-content\/uploads\/2024\/08\/descarga-2024-08-27T143717.957.png","type":"image\/png"}],"author":"T. R.","twitter_card":"summary_large_image","twitter_creator":"@Elnuevo_norte","twitter_site":"@Elnuevo_norte","twitter_misc":{"Written by":"T. R.","Est. reading time":"3 minutos"},"schema":{"@context":"https:\/\/schema.org","@graph":[{"@type":"Article","@id":"https:\/\/infoelnuevonorte.com\/?p=47055#article","isPartOf":{"@id":"https:\/\/infoelnuevonorte.com\/?p=47055"},"author":{"name":"T. R.","@id":"https:\/\/infoelnuevonorte.com\/#\/schema\/person\/3accb35eb55f55e96c492b52d085a403"},"headline":"Miles de trabajadores del Poder Judicial protestan en M\u00e9xico contra reforma aprobada","datePublished":"2024-08-27T18:39:14+00:00","dateModified":"2024-08-27T18:39:16+00:00","mainEntityOfPage":{"@id":"https:\/\/infoelnuevonorte.com\/?p=47055"},"wordCount":591,"publisher":{"@id":"https:\/\/infoelnuevonorte.com\/#organization"},"articleSection":["Mundiales"],"inLanguage":"es-DO"},{"@type":"WebPage","@id":"https:\/\/infoelnuevonorte.com\/?p=47055","url":"https:\/\/infoelnuevonorte.com\/?p=47055","name":"Miles de trabajadores del Poder Judicial protestan en M\u00e9xico contra reforma aprobada | El Nuevo Norte","isPartOf":{"@id":"https:\/\/infoelnuevonorte.com\/#website"},"datePublished":"2024-08-27T18:39:14+00:00","dateModified":"2024-08-27T18:39:16+00:00","breadcrumb":{"@id":"https:\/\/infoelnuevonorte.com\/?p=47055#breadcrumb"},"inLanguage":"es-DO","potentialAction":[{"@type":"ReadAction","target":["https:\/\/infoelnuevonorte.com\/?p=47055"]}]},{"@type":"BreadcrumbList","@id":"https:\/\/infoelnuevonorte.com\/?p=47055#breadcrumb","itemListElement":[{"@type":"ListItem","position":1,"name":"Home","item":"https:\/\/infoelnuevonorte.com\/"},{"@type":"ListItem","position":2,"name":"Miles de trabajadores del Poder Judicial protestan en M\u00e9xico contra reforma aprobada"}]},{"@type":"WebSite","@id":"https:\/\/infoelnuevonorte.com\/#website","url":"https:\/\/infoelnuevonorte.com\/","name":"InfoEnn","description":"Tu Voz, tu Verdad, tu Diario!!!","publisher":{"@id":"https:\/\/infoelnuevonorte.com\/#organization"},"alternateName":"El Nuevo Norte","potentialAction":[{"@type":"SearchAction","target":{"@type":"EntryPoint","urlTemplate":"https:\/\/infoelnuevonorte.com\/?s={search_term_string}"},"query-input":{"@type":"PropertyValueSpecification","valueRequired":true,"valueName":"search_term_string"}}],"inLanguage":"es-DO"},{"@type":"Organization","@id":"https:\/\/infoelnuevonorte.com\/#organization","name":"Info El Nuevo Norte","alternateName":"El Nuevo Norte","url":"https:\/\/infoelnuevonorte.com\/","logo":{"@type":"ImageObject","inLanguage":"es-DO","@id":"https:\/\/infoelnuevonorte.com\/#\/schema\/logo\/image\/","url":"https:\/\/infoelnuevonorte.com\/wp-content\/uploads\/2026\/02\/Logo-Info-enn-3d-20ani.jpeg","contentUrl":"https:\/\/infoelnuevonorte.com\/wp-content\/uploads\/2026\/02\/Logo-Info-enn-3d-20ani.jpeg","width":2046,"height":736,"caption":"Info El Nuevo Norte"},"image":{"@id":"https:\/\/infoelnuevonorte.com\/#\/schema\/logo\/image\/"},"sameAs":["https:\/\/www.facebook.com\/infoenn","https:\/\/x.com\/Elnuevo_norte","https:\/\/www.instagram.com\/infoenn","https:\/\/www.facebook.com\/ENNRD"]},{"@type":"Person","@id":"https:\/\/infoelnuevonorte.com\/#\/schema\/person\/3accb35eb55f55e96c492b52d085a403","name":"T. R.","image":{"@type":"ImageObject","inLanguage":"es-DO","@id":"https:\/\/infoelnuevonorte.com\/#\/schema\/person\/image\/","url":"https:\/\/secure.gravatar.com\/avatar\/40543a038bda97abdb765b1662e9677d?s=96&d=robohash&r=g","contentUrl":"https:\/\/secure.gravatar.com\/avatar\/40543a038bda97abdb765b1662e9677d?s=96&d=robohash&r=g","caption":"T. R."},"url":"https:\/\/infoelnuevonorte.com\/?author=2"}]}},"_links":{"self":[{"href":"https:\/\/infoelnuevonorte.com\/index.php?rest_route=\/wp\/v2\/posts\/47055"}],"collection":[{"href":"https:\/\/infoelnuevonorte.com\/index.php?rest_route=\/wp\/v2\/posts"}],"about":[{"href":"https:\/\/infoelnuevonorte.com\/index.php?rest_route=\/wp\/v2\/types\/post"}],"author":[{"embeddable":true,"href":"https:\/\/infoelnuevonorte.com\/index.php?rest_route=\/wp\/v2\/users\/2"}],"replies":[{"embeddable":true,"href":"https:\/\/infoelnuevonorte.com\/index.php?rest_route=%2Fwp%2Fv2%2Fcomments&post=47055"}],"version-history":[{"count":0,"href":"https:\/\/infoelnuevonorte.com\/index.php?rest_route=\/wp\/v2\/posts\/47055\/revisions"}],"wp:attachment":[{"href":"https:\/\/infoelnuevonorte.com\/index.php?rest_route=%2Fwp%2Fv2%2Fmedia&parent=47055"}],"wp:term":[{"taxonomy":"category","embeddable":true,"href":"https:\/\/infoelnuevonorte.com\/index.php?rest_route=%2Fwp%2Fv2%2Fcategories&post=47055"},{"taxonomy":"post_tag","embeddable":true,"href":"https:\/\/infoelnuevonorte.com\/index.php?rest_route=%2Fwp%2Fv2%2Ftags&post=47055"}],"curies":[{"name":"wp","href":"https:\/\/api.w.org\/{rel}","templated":true}]}}