{"id":47059,"date":"2024-08-27T14:43:02","date_gmt":"2024-08-27T18:43:02","guid":{"rendered":"https:\/\/infoelnuevonorte.com\/?p=47059"},"modified":"2024-08-27T14:43:03","modified_gmt":"2024-08-27T18:43:03","slug":"fallece-la-periodista-dominicana-belkis-martinez-en-nueva-york","status":"publish","type":"post","link":"https:\/\/infoelnuevonorte.com\/?p=47059","title":{"rendered":"Fallece la periodista dominicana Belkis Mart\u00ednez en Nueva York"},"content":{"rendered":"<!--[if lt IE 9]><script>document.createElement('audio');<\/script><![endif]-->\n<audio class=\"wp-audio-shortcode\" id=\"audio-47059-1\" preload=\"none\" style=\"width: 100%;\" controls=\"controls\"><source type=\"audio\/mpeg\" src=\"https:\/\/infoelnuevonorte.com\/wp-content\/uploads\/2024\/08\/ttsmaker-vip-file-2024-8-27-14-42-46.mp3?_=1\" \/><a href=\"https:\/\/infoelnuevonorte.com\/wp-content\/uploads\/2024\/08\/ttsmaker-vip-file-2024-8-27-14-42-46.mp3\">https:\/\/infoelnuevonorte.com\/wp-content\/uploads\/2024\/08\/ttsmaker-vip-file-2024-8-27-14-42-46.mp3<\/a><\/audio>\n<p style=\"text-align: justify\">La reconocida\u00a0<strong>periodista<\/strong>\u00a0<strong>dominicana<\/strong>\u00a0radicada en Estados Unidos,\u00a0<strong>Belkis<\/strong>\u00a0Mart\u00ednez, muri\u00f3 este lunes en un hospital de Nueva York, debido a las complicaciones de un\u00a0<strong>c\u00e1ncer<\/strong>\u00a0en el\u00a0<strong>sistema linf\u00e1tico<\/strong>\u00a0que padec\u00eda.<\/p>\n<p style=\"text-align: justify\">La comunidad de\u00a0<strong>periodistas<\/strong>\u00a0<strong>dominicanos<\/strong>\u00a0en la ciudad estadounidense se despidi\u00f3 de Mart\u00ednez, a quien defini\u00f3 como una activa\u00a0<strong>periodista<\/strong>\u00a0y l\u00edder comunal que se destac\u00f3 por su trabajo constante como informadora, analista y editora.<\/p>\n<p style=\"text-align: justify\">Mart\u00ednez, nativa de\u00a0<strong>Nagua<\/strong>, provincia Mar\u00eda Trinidad S\u00e1nchez, acumul\u00f3 m\u00e1s de 40 a\u00f1os de experiencia en los medios de\u00a0<strong>comunicaci\u00f3n<\/strong>, destac\u00e1ndose en la radio, la televisi\u00f3n y\u00a0<strong>prensa<\/strong>\u00a0<strong>dominicana<\/strong>\u00a0antes de radicarse en Nueva York, donde sigui\u00f3 ejerciendo la carrera desde diferentes\u00a0<strong>plataformas<\/strong>.<\/p>\n<p style=\"text-align: justify\">\"Lamento el\u00a0<strong>fallecimiento<\/strong>\u00a0de la\u00a0<strong>comunicadora<\/strong>\u00a0<strong>Belkis<\/strong>\u00a0<strong>Mart\u00ednez<\/strong>, nuestra gran compa\u00f1era de trabajo en el\u00a0<strong>programa<\/strong>\u00a0Arte Nacional en Radio, donde le creamos el personaje de\u00a0<strong>Madame<\/strong>\u00a0Sag\u00e1\", escribi\u00f3 en sus redes sociales su colega Joseph C\u00e1ceres.<\/p>\n<p style=\"text-align: justify\">\"Paz a nuestra querida\u00a0<strong>Belkis<\/strong>, una de las grandes mujeres cobijadas bajo nuestra sombrilla. Siempre te recordaremos,\u00a0<strong>Belkis<\/strong>\", agreg\u00f3 el expresidente de Acroarte.<\/p>\n<p style=\"text-align: justify\">\"El Congreso Hispanoamericano de Prensa, su fundador, Dr. Am\u00edn Cruz; su presidente ejecutiva 2024-2026, Lcda. Jenny G\u00f3mez, su directiva y toda la membres\u00eda, lamentan profunda y sinceramente la partida a los Predios Divinos, de la\u00a0\u00a0<strong>comunicadora<\/strong>\", expresaron su colegas en un comunicado.<\/p>\n<p style=\"text-align: justify\">\"Paz a su alma, descanso eterno a sus restos mortales y conformidad a sus deudos. All\u00e1 en el Para\u00edso Terrenal se habr\u00e1 reunido con su esposo. Que en paz descanse nuestra colega,\u00a0<strong><a href=\"https:\/\/www.instagram.com\/reel\/C_JwlJaOW_s\/?utm_source=ig_web_copy_link\">Belkys Mart\u00ednez<\/a>,<\/strong>\u00a0quien perdi\u00f3 la batalla contra el\u00a0<strong>c\u00e1ncer<\/strong>\u00a0en el\u00a0<strong>sistema linf\u00e1tico<\/strong>\", agreg\u00f3 la organizaci\u00f3n.<\/p>\n<h2 style=\"text-align: justify\"><strong>Trayectoria<\/strong><\/h2>\n<p style=\"text-align: justify\"><strong>Belkis<\/strong>\u00a0Mart\u00ednez, nativa de\u00a0<strong>Nagua<\/strong>, era egresada de \"Comunicaci\u00f3n y redacci\u00f3n digital\" en la Universidad de An\u00e1huac Canc\u00fan, pose\u00eda una maestr\u00eda de la Universidad Javeriana de Colombia en \"Comunicaci\u00f3n estrat\u00e9gica: gesti\u00f3n de crisis e imagen p\u00fablica\". Tambi\u00e9n se desempe\u00f1\u00f3 como locutora y productora de\u00a0<strong>programas<\/strong>\u00a0de\u00a0<strong>Radio y Televisi\u00f3n<\/strong>.<\/p>\n<p style=\"text-align: justify\">Sus inicios fueron en su pueblo natal, en la\u00a0<strong>emisora<\/strong>\u00a0Radio\u00a0<strong>Nagua<\/strong>\u00a0y en 1978 se traslad\u00f3 a Santo Domingo con sus sue\u00f1os de ser una gran\u00a0<strong>comunicadora<\/strong>\u00a0y comenz\u00f3 a laborar para diferentes emisoras de radio, como: Voz del T\u00edpico Programa \"Juntas son Dinamitas\", Radio Popular, Radio Televisi\u00f3n Dominicana, Radio Visi\u00f3n, Radio Continental, Radio A.B.C., Radio Cristal, Radio Central. En los canales de televisi\u00f3n, como: RTVD, canal 4 en los\u00a0<strong>programa<\/strong>\u00a0\"Novedades\", \"Caribe Show\", \"Bodega Caribe\" y \"Dominicanismo\", Telecentro canal 13 con su\u00a0<strong>programa<\/strong>\u00a0\"Atrevidas\", Color Visi\u00f3n en el\u00a0<strong>programa<\/strong>\u00a0S\u00e1bado de Corpor\u00e1n, S\u00faper Se\u00f1al Caribe, canal 33 en el\u00a0<strong>programa<\/strong>\u00a0\"De Abigail a Abiga\u00edl\".<\/p>\n<p style=\"text-align: justify\">Y en\u00a0<strong>prensa\u00a0escrita<\/strong>, colabor\u00f3 con el Peri\u00f3dico La Noticia Miscel\u00e1nea A\u00f1o-1992- 1995 y en Estados Unidos en La Voz Hispana (en ambos peri\u00f3dicos como\u00a0<strong>columnista<\/strong>\u00a0de espect\u00e1culos).<\/p>\n<p style=\"text-align: justify\">Fue la coordinadora general para USA y Europa del\u00a0<strong>peri\u00f3dico<\/strong>\u00a0\u00daltimas Noticias, adem\u00e1s, trabaj\u00f3 producci\u00f3n y conducci\u00f3n del\u00a0<strong>programa<\/strong>\u00a0radial Vive lo nuestro, que se transmiti\u00f3 en la Voz de las Fuerzas Armadas y\u00a0<strong>periodista<\/strong>\u00a0y productora en el\u00a0<strong>programa<\/strong>\u00a0\"El Poder del Pueblo TV \", a trav\u00e9s de\u00a0<strong>Global<\/strong>\u00a0Visi\u00f3n TV.<\/p>\n","protected":false},"excerpt":{"rendered":"<p>La reconocida\u00a0periodista\u00a0dominicana\u00a0radicada en Estados Unidos,\u00a0Belkis\u00a0Mart\u00ednez, muri\u00f3 este lunes en un hospital de Nueva York, debido a las complicaciones de un\u00a0c\u00e1ncer\u00a0en el\u00a0sistema linf\u00e1tico\u00a0que padec\u00eda. La comunidad de\u00a0periodistas\u00a0dominicanos\u00a0en la ciudad estadounidense se despidi\u00f3 de Mart\u00ednez, a quien defini\u00f3 como una activa\u00a0periodista\u00a0y l\u00edder comunal que se destac\u00f3 por su trabajo constante como informadora, analista y editora. Mart\u00ednez, nativa [&hellip;]<\/p>\n","protected":false},"author":2,"featured_media":0,"comment_status":"closed","ping_status":"open","sticky":false,"template":"","format":"standard","meta":{"footnotes":""},"categories":[9],"tags":[],"yoast_head":"<!-- This site is optimized with the Yoast SEO plugin v24.5 - https:\/\/yoast.com\/wordpress\/plugins\/seo\/ -->\n<title>Fallece la periodista dominicana Belkis Mart\u00ednez en Nueva York | El Nuevo Norte<\/title>\n<meta name=\"robots\" content=\"index, follow, max-snippet:-1, max-image-preview:large, max-video-preview:-1\" \/>\n<link rel=\"canonical\" href=\"https:\/\/infoelnuevonorte.com\/?p=47059\" \/>\n<meta property=\"og:locale\" content=\"es_ES\" \/>\n<meta property=\"og:type\" content=\"article\" \/>\n<meta property=\"og:title\" content=\"Fallece la periodista dominicana Belkis Mart\u00ednez en Nueva York | El Nuevo Norte\" \/>\n<meta property=\"og:description\" content=\"La reconocida\u00a0periodista\u00a0dominicana\u00a0radicada en Estados Unidos,\u00a0Belkis\u00a0Mart\u00ednez, muri\u00f3 este lunes en un hospital de Nueva York, debido a las complicaciones de un\u00a0c\u00e1ncer\u00a0en el\u00a0sistema linf\u00e1tico\u00a0que padec\u00eda. La comunidad de\u00a0periodistas\u00a0dominicanos\u00a0en la ciudad estadounidense se despidi\u00f3 de Mart\u00ednez, a quien defini\u00f3 como una activa\u00a0periodista\u00a0y l\u00edder comunal que se destac\u00f3 por su trabajo constante como informadora, analista y editora. Mart\u00ednez, nativa [&hellip;]\" \/>\n<meta property=\"og:url\" content=\"https:\/\/infoelnuevonorte.com\/?p=47059\" \/>\n<meta property=\"og:site_name\" content=\"El Nuevo Norte\" \/>\n<meta property=\"article:publisher\" content=\"https:\/\/www.facebook.com\/infoenn\" \/>\n<meta property=\"article:published_time\" content=\"2024-08-27T18:43:02+00:00\" \/>\n<meta property=\"article:modified_time\" content=\"2024-08-27T18:43:03+00:00\" \/>\n<meta property=\"og:image\" content=\"https:\/\/infoelnuevonorte.com\/wp-content\/uploads\/2024\/08\/descarga-2024-08-27T144005.306.png\" \/>\n\t<meta property=\"og:image:width\" content=\"896\" \/>\n\t<meta property=\"og:image:height\" content=\"504\" \/>\n\t<meta property=\"og:image:type\" content=\"image\/png\" \/>\n<meta name=\"author\" content=\"T. R.\" \/>\n<meta name=\"twitter:card\" content=\"summary_large_image\" \/>\n<meta name=\"twitter:creator\" content=\"@Elnuevo_norte\" \/>\n<meta name=\"twitter:site\" content=\"@Elnuevo_norte\" \/>\n<meta name=\"twitter:label1\" content=\"Written by\" \/>\n\t<meta name=\"twitter:data1\" content=\"T. R.\" \/>\n\t<meta name=\"twitter:label2\" content=\"Est. reading time\" \/>\n\t<meta name=\"twitter:data2\" content=\"3 minutos\" \/>\n<script type=\"application\/ld+json\" class=\"yoast-schema-graph\">{\"@context\":\"https:\/\/schema.org\",\"@graph\":[{\"@type\":\"Article\",\"@id\":\"https:\/\/infoelnuevonorte.com\/?p=47059#article\",\"isPartOf\":{\"@id\":\"https:\/\/infoelnuevonorte.com\/?p=47059\"},\"author\":{\"name\":\"T. R.\",\"@id\":\"https:\/\/infoelnuevonorte.com\/#\/schema\/person\/3accb35eb55f55e96c492b52d085a403\"},\"headline\":\"Fallece la periodista dominicana Belkis Mart\u00ednez en Nueva York\",\"datePublished\":\"2024-08-27T18:43:02+00:00\",\"dateModified\":\"2024-08-27T18:43:03+00:00\",\"mainEntityOfPage\":{\"@id\":\"https:\/\/infoelnuevonorte.com\/?p=47059\"},\"wordCount\":577,\"publisher\":{\"@id\":\"https:\/\/infoelnuevonorte.com\/#organization\"},\"articleSection\":[\"Mundiales\"],\"inLanguage\":\"es-DO\"},{\"@type\":\"WebPage\",\"@id\":\"https:\/\/infoelnuevonorte.com\/?p=47059\",\"url\":\"https:\/\/infoelnuevonorte.com\/?p=47059\",\"name\":\"Fallece la periodista dominicana Belkis Mart\u00ednez en Nueva York | El Nuevo Norte\",\"isPartOf\":{\"@id\":\"https:\/\/infoelnuevonorte.com\/#website\"},\"datePublished\":\"2024-08-27T18:43:02+00:00\",\"dateModified\":\"2024-08-27T18:43:03+00:00\",\"breadcrumb\":{\"@id\":\"https:\/\/infoelnuevonorte.com\/?p=47059#breadcrumb\"},\"inLanguage\":\"es-DO\",\"potentialAction\":[{\"@type\":\"ReadAction\",\"target\":[\"https:\/\/infoelnuevonorte.com\/?p=47059\"]}]},{\"@type\":\"BreadcrumbList\",\"@id\":\"https:\/\/infoelnuevonorte.com\/?p=47059#breadcrumb\",\"itemListElement\":[{\"@type\":\"ListItem\",\"position\":1,\"name\":\"Home\",\"item\":\"https:\/\/infoelnuevonorte.com\/\"},{\"@type\":\"ListItem\",\"position\":2,\"name\":\"Fallece la periodista dominicana Belkis Mart\u00ednez en Nueva York\"}]},{\"@type\":\"WebSite\",\"@id\":\"https:\/\/infoelnuevonorte.com\/#website\",\"url\":\"https:\/\/infoelnuevonorte.com\/\",\"name\":\"InfoEnn\",\"description\":\"Tu Voz, tu Verdad, tu Diario!!!\",\"publisher\":{\"@id\":\"https:\/\/infoelnuevonorte.com\/#organization\"},\"alternateName\":\"El Nuevo Norte\",\"potentialAction\":[{\"@type\":\"SearchAction\",\"target\":{\"@type\":\"EntryPoint\",\"urlTemplate\":\"https:\/\/infoelnuevonorte.com\/?s={search_term_string}\"},\"query-input\":{\"@type\":\"PropertyValueSpecification\",\"valueRequired\":true,\"valueName\":\"search_term_string\"}}],\"inLanguage\":\"es-DO\"},{\"@type\":\"Organization\",\"@id\":\"https:\/\/infoelnuevonorte.com\/#organization\",\"name\":\"Info El Nuevo Norte\",\"alternateName\":\"El Nuevo Norte\",\"url\":\"https:\/\/infoelnuevonorte.com\/\",\"logo\":{\"@type\":\"ImageObject\",\"inLanguage\":\"es-DO\",\"@id\":\"https:\/\/infoelnuevonorte.com\/#\/schema\/logo\/image\/\",\"url\":\"https:\/\/infoelnuevonorte.com\/wp-content\/uploads\/2026\/02\/Logo-Info-enn-3d-20ani.jpeg\",\"contentUrl\":\"https:\/\/infoelnuevonorte.com\/wp-content\/uploads\/2026\/02\/Logo-Info-enn-3d-20ani.jpeg\",\"width\":2046,\"height\":736,\"caption\":\"Info El Nuevo Norte\"},\"image\":{\"@id\":\"https:\/\/infoelnuevonorte.com\/#\/schema\/logo\/image\/\"},\"sameAs\":[\"https:\/\/www.facebook.com\/infoenn\",\"https:\/\/x.com\/Elnuevo_norte\",\"https:\/\/www.instagram.com\/infoenn\",\"https:\/\/www.facebook.com\/ENNRD\"]},{\"@type\":\"Person\",\"@id\":\"https:\/\/infoelnuevonorte.com\/#\/schema\/person\/3accb35eb55f55e96c492b52d085a403\",\"name\":\"T. R.\",\"image\":{\"@type\":\"ImageObject\",\"inLanguage\":\"es-DO\",\"@id\":\"https:\/\/infoelnuevonorte.com\/#\/schema\/person\/image\/\",\"url\":\"https:\/\/secure.gravatar.com\/avatar\/40543a038bda97abdb765b1662e9677d?s=96&d=robohash&r=g\",\"contentUrl\":\"https:\/\/secure.gravatar.com\/avatar\/40543a038bda97abdb765b1662e9677d?s=96&d=robohash&r=g\",\"caption\":\"T. R.\"},\"url\":\"https:\/\/infoelnuevonorte.com\/?author=2\"}]}<\/script>\n<!-- \/ Yoast SEO plugin. -->","yoast_head_json":{"title":"Fallece la periodista dominicana Belkis Mart\u00ednez en Nueva York | El Nuevo Norte","robots":{"index":"index","follow":"follow","max-snippet":"max-snippet:-1","max-image-preview":"max-image-preview:large","max-video-preview":"max-video-preview:-1"},"canonical":"https:\/\/infoelnuevonorte.com\/?p=47059","og_locale":"es_ES","og_type":"article","og_title":"Fallece la periodista dominicana Belkis Mart\u00ednez en Nueva York | El Nuevo Norte","og_description":"La reconocida\u00a0periodista\u00a0dominicana\u00a0radicada en Estados Unidos,\u00a0Belkis\u00a0Mart\u00ednez, muri\u00f3 este lunes en un hospital de Nueva York, debido a las complicaciones de un\u00a0c\u00e1ncer\u00a0en el\u00a0sistema linf\u00e1tico\u00a0que padec\u00eda. La comunidad de\u00a0periodistas\u00a0dominicanos\u00a0en la ciudad estadounidense se despidi\u00f3 de Mart\u00ednez, a quien defini\u00f3 como una activa\u00a0periodista\u00a0y l\u00edder comunal que se destac\u00f3 por su trabajo constante como informadora, analista y editora. Mart\u00ednez, nativa [&hellip;]","og_url":"https:\/\/infoelnuevonorte.com\/?p=47059","og_site_name":"El Nuevo Norte","article_publisher":"https:\/\/www.facebook.com\/infoenn","article_published_time":"2024-08-27T18:43:02+00:00","article_modified_time":"2024-08-27T18:43:03+00:00","og_image":[{"width":896,"height":504,"url":"https:\/\/infoelnuevonorte.com\/wp-content\/uploads\/2024\/08\/descarga-2024-08-27T144005.306.png","type":"image\/png"}],"author":"T. R.","twitter_card":"summary_large_image","twitter_creator":"@Elnuevo_norte","twitter_site":"@Elnuevo_norte","twitter_misc":{"Written by":"T. R.","Est. reading time":"3 minutos"},"schema":{"@context":"https:\/\/schema.org","@graph":[{"@type":"Article","@id":"https:\/\/infoelnuevonorte.com\/?p=47059#article","isPartOf":{"@id":"https:\/\/infoelnuevonorte.com\/?p=47059"},"author":{"name":"T. R.","@id":"https:\/\/infoelnuevonorte.com\/#\/schema\/person\/3accb35eb55f55e96c492b52d085a403"},"headline":"Fallece la periodista dominicana Belkis Mart\u00ednez en Nueva York","datePublished":"2024-08-27T18:43:02+00:00","dateModified":"2024-08-27T18:43:03+00:00","mainEntityOfPage":{"@id":"https:\/\/infoelnuevonorte.com\/?p=47059"},"wordCount":577,"publisher":{"@id":"https:\/\/infoelnuevonorte.com\/#organization"},"articleSection":["Mundiales"],"inLanguage":"es-DO"},{"@type":"WebPage","@id":"https:\/\/infoelnuevonorte.com\/?p=47059","url":"https:\/\/infoelnuevonorte.com\/?p=47059","name":"Fallece la periodista dominicana Belkis Mart\u00ednez en Nueva York | El Nuevo Norte","isPartOf":{"@id":"https:\/\/infoelnuevonorte.com\/#website"},"datePublished":"2024-08-27T18:43:02+00:00","dateModified":"2024-08-27T18:43:03+00:00","breadcrumb":{"@id":"https:\/\/infoelnuevonorte.com\/?p=47059#breadcrumb"},"inLanguage":"es-DO","potentialAction":[{"@type":"ReadAction","target":["https:\/\/infoelnuevonorte.com\/?p=47059"]}]},{"@type":"BreadcrumbList","@id":"https:\/\/infoelnuevonorte.com\/?p=47059#breadcrumb","itemListElement":[{"@type":"ListItem","position":1,"name":"Home","item":"https:\/\/infoelnuevonorte.com\/"},{"@type":"ListItem","position":2,"name":"Fallece la periodista dominicana Belkis Mart\u00ednez en Nueva York"}]},{"@type":"WebSite","@id":"https:\/\/infoelnuevonorte.com\/#website","url":"https:\/\/infoelnuevonorte.com\/","name":"InfoEnn","description":"Tu Voz, tu Verdad, tu Diario!!!","publisher":{"@id":"https:\/\/infoelnuevonorte.com\/#organization"},"alternateName":"El Nuevo Norte","potentialAction":[{"@type":"SearchAction","target":{"@type":"EntryPoint","urlTemplate":"https:\/\/infoelnuevonorte.com\/?s={search_term_string}"},"query-input":{"@type":"PropertyValueSpecification","valueRequired":true,"valueName":"search_term_string"}}],"inLanguage":"es-DO"},{"@type":"Organization","@id":"https:\/\/infoelnuevonorte.com\/#organization","name":"Info El Nuevo Norte","alternateName":"El Nuevo Norte","url":"https:\/\/infoelnuevonorte.com\/","logo":{"@type":"ImageObject","inLanguage":"es-DO","@id":"https:\/\/infoelnuevonorte.com\/#\/schema\/logo\/image\/","url":"https:\/\/infoelnuevonorte.com\/wp-content\/uploads\/2026\/02\/Logo-Info-enn-3d-20ani.jpeg","contentUrl":"https:\/\/infoelnuevonorte.com\/wp-content\/uploads\/2026\/02\/Logo-Info-enn-3d-20ani.jpeg","width":2046,"height":736,"caption":"Info El Nuevo Norte"},"image":{"@id":"https:\/\/infoelnuevonorte.com\/#\/schema\/logo\/image\/"},"sameAs":["https:\/\/www.facebook.com\/infoenn","https:\/\/x.com\/Elnuevo_norte","https:\/\/www.instagram.com\/infoenn","https:\/\/www.facebook.com\/ENNRD"]},{"@type":"Person","@id":"https:\/\/infoelnuevonorte.com\/#\/schema\/person\/3accb35eb55f55e96c492b52d085a403","name":"T. R.","image":{"@type":"ImageObject","inLanguage":"es-DO","@id":"https:\/\/infoelnuevonorte.com\/#\/schema\/person\/image\/","url":"https:\/\/secure.gravatar.com\/avatar\/40543a038bda97abdb765b1662e9677d?s=96&d=robohash&r=g","contentUrl":"https:\/\/secure.gravatar.com\/avatar\/40543a038bda97abdb765b1662e9677d?s=96&d=robohash&r=g","caption":"T. R."},"url":"https:\/\/infoelnuevonorte.com\/?author=2"}]}},"_links":{"self":[{"href":"https:\/\/infoelnuevonorte.com\/index.php?rest_route=\/wp\/v2\/posts\/47059"}],"collection":[{"href":"https:\/\/infoelnuevonorte.com\/index.php?rest_route=\/wp\/v2\/posts"}],"about":[{"href":"https:\/\/infoelnuevonorte.com\/index.php?rest_route=\/wp\/v2\/types\/post"}],"author":[{"embeddable":true,"href":"https:\/\/infoelnuevonorte.com\/index.php?rest_route=\/wp\/v2\/users\/2"}],"replies":[{"embeddable":true,"href":"https:\/\/infoelnuevonorte.com\/index.php?rest_route=%2Fwp%2Fv2%2Fcomments&post=47059"}],"version-history":[{"count":0,"href":"https:\/\/infoelnuevonorte.com\/index.php?rest_route=\/wp\/v2\/posts\/47059\/revisions"}],"wp:attachment":[{"href":"https:\/\/infoelnuevonorte.com\/index.php?rest_route=%2Fwp%2Fv2%2Fmedia&parent=47059"}],"wp:term":[{"taxonomy":"category","embeddable":true,"href":"https:\/\/infoelnuevonorte.com\/index.php?rest_route=%2Fwp%2Fv2%2Fcategories&post=47059"},{"taxonomy":"post_tag","embeddable":true,"href":"https:\/\/infoelnuevonorte.com\/index.php?rest_route=%2Fwp%2Fv2%2Ftags&post=47059"}],"curies":[{"name":"wp","href":"https:\/\/api.w.org\/{rel}","templated":true}]}}