{"id":47155,"date":"2024-08-27T21:04:54","date_gmt":"2024-08-28T01:04:54","guid":{"rendered":"https:\/\/infoelnuevonorte.com\/?p=47155"},"modified":"2024-08-27T21:04:56","modified_gmt":"2024-08-28T01:04:56","slug":"martires-de-leon-ofrecera-concierto-suena-guitarra-mia-pa-mi-pueblo-en-la-romana","status":"publish","type":"post","link":"https:\/\/infoelnuevonorte.com\/?p=47155","title":{"rendered":"M\u00e1rtires De Le\u00f3n ofrecer\u00e1 concierto \u201cSuena guitarra m\u00eda pa\u2019 mi pueblo\u201d en La Romana"},"content":{"rendered":"\n<p><a href=\"https:\/\/deultimominuto.net\/category\/entretenimiento\/\"><\/a><\/p>\n\n\n<!--[if lt IE 9]><script>document.createElement('audio');<\/script><![endif]-->\n<audio class=\"wp-audio-shortcode\" id=\"audio-47155-1\" preload=\"none\" style=\"width: 100%;\" controls=\"controls\"><source type=\"audio\/mpeg\" src=\"https:\/\/infoelnuevonorte.com\/wp-content\/uploads\/2024\/08\/ttsmaker-vip-file-2024-8-27-21-3-36.mp3?_=1\" \/><a href=\"https:\/\/infoelnuevonorte.com\/wp-content\/uploads\/2024\/08\/ttsmaker-vip-file-2024-8-27-21-3-36.mp3\">https:\/\/infoelnuevonorte.com\/wp-content\/uploads\/2024\/08\/ttsmaker-vip-file-2024-8-27-21-3-36.mp3<\/a><\/audio>\n<p style=\"text-align: justify\"><strong>Con el objetivo de regalar al pueblo que le vio nacer y crecer, La Romana, una tarde memorable cargada de buena m\u00fasica<\/strong>, el multipremiado productor musical, compositor, arreglista y guitarrista de bachata,<strong>\u00a0M\u00e1rtires De Le\u00f3n<\/strong>, se prepara para ofrecer un gran concierto, el pr\u00f3ximo jueves 29 de agosto.<\/p>\n<p style=\"text-align: justify\"><strong>\u201cSuena guitarra m\u00eda pa\u2019 mi pueblo\u201d,<\/strong>\u00a0es el nombre del evento que presentar\u00e1 el artista en el parque \u201cJuan Pablo Duarte\u201d, en La Romana, a las 3:00 de la tarde, lugar que lo traslada a su infancia y cuando solo era un joven cargado de sue\u00f1os.<\/p>\n<p style=\"text-align: justify\"><strong>\u201cEn mi ni\u00f1ez <\/strong><strong>llegu\u00e9 a ver grupos como Wilfrido Vargas y, en esa d\u00e9cada de los a\u00f1os 70,\u00a0<\/strong>en el parque tambi\u00e9n se hac\u00edan actividades culturales. Siempre tra\u00eda ese sue\u00f1o de cantarle a mi gente, y este a\u00f1o estamos trabajando para llevarlo a la realidad\u201d, manifiesta emocionado el multipremiado m\u00fasico.<\/p>\n<p style=\"text-align: justify\">Con este concierto, ideado para toda la familia, M\u00e1rtires busca repasar su cat\u00e1logo art\u00edstico, desde sus inicios hasta su m\u00e1s reciente producci\u00f3n, en compa\u00f1\u00eda de invitados de lujo.<\/p>\n<p style=\"text-align: justify\">Para el vers\u00e1til artista, es de gran satisfacci\u00f3n poder ofrecer su m\u00fasica a sus vecinos y amigos de infancia, y as\u00ed poder fungir como un agente inspirador para aquellos j\u00f3venes que buscan un futuro en el mundo discogr\u00e1fico \u201cdesde cero, con la fe en Dios\u201d.<\/p>\n<h2 id=\"h-su-trayectoria-musical\" class=\"wp-block-heading\" style=\"text-align: justify\"><strong>Su trayectoria musical<\/strong><\/h2>\n<p style=\"text-align: justify\">M\u00e1rtires de Le\u00f3n, naci\u00f3 en la ciudad de la Romana, el 5 de mayo del a\u00f1o 1968. Desde temprana edad sinti\u00f3 inclinaci\u00f3n por la guitarra y el sonido de esta. Para 1984 obtiene su primera guitarra, y as\u00ed comienza de manera emp\u00edrica y autodidacta a aprender los primeros acordes y a tocar las bachatas de la \u00e9poca, junto a su hermano y los amigos de infancia.<\/p>\n<p style=\"text-align: justify\">En el a\u00f1o 1987 comienza de manera profesional con el cantante y compositor Ram\u00f3n Torres (El poeta), acompa\u00f1\u00e1ndolo en fiestas y al poco tiempo lo invita a un estudio de grabaci\u00f3n en Santo Domingo. Desde entonces, M\u00e1rtires se ha desempe\u00f1ado como productor musical, guitarrista y arreglista del g\u00e9nero bachata.<\/p>\n<p style=\"text-align: justify\">En su trayecto ha sido parte de la producci\u00f3n y grabaci\u00f3n de un amplio repertorio de bachatas con artistas de la talla de Romeo Santos, Julio Iglesias, Vicente Garc\u00eda, Kany Garc\u00eda, Camilo, Milly Quezada, Monchy, El Chaval de la Bachata, Jos\u00e9 Manuel Calder\u00f3n, Luis Segura, Blas Dur\u00e1n, Ram\u00f3n Cordero, Ram\u00f3n Torres (El Poeta), Leonardo Paniagua, H\u00e9ctor Acosta (El Torito), Alex Bueno, Yoskar Sarante, Elvis Mart\u00ednez, Fernando Villalona, Eddy Herrera, Daniel Monci\u00f3n, Monchy &amp; Alexandra, Junior &amp; Jorge, Los Toros Band, Monchy &amp; Natalia<\/p>","protected":false},"excerpt":{"rendered":"<p>Con el objetivo de regalar al pueblo que le vio nacer y crecer, La Romana, una tarde memorable cargada de buena m\u00fasica, el multipremiado productor musical, compositor, arreglista y guitarrista de bachata,\u00a0M\u00e1rtires De Le\u00f3n, se prepara para ofrecer un gran concierto, el pr\u00f3ximo jueves 29 de agosto. \u201cSuena guitarra m\u00eda pa\u2019 mi pueblo\u201d,\u00a0es el nombre [&hellip;]<\/p>\n","protected":false},"author":2,"featured_media":0,"comment_status":"closed","ping_status":"open","sticky":false,"template":"","format":"standard","meta":{"footnotes":""},"categories":[11,12],"tags":[],"yoast_head":"<!-- This site is optimized with the Yoast SEO plugin v24.5 - https:\/\/yoast.com\/wordpress\/plugins\/seo\/ -->\n<title>M\u00e1rtires De Le\u00f3n ofrecer\u00e1 concierto \u201cSuena guitarra m\u00eda pa\u2019 mi pueblo\u201d en La Romana | El Nuevo Norte<\/title>\n<meta name=\"robots\" content=\"index, follow, max-snippet:-1, max-image-preview:large, max-video-preview:-1\" \/>\n<link rel=\"canonical\" href=\"https:\/\/infoelnuevonorte.com\/?p=47155\" \/>\n<meta property=\"og:locale\" content=\"es_ES\" \/>\n<meta property=\"og:type\" content=\"article\" \/>\n<meta property=\"og:title\" content=\"M\u00e1rtires De Le\u00f3n ofrecer\u00e1 concierto \u201cSuena guitarra m\u00eda pa\u2019 mi pueblo\u201d en La Romana | El Nuevo Norte\" \/>\n<meta property=\"og:description\" content=\"Con el objetivo de regalar al pueblo que le vio nacer y crecer, La Romana, una tarde memorable cargada de buena m\u00fasica, el multipremiado productor musical, compositor, arreglista y guitarrista de bachata,\u00a0M\u00e1rtires De Le\u00f3n, se prepara para ofrecer un gran concierto, el pr\u00f3ximo jueves 29 de agosto. \u201cSuena guitarra m\u00eda pa\u2019 mi pueblo\u201d,\u00a0es el nombre [&hellip;]\" \/>\n<meta property=\"og:url\" content=\"https:\/\/infoelnuevonorte.com\/?p=47155\" \/>\n<meta property=\"og:site_name\" content=\"El Nuevo Norte\" \/>\n<meta property=\"article:publisher\" content=\"https:\/\/www.facebook.com\/infoenn\" \/>\n<meta property=\"article:published_time\" content=\"2024-08-28T01:04:54+00:00\" \/>\n<meta property=\"article:modified_time\" content=\"2024-08-28T01:04:56+00:00\" \/>\n<meta property=\"og:image\" content=\"https:\/\/infoelnuevonorte.com\/wp-content\/uploads\/2024\/08\/descarga-2024-08-27T210238.624.png\" \/>\n\t<meta property=\"og:image:width\" content=\"697\" \/>\n\t<meta property=\"og:image:height\" content=\"500\" \/>\n\t<meta property=\"og:image:type\" content=\"image\/png\" \/>\n<meta name=\"author\" content=\"T. R.\" \/>\n<meta name=\"twitter:card\" content=\"summary_large_image\" \/>\n<meta name=\"twitter:creator\" content=\"@Elnuevo_norte\" \/>\n<meta name=\"twitter:site\" content=\"@Elnuevo_norte\" \/>\n<meta name=\"twitter:label1\" content=\"Written by\" \/>\n\t<meta name=\"twitter:data1\" content=\"T. R.\" \/>\n\t<meta name=\"twitter:label2\" content=\"Est. reading time\" \/>\n\t<meta name=\"twitter:data2\" content=\"3 minutos\" \/>\n<script type=\"application\/ld+json\" class=\"yoast-schema-graph\">{\"@context\":\"https:\/\/schema.org\",\"@graph\":[{\"@type\":\"Article\",\"@id\":\"https:\/\/infoelnuevonorte.com\/?p=47155#article\",\"isPartOf\":{\"@id\":\"https:\/\/infoelnuevonorte.com\/?p=47155\"},\"author\":{\"name\":\"T. R.\",\"@id\":\"https:\/\/infoelnuevonorte.com\/#\/schema\/person\/3accb35eb55f55e96c492b52d085a403\"},\"headline\":\"M\u00e1rtires De Le\u00f3n ofrecer\u00e1 concierto \u201cSuena guitarra m\u00eda pa\u2019 mi pueblo\u201d en La Romana\",\"datePublished\":\"2024-08-28T01:04:54+00:00\",\"dateModified\":\"2024-08-28T01:04:56+00:00\",\"mainEntityOfPage\":{\"@id\":\"https:\/\/infoelnuevonorte.com\/?p=47155\"},\"wordCount\":492,\"publisher\":{\"@id\":\"https:\/\/infoelnuevonorte.com\/#organization\"},\"articleSection\":[\"Entretenimiento\",\"Musica &amp; Far\u00e1ndula\"],\"inLanguage\":\"es-DO\"},{\"@type\":\"WebPage\",\"@id\":\"https:\/\/infoelnuevonorte.com\/?p=47155\",\"url\":\"https:\/\/infoelnuevonorte.com\/?p=47155\",\"name\":\"M\u00e1rtires De Le\u00f3n ofrecer\u00e1 concierto \u201cSuena guitarra m\u00eda pa\u2019 mi pueblo\u201d en La Romana | El Nuevo Norte\",\"isPartOf\":{\"@id\":\"https:\/\/infoelnuevonorte.com\/#website\"},\"datePublished\":\"2024-08-28T01:04:54+00:00\",\"dateModified\":\"2024-08-28T01:04:56+00:00\",\"breadcrumb\":{\"@id\":\"https:\/\/infoelnuevonorte.com\/?p=47155#breadcrumb\"},\"inLanguage\":\"es-DO\",\"potentialAction\":[{\"@type\":\"ReadAction\",\"target\":[\"https:\/\/infoelnuevonorte.com\/?p=47155\"]}]},{\"@type\":\"BreadcrumbList\",\"@id\":\"https:\/\/infoelnuevonorte.com\/?p=47155#breadcrumb\",\"itemListElement\":[{\"@type\":\"ListItem\",\"position\":1,\"name\":\"Home\",\"item\":\"https:\/\/infoelnuevonorte.com\/\"},{\"@type\":\"ListItem\",\"position\":2,\"name\":\"M\u00e1rtires De Le\u00f3n ofrecer\u00e1 concierto \u201cSuena guitarra m\u00eda pa\u2019 mi pueblo\u201d en La Romana\"}]},{\"@type\":\"WebSite\",\"@id\":\"https:\/\/infoelnuevonorte.com\/#website\",\"url\":\"https:\/\/infoelnuevonorte.com\/\",\"name\":\"InfoEnn\",\"description\":\"Tu Voz, tu Verdad, tu Diario!!!\",\"publisher\":{\"@id\":\"https:\/\/infoelnuevonorte.com\/#organization\"},\"alternateName\":\"El Nuevo Norte\",\"potentialAction\":[{\"@type\":\"SearchAction\",\"target\":{\"@type\":\"EntryPoint\",\"urlTemplate\":\"https:\/\/infoelnuevonorte.com\/?s={search_term_string}\"},\"query-input\":{\"@type\":\"PropertyValueSpecification\",\"valueRequired\":true,\"valueName\":\"search_term_string\"}}],\"inLanguage\":\"es-DO\"},{\"@type\":\"Organization\",\"@id\":\"https:\/\/infoelnuevonorte.com\/#organization\",\"name\":\"Info El Nuevo Norte\",\"alternateName\":\"El Nuevo Norte\",\"url\":\"https:\/\/infoelnuevonorte.com\/\",\"logo\":{\"@type\":\"ImageObject\",\"inLanguage\":\"es-DO\",\"@id\":\"https:\/\/infoelnuevonorte.com\/#\/schema\/logo\/image\/\",\"url\":\"https:\/\/infoelnuevonorte.com\/wp-content\/uploads\/2026\/02\/Logo-Info-enn-3d-20ani.jpeg\",\"contentUrl\":\"https:\/\/infoelnuevonorte.com\/wp-content\/uploads\/2026\/02\/Logo-Info-enn-3d-20ani.jpeg\",\"width\":2046,\"height\":736,\"caption\":\"Info El Nuevo Norte\"},\"image\":{\"@id\":\"https:\/\/infoelnuevonorte.com\/#\/schema\/logo\/image\/\"},\"sameAs\":[\"https:\/\/www.facebook.com\/infoenn\",\"https:\/\/x.com\/Elnuevo_norte\",\"https:\/\/www.instagram.com\/infoenn\",\"https:\/\/www.facebook.com\/ENNRD\"]},{\"@type\":\"Person\",\"@id\":\"https:\/\/infoelnuevonorte.com\/#\/schema\/person\/3accb35eb55f55e96c492b52d085a403\",\"name\":\"T. R.\",\"image\":{\"@type\":\"ImageObject\",\"inLanguage\":\"es-DO\",\"@id\":\"https:\/\/infoelnuevonorte.com\/#\/schema\/person\/image\/\",\"url\":\"https:\/\/secure.gravatar.com\/avatar\/40543a038bda97abdb765b1662e9677d?s=96&d=robohash&r=g\",\"contentUrl\":\"https:\/\/secure.gravatar.com\/avatar\/40543a038bda97abdb765b1662e9677d?s=96&d=robohash&r=g\",\"caption\":\"T. R.\"},\"url\":\"https:\/\/infoelnuevonorte.com\/?author=2\"}]}<\/script>\n<!-- \/ Yoast SEO plugin. -->","yoast_head_json":{"title":"M\u00e1rtires De Le\u00f3n ofrecer\u00e1 concierto \u201cSuena guitarra m\u00eda pa\u2019 mi pueblo\u201d en La Romana | El Nuevo Norte","robots":{"index":"index","follow":"follow","max-snippet":"max-snippet:-1","max-image-preview":"max-image-preview:large","max-video-preview":"max-video-preview:-1"},"canonical":"https:\/\/infoelnuevonorte.com\/?p=47155","og_locale":"es_ES","og_type":"article","og_title":"M\u00e1rtires De Le\u00f3n ofrecer\u00e1 concierto \u201cSuena guitarra m\u00eda pa\u2019 mi pueblo\u201d en La Romana | El Nuevo Norte","og_description":"Con el objetivo de regalar al pueblo que le vio nacer y crecer, La Romana, una tarde memorable cargada de buena m\u00fasica, el multipremiado productor musical, compositor, arreglista y guitarrista de bachata,\u00a0M\u00e1rtires De Le\u00f3n, se prepara para ofrecer un gran concierto, el pr\u00f3ximo jueves 29 de agosto. \u201cSuena guitarra m\u00eda pa\u2019 mi pueblo\u201d,\u00a0es el nombre [&hellip;]","og_url":"https:\/\/infoelnuevonorte.com\/?p=47155","og_site_name":"El Nuevo Norte","article_publisher":"https:\/\/www.facebook.com\/infoenn","article_published_time":"2024-08-28T01:04:54+00:00","article_modified_time":"2024-08-28T01:04:56+00:00","og_image":[{"width":697,"height":500,"url":"https:\/\/infoelnuevonorte.com\/wp-content\/uploads\/2024\/08\/descarga-2024-08-27T210238.624.png","type":"image\/png"}],"author":"T. R.","twitter_card":"summary_large_image","twitter_creator":"@Elnuevo_norte","twitter_site":"@Elnuevo_norte","twitter_misc":{"Written by":"T. R.","Est. reading time":"3 minutos"},"schema":{"@context":"https:\/\/schema.org","@graph":[{"@type":"Article","@id":"https:\/\/infoelnuevonorte.com\/?p=47155#article","isPartOf":{"@id":"https:\/\/infoelnuevonorte.com\/?p=47155"},"author":{"name":"T. R.","@id":"https:\/\/infoelnuevonorte.com\/#\/schema\/person\/3accb35eb55f55e96c492b52d085a403"},"headline":"M\u00e1rtires De Le\u00f3n ofrecer\u00e1 concierto \u201cSuena guitarra m\u00eda pa\u2019 mi pueblo\u201d en La Romana","datePublished":"2024-08-28T01:04:54+00:00","dateModified":"2024-08-28T01:04:56+00:00","mainEntityOfPage":{"@id":"https:\/\/infoelnuevonorte.com\/?p=47155"},"wordCount":492,"publisher":{"@id":"https:\/\/infoelnuevonorte.com\/#organization"},"articleSection":["Entretenimiento","Musica &amp; Far\u00e1ndula"],"inLanguage":"es-DO"},{"@type":"WebPage","@id":"https:\/\/infoelnuevonorte.com\/?p=47155","url":"https:\/\/infoelnuevonorte.com\/?p=47155","name":"M\u00e1rtires De Le\u00f3n ofrecer\u00e1 concierto \u201cSuena guitarra m\u00eda pa\u2019 mi pueblo\u201d en La Romana | El Nuevo Norte","isPartOf":{"@id":"https:\/\/infoelnuevonorte.com\/#website"},"datePublished":"2024-08-28T01:04:54+00:00","dateModified":"2024-08-28T01:04:56+00:00","breadcrumb":{"@id":"https:\/\/infoelnuevonorte.com\/?p=47155#breadcrumb"},"inLanguage":"es-DO","potentialAction":[{"@type":"ReadAction","target":["https:\/\/infoelnuevonorte.com\/?p=47155"]}]},{"@type":"BreadcrumbList","@id":"https:\/\/infoelnuevonorte.com\/?p=47155#breadcrumb","itemListElement":[{"@type":"ListItem","position":1,"name":"Home","item":"https:\/\/infoelnuevonorte.com\/"},{"@type":"ListItem","position":2,"name":"M\u00e1rtires De Le\u00f3n ofrecer\u00e1 concierto \u201cSuena guitarra m\u00eda pa\u2019 mi pueblo\u201d en La Romana"}]},{"@type":"WebSite","@id":"https:\/\/infoelnuevonorte.com\/#website","url":"https:\/\/infoelnuevonorte.com\/","name":"InfoEnn","description":"Tu Voz, tu Verdad, tu Diario!!!","publisher":{"@id":"https:\/\/infoelnuevonorte.com\/#organization"},"alternateName":"El Nuevo Norte","potentialAction":[{"@type":"SearchAction","target":{"@type":"EntryPoint","urlTemplate":"https:\/\/infoelnuevonorte.com\/?s={search_term_string}"},"query-input":{"@type":"PropertyValueSpecification","valueRequired":true,"valueName":"search_term_string"}}],"inLanguage":"es-DO"},{"@type":"Organization","@id":"https:\/\/infoelnuevonorte.com\/#organization","name":"Info El Nuevo Norte","alternateName":"El Nuevo Norte","url":"https:\/\/infoelnuevonorte.com\/","logo":{"@type":"ImageObject","inLanguage":"es-DO","@id":"https:\/\/infoelnuevonorte.com\/#\/schema\/logo\/image\/","url":"https:\/\/infoelnuevonorte.com\/wp-content\/uploads\/2026\/02\/Logo-Info-enn-3d-20ani.jpeg","contentUrl":"https:\/\/infoelnuevonorte.com\/wp-content\/uploads\/2026\/02\/Logo-Info-enn-3d-20ani.jpeg","width":2046,"height":736,"caption":"Info El Nuevo Norte"},"image":{"@id":"https:\/\/infoelnuevonorte.com\/#\/schema\/logo\/image\/"},"sameAs":["https:\/\/www.facebook.com\/infoenn","https:\/\/x.com\/Elnuevo_norte","https:\/\/www.instagram.com\/infoenn","https:\/\/www.facebook.com\/ENNRD"]},{"@type":"Person","@id":"https:\/\/infoelnuevonorte.com\/#\/schema\/person\/3accb35eb55f55e96c492b52d085a403","name":"T. R.","image":{"@type":"ImageObject","inLanguage":"es-DO","@id":"https:\/\/infoelnuevonorte.com\/#\/schema\/person\/image\/","url":"https:\/\/secure.gravatar.com\/avatar\/40543a038bda97abdb765b1662e9677d?s=96&d=robohash&r=g","contentUrl":"https:\/\/secure.gravatar.com\/avatar\/40543a038bda97abdb765b1662e9677d?s=96&d=robohash&r=g","caption":"T. R."},"url":"https:\/\/infoelnuevonorte.com\/?author=2"}]}},"_links":{"self":[{"href":"https:\/\/infoelnuevonorte.com\/index.php?rest_route=\/wp\/v2\/posts\/47155"}],"collection":[{"href":"https:\/\/infoelnuevonorte.com\/index.php?rest_route=\/wp\/v2\/posts"}],"about":[{"href":"https:\/\/infoelnuevonorte.com\/index.php?rest_route=\/wp\/v2\/types\/post"}],"author":[{"embeddable":true,"href":"https:\/\/infoelnuevonorte.com\/index.php?rest_route=\/wp\/v2\/users\/2"}],"replies":[{"embeddable":true,"href":"https:\/\/infoelnuevonorte.com\/index.php?rest_route=%2Fwp%2Fv2%2Fcomments&post=47155"}],"version-history":[{"count":0,"href":"https:\/\/infoelnuevonorte.com\/index.php?rest_route=\/wp\/v2\/posts\/47155\/revisions"}],"wp:attachment":[{"href":"https:\/\/infoelnuevonorte.com\/index.php?rest_route=%2Fwp%2Fv2%2Fmedia&parent=47155"}],"wp:term":[{"taxonomy":"category","embeddable":true,"href":"https:\/\/infoelnuevonorte.com\/index.php?rest_route=%2Fwp%2Fv2%2Fcategories&post=47155"},{"taxonomy":"post_tag","embeddable":true,"href":"https:\/\/infoelnuevonorte.com\/index.php?rest_route=%2Fwp%2Fv2%2Ftags&post=47155"}],"curies":[{"name":"wp","href":"https:\/\/api.w.org\/{rel}","templated":true}]}}