{"id":47159,"date":"2024-08-27T21:07:49","date_gmt":"2024-08-28T01:07:49","guid":{"rendered":"https:\/\/infoelnuevonorte.com\/?p=47159"},"modified":"2024-08-27T21:07:51","modified_gmt":"2024-08-28T01:07:51","slug":"trump-tacha-de-ridicula-la-nueva-acusacion-contra-el-y-cree-que-habria-que-desestimarla","status":"publish","type":"post","link":"https:\/\/infoelnuevonorte.com\/?p=47159","title":{"rendered":"Trump tacha de rid\u00edcula la nueva acusaci\u00f3n contra \u00e9l y cree que habr\u00eda que desestimarla"},"content":{"rendered":"<!--[if lt IE 9]><script>document.createElement('audio');<\/script><![endif]-->\n<audio class=\"wp-audio-shortcode\" id=\"audio-47159-1\" preload=\"none\" style=\"width: 100%;\" controls=\"controls\"><source type=\"audio\/mpeg\" src=\"https:\/\/infoelnuevonorte.com\/wp-content\/uploads\/2024\/08\/ttsmaker-vip-file-2024-8-27-21-7-28.mp3?_=1\" \/><a href=\"https:\/\/infoelnuevonorte.com\/wp-content\/uploads\/2024\/08\/ttsmaker-vip-file-2024-8-27-21-7-28.mp3\">https:\/\/infoelnuevonorte.com\/wp-content\/uploads\/2024\/08\/ttsmaker-vip-file-2024-8-27-21-7-28.mp3<\/a><\/audio>\n<p style=\"text-align: justify\">El\u00a0<strong>expresidente<\/strong>\u00a0estadounidense y candidato republicano,\u00a0<strong>Donald Trump<\/strong>\u00a0(2017-2021), calific\u00f3 este martes de\u00a0<strong>rid\u00edcula<\/strong>\u00a0la nueva\u00a0<strong>acusaci\u00f3n<\/strong>\u00a0contra \u00e9l presentada en Washington en el caso del\u00a0<strong>asalto<\/strong>\u00a0al Capitolio y afirm\u00f3 que habr\u00eda que desestimarla.<\/p>\n<p>Trump consider\u00f3 en su red social, Truth Social, que el\u00a0<strong>fiscal<\/strong>\u00a0especial al frente de la\u00a0<strong>investigaci\u00f3n<\/strong>, el \"trastornado\"\u00a0<strong>Jack Smith<\/strong>, ha interpuesto esa \"<strong>rid\u00edcula<\/strong>\"\u00a0<strong>acusaci\u00f3n<\/strong>\u00a0contra \u00e9l \"en un esfuerzo por resucitar una caza de brujas 'muerta' en Washington DC, en un acto de desesperaci\u00f3n y para salvar las apariencias\".<\/p>\n<p>Smith ha rehecho su acta de\u00a0<strong>acusaci\u00f3n<\/strong>\u00a0contra el magnate neoyorquino manteniendo los cuatro cargos anteriores pero rebajando las alegaciones para ajustarse al dictamen del Supremo sobre la\u00a0<strong>inmunidad<\/strong>\u00a0de los actos oficiales de Trump como mandatario.<\/p>\n<p style=\"text-align: justify\">\"Esto es simplemente un intento de INTERFERIR CON LAS ELECCIONES y de distraer al pueblo estadounidense de las cat\u00e1strofes que Kamala Harris ha infligido a nuestra naci\u00f3n, como la invasi\u00f3n fronteriza, el crimen inmigrante, la inflaci\u00f3n desenfrenada, la amenaza de una Tercera Guerra Mundial y m\u00e1s&#8230;\", recalc\u00f3 Trump en Truth Social.<\/p>\n<p>El exmandatario tach\u00f3 de \"sorprendente\" que se haya dado ese paso tras el fallo del Supremo y estim\u00f3 que se trata de \"un\u00a0<strong>abuso<\/strong>\u00a0sin precedentes del criminal sistema\u00a0<strong>judicial<\/strong>\".<\/p>\n<p>Trump record\u00f3 que el caso tiene que ver con la \"<strong>conspiraci\u00f3n<\/strong>\u00a0para obstruir las\u00a0<strong>elecciones<\/strong>\u00a0presidenciales de 2020&#8243;, algo que deriv\u00f3 en el\u00a0<strong>asalto<\/strong>\u00a0al Capitolio del 6 de enero de 2021.<\/p>\n<p>Ese d\u00eda unas 10,000 personas -la mayor\u00eda simpatizantes de Trump- marcharon hacia la sede del Congreso y unas 800 irrumpieron en el edificio mientras se estaba certificando la victoria del dem\u00f3crata Joe Biden en esos comicios. Hubo cinco muertos y cerca de 140 agentes heridos.<\/p>\n<p>\"Ellos (los dem\u00f3cratas) son quienes obstruyeron la\u00a0<strong>elecci\u00f3n<\/strong>, no yo. Ellos hicieron\u00a0<strong>trampas<\/strong>\u00a0y van a por m\u00ed. Curiosamente, esto llega en el mismo momento en que Mark Zuckerberg, de Facebook, ha admitido ocultar cantidades masivas de informaci\u00f3n (&#8230;), lo que es un reconocimiento directo de que las\u00a0<strong>elecciones<\/strong>\u00a0de 2020 fueron MANIPULADAS por el Departamento de Justicia. Lo que est\u00e1n haciendo ese el mayor\u00a0<strong>sabotaje<\/strong>\u00a0de nuestra historia a la\u00a0<strong>democracia<\/strong>\", dijo.<\/p>\n<p style=\"text-align: justify\">El aspirante republicano, que va por detr\u00e1s de su oponente dem\u00f3crata en los sondeos sobre las intenciones de voto, estim\u00f3 que hay una instrumentalizaci\u00f3n del sistema en su contra y culp\u00f3 a Harris de estar al frente de ese movimiento.<\/p>\n<div class=\"mb-5 component cita\" style=\"text-align: justify\"><i>\"Como sabe Jack Smith, todo el caso deber\u00eda ser desestimado por motivos de inmunidad presidencial, como ya dictamin\u00f3 inequ\u00edvocamente la Corte Suprema de Estados Unidos. Smith ha reescrito exactamente el mismo caso en un esfuerzo por eludir la decisi\u00f3n de la Corte Suprema\"<\/i><span class=\"author\"><strong>Donald Trump<\/strong><\/span><span class=\"status\">Expresidente de EE.UU.<\/span><span class=\"cita-icon\">\u201c<\/span><\/div>\n<p style=\"text-align: justify\">En su opini\u00f3n, los estadounidenses se dar\u00e1n cuenta de todas las \"<strong>corruptas<\/strong>\u00a0acusaciones\" en su contra y mostrar\u00e1n su rechazo a las mismas concedi\u00e9ndole una \"abrumadora victoria\" el 5 de noviembre.<\/p>\n<p style=\"text-align: justify\">\"\u00a1Quiero que sepan QUE NUNCA ME RENDIR\u00c9!\", recalc\u00f3 en otro mensaje difundido por email por su campa\u00f1a.<\/p>\n<p style=\"text-align: justify\">El pasado 1 de juio la m\u00e1xima corte concedi\u00f3 al ahora exmandatario una <strong>inmunidad<\/strong>\u00a0parcial. Por seis votos contra tres, los de las juezas progresistas, concluy\u00f3 que \"un\u00a0<strong>expresidente<\/strong>\u00a0tiene derecho a\u00a0<strong>inmunidad<\/strong>\u00a0absoluta frente a un proceso penal por acciones dentro de su autoridad constitucional\", pero estableci\u00f3 que \"no hay\u00a0<strong>inmunidad<\/strong>\u00a0para actos no oficiales\".<\/p>\n<p>La\u00a0<strong>acusaci\u00f3n<\/strong>\u00a0de Smith ha pasado de las 45 p\u00e1ginas que ten\u00eda en un principio a 36 y, seg\u00fan detall\u00f3 el diario The Washington Post, elimina las alegaciones vinculadas con los esfuerzos de Trump para que el Departamento de Justicia apoyara su reivindicaci\u00f3n de que hab\u00eda habido fraude electoral en 2020.<\/p>\n<p>En su decisi\u00f3n de julio, el Supremo apunt\u00f3 que Trump no pod\u00eda afrontar cargos relacionados con sus intercambios con miembros del Departamento de Justicia al considerar que su interacci\u00f3n con ese gabinete formaba parte de los deberes de su puesto.<\/p>\n<div id=\"detalle-parrafo\" style=\"text-align: justify\"><\/div>\n","protected":false},"excerpt":{"rendered":"<p>El\u00a0expresidente\u00a0estadounidense y candidato republicano,\u00a0Donald Trump\u00a0(2017-2021), calific\u00f3 este martes de\u00a0rid\u00edcula\u00a0la nueva\u00a0acusaci\u00f3n\u00a0contra \u00e9l presentada en Washington en el caso del\u00a0asalto\u00a0al Capitolio y afirm\u00f3 que habr\u00eda que desestimarla. Trump consider\u00f3 en su red social, Truth Social, que el\u00a0fiscal\u00a0especial al frente de la\u00a0investigaci\u00f3n, el \"trastornado\"\u00a0Jack Smith, ha interpuesto esa \"rid\u00edcula\"\u00a0acusaci\u00f3n\u00a0contra \u00e9l \"en un esfuerzo por resucitar una caza de [&hellip;]<\/p>\n","protected":false},"author":2,"featured_media":0,"comment_status":"closed","ping_status":"open","sticky":false,"template":"","format":"standard","meta":{"footnotes":""},"categories":[9],"tags":[],"yoast_head":"<!-- This site is optimized with the Yoast SEO plugin v24.5 - https:\/\/yoast.com\/wordpress\/plugins\/seo\/ -->\n<title>Trump tacha de rid\u00edcula la nueva acusaci\u00f3n contra \u00e9l y cree que habr\u00eda que desestimarla | El Nuevo Norte<\/title>\n<meta name=\"robots\" content=\"index, follow, max-snippet:-1, max-image-preview:large, max-video-preview:-1\" \/>\n<link rel=\"canonical\" href=\"https:\/\/infoelnuevonorte.com\/?p=47159\" \/>\n<meta property=\"og:locale\" content=\"es_ES\" \/>\n<meta property=\"og:type\" content=\"article\" \/>\n<meta property=\"og:title\" content=\"Trump tacha de rid\u00edcula la nueva acusaci\u00f3n contra \u00e9l y cree que habr\u00eda que desestimarla | El Nuevo Norte\" \/>\n<meta property=\"og:description\" content=\"El\u00a0expresidente\u00a0estadounidense y candidato republicano,\u00a0Donald Trump\u00a0(2017-2021), calific\u00f3 este martes de\u00a0rid\u00edcula\u00a0la nueva\u00a0acusaci\u00f3n\u00a0contra \u00e9l presentada en Washington en el caso del\u00a0asalto\u00a0al Capitolio y afirm\u00f3 que habr\u00eda que desestimarla. Trump consider\u00f3 en su red social, Truth Social, que el\u00a0fiscal\u00a0especial al frente de la\u00a0investigaci\u00f3n, el &quot;trastornado&quot;\u00a0Jack Smith, ha interpuesto esa &quot;rid\u00edcula&quot;\u00a0acusaci\u00f3n\u00a0contra \u00e9l &quot;en un esfuerzo por resucitar una caza de [&hellip;]\" \/>\n<meta property=\"og:url\" content=\"https:\/\/infoelnuevonorte.com\/?p=47159\" \/>\n<meta property=\"og:site_name\" content=\"El Nuevo Norte\" \/>\n<meta property=\"article:publisher\" content=\"https:\/\/www.facebook.com\/infoenn\" \/>\n<meta property=\"article:published_time\" content=\"2024-08-28T01:07:49+00:00\" \/>\n<meta property=\"article:modified_time\" content=\"2024-08-28T01:07:51+00:00\" \/>\n<meta property=\"og:image\" content=\"https:\/\/infoelnuevonorte.com\/wp-content\/uploads\/2024\/08\/descarga-2024-08-27T210519.281.png\" \/>\n\t<meta property=\"og:image:width\" content=\"896\" \/>\n\t<meta property=\"og:image:height\" content=\"504\" \/>\n\t<meta property=\"og:image:type\" content=\"image\/png\" \/>\n<meta name=\"author\" content=\"T. R.\" \/>\n<meta name=\"twitter:card\" content=\"summary_large_image\" \/>\n<meta name=\"twitter:creator\" content=\"@Elnuevo_norte\" \/>\n<meta name=\"twitter:site\" content=\"@Elnuevo_norte\" \/>\n<meta name=\"twitter:label1\" content=\"Written by\" \/>\n\t<meta name=\"twitter:data1\" content=\"T. R.\" \/>\n\t<meta name=\"twitter:label2\" content=\"Est. reading time\" \/>\n\t<meta name=\"twitter:data2\" content=\"4 minutos\" \/>\n<script type=\"application\/ld+json\" class=\"yoast-schema-graph\">{\"@context\":\"https:\/\/schema.org\",\"@graph\":[{\"@type\":\"Article\",\"@id\":\"https:\/\/infoelnuevonorte.com\/?p=47159#article\",\"isPartOf\":{\"@id\":\"https:\/\/infoelnuevonorte.com\/?p=47159\"},\"author\":{\"name\":\"T. R.\",\"@id\":\"https:\/\/infoelnuevonorte.com\/#\/schema\/person\/3accb35eb55f55e96c492b52d085a403\"},\"headline\":\"Trump tacha de rid\u00edcula la nueva acusaci\u00f3n contra \u00e9l y cree que habr\u00eda que desestimarla\",\"datePublished\":\"2024-08-28T01:07:49+00:00\",\"dateModified\":\"2024-08-28T01:07:51+00:00\",\"mainEntityOfPage\":{\"@id\":\"https:\/\/infoelnuevonorte.com\/?p=47159\"},\"wordCount\":700,\"publisher\":{\"@id\":\"https:\/\/infoelnuevonorte.com\/#organization\"},\"articleSection\":[\"Mundiales\"],\"inLanguage\":\"es-DO\"},{\"@type\":\"WebPage\",\"@id\":\"https:\/\/infoelnuevonorte.com\/?p=47159\",\"url\":\"https:\/\/infoelnuevonorte.com\/?p=47159\",\"name\":\"Trump tacha de rid\u00edcula la nueva acusaci\u00f3n contra \u00e9l y cree que habr\u00eda que desestimarla | El Nuevo Norte\",\"isPartOf\":{\"@id\":\"https:\/\/infoelnuevonorte.com\/#website\"},\"datePublished\":\"2024-08-28T01:07:49+00:00\",\"dateModified\":\"2024-08-28T01:07:51+00:00\",\"breadcrumb\":{\"@id\":\"https:\/\/infoelnuevonorte.com\/?p=47159#breadcrumb\"},\"inLanguage\":\"es-DO\",\"potentialAction\":[{\"@type\":\"ReadAction\",\"target\":[\"https:\/\/infoelnuevonorte.com\/?p=47159\"]}]},{\"@type\":\"BreadcrumbList\",\"@id\":\"https:\/\/infoelnuevonorte.com\/?p=47159#breadcrumb\",\"itemListElement\":[{\"@type\":\"ListItem\",\"position\":1,\"name\":\"Home\",\"item\":\"https:\/\/infoelnuevonorte.com\/\"},{\"@type\":\"ListItem\",\"position\":2,\"name\":\"Trump tacha de rid\u00edcula la nueva acusaci\u00f3n contra \u00e9l y cree que habr\u00eda que desestimarla\"}]},{\"@type\":\"WebSite\",\"@id\":\"https:\/\/infoelnuevonorte.com\/#website\",\"url\":\"https:\/\/infoelnuevonorte.com\/\",\"name\":\"InfoEnn\",\"description\":\"Tu Voz, tu Verdad, tu Diario!!!\",\"publisher\":{\"@id\":\"https:\/\/infoelnuevonorte.com\/#organization\"},\"alternateName\":\"El Nuevo Norte\",\"potentialAction\":[{\"@type\":\"SearchAction\",\"target\":{\"@type\":\"EntryPoint\",\"urlTemplate\":\"https:\/\/infoelnuevonorte.com\/?s={search_term_string}\"},\"query-input\":{\"@type\":\"PropertyValueSpecification\",\"valueRequired\":true,\"valueName\":\"search_term_string\"}}],\"inLanguage\":\"es-DO\"},{\"@type\":\"Organization\",\"@id\":\"https:\/\/infoelnuevonorte.com\/#organization\",\"name\":\"Info El Nuevo Norte\",\"alternateName\":\"El Nuevo Norte\",\"url\":\"https:\/\/infoelnuevonorte.com\/\",\"logo\":{\"@type\":\"ImageObject\",\"inLanguage\":\"es-DO\",\"@id\":\"https:\/\/infoelnuevonorte.com\/#\/schema\/logo\/image\/\",\"url\":\"https:\/\/infoelnuevonorte.com\/wp-content\/uploads\/2026\/02\/Logo-Info-enn-3d-20ani.jpeg\",\"contentUrl\":\"https:\/\/infoelnuevonorte.com\/wp-content\/uploads\/2026\/02\/Logo-Info-enn-3d-20ani.jpeg\",\"width\":2046,\"height\":736,\"caption\":\"Info El Nuevo Norte\"},\"image\":{\"@id\":\"https:\/\/infoelnuevonorte.com\/#\/schema\/logo\/image\/\"},\"sameAs\":[\"https:\/\/www.facebook.com\/infoenn\",\"https:\/\/x.com\/Elnuevo_norte\",\"https:\/\/www.instagram.com\/infoenn\",\"https:\/\/www.facebook.com\/ENNRD\"]},{\"@type\":\"Person\",\"@id\":\"https:\/\/infoelnuevonorte.com\/#\/schema\/person\/3accb35eb55f55e96c492b52d085a403\",\"name\":\"T. R.\",\"image\":{\"@type\":\"ImageObject\",\"inLanguage\":\"es-DO\",\"@id\":\"https:\/\/infoelnuevonorte.com\/#\/schema\/person\/image\/\",\"url\":\"https:\/\/secure.gravatar.com\/avatar\/40543a038bda97abdb765b1662e9677d?s=96&d=robohash&r=g\",\"contentUrl\":\"https:\/\/secure.gravatar.com\/avatar\/40543a038bda97abdb765b1662e9677d?s=96&d=robohash&r=g\",\"caption\":\"T. R.\"},\"url\":\"https:\/\/infoelnuevonorte.com\/?author=2\"}]}<\/script>\n<!-- \/ Yoast SEO plugin. -->","yoast_head_json":{"title":"Trump tacha de rid\u00edcula la nueva acusaci\u00f3n contra \u00e9l y cree que habr\u00eda que desestimarla | El Nuevo Norte","robots":{"index":"index","follow":"follow","max-snippet":"max-snippet:-1","max-image-preview":"max-image-preview:large","max-video-preview":"max-video-preview:-1"},"canonical":"https:\/\/infoelnuevonorte.com\/?p=47159","og_locale":"es_ES","og_type":"article","og_title":"Trump tacha de rid\u00edcula la nueva acusaci\u00f3n contra \u00e9l y cree que habr\u00eda que desestimarla | El Nuevo Norte","og_description":"El\u00a0expresidente\u00a0estadounidense y candidato republicano,\u00a0Donald Trump\u00a0(2017-2021), calific\u00f3 este martes de\u00a0rid\u00edcula\u00a0la nueva\u00a0acusaci\u00f3n\u00a0contra \u00e9l presentada en Washington en el caso del\u00a0asalto\u00a0al Capitolio y afirm\u00f3 que habr\u00eda que desestimarla. Trump consider\u00f3 en su red social, Truth Social, que el\u00a0fiscal\u00a0especial al frente de la\u00a0investigaci\u00f3n, el \"trastornado\"\u00a0Jack Smith, ha interpuesto esa \"rid\u00edcula\"\u00a0acusaci\u00f3n\u00a0contra \u00e9l \"en un esfuerzo por resucitar una caza de [&hellip;]","og_url":"https:\/\/infoelnuevonorte.com\/?p=47159","og_site_name":"El Nuevo Norte","article_publisher":"https:\/\/www.facebook.com\/infoenn","article_published_time":"2024-08-28T01:07:49+00:00","article_modified_time":"2024-08-28T01:07:51+00:00","og_image":[{"width":896,"height":504,"url":"https:\/\/infoelnuevonorte.com\/wp-content\/uploads\/2024\/08\/descarga-2024-08-27T210519.281.png","type":"image\/png"}],"author":"T. R.","twitter_card":"summary_large_image","twitter_creator":"@Elnuevo_norte","twitter_site":"@Elnuevo_norte","twitter_misc":{"Written by":"T. R.","Est. reading time":"4 minutos"},"schema":{"@context":"https:\/\/schema.org","@graph":[{"@type":"Article","@id":"https:\/\/infoelnuevonorte.com\/?p=47159#article","isPartOf":{"@id":"https:\/\/infoelnuevonorte.com\/?p=47159"},"author":{"name":"T. R.","@id":"https:\/\/infoelnuevonorte.com\/#\/schema\/person\/3accb35eb55f55e96c492b52d085a403"},"headline":"Trump tacha de rid\u00edcula la nueva acusaci\u00f3n contra \u00e9l y cree que habr\u00eda que desestimarla","datePublished":"2024-08-28T01:07:49+00:00","dateModified":"2024-08-28T01:07:51+00:00","mainEntityOfPage":{"@id":"https:\/\/infoelnuevonorte.com\/?p=47159"},"wordCount":700,"publisher":{"@id":"https:\/\/infoelnuevonorte.com\/#organization"},"articleSection":["Mundiales"],"inLanguage":"es-DO"},{"@type":"WebPage","@id":"https:\/\/infoelnuevonorte.com\/?p=47159","url":"https:\/\/infoelnuevonorte.com\/?p=47159","name":"Trump tacha de rid\u00edcula la nueva acusaci\u00f3n contra \u00e9l y cree que habr\u00eda que desestimarla | El Nuevo Norte","isPartOf":{"@id":"https:\/\/infoelnuevonorte.com\/#website"},"datePublished":"2024-08-28T01:07:49+00:00","dateModified":"2024-08-28T01:07:51+00:00","breadcrumb":{"@id":"https:\/\/infoelnuevonorte.com\/?p=47159#breadcrumb"},"inLanguage":"es-DO","potentialAction":[{"@type":"ReadAction","target":["https:\/\/infoelnuevonorte.com\/?p=47159"]}]},{"@type":"BreadcrumbList","@id":"https:\/\/infoelnuevonorte.com\/?p=47159#breadcrumb","itemListElement":[{"@type":"ListItem","position":1,"name":"Home","item":"https:\/\/infoelnuevonorte.com\/"},{"@type":"ListItem","position":2,"name":"Trump tacha de rid\u00edcula la nueva acusaci\u00f3n contra \u00e9l y cree que habr\u00eda que desestimarla"}]},{"@type":"WebSite","@id":"https:\/\/infoelnuevonorte.com\/#website","url":"https:\/\/infoelnuevonorte.com\/","name":"InfoEnn","description":"Tu Voz, tu Verdad, tu Diario!!!","publisher":{"@id":"https:\/\/infoelnuevonorte.com\/#organization"},"alternateName":"El Nuevo Norte","potentialAction":[{"@type":"SearchAction","target":{"@type":"EntryPoint","urlTemplate":"https:\/\/infoelnuevonorte.com\/?s={search_term_string}"},"query-input":{"@type":"PropertyValueSpecification","valueRequired":true,"valueName":"search_term_string"}}],"inLanguage":"es-DO"},{"@type":"Organization","@id":"https:\/\/infoelnuevonorte.com\/#organization","name":"Info El Nuevo Norte","alternateName":"El Nuevo Norte","url":"https:\/\/infoelnuevonorte.com\/","logo":{"@type":"ImageObject","inLanguage":"es-DO","@id":"https:\/\/infoelnuevonorte.com\/#\/schema\/logo\/image\/","url":"https:\/\/infoelnuevonorte.com\/wp-content\/uploads\/2026\/02\/Logo-Info-enn-3d-20ani.jpeg","contentUrl":"https:\/\/infoelnuevonorte.com\/wp-content\/uploads\/2026\/02\/Logo-Info-enn-3d-20ani.jpeg","width":2046,"height":736,"caption":"Info El Nuevo Norte"},"image":{"@id":"https:\/\/infoelnuevonorte.com\/#\/schema\/logo\/image\/"},"sameAs":["https:\/\/www.facebook.com\/infoenn","https:\/\/x.com\/Elnuevo_norte","https:\/\/www.instagram.com\/infoenn","https:\/\/www.facebook.com\/ENNRD"]},{"@type":"Person","@id":"https:\/\/infoelnuevonorte.com\/#\/schema\/person\/3accb35eb55f55e96c492b52d085a403","name":"T. R.","image":{"@type":"ImageObject","inLanguage":"es-DO","@id":"https:\/\/infoelnuevonorte.com\/#\/schema\/person\/image\/","url":"https:\/\/secure.gravatar.com\/avatar\/40543a038bda97abdb765b1662e9677d?s=96&d=robohash&r=g","contentUrl":"https:\/\/secure.gravatar.com\/avatar\/40543a038bda97abdb765b1662e9677d?s=96&d=robohash&r=g","caption":"T. R."},"url":"https:\/\/infoelnuevonorte.com\/?author=2"}]}},"_links":{"self":[{"href":"https:\/\/infoelnuevonorte.com\/index.php?rest_route=\/wp\/v2\/posts\/47159"}],"collection":[{"href":"https:\/\/infoelnuevonorte.com\/index.php?rest_route=\/wp\/v2\/posts"}],"about":[{"href":"https:\/\/infoelnuevonorte.com\/index.php?rest_route=\/wp\/v2\/types\/post"}],"author":[{"embeddable":true,"href":"https:\/\/infoelnuevonorte.com\/index.php?rest_route=\/wp\/v2\/users\/2"}],"replies":[{"embeddable":true,"href":"https:\/\/infoelnuevonorte.com\/index.php?rest_route=%2Fwp%2Fv2%2Fcomments&post=47159"}],"version-history":[{"count":0,"href":"https:\/\/infoelnuevonorte.com\/index.php?rest_route=\/wp\/v2\/posts\/47159\/revisions"}],"wp:attachment":[{"href":"https:\/\/infoelnuevonorte.com\/index.php?rest_route=%2Fwp%2Fv2%2Fmedia&parent=47159"}],"wp:term":[{"taxonomy":"category","embeddable":true,"href":"https:\/\/infoelnuevonorte.com\/index.php?rest_route=%2Fwp%2Fv2%2Fcategories&post=47159"},{"taxonomy":"post_tag","embeddable":true,"href":"https:\/\/infoelnuevonorte.com\/index.php?rest_route=%2Fwp%2Fv2%2Ftags&post=47159"}],"curies":[{"name":"wp","href":"https:\/\/api.w.org\/{rel}","templated":true}]}}