{"id":4748,"date":"2023-11-15T07:02:48","date_gmt":"2023-11-15T11:02:48","guid":{"rendered":"https:\/\/infoelnuevonorte.com\/?p=4748"},"modified":"2023-11-15T07:02:50","modified_gmt":"2023-11-15T11:02:50","slug":"revelan-lo-que-hay-detras-del-caso-de-la-adolescente-de-15-secuestrada","status":"publish","type":"post","link":"https:\/\/infoelnuevonorte.com\/?p=4748","title":{"rendered":"Revelan lo que hay detr\u00e1s del caso de la adolescente de 15 secuestrada"},"content":{"rendered":"<p style=\"text-align: justify;\">La Polic\u00eda Nacional apres\u00f3 a un hombre presuntamente implicado en el secuestro de una menor en el municipio de Villa Tapia, la madrugada del pasado s\u00e1bado.<\/p>\n<p style=\"text-align: justify;\">El apresado por la instituci\u00f3n del orden fue identificado como Joel de Le\u00f3n, vegano, oriundo del distrito municipal Don Juan Rodr\u00edguez, quien presuntamente es se\u00f1alado como la persona que llev\u00f3 a los colombianos que cometieron el secuestro de la adolescente y de un empresario identificado como Luis, de quien nadie ha hecho menci\u00f3n en el caso.<\/p>\n<p style=\"text-align: justify;\">Una fuente indic\u00f3 que un hombre de nacionalidad colombiana falleci\u00f3 a manos de la Polic\u00eda al momento del rescate de la menor secuestrada, de quien se presume que sus captores le amputaron uno de sus dedos, lo que hasta ahora las autoridades no han informado.<\/p>\n<p style=\"text-align: justify;\">El padre de la menor, Pablo Delio Vera, se encuentra detenido por las autoridades policiales, quien seg\u00fan informaciones es parte de un entramado que dio un tumbe de droga a los colombianos que manten\u00edan secuestrada a la menor.<\/p>\n<p style=\"text-align: justify;\">Hasta este momento s\u00f3lo se ha informado que la menor fue rescatada sin que la Polic\u00eda Nacional o el Ministerio P\u00fablico informara sobre el estado en el que se encuentra.<\/p>\n<p style=\"text-align: justify;\">El abogado Domingo Reinos, representante del se\u00f1or Luis de Le\u00f3n, inform\u00f3 que su defendido s\u00f3lo rent\u00f3 un veh\u00edculo a los presuntos secuestradores, por lo que este est\u00e1 siendo objeto de investigaci\u00f3n.<\/p>\n<p style=\"text-align: justify;\">De su lado Luis de Le\u00f3n, se encuentra bajo custodia del Ministerio P\u00fablico en espera de que se le conozca la medida de coerci\u00f3n por su presunta vinculaci\u00f3n al caso.<\/p>\n<p><span style=\"color: #ff0000;\"><strong>RELACIONADO:<\/strong><\/span><\/p>\n<blockquote class=\"wp-embedded-content\" data-secret=\"NBHzNSgTNI\"><p><a href=\"https:\/\/infoelnuevonorte.com\/?p=4626\">Polic\u00eda mata colombiano que manten\u00eda secuestradas a dos personas en Ban\u00ed<\/a><\/p><\/blockquote>\n<p><iframe class=\"wp-embedded-content\" sandbox=\"allow-scripts\" security=\"restricted\" style=\"position: absolute; clip: rect(1px, 1px, 1px, 1px);\" title=\"\u00abPolic\u00eda mata colombiano que manten\u00eda secuestradas a dos personas en Ban\u00ed\u00bb \u2014 InfoEnn\" src=\"https:\/\/infoelnuevonorte.com\/?p=4626&#038;embed=true#?secret=oXlMlhYvpK#?secret=NBHzNSgTNI\" data-secret=\"NBHzNSgTNI\" width=\"600\" height=\"338\" frameborder=\"0\" marginwidth=\"0\" marginheight=\"0\" scrolling=\"no\"><\/iframe><\/p>\n","protected":false},"excerpt":{"rendered":"<p>La Polic\u00eda Nacional apres\u00f3 a un hombre presuntamente implicado en el secuestro de una menor en el municipio de Villa Tapia, la madrugada del pasado s\u00e1bado. El apresado por la instituci\u00f3n del orden fue identificado como Joel de Le\u00f3n, vegano, oriundo del distrito municipal Don Juan Rodr\u00edguez, quien presuntamente es se\u00f1alado como la persona que [&hellip;]<\/p>\n","protected":false},"author":1,"featured_media":0,"comment_status":"closed","ping_status":"open","sticky":false,"template":"","format":"standard","meta":{"footnotes":""},"categories":[2,5],"tags":[],"yoast_head":"<!-- This site is optimized with the Yoast SEO plugin v24.5 - https:\/\/yoast.com\/wordpress\/plugins\/seo\/ -->\n<title>Revelan lo que hay detr\u00e1s del caso de la adolescente de 15 secuestrada | El Nuevo Norte<\/title>\n<meta name=\"robots\" content=\"index, follow, max-snippet:-1, max-image-preview:large, max-video-preview:-1\" \/>\n<link rel=\"canonical\" href=\"https:\/\/infoelnuevonorte.com\/?p=4748\" \/>\n<meta property=\"og:locale\" content=\"es_ES\" \/>\n<meta property=\"og:type\" content=\"article\" \/>\n<meta property=\"og:title\" content=\"Revelan lo que hay detr\u00e1s del caso de la adolescente de 15 secuestrada | El Nuevo Norte\" \/>\n<meta property=\"og:description\" content=\"La Polic\u00eda Nacional apres\u00f3 a un hombre presuntamente implicado en el secuestro de una menor en el municipio de Villa Tapia, la madrugada del pasado s\u00e1bado. El apresado por la instituci\u00f3n del orden fue identificado como Joel de Le\u00f3n, vegano, oriundo del distrito municipal Don Juan Rodr\u00edguez, quien presuntamente es se\u00f1alado como la persona que [&hellip;]\" \/>\n<meta property=\"og:url\" content=\"https:\/\/infoelnuevonorte.com\/?p=4748\" \/>\n<meta property=\"og:site_name\" content=\"El Nuevo Norte\" \/>\n<meta property=\"article:publisher\" content=\"https:\/\/www.facebook.com\/infoenn\" \/>\n<meta property=\"article:published_time\" content=\"2023-11-15T11:02:48+00:00\" \/>\n<meta property=\"article:modified_time\" content=\"2023-11-15T11:02:50+00:00\" \/>\n<meta property=\"og:image\" content=\"https:\/\/infoelnuevonorte.com\/wp-content\/uploads\/2023\/11\/una-menor-en-el-municipio-de-Vil.png\" \/>\n\t<meta property=\"og:image:width\" content=\"800\" \/>\n\t<meta property=\"og:image:height\" content=\"503\" \/>\n\t<meta property=\"og:image:type\" content=\"image\/png\" \/>\n<meta name=\"author\" content=\"InfoEnn\" \/>\n<meta name=\"twitter:card\" content=\"summary_large_image\" \/>\n<meta name=\"twitter:creator\" content=\"@Elnuevo_norte\" \/>\n<meta name=\"twitter:site\" content=\"@Elnuevo_norte\" \/>\n<meta name=\"twitter:label1\" content=\"Written by\" \/>\n\t<meta name=\"twitter:data1\" content=\"InfoEnn\" \/>\n\t<meta name=\"twitter:label2\" content=\"Est. reading time\" \/>\n\t<meta name=\"twitter:data2\" content=\"2 minutos\" \/>\n<script type=\"application\/ld+json\" class=\"yoast-schema-graph\">{\"@context\":\"https:\/\/schema.org\",\"@graph\":[{\"@type\":\"Article\",\"@id\":\"https:\/\/infoelnuevonorte.com\/?p=4748#article\",\"isPartOf\":{\"@id\":\"https:\/\/infoelnuevonorte.com\/?p=4748\"},\"author\":{\"name\":\"InfoEnn\",\"@id\":\"https:\/\/infoelnuevonorte.com\/#\/schema\/person\/fd4f6d90afe41260818b4ea94ad8ab84\"},\"headline\":\"Revelan lo que hay detr\u00e1s del caso de la adolescente de 15 secuestrada\",\"datePublished\":\"2023-11-15T11:02:48+00:00\",\"dateModified\":\"2023-11-15T11:02:50+00:00\",\"mainEntityOfPage\":{\"@id\":\"https:\/\/infoelnuevonorte.com\/?p=4748\"},\"wordCount\":296,\"publisher\":{\"@id\":\"https:\/\/infoelnuevonorte.com\/#organization\"},\"articleSection\":[\"Actualidad |\",\"Del Norte\"],\"inLanguage\":\"es-DO\"},{\"@type\":\"WebPage\",\"@id\":\"https:\/\/infoelnuevonorte.com\/?p=4748\",\"url\":\"https:\/\/infoelnuevonorte.com\/?p=4748\",\"name\":\"Revelan lo que hay detr\u00e1s del caso de la adolescente de 15 secuestrada | El Nuevo Norte\",\"isPartOf\":{\"@id\":\"https:\/\/infoelnuevonorte.com\/#website\"},\"datePublished\":\"2023-11-15T11:02:48+00:00\",\"dateModified\":\"2023-11-15T11:02:50+00:00\",\"breadcrumb\":{\"@id\":\"https:\/\/infoelnuevonorte.com\/?p=4748#breadcrumb\"},\"inLanguage\":\"es-DO\",\"potentialAction\":[{\"@type\":\"ReadAction\",\"target\":[\"https:\/\/infoelnuevonorte.com\/?p=4748\"]}]},{\"@type\":\"BreadcrumbList\",\"@id\":\"https:\/\/infoelnuevonorte.com\/?p=4748#breadcrumb\",\"itemListElement\":[{\"@type\":\"ListItem\",\"position\":1,\"name\":\"Home\",\"item\":\"https:\/\/infoelnuevonorte.com\/\"},{\"@type\":\"ListItem\",\"position\":2,\"name\":\"Revelan lo que hay detr\u00e1s del caso de la adolescente de 15 secuestrada\"}]},{\"@type\":\"WebSite\",\"@id\":\"https:\/\/infoelnuevonorte.com\/#website\",\"url\":\"https:\/\/infoelnuevonorte.com\/\",\"name\":\"InfoEnn\",\"description\":\"Tu Voz, tu Verdad, tu Diario!!!\",\"publisher\":{\"@id\":\"https:\/\/infoelnuevonorte.com\/#organization\"},\"alternateName\":\"El Nuevo Norte\",\"potentialAction\":[{\"@type\":\"SearchAction\",\"target\":{\"@type\":\"EntryPoint\",\"urlTemplate\":\"https:\/\/infoelnuevonorte.com\/?s={search_term_string}\"},\"query-input\":{\"@type\":\"PropertyValueSpecification\",\"valueRequired\":true,\"valueName\":\"search_term_string\"}}],\"inLanguage\":\"es-DO\"},{\"@type\":\"Organization\",\"@id\":\"https:\/\/infoelnuevonorte.com\/#organization\",\"name\":\"Info El Nuevo Norte\",\"alternateName\":\"El Nuevo Norte\",\"url\":\"https:\/\/infoelnuevonorte.com\/\",\"logo\":{\"@type\":\"ImageObject\",\"inLanguage\":\"es-DO\",\"@id\":\"https:\/\/infoelnuevonorte.com\/#\/schema\/logo\/image\/\",\"url\":\"https:\/\/infoelnuevonorte.com\/wp-content\/uploads\/2026\/02\/Logo-Info-enn-3d-20ani.jpeg\",\"contentUrl\":\"https:\/\/infoelnuevonorte.com\/wp-content\/uploads\/2026\/02\/Logo-Info-enn-3d-20ani.jpeg\",\"width\":2046,\"height\":736,\"caption\":\"Info El Nuevo Norte\"},\"image\":{\"@id\":\"https:\/\/infoelnuevonorte.com\/#\/schema\/logo\/image\/\"},\"sameAs\":[\"https:\/\/www.facebook.com\/infoenn\",\"https:\/\/x.com\/Elnuevo_norte\",\"https:\/\/www.instagram.com\/infoenn\",\"https:\/\/www.facebook.com\/ENNRD\"]},{\"@type\":\"Person\",\"@id\":\"https:\/\/infoelnuevonorte.com\/#\/schema\/person\/fd4f6d90afe41260818b4ea94ad8ab84\",\"name\":\"InfoEnn\",\"image\":{\"@type\":\"ImageObject\",\"inLanguage\":\"es-DO\",\"@id\":\"https:\/\/infoelnuevonorte.com\/#\/schema\/person\/image\/\",\"url\":\"https:\/\/secure.gravatar.com\/avatar\/d4d760a41a48ba9db0a82bfb63bb0783?s=96&d=robohash&r=g\",\"contentUrl\":\"https:\/\/secure.gravatar.com\/avatar\/d4d760a41a48ba9db0a82bfb63bb0783?s=96&d=robohash&r=g\",\"caption\":\"InfoEnn\"},\"sameAs\":[\"https:\/\/infoelnuevonorte.com\"],\"url\":\"https:\/\/infoelnuevonorte.com\/?author=1\"}]}<\/script>\n<!-- \/ Yoast SEO plugin. -->","yoast_head_json":{"title":"Revelan lo que hay detr\u00e1s del caso de la adolescente de 15 secuestrada | El Nuevo Norte","robots":{"index":"index","follow":"follow","max-snippet":"max-snippet:-1","max-image-preview":"max-image-preview:large","max-video-preview":"max-video-preview:-1"},"canonical":"https:\/\/infoelnuevonorte.com\/?p=4748","og_locale":"es_ES","og_type":"article","og_title":"Revelan lo que hay detr\u00e1s del caso de la adolescente de 15 secuestrada | El Nuevo Norte","og_description":"La Polic\u00eda Nacional apres\u00f3 a un hombre presuntamente implicado en el secuestro de una menor en el municipio de Villa Tapia, la madrugada del pasado s\u00e1bado. El apresado por la instituci\u00f3n del orden fue identificado como Joel de Le\u00f3n, vegano, oriundo del distrito municipal Don Juan Rodr\u00edguez, quien presuntamente es se\u00f1alado como la persona que [&hellip;]","og_url":"https:\/\/infoelnuevonorte.com\/?p=4748","og_site_name":"El Nuevo Norte","article_publisher":"https:\/\/www.facebook.com\/infoenn","article_published_time":"2023-11-15T11:02:48+00:00","article_modified_time":"2023-11-15T11:02:50+00:00","og_image":[{"width":800,"height":503,"url":"https:\/\/infoelnuevonorte.com\/wp-content\/uploads\/2023\/11\/una-menor-en-el-municipio-de-Vil.png","type":"image\/png"}],"author":"InfoEnn","twitter_card":"summary_large_image","twitter_creator":"@Elnuevo_norte","twitter_site":"@Elnuevo_norte","twitter_misc":{"Written by":"InfoEnn","Est. reading time":"2 minutos"},"schema":{"@context":"https:\/\/schema.org","@graph":[{"@type":"Article","@id":"https:\/\/infoelnuevonorte.com\/?p=4748#article","isPartOf":{"@id":"https:\/\/infoelnuevonorte.com\/?p=4748"},"author":{"name":"InfoEnn","@id":"https:\/\/infoelnuevonorte.com\/#\/schema\/person\/fd4f6d90afe41260818b4ea94ad8ab84"},"headline":"Revelan lo que hay detr\u00e1s del caso de la adolescente de 15 secuestrada","datePublished":"2023-11-15T11:02:48+00:00","dateModified":"2023-11-15T11:02:50+00:00","mainEntityOfPage":{"@id":"https:\/\/infoelnuevonorte.com\/?p=4748"},"wordCount":296,"publisher":{"@id":"https:\/\/infoelnuevonorte.com\/#organization"},"articleSection":["Actualidad |","Del Norte"],"inLanguage":"es-DO"},{"@type":"WebPage","@id":"https:\/\/infoelnuevonorte.com\/?p=4748","url":"https:\/\/infoelnuevonorte.com\/?p=4748","name":"Revelan lo que hay detr\u00e1s del caso de la adolescente de 15 secuestrada | El Nuevo Norte","isPartOf":{"@id":"https:\/\/infoelnuevonorte.com\/#website"},"datePublished":"2023-11-15T11:02:48+00:00","dateModified":"2023-11-15T11:02:50+00:00","breadcrumb":{"@id":"https:\/\/infoelnuevonorte.com\/?p=4748#breadcrumb"},"inLanguage":"es-DO","potentialAction":[{"@type":"ReadAction","target":["https:\/\/infoelnuevonorte.com\/?p=4748"]}]},{"@type":"BreadcrumbList","@id":"https:\/\/infoelnuevonorte.com\/?p=4748#breadcrumb","itemListElement":[{"@type":"ListItem","position":1,"name":"Home","item":"https:\/\/infoelnuevonorte.com\/"},{"@type":"ListItem","position":2,"name":"Revelan lo que hay detr\u00e1s del caso de la adolescente de 15 secuestrada"}]},{"@type":"WebSite","@id":"https:\/\/infoelnuevonorte.com\/#website","url":"https:\/\/infoelnuevonorte.com\/","name":"InfoEnn","description":"Tu Voz, tu Verdad, tu Diario!!!","publisher":{"@id":"https:\/\/infoelnuevonorte.com\/#organization"},"alternateName":"El Nuevo Norte","potentialAction":[{"@type":"SearchAction","target":{"@type":"EntryPoint","urlTemplate":"https:\/\/infoelnuevonorte.com\/?s={search_term_string}"},"query-input":{"@type":"PropertyValueSpecification","valueRequired":true,"valueName":"search_term_string"}}],"inLanguage":"es-DO"},{"@type":"Organization","@id":"https:\/\/infoelnuevonorte.com\/#organization","name":"Info El Nuevo Norte","alternateName":"El Nuevo Norte","url":"https:\/\/infoelnuevonorte.com\/","logo":{"@type":"ImageObject","inLanguage":"es-DO","@id":"https:\/\/infoelnuevonorte.com\/#\/schema\/logo\/image\/","url":"https:\/\/infoelnuevonorte.com\/wp-content\/uploads\/2026\/02\/Logo-Info-enn-3d-20ani.jpeg","contentUrl":"https:\/\/infoelnuevonorte.com\/wp-content\/uploads\/2026\/02\/Logo-Info-enn-3d-20ani.jpeg","width":2046,"height":736,"caption":"Info El Nuevo Norte"},"image":{"@id":"https:\/\/infoelnuevonorte.com\/#\/schema\/logo\/image\/"},"sameAs":["https:\/\/www.facebook.com\/infoenn","https:\/\/x.com\/Elnuevo_norte","https:\/\/www.instagram.com\/infoenn","https:\/\/www.facebook.com\/ENNRD"]},{"@type":"Person","@id":"https:\/\/infoelnuevonorte.com\/#\/schema\/person\/fd4f6d90afe41260818b4ea94ad8ab84","name":"InfoEnn","image":{"@type":"ImageObject","inLanguage":"es-DO","@id":"https:\/\/infoelnuevonorte.com\/#\/schema\/person\/image\/","url":"https:\/\/secure.gravatar.com\/avatar\/d4d760a41a48ba9db0a82bfb63bb0783?s=96&d=robohash&r=g","contentUrl":"https:\/\/secure.gravatar.com\/avatar\/d4d760a41a48ba9db0a82bfb63bb0783?s=96&d=robohash&r=g","caption":"InfoEnn"},"sameAs":["https:\/\/infoelnuevonorte.com"],"url":"https:\/\/infoelnuevonorte.com\/?author=1"}]}},"_links":{"self":[{"href":"https:\/\/infoelnuevonorte.com\/index.php?rest_route=\/wp\/v2\/posts\/4748"}],"collection":[{"href":"https:\/\/infoelnuevonorte.com\/index.php?rest_route=\/wp\/v2\/posts"}],"about":[{"href":"https:\/\/infoelnuevonorte.com\/index.php?rest_route=\/wp\/v2\/types\/post"}],"author":[{"embeddable":true,"href":"https:\/\/infoelnuevonorte.com\/index.php?rest_route=\/wp\/v2\/users\/1"}],"replies":[{"embeddable":true,"href":"https:\/\/infoelnuevonorte.com\/index.php?rest_route=%2Fwp%2Fv2%2Fcomments&post=4748"}],"version-history":[{"count":0,"href":"https:\/\/infoelnuevonorte.com\/index.php?rest_route=\/wp\/v2\/posts\/4748\/revisions"}],"wp:attachment":[{"href":"https:\/\/infoelnuevonorte.com\/index.php?rest_route=%2Fwp%2Fv2%2Fmedia&parent=4748"}],"wp:term":[{"taxonomy":"category","embeddable":true,"href":"https:\/\/infoelnuevonorte.com\/index.php?rest_route=%2Fwp%2Fv2%2Fcategories&post=4748"},{"taxonomy":"post_tag","embeddable":true,"href":"https:\/\/infoelnuevonorte.com\/index.php?rest_route=%2Fwp%2Fv2%2Ftags&post=4748"}],"curies":[{"name":"wp","href":"https:\/\/api.w.org\/{rel}","templated":true}]}}