{"id":47718,"date":"2024-08-29T13:59:33","date_gmt":"2024-08-29T17:59:33","guid":{"rendered":"https:\/\/infoelnuevonorte.com\/?p=47718"},"modified":"2024-08-29T13:59:35","modified_gmt":"2024-08-29T17:59:35","slug":"legisladores-que-se-estrenan-en-el-nuevo-cuatrienio-de-luis-abinader","status":"publish","type":"post","link":"https:\/\/infoelnuevonorte.com\/?p=47718","title":{"rendered":"Legisladores que se estrenan en el nuevo cuatrienio de Luis Abinader"},"content":{"rendered":"\n<p><a href=\"https:\/\/deultimominuto.net\/category\/nacionales\/\"><\/a><\/p>\n\n\n<div class=\"td_block_wrap tdb_single_content tdi_366 td-pb-border-top td_block_template_1 td-post-content tagdiv-type\" data-td-block-uid=\"tdi_366\">\n<div class=\"tdb-block-inner td-fix-index\">\n<!--[if lt IE 9]><script>document.createElement('audio');<\/script><![endif]-->\n<audio class=\"wp-audio-shortcode\" id=\"audio-47718-1\" preload=\"none\" style=\"width: 100%;\" controls=\"controls\"><source type=\"audio\/mpeg\" src=\"https:\/\/infoelnuevonorte.com\/wp-content\/uploads\/2024\/08\/ttsmaker-vip-file-2024-8-29-13-59-1.mp3?_=1\" \/><a href=\"https:\/\/infoelnuevonorte.com\/wp-content\/uploads\/2024\/08\/ttsmaker-vip-file-2024-8-29-13-59-1.mp3\">https:\/\/infoelnuevonorte.com\/wp-content\/uploads\/2024\/08\/ttsmaker-vip-file-2024-8-29-13-59-1.mp3<\/a><\/audio>\n<p style=\"text-align: justify\"><strong>Santo Domingo.-<\/strong>\u00a0La Rep\u00fablica Dominicana ha iniciado un nuevo cuatrienio bajo el liderazgo de Luis Abinader, con cambios significativos en el Congreso. El Senado y la C\u00e1mara de Diputados recibieron nuevos legisladores que prometen una oportunidad de innovaci\u00f3n en las pol\u00edticas p\u00fablicas, algunos con experiencia previa en el \u00e1mbito legislativo y otros en el nivel municipal.<\/p>\n<p style=\"text-align: justify\"><strong>Ascenso parlamentario<\/strong><\/p>\n<p style=\"text-align: justify\">Omar Fern\u00e1ndez, quien fue diputado, ahora se convierte en senador del Distrito Nacional, ganando con un 56.19% de los votos en la alianza \u00abRescate RD\u00bb. Fern\u00e1ndez, hijo del expresidente Leonel Fern\u00e1ndez, es un abogado con un m\u00e1ster en Derecho de los Negocios Internacionales por la Universidad de Boston.<\/p>\n<p style=\"text-align: justify\">Durante su tiempo en la C\u00e1mara de Diputados, fue miembro de varias comisiones permanentes, destac\u00e1ndose en la de Justicia.<\/p>\n<p style=\"text-align: justify\">Omar Leonel Fern\u00e1ndez Dom\u00ednguez es hijo del tres veces expresidente de la Rep\u00fablica, Leonel Fern\u00e1ndez, Roc\u00edo Dom\u00ednguez Quezada. Abogado de la Pontifica Universidad Cat\u00f3lica Madre y Maestra (Summa Cum Laude), cuenta con un m\u00e1ster en Derecho de los Negocios Internacionales por la Universidad de Boston.<\/p>\n<p style=\"text-align: justify\"><strong>Dentro de la C\u00e1mara de Diputados<\/strong><\/p>\n<p style=\"text-align: justify\">Fungi\u00f3 como miembro de las comisiones permanentes de Industria y Comercio, Turismo,<br \/>Tecnolog\u00eda de la Informaci\u00f3n y la Comunicaci\u00f3n, y adem\u00e1s es secretario de la comisi\u00f3n de<br \/>Justicia<\/p>\n<p style=\"text-align: justify\"><strong>Milc\u00edades Aneudy Ort\u00edz (San Jos\u00e9 de Ocoa)<\/strong><\/p>\n<p style=\"text-align: justify\">Milc\u00edades Aneudy Ort\u00edz, exalcalde de San Jos\u00e9 de Ocoa, da el salto al Senado con un<br \/>contundente 68.91% de los votos. Ort\u00edz es un administrador de empresas con estudios en<br \/>administraci\u00f3n pol\u00edtica en Washington, D.C., y tiene una s\u00f3lida trayectoria en la gesti\u00f3n<br \/>municipal.<\/p>\n<p style=\"text-align: justify\">Estudi\u00f3 Administraci\u00f3n de empresas en la universidad Acci\u00f3n Pro Educaci\u00f3n y Cultura<br \/>(UNAPEC), Administraci\u00f3n Pol\u00edtica en Washington, DC, Estados Unidos, y un t\u00e9cnico en<br \/>inform\u00e1tica en Centu. Fue alcalde del municipio de San Jos\u00e9 de Ocoa, periodos 2010-2016,<br \/>2016-2020, 2020-2024.<\/p>\n<p style=\"text-align: justify\"><strong>Julito Fulcar (Peravia)<\/strong><\/p>\n<p style=\"text-align: justify\">Julito Fulcar, quien fue vocero del PRM en la C\u00e1mara de Diputados, ahora representar\u00e1 a la<br \/>provincia Peravia en el Senado. Fulcar es un educador con una maestr\u00eda en planificaci\u00f3n y<br \/>gesti\u00f3n educativa, y una carrera dedicada al dinamismo educativo y pol\u00edtico.<\/p>\n<p style=\"text-align: justify\">El tambi\u00e9n vocero del PRM en la C\u00e1mara Baja, se gradu\u00f3 de maestro normal primario en la<br \/>Escuela Norma Urania Mont\u00e1s de San Juan de la Maguana, y se invisti\u00f3 de licenciado en<br \/>Educaci\u00f3n y Ciencias Agr\u00edcolas. Es ingeniero Agron\u00f3mo con una maestr\u00eda en Educaci\u00f3n,<br \/>orientada a la planificaci\u00f3n y gesti\u00f3n educativa, graduado de experto dinamizador.<\/p>\n<p style=\"text-align: justify\"><strong>Gustavo Lara (San Crist\u00f3bal)<\/strong><\/p>\n<p style=\"text-align: justify\">El diputado del PRM, Gustavo Lara, tambi\u00e9n cambia de curul para convertirse en el nuevo<br \/>senador de San Crist\u00f3bal, con el 57.87% de los votos. Lara, quien fue regidor y luego<br \/>diputado, sustituir\u00e1 a Franklin Rodr\u00edguez en el Senado.<\/p>\n<p style=\"text-align: justify\">Lara Salazar fue regidor en el 2016-2020, y diputado por la circunscripci\u00f3n 1 de San<br \/>Crist\u00f3bal desde el 2020 hasta el 2024.<\/p>\n<p style=\"text-align: justify\"><strong>Mois\u00e9s Ayala (Barahona)<\/strong><\/p>\n<p style=\"text-align: justify\">Mois\u00e9s Ayala, un m\u00e9dico y empresario que fue el diputado m\u00e1s votado en 2020, se une al<br \/>Senado representando a Barahona, bajo la bandera del PRI y sus aliados.<\/p>\n<p style=\"text-align: justify\"><strong>Eduard Esp\u00edritusanto (La Romana)<\/strong><\/p>\n<p style=\"text-align: justify\">Eduard Esp\u00edritusanto, diputado de Fuerza del Pueblo, se alz\u00f3 con el 52.17% de los votos<br \/>para representar a La Romana en el Senado.<\/p>\n<p style=\"text-align: justify\">Esp\u00edritusanto es un empresario y pol\u00edtico que ha demostrado ser un l\u00edder efectivo en su provincia.<\/p>\n<p style=\"text-align: justify\"><strong>Otros senadores debutantes<\/strong><\/p>\n<p style=\"text-align: justify\">Daniel Rivera, con un 63.08% de los votos, ser\u00e1 el senador de Santiago. Rivera es un<br \/>m\u00e9dico con una destacada carrera en la medicina interna y la administraci\u00f3n hospitalaria.<br \/>Odalis Rodr\u00edguez, con 72 a\u00f1os, representar\u00e1 a Valverde con el 63.30% de los votos.<\/p>\n<p style=\"text-align: justify\">Rodr\u00edguez tiene una extensa carrera pol\u00edtica, habi\u00e9ndose desempe\u00f1ado como diputado<br \/>anteriormente.<\/p>\n<p style=\"text-align: justify\">Ney Rodr\u00edguez, con 56.56% de los votos, ser\u00e1 el nuevo senador de Dajab\u00f3n. Rodr\u00edguez ha<br \/>sido regidor y alcalde en Loma de Cabrera, y ahora trae su experiencia al Senado.<\/p>\n<p style=\"text-align: justify\">Johnson Encarnaci\u00f3n, con un 63.22% de los votos, representar\u00e1 a El\u00edas Pi\u00f1a en el Senado,<br \/>consolid\u00e1ndose como un l\u00edder comprometido con su provincia.<\/p>\n<p style=\"text-align: justify\"><strong>Mujeres en el Senado<\/strong><\/p>\n<p style=\"text-align: justify\">Jacqueline Fern\u00e1ndez Brito, exgobernadora de La Romana, se une al Senado respaldada por<br \/>una s\u00f3lida trayectoria de gesti\u00f3n p\u00fablica.<\/p>\n<p style=\"text-align: justify\">Mercedes Ortiz, conocida como \u00abMecho\u00bb, representar\u00e1 a la provincia Hermanas Mirabal<br \/>con un hist\u00f3rico 69.60% de los votos, trayendo su experiencia como alcaldesa y defensora<br \/>de los derechos de las mujeres.<\/p>\n<p style=\"text-align: justify\">Aracelis Villanueva, con un 62.49% de los votos, llevar\u00e1 su experiencia en la<br \/>administraci\u00f3n p\u00fablica y la defensa de los derechos sociales al Senado representando a San<br \/>Pedro de Macor\u00eds.<\/p>\n<p style=\"text-align: justify\"><strong>Figuras del entretenimiento en la pol\u00edtica<\/strong><\/p>\n<p style=\"text-align: justify\">Selin\u00e9e M\u00e9ndez, ex Miss Rep\u00fablica Dominicana y reconocida comunicadora, se estrena<br \/>como diputada, al igual que Brailyn Miguel Vargas N\u00fa\u00f1ez, conocido en el mundo del<br \/>entretenimiento como Bray Vargas, quien representar\u00e1 a Santiago.<\/p>\n<p style=\"text-align: justify\">El cambio en la composici\u00f3n del Congreso dominicano marca el inicio de una etapa<br \/>decisiva para la pol\u00edtica del pa\u00eds. Con la entrada de nuevos legisladores, se abre una puerta<br \/>para implementar pol\u00edticas p\u00fablicas renovadas y mejorar la gesti\u00f3n en diversas \u00e1reas.<\/p>\n<p style=\"text-align: justify\">Este nuevo cuatrienio ser\u00e1 clave para abordar los desaf\u00edos nacionales y definir el futuro pol\u00edtico<br \/>y social de la Rep\u00fablica Dominicana.<\/p>\n<\/div>\n<\/div>\n<div class=\"td_block_wrap tdb_single_tags tdi_367 td-pb-border-top td_block_template_1\" style=\"text-align: justify\" data-td-block-uid=\"tdi_367\">\u00a0<\/div>","protected":false},"excerpt":{"rendered":"<p>Santo Domingo.-\u00a0La Rep\u00fablica Dominicana ha iniciado un nuevo cuatrienio bajo el liderazgo de Luis Abinader, con cambios significativos en el Congreso. El Senado y la C\u00e1mara de Diputados recibieron nuevos legisladores que prometen una oportunidad de innovaci\u00f3n en las pol\u00edticas p\u00fablicas, algunos con experiencia previa en el \u00e1mbito legislativo y otros en el nivel municipal. [&hellip;]<\/p>\n","protected":false},"author":2,"featured_media":0,"comment_status":"closed","ping_status":"open","sticky":false,"template":"","format":"standard","meta":{"footnotes":""},"categories":[8],"tags":[],"yoast_head":"<!-- This site is optimized with the Yoast SEO plugin v24.5 - https:\/\/yoast.com\/wordpress\/plugins\/seo\/ -->\n<title>Legisladores que se estrenan en el nuevo cuatrienio de Luis Abinader | El Nuevo Norte<\/title>\n<meta name=\"robots\" content=\"index, follow, max-snippet:-1, max-image-preview:large, max-video-preview:-1\" \/>\n<link rel=\"canonical\" href=\"https:\/\/infoelnuevonorte.com\/?p=47718\" \/>\n<meta property=\"og:locale\" content=\"es_ES\" \/>\n<meta property=\"og:type\" content=\"article\" \/>\n<meta property=\"og:title\" content=\"Legisladores que se estrenan en el nuevo cuatrienio de Luis Abinader | El Nuevo Norte\" \/>\n<meta property=\"og:description\" content=\"Santo Domingo.-\u00a0La Rep\u00fablica Dominicana ha iniciado un nuevo cuatrienio bajo el liderazgo de Luis Abinader, con cambios significativos en el Congreso. El Senado y la C\u00e1mara de Diputados recibieron nuevos legisladores que prometen una oportunidad de innovaci\u00f3n en las pol\u00edticas p\u00fablicas, algunos con experiencia previa en el \u00e1mbito legislativo y otros en el nivel municipal. [&hellip;]\" \/>\n<meta property=\"og:url\" content=\"https:\/\/infoelnuevonorte.com\/?p=47718\" \/>\n<meta property=\"og:site_name\" content=\"El Nuevo Norte\" \/>\n<meta property=\"article:publisher\" content=\"https:\/\/www.facebook.com\/infoenn\" \/>\n<meta property=\"article:published_time\" content=\"2024-08-29T17:59:33+00:00\" \/>\n<meta property=\"article:modified_time\" content=\"2024-08-29T17:59:35+00:00\" \/>\n<meta property=\"og:image\" content=\"https:\/\/infoelnuevonorte.com\/wp-content\/uploads\/2024\/08\/descarga-2024-08-29T135759.740.png\" \/>\n\t<meta property=\"og:image:width\" content=\"1030\" \/>\n\t<meta property=\"og:image:height\" content=\"600\" \/>\n\t<meta property=\"og:image:type\" content=\"image\/png\" \/>\n<meta name=\"author\" content=\"T. R.\" \/>\n<meta name=\"twitter:card\" content=\"summary_large_image\" \/>\n<meta name=\"twitter:creator\" content=\"@Elnuevo_norte\" \/>\n<meta name=\"twitter:site\" content=\"@Elnuevo_norte\" \/>\n<meta name=\"twitter:label1\" content=\"Written by\" \/>\n\t<meta name=\"twitter:data1\" content=\"T. R.\" \/>\n\t<meta name=\"twitter:label2\" content=\"Est. reading time\" \/>\n\t<meta name=\"twitter:data2\" content=\"5 minutos\" \/>\n<script type=\"application\/ld+json\" class=\"yoast-schema-graph\">{\"@context\":\"https:\/\/schema.org\",\"@graph\":[{\"@type\":\"Article\",\"@id\":\"https:\/\/infoelnuevonorte.com\/?p=47718#article\",\"isPartOf\":{\"@id\":\"https:\/\/infoelnuevonorte.com\/?p=47718\"},\"author\":{\"name\":\"T. R.\",\"@id\":\"https:\/\/infoelnuevonorte.com\/#\/schema\/person\/3accb35eb55f55e96c492b52d085a403\"},\"headline\":\"Legisladores que se estrenan en el nuevo cuatrienio de Luis Abinader\",\"datePublished\":\"2024-08-29T17:59:33+00:00\",\"dateModified\":\"2024-08-29T17:59:35+00:00\",\"mainEntityOfPage\":{\"@id\":\"https:\/\/infoelnuevonorte.com\/?p=47718\"},\"wordCount\":927,\"publisher\":{\"@id\":\"https:\/\/infoelnuevonorte.com\/#organization\"},\"articleSection\":[\"Nacionales\"],\"inLanguage\":\"es-DO\"},{\"@type\":\"WebPage\",\"@id\":\"https:\/\/infoelnuevonorte.com\/?p=47718\",\"url\":\"https:\/\/infoelnuevonorte.com\/?p=47718\",\"name\":\"Legisladores que se estrenan en el nuevo cuatrienio de Luis Abinader | El Nuevo Norte\",\"isPartOf\":{\"@id\":\"https:\/\/infoelnuevonorte.com\/#website\"},\"datePublished\":\"2024-08-29T17:59:33+00:00\",\"dateModified\":\"2024-08-29T17:59:35+00:00\",\"breadcrumb\":{\"@id\":\"https:\/\/infoelnuevonorte.com\/?p=47718#breadcrumb\"},\"inLanguage\":\"es-DO\",\"potentialAction\":[{\"@type\":\"ReadAction\",\"target\":[\"https:\/\/infoelnuevonorte.com\/?p=47718\"]}]},{\"@type\":\"BreadcrumbList\",\"@id\":\"https:\/\/infoelnuevonorte.com\/?p=47718#breadcrumb\",\"itemListElement\":[{\"@type\":\"ListItem\",\"position\":1,\"name\":\"Home\",\"item\":\"https:\/\/infoelnuevonorte.com\/\"},{\"@type\":\"ListItem\",\"position\":2,\"name\":\"Legisladores que se estrenan en el nuevo cuatrienio de Luis Abinader\"}]},{\"@type\":\"WebSite\",\"@id\":\"https:\/\/infoelnuevonorte.com\/#website\",\"url\":\"https:\/\/infoelnuevonorte.com\/\",\"name\":\"InfoEnn\",\"description\":\"Tu Voz, tu Verdad, tu Diario!!!\",\"publisher\":{\"@id\":\"https:\/\/infoelnuevonorte.com\/#organization\"},\"alternateName\":\"El Nuevo Norte\",\"potentialAction\":[{\"@type\":\"SearchAction\",\"target\":{\"@type\":\"EntryPoint\",\"urlTemplate\":\"https:\/\/infoelnuevonorte.com\/?s={search_term_string}\"},\"query-input\":{\"@type\":\"PropertyValueSpecification\",\"valueRequired\":true,\"valueName\":\"search_term_string\"}}],\"inLanguage\":\"es-DO\"},{\"@type\":\"Organization\",\"@id\":\"https:\/\/infoelnuevonorte.com\/#organization\",\"name\":\"Info El Nuevo Norte\",\"alternateName\":\"El Nuevo Norte\",\"url\":\"https:\/\/infoelnuevonorte.com\/\",\"logo\":{\"@type\":\"ImageObject\",\"inLanguage\":\"es-DO\",\"@id\":\"https:\/\/infoelnuevonorte.com\/#\/schema\/logo\/image\/\",\"url\":\"https:\/\/infoelnuevonorte.com\/wp-content\/uploads\/2026\/02\/Logo-Info-enn-3d-20ani.jpeg\",\"contentUrl\":\"https:\/\/infoelnuevonorte.com\/wp-content\/uploads\/2026\/02\/Logo-Info-enn-3d-20ani.jpeg\",\"width\":2046,\"height\":736,\"caption\":\"Info El Nuevo Norte\"},\"image\":{\"@id\":\"https:\/\/infoelnuevonorte.com\/#\/schema\/logo\/image\/\"},\"sameAs\":[\"https:\/\/www.facebook.com\/infoenn\",\"https:\/\/x.com\/Elnuevo_norte\",\"https:\/\/www.instagram.com\/infoenn\",\"https:\/\/www.facebook.com\/ENNRD\"]},{\"@type\":\"Person\",\"@id\":\"https:\/\/infoelnuevonorte.com\/#\/schema\/person\/3accb35eb55f55e96c492b52d085a403\",\"name\":\"T. R.\",\"image\":{\"@type\":\"ImageObject\",\"inLanguage\":\"es-DO\",\"@id\":\"https:\/\/infoelnuevonorte.com\/#\/schema\/person\/image\/\",\"url\":\"https:\/\/secure.gravatar.com\/avatar\/40543a038bda97abdb765b1662e9677d?s=96&d=robohash&r=g\",\"contentUrl\":\"https:\/\/secure.gravatar.com\/avatar\/40543a038bda97abdb765b1662e9677d?s=96&d=robohash&r=g\",\"caption\":\"T. R.\"},\"url\":\"https:\/\/infoelnuevonorte.com\/?author=2\"}]}<\/script>\n<!-- \/ Yoast SEO plugin. -->","yoast_head_json":{"title":"Legisladores que se estrenan en el nuevo cuatrienio de Luis Abinader | El Nuevo Norte","robots":{"index":"index","follow":"follow","max-snippet":"max-snippet:-1","max-image-preview":"max-image-preview:large","max-video-preview":"max-video-preview:-1"},"canonical":"https:\/\/infoelnuevonorte.com\/?p=47718","og_locale":"es_ES","og_type":"article","og_title":"Legisladores que se estrenan en el nuevo cuatrienio de Luis Abinader | El Nuevo Norte","og_description":"Santo Domingo.-\u00a0La Rep\u00fablica Dominicana ha iniciado un nuevo cuatrienio bajo el liderazgo de Luis Abinader, con cambios significativos en el Congreso. El Senado y la C\u00e1mara de Diputados recibieron nuevos legisladores que prometen una oportunidad de innovaci\u00f3n en las pol\u00edticas p\u00fablicas, algunos con experiencia previa en el \u00e1mbito legislativo y otros en el nivel municipal. [&hellip;]","og_url":"https:\/\/infoelnuevonorte.com\/?p=47718","og_site_name":"El Nuevo Norte","article_publisher":"https:\/\/www.facebook.com\/infoenn","article_published_time":"2024-08-29T17:59:33+00:00","article_modified_time":"2024-08-29T17:59:35+00:00","og_image":[{"width":1030,"height":600,"url":"https:\/\/infoelnuevonorte.com\/wp-content\/uploads\/2024\/08\/descarga-2024-08-29T135759.740.png","type":"image\/png"}],"author":"T. R.","twitter_card":"summary_large_image","twitter_creator":"@Elnuevo_norte","twitter_site":"@Elnuevo_norte","twitter_misc":{"Written by":"T. R.","Est. reading time":"5 minutos"},"schema":{"@context":"https:\/\/schema.org","@graph":[{"@type":"Article","@id":"https:\/\/infoelnuevonorte.com\/?p=47718#article","isPartOf":{"@id":"https:\/\/infoelnuevonorte.com\/?p=47718"},"author":{"name":"T. R.","@id":"https:\/\/infoelnuevonorte.com\/#\/schema\/person\/3accb35eb55f55e96c492b52d085a403"},"headline":"Legisladores que se estrenan en el nuevo cuatrienio de Luis Abinader","datePublished":"2024-08-29T17:59:33+00:00","dateModified":"2024-08-29T17:59:35+00:00","mainEntityOfPage":{"@id":"https:\/\/infoelnuevonorte.com\/?p=47718"},"wordCount":927,"publisher":{"@id":"https:\/\/infoelnuevonorte.com\/#organization"},"articleSection":["Nacionales"],"inLanguage":"es-DO"},{"@type":"WebPage","@id":"https:\/\/infoelnuevonorte.com\/?p=47718","url":"https:\/\/infoelnuevonorte.com\/?p=47718","name":"Legisladores que se estrenan en el nuevo cuatrienio de Luis Abinader | El Nuevo Norte","isPartOf":{"@id":"https:\/\/infoelnuevonorte.com\/#website"},"datePublished":"2024-08-29T17:59:33+00:00","dateModified":"2024-08-29T17:59:35+00:00","breadcrumb":{"@id":"https:\/\/infoelnuevonorte.com\/?p=47718#breadcrumb"},"inLanguage":"es-DO","potentialAction":[{"@type":"ReadAction","target":["https:\/\/infoelnuevonorte.com\/?p=47718"]}]},{"@type":"BreadcrumbList","@id":"https:\/\/infoelnuevonorte.com\/?p=47718#breadcrumb","itemListElement":[{"@type":"ListItem","position":1,"name":"Home","item":"https:\/\/infoelnuevonorte.com\/"},{"@type":"ListItem","position":2,"name":"Legisladores que se estrenan en el nuevo cuatrienio de Luis Abinader"}]},{"@type":"WebSite","@id":"https:\/\/infoelnuevonorte.com\/#website","url":"https:\/\/infoelnuevonorte.com\/","name":"InfoEnn","description":"Tu Voz, tu Verdad, tu Diario!!!","publisher":{"@id":"https:\/\/infoelnuevonorte.com\/#organization"},"alternateName":"El Nuevo Norte","potentialAction":[{"@type":"SearchAction","target":{"@type":"EntryPoint","urlTemplate":"https:\/\/infoelnuevonorte.com\/?s={search_term_string}"},"query-input":{"@type":"PropertyValueSpecification","valueRequired":true,"valueName":"search_term_string"}}],"inLanguage":"es-DO"},{"@type":"Organization","@id":"https:\/\/infoelnuevonorte.com\/#organization","name":"Info El Nuevo Norte","alternateName":"El Nuevo Norte","url":"https:\/\/infoelnuevonorte.com\/","logo":{"@type":"ImageObject","inLanguage":"es-DO","@id":"https:\/\/infoelnuevonorte.com\/#\/schema\/logo\/image\/","url":"https:\/\/infoelnuevonorte.com\/wp-content\/uploads\/2026\/02\/Logo-Info-enn-3d-20ani.jpeg","contentUrl":"https:\/\/infoelnuevonorte.com\/wp-content\/uploads\/2026\/02\/Logo-Info-enn-3d-20ani.jpeg","width":2046,"height":736,"caption":"Info El Nuevo Norte"},"image":{"@id":"https:\/\/infoelnuevonorte.com\/#\/schema\/logo\/image\/"},"sameAs":["https:\/\/www.facebook.com\/infoenn","https:\/\/x.com\/Elnuevo_norte","https:\/\/www.instagram.com\/infoenn","https:\/\/www.facebook.com\/ENNRD"]},{"@type":"Person","@id":"https:\/\/infoelnuevonorte.com\/#\/schema\/person\/3accb35eb55f55e96c492b52d085a403","name":"T. R.","image":{"@type":"ImageObject","inLanguage":"es-DO","@id":"https:\/\/infoelnuevonorte.com\/#\/schema\/person\/image\/","url":"https:\/\/secure.gravatar.com\/avatar\/40543a038bda97abdb765b1662e9677d?s=96&d=robohash&r=g","contentUrl":"https:\/\/secure.gravatar.com\/avatar\/40543a038bda97abdb765b1662e9677d?s=96&d=robohash&r=g","caption":"T. R."},"url":"https:\/\/infoelnuevonorte.com\/?author=2"}]}},"_links":{"self":[{"href":"https:\/\/infoelnuevonorte.com\/index.php?rest_route=\/wp\/v2\/posts\/47718"}],"collection":[{"href":"https:\/\/infoelnuevonorte.com\/index.php?rest_route=\/wp\/v2\/posts"}],"about":[{"href":"https:\/\/infoelnuevonorte.com\/index.php?rest_route=\/wp\/v2\/types\/post"}],"author":[{"embeddable":true,"href":"https:\/\/infoelnuevonorte.com\/index.php?rest_route=\/wp\/v2\/users\/2"}],"replies":[{"embeddable":true,"href":"https:\/\/infoelnuevonorte.com\/index.php?rest_route=%2Fwp%2Fv2%2Fcomments&post=47718"}],"version-history":[{"count":0,"href":"https:\/\/infoelnuevonorte.com\/index.php?rest_route=\/wp\/v2\/posts\/47718\/revisions"}],"wp:attachment":[{"href":"https:\/\/infoelnuevonorte.com\/index.php?rest_route=%2Fwp%2Fv2%2Fmedia&parent=47718"}],"wp:term":[{"taxonomy":"category","embeddable":true,"href":"https:\/\/infoelnuevonorte.com\/index.php?rest_route=%2Fwp%2Fv2%2Fcategories&post=47718"},{"taxonomy":"post_tag","embeddable":true,"href":"https:\/\/infoelnuevonorte.com\/index.php?rest_route=%2Fwp%2Fv2%2Ftags&post=47718"}],"curies":[{"name":"wp","href":"https:\/\/api.w.org\/{rel}","templated":true}]}}