{"id":47768,"date":"2024-08-30T06:13:51","date_gmt":"2024-08-30T10:13:51","guid":{"rendered":"https:\/\/infoelnuevonorte.com\/?p=47768"},"modified":"2024-08-30T06:13:52","modified_gmt":"2024-08-30T10:13:52","slug":"un-ano-de-prision-preventiva-a-5-implicados-en-asesinato-de-joven-en-montellano-durante-asalto","status":"publish","type":"post","link":"https:\/\/infoelnuevonorte.com\/?p=47768","title":{"rendered":"Un a\u00f1o de prisi\u00f3n preventiva a 5 implicados en asesinato de joven en Montellano durante asalto"},"content":{"rendered":"<!--[if lt IE 9]><script>document.createElement('audio');<\/script><![endif]-->\n<audio class=\"wp-audio-shortcode\" id=\"audio-47768-1\" preload=\"none\" style=\"width: 100%;\" controls=\"controls\"><source type=\"audio\/mpeg\" src=\"https:\/\/infoelnuevonorte.com\/wp-content\/uploads\/2024\/08\/ttsmaker-vip-file-2024-8-30-6-12-13.mp3?_=1\" \/><a href=\"https:\/\/infoelnuevonorte.com\/wp-content\/uploads\/2024\/08\/ttsmaker-vip-file-2024-8-30-6-12-13.mp3\">https:\/\/infoelnuevonorte.com\/wp-content\/uploads\/2024\/08\/ttsmaker-vip-file-2024-8-30-6-12-13.mp3<\/a><\/audio>\n<p style=\"text-align: justify;\"><strong>PUERTO PLATA.<\/strong>&#8211; La Oficina Jur\u00eddica de Atenci\u00f3n Permanente de Puerto Plata impuso 12 meses de prisi\u00f3n preventiva como medida cautelar a cinco sujetos vinculados al asalto de un negocio en Montellano donde en el fragor de un asalto fue asesinado un joven deportista.<\/p>\n<p style=\"text-align: justify;\">Los procesados son Aneudy Agust\u00edn Balbuena (El Taxista), Starling Eugenio Vargas, Marcos De Le\u00f3n y Luis Alberto Mena (Taiw\u00e1n), quienes fueron confinados al Centro de Correcci\u00f3n y Rehabilitaci\u00f3n San Felipe hasta que inicie el juicio de fondo.<\/p>\n<p style=\"text-align: justify;\">Vargas y De Le\u00f3n eran alistados de la Polic\u00eda Nacional residentes en el sector Cristo Rey de Santo Domingo y el \u00faltimo estaba adscrito a la Direcci\u00f3n Nacional de Control de Drogas (DNCD), quienes utilizaron sus armas de reglamento para cometer acci\u00f3n delictiva.<\/p>\n<p style=\"text-align: justify;\">Al grupo se les acusa de formar una asociaci\u00f3n de malhechores que urdieron el plan para asaltar el establecimiento comercial \u201cHugo Car Wash\u201d en el sector El Tamarindo de Villa Montellano donde a punta de pistola su propietario fue despojado de dinero y prendas preciosas.<\/p>\n<p style=\"text-align: justify;\">En este hecho vand\u00e1lico ocurrido al caer la tarde del s\u00e1bado 3 de agosto, donde fue ultimado de un balazo en la frente el joven deportista Edgar Adri\u00e1n Dom\u00ednguez N\u00fa\u00f1ez (Edgary), de 22 a\u00f1os, quien se encontraba en el lugar y quiso repeler el asalto.<\/p>\n<p style=\"text-align: justify;\">Se supo que la Fiscal\u00eda de Puerto Plata declar\u00f3 este caso complejo debido a que hay dos implicados que est\u00e1n pr\u00f3fugos los cuales son activamente buscados para ser sometidos a la justicia donde enfrentar\u00e1n cargos por asociaci\u00f3n de malhechores, robo con violencia y homicidio.<\/p>\n","protected":false},"excerpt":{"rendered":"<p>PUERTO PLATA.&#8211; La Oficina Jur\u00eddica de Atenci\u00f3n Permanente de Puerto Plata impuso 12 meses de prisi\u00f3n preventiva como medida cautelar a cinco sujetos vinculados al asalto de un negocio en Montellano donde en el fragor de un asalto fue asesinado un joven deportista. Los procesados son Aneudy Agust\u00edn Balbuena (El Taxista), Starling Eugenio Vargas, Marcos [&hellip;]<\/p>\n","protected":false},"author":1,"featured_media":0,"comment_status":"closed","ping_status":"open","sticky":false,"template":"","format":"standard","meta":{"footnotes":""},"categories":[5],"tags":[],"yoast_head":"<!-- This site is optimized with the Yoast SEO plugin v24.5 - https:\/\/yoast.com\/wordpress\/plugins\/seo\/ -->\n<title>Un a\u00f1o de prisi\u00f3n preventiva a 5 implicados en asesinato de joven en Montellano durante asalto | El Nuevo Norte<\/title>\n<meta name=\"robots\" content=\"index, follow, max-snippet:-1, max-image-preview:large, max-video-preview:-1\" \/>\n<link rel=\"canonical\" href=\"https:\/\/infoelnuevonorte.com\/?p=47768\" \/>\n<meta property=\"og:locale\" content=\"es_ES\" \/>\n<meta property=\"og:type\" content=\"article\" \/>\n<meta property=\"og:title\" content=\"Un a\u00f1o de prisi\u00f3n preventiva a 5 implicados en asesinato de joven en Montellano durante asalto | El Nuevo Norte\" \/>\n<meta property=\"og:description\" content=\"PUERTO PLATA.&#8211; La Oficina Jur\u00eddica de Atenci\u00f3n Permanente de Puerto Plata impuso 12 meses de prisi\u00f3n preventiva como medida cautelar a cinco sujetos vinculados al asalto de un negocio en Montellano donde en el fragor de un asalto fue asesinado un joven deportista. Los procesados son Aneudy Agust\u00edn Balbuena (El Taxista), Starling Eugenio Vargas, Marcos [&hellip;]\" \/>\n<meta property=\"og:url\" content=\"https:\/\/infoelnuevonorte.com\/?p=47768\" \/>\n<meta property=\"og:site_name\" content=\"El Nuevo Norte\" \/>\n<meta property=\"article:publisher\" content=\"https:\/\/www.facebook.com\/infoenn\" \/>\n<meta property=\"article:published_time\" content=\"2024-08-30T10:13:51+00:00\" \/>\n<meta property=\"article:modified_time\" content=\"2024-08-30T10:13:52+00:00\" \/>\n<meta property=\"og:image\" content=\"https:\/\/infoelnuevonorte.com\/wp-content\/uploads\/2024\/08\/WhatsApp-Image-2024-08-30-at-5.07.28-AM-jpeg.webp\" \/>\n\t<meta property=\"og:image:width\" content=\"633\" \/>\n\t<meta property=\"og:image:height\" content=\"395\" \/>\n\t<meta property=\"og:image:type\" content=\"image\/jpeg\" \/>\n<meta name=\"author\" content=\"InfoEnn\" \/>\n<meta name=\"twitter:card\" content=\"summary_large_image\" \/>\n<meta name=\"twitter:creator\" content=\"@Elnuevo_norte\" \/>\n<meta name=\"twitter:site\" content=\"@Elnuevo_norte\" \/>\n<meta name=\"twitter:label1\" content=\"Written by\" \/>\n\t<meta name=\"twitter:data1\" content=\"InfoEnn\" \/>\n\t<meta name=\"twitter:label2\" content=\"Est. reading time\" \/>\n\t<meta name=\"twitter:data2\" content=\"2 minutos\" \/>\n<script type=\"application\/ld+json\" class=\"yoast-schema-graph\">{\"@context\":\"https:\/\/schema.org\",\"@graph\":[{\"@type\":\"Article\",\"@id\":\"https:\/\/infoelnuevonorte.com\/?p=47768#article\",\"isPartOf\":{\"@id\":\"https:\/\/infoelnuevonorte.com\/?p=47768\"},\"author\":{\"name\":\"InfoEnn\",\"@id\":\"https:\/\/infoelnuevonorte.com\/#\/schema\/person\/fd4f6d90afe41260818b4ea94ad8ab84\"},\"headline\":\"Un a\u00f1o de prisi\u00f3n preventiva a 5 implicados en asesinato de joven en Montellano durante asalto\",\"datePublished\":\"2024-08-30T10:13:51+00:00\",\"dateModified\":\"2024-08-30T10:13:52+00:00\",\"mainEntityOfPage\":{\"@id\":\"https:\/\/infoelnuevonorte.com\/?p=47768\"},\"wordCount\":311,\"publisher\":{\"@id\":\"https:\/\/infoelnuevonorte.com\/#organization\"},\"articleSection\":[\"Del Norte\"],\"inLanguage\":\"es-DO\"},{\"@type\":\"WebPage\",\"@id\":\"https:\/\/infoelnuevonorte.com\/?p=47768\",\"url\":\"https:\/\/infoelnuevonorte.com\/?p=47768\",\"name\":\"Un a\u00f1o de prisi\u00f3n preventiva a 5 implicados en asesinato de joven en Montellano durante asalto | El Nuevo Norte\",\"isPartOf\":{\"@id\":\"https:\/\/infoelnuevonorte.com\/#website\"},\"datePublished\":\"2024-08-30T10:13:51+00:00\",\"dateModified\":\"2024-08-30T10:13:52+00:00\",\"breadcrumb\":{\"@id\":\"https:\/\/infoelnuevonorte.com\/?p=47768#breadcrumb\"},\"inLanguage\":\"es-DO\",\"potentialAction\":[{\"@type\":\"ReadAction\",\"target\":[\"https:\/\/infoelnuevonorte.com\/?p=47768\"]}]},{\"@type\":\"BreadcrumbList\",\"@id\":\"https:\/\/infoelnuevonorte.com\/?p=47768#breadcrumb\",\"itemListElement\":[{\"@type\":\"ListItem\",\"position\":1,\"name\":\"Home\",\"item\":\"https:\/\/infoelnuevonorte.com\/\"},{\"@type\":\"ListItem\",\"position\":2,\"name\":\"Un a\u00f1o de prisi\u00f3n preventiva a 5 implicados en asesinato de joven en Montellano durante asalto\"}]},{\"@type\":\"WebSite\",\"@id\":\"https:\/\/infoelnuevonorte.com\/#website\",\"url\":\"https:\/\/infoelnuevonorte.com\/\",\"name\":\"InfoEnn\",\"description\":\"Tu Voz, tu Verdad, tu Diario!!!\",\"publisher\":{\"@id\":\"https:\/\/infoelnuevonorte.com\/#organization\"},\"alternateName\":\"El Nuevo Norte\",\"potentialAction\":[{\"@type\":\"SearchAction\",\"target\":{\"@type\":\"EntryPoint\",\"urlTemplate\":\"https:\/\/infoelnuevonorte.com\/?s={search_term_string}\"},\"query-input\":{\"@type\":\"PropertyValueSpecification\",\"valueRequired\":true,\"valueName\":\"search_term_string\"}}],\"inLanguage\":\"es-DO\"},{\"@type\":\"Organization\",\"@id\":\"https:\/\/infoelnuevonorte.com\/#organization\",\"name\":\"Info El Nuevo Norte\",\"alternateName\":\"El Nuevo Norte\",\"url\":\"https:\/\/infoelnuevonorte.com\/\",\"logo\":{\"@type\":\"ImageObject\",\"inLanguage\":\"es-DO\",\"@id\":\"https:\/\/infoelnuevonorte.com\/#\/schema\/logo\/image\/\",\"url\":\"https:\/\/infoelnuevonorte.com\/wp-content\/uploads\/2026\/02\/Logo-Info-enn-3d-20ani.jpeg\",\"contentUrl\":\"https:\/\/infoelnuevonorte.com\/wp-content\/uploads\/2026\/02\/Logo-Info-enn-3d-20ani.jpeg\",\"width\":2046,\"height\":736,\"caption\":\"Info El Nuevo Norte\"},\"image\":{\"@id\":\"https:\/\/infoelnuevonorte.com\/#\/schema\/logo\/image\/\"},\"sameAs\":[\"https:\/\/www.facebook.com\/infoenn\",\"https:\/\/x.com\/Elnuevo_norte\",\"https:\/\/www.instagram.com\/infoenn\",\"https:\/\/www.facebook.com\/ENNRD\"]},{\"@type\":\"Person\",\"@id\":\"https:\/\/infoelnuevonorte.com\/#\/schema\/person\/fd4f6d90afe41260818b4ea94ad8ab84\",\"name\":\"InfoEnn\",\"image\":{\"@type\":\"ImageObject\",\"inLanguage\":\"es-DO\",\"@id\":\"https:\/\/infoelnuevonorte.com\/#\/schema\/person\/image\/\",\"url\":\"https:\/\/secure.gravatar.com\/avatar\/d4d760a41a48ba9db0a82bfb63bb0783?s=96&d=robohash&r=g\",\"contentUrl\":\"https:\/\/secure.gravatar.com\/avatar\/d4d760a41a48ba9db0a82bfb63bb0783?s=96&d=robohash&r=g\",\"caption\":\"InfoEnn\"},\"sameAs\":[\"https:\/\/infoelnuevonorte.com\"],\"url\":\"https:\/\/infoelnuevonorte.com\/?author=1\"}]}<\/script>\n<!-- \/ Yoast SEO plugin. -->","yoast_head_json":{"title":"Un a\u00f1o de prisi\u00f3n preventiva a 5 implicados en asesinato de joven en Montellano durante asalto | El Nuevo Norte","robots":{"index":"index","follow":"follow","max-snippet":"max-snippet:-1","max-image-preview":"max-image-preview:large","max-video-preview":"max-video-preview:-1"},"canonical":"https:\/\/infoelnuevonorte.com\/?p=47768","og_locale":"es_ES","og_type":"article","og_title":"Un a\u00f1o de prisi\u00f3n preventiva a 5 implicados en asesinato de joven en Montellano durante asalto | El Nuevo Norte","og_description":"PUERTO PLATA.&#8211; La Oficina Jur\u00eddica de Atenci\u00f3n Permanente de Puerto Plata impuso 12 meses de prisi\u00f3n preventiva como medida cautelar a cinco sujetos vinculados al asalto de un negocio en Montellano donde en el fragor de un asalto fue asesinado un joven deportista. Los procesados son Aneudy Agust\u00edn Balbuena (El Taxista), Starling Eugenio Vargas, Marcos [&hellip;]","og_url":"https:\/\/infoelnuevonorte.com\/?p=47768","og_site_name":"El Nuevo Norte","article_publisher":"https:\/\/www.facebook.com\/infoenn","article_published_time":"2024-08-30T10:13:51+00:00","article_modified_time":"2024-08-30T10:13:52+00:00","og_image":[{"width":633,"height":395,"url":"https:\/\/infoelnuevonorte.com\/wp-content\/uploads\/2024\/08\/WhatsApp-Image-2024-08-30-at-5.07.28-AM-jpeg.webp","type":"image\/jpeg"}],"author":"InfoEnn","twitter_card":"summary_large_image","twitter_creator":"@Elnuevo_norte","twitter_site":"@Elnuevo_norte","twitter_misc":{"Written by":"InfoEnn","Est. reading time":"2 minutos"},"schema":{"@context":"https:\/\/schema.org","@graph":[{"@type":"Article","@id":"https:\/\/infoelnuevonorte.com\/?p=47768#article","isPartOf":{"@id":"https:\/\/infoelnuevonorte.com\/?p=47768"},"author":{"name":"InfoEnn","@id":"https:\/\/infoelnuevonorte.com\/#\/schema\/person\/fd4f6d90afe41260818b4ea94ad8ab84"},"headline":"Un a\u00f1o de prisi\u00f3n preventiva a 5 implicados en asesinato de joven en Montellano durante asalto","datePublished":"2024-08-30T10:13:51+00:00","dateModified":"2024-08-30T10:13:52+00:00","mainEntityOfPage":{"@id":"https:\/\/infoelnuevonorte.com\/?p=47768"},"wordCount":311,"publisher":{"@id":"https:\/\/infoelnuevonorte.com\/#organization"},"articleSection":["Del Norte"],"inLanguage":"es-DO"},{"@type":"WebPage","@id":"https:\/\/infoelnuevonorte.com\/?p=47768","url":"https:\/\/infoelnuevonorte.com\/?p=47768","name":"Un a\u00f1o de prisi\u00f3n preventiva a 5 implicados en asesinato de joven en Montellano durante asalto | El Nuevo Norte","isPartOf":{"@id":"https:\/\/infoelnuevonorte.com\/#website"},"datePublished":"2024-08-30T10:13:51+00:00","dateModified":"2024-08-30T10:13:52+00:00","breadcrumb":{"@id":"https:\/\/infoelnuevonorte.com\/?p=47768#breadcrumb"},"inLanguage":"es-DO","potentialAction":[{"@type":"ReadAction","target":["https:\/\/infoelnuevonorte.com\/?p=47768"]}]},{"@type":"BreadcrumbList","@id":"https:\/\/infoelnuevonorte.com\/?p=47768#breadcrumb","itemListElement":[{"@type":"ListItem","position":1,"name":"Home","item":"https:\/\/infoelnuevonorte.com\/"},{"@type":"ListItem","position":2,"name":"Un a\u00f1o de prisi\u00f3n preventiva a 5 implicados en asesinato de joven en Montellano durante asalto"}]},{"@type":"WebSite","@id":"https:\/\/infoelnuevonorte.com\/#website","url":"https:\/\/infoelnuevonorte.com\/","name":"InfoEnn","description":"Tu Voz, tu Verdad, tu Diario!!!","publisher":{"@id":"https:\/\/infoelnuevonorte.com\/#organization"},"alternateName":"El Nuevo Norte","potentialAction":[{"@type":"SearchAction","target":{"@type":"EntryPoint","urlTemplate":"https:\/\/infoelnuevonorte.com\/?s={search_term_string}"},"query-input":{"@type":"PropertyValueSpecification","valueRequired":true,"valueName":"search_term_string"}}],"inLanguage":"es-DO"},{"@type":"Organization","@id":"https:\/\/infoelnuevonorte.com\/#organization","name":"Info El Nuevo Norte","alternateName":"El Nuevo Norte","url":"https:\/\/infoelnuevonorte.com\/","logo":{"@type":"ImageObject","inLanguage":"es-DO","@id":"https:\/\/infoelnuevonorte.com\/#\/schema\/logo\/image\/","url":"https:\/\/infoelnuevonorte.com\/wp-content\/uploads\/2026\/02\/Logo-Info-enn-3d-20ani.jpeg","contentUrl":"https:\/\/infoelnuevonorte.com\/wp-content\/uploads\/2026\/02\/Logo-Info-enn-3d-20ani.jpeg","width":2046,"height":736,"caption":"Info El Nuevo Norte"},"image":{"@id":"https:\/\/infoelnuevonorte.com\/#\/schema\/logo\/image\/"},"sameAs":["https:\/\/www.facebook.com\/infoenn","https:\/\/x.com\/Elnuevo_norte","https:\/\/www.instagram.com\/infoenn","https:\/\/www.facebook.com\/ENNRD"]},{"@type":"Person","@id":"https:\/\/infoelnuevonorte.com\/#\/schema\/person\/fd4f6d90afe41260818b4ea94ad8ab84","name":"InfoEnn","image":{"@type":"ImageObject","inLanguage":"es-DO","@id":"https:\/\/infoelnuevonorte.com\/#\/schema\/person\/image\/","url":"https:\/\/secure.gravatar.com\/avatar\/d4d760a41a48ba9db0a82bfb63bb0783?s=96&d=robohash&r=g","contentUrl":"https:\/\/secure.gravatar.com\/avatar\/d4d760a41a48ba9db0a82bfb63bb0783?s=96&d=robohash&r=g","caption":"InfoEnn"},"sameAs":["https:\/\/infoelnuevonorte.com"],"url":"https:\/\/infoelnuevonorte.com\/?author=1"}]}},"_links":{"self":[{"href":"https:\/\/infoelnuevonorte.com\/index.php?rest_route=\/wp\/v2\/posts\/47768"}],"collection":[{"href":"https:\/\/infoelnuevonorte.com\/index.php?rest_route=\/wp\/v2\/posts"}],"about":[{"href":"https:\/\/infoelnuevonorte.com\/index.php?rest_route=\/wp\/v2\/types\/post"}],"author":[{"embeddable":true,"href":"https:\/\/infoelnuevonorte.com\/index.php?rest_route=\/wp\/v2\/users\/1"}],"replies":[{"embeddable":true,"href":"https:\/\/infoelnuevonorte.com\/index.php?rest_route=%2Fwp%2Fv2%2Fcomments&post=47768"}],"version-history":[{"count":0,"href":"https:\/\/infoelnuevonorte.com\/index.php?rest_route=\/wp\/v2\/posts\/47768\/revisions"}],"wp:attachment":[{"href":"https:\/\/infoelnuevonorte.com\/index.php?rest_route=%2Fwp%2Fv2%2Fmedia&parent=47768"}],"wp:term":[{"taxonomy":"category","embeddable":true,"href":"https:\/\/infoelnuevonorte.com\/index.php?rest_route=%2Fwp%2Fv2%2Fcategories&post=47768"},{"taxonomy":"post_tag","embeddable":true,"href":"https:\/\/infoelnuevonorte.com\/index.php?rest_route=%2Fwp%2Fv2%2Ftags&post=47768"}],"curies":[{"name":"wp","href":"https:\/\/api.w.org\/{rel}","templated":true}]}}